{"id":67783,"date":"2026-08-29T15:10:07","date_gmt":"2026-08-29T14:10:07","guid":{"rendered":"https:\/\/elmawkie.dz\/fr\/?p=67783"},"modified":"2026-08-29T15:35:40","modified_gmt":"2026-08-29T14:35:40","slug":"feux-de-foret-mobilis-offre-des-services-gratuits-pendant-une-semaine-a-ses-abonnes-dans-les-zones-sinistrees","status":"publish","type":"post","link":"https:\/\/elmawkie.dz\/fr\/feux-de-foret-mobilis-offre-des-services-gratuits-pendant-une-semaine-a-ses-abonnes-dans-les-zones-sinistrees\/","title":{"rendered":"Mobilis soutient les sinistr\u00e9s des feux de for\u00eat avec une semaine de services gratuits"},"content":{"rendered":"\n<p><strong>L\u2019op\u00e9rateur de t\u00e9l\u00e9phonie mobile \u201dMobilis\u201d a annonc\u00e9, samedi dans un communiqu\u00e9, la gratuit\u00e9 de ses services pendant une semaine au profit de ses abonn\u00e9s dans les zones sinistr\u00e9es par les incendies ayant touch\u00e9 plusieurs wilayas du pays.<br><\/strong><\/p>\n\n\n\n<p><strong>Cette mesure, qui prendra effet samedi soir, s\u2019inscrit dans le cadre de la solidarit\u00e9 de l\u2019op\u00e9rateur avec les populations affect\u00e9es par ces incendies, et r\u00e9pond aux&nbsp;orientations du minist\u00e8re de la Poste et des T\u00e9l\u00e9communications visant \u00e0 soutenir les personnes touch\u00e9es, pr\u00e9cise l\u2019op\u00e9rateur.<\/strong><\/p>\n\n\n\n<p><strong>Les abonn\u00e9s se trouvant dans les zones touch\u00e9es par les incendies seront avis\u00e9s par SMS de l\u2019activation de ces services gratuits, d\u00e8s l\u2019ach\u00e8vement des interventions techniques n\u00e9cessaires dans chaque zone, selon la m\u00eame source.<\/strong><br><\/p>\n\n\n\n<p><strong>k.F<\/strong><\/p>\n","protected":false},"excerpt":{"rendered":"<p>L\u2019op\u00e9rateur de t\u00e9l\u00e9phonie mobile \u201dMobilis\u201d a annonc\u00e9, samedi dans un communiqu\u00e9, la gratuit\u00e9 de ses services pendant une semaine au profit de ses abonn\u00e9s dans les zones sinistr\u00e9es par les incendies ayant touch\u00e9 plusieurs wilayas du pays. Cette mesure, qui prendra effet samedi soir, s\u2019inscrit dans le cadre de la solidarit\u00e9 de l\u2019op\u00e9rateur avec les &hellip;<\/p>\n","protected":false},"author":9,"featured_media":67797,"comment_status":"open","ping_status":"open","sticky":false,"template":"","format":"standard","meta":{"footnotes":""},"categories":[47],"tags":[3742,1082],"class_list":["post-67783","post","type-post","status-publish","format-standard","has-post-thumbnail","hentry","category-national","tag-feux-de-forets-2","tag-mobilis"],"yoast_head":"<!-- This site is optimized with the Yoast SEO Premium plugin v22.6 (Yoast SEO v22.6) - https:\/\/yoast.com\/wordpress\/plugins\/seo\/ -->\n<title>Mobilis soutient les sinistr\u00e9s des feux de for\u00eat avec une semaine de services gratuits - El Mawkie<\/title>\n<meta name=\"robots\" content=\"index, follow, max-snippet:-1, max-image-preview:large, max-video-preview:-1\" \/>\n<link rel=\"canonical\" href=\"https:\/\/elmawkie.dz\/fr\/feux-de-foret-mobilis-offre-des-services-gratuits-pendant-une-semaine-a-ses-abonnes-dans-les-zones-sinistrees\/\" \/>\n<meta property=\"og:locale\" content=\"fr_FR\" \/>\n<meta property=\"og:type\" content=\"article\" \/>\n<meta property=\"og:title\" content=\"Mobilis soutient les sinistr\u00e9s des feux de for\u00eat avec une semaine de services gratuits\" \/>\n<meta property=\"og:description\" content=\"L\u2019op\u00e9rateur de t\u00e9l\u00e9phonie mobile \u201dMobilis\u201d a annonc\u00e9, samedi dans un communiqu\u00e9, la gratuit\u00e9 de ses services pendant une semaine au profit de ses abonn\u00e9s dans les zones sinistr\u00e9es par les incendies ayant touch\u00e9 plusieurs wilayas du pays. Cette mesure, qui prendra effet samedi soir, s\u2019inscrit dans le cadre de la solidarit\u00e9 de l\u2019op\u00e9rateur avec les &hellip;\" \/>\n<meta property=\"og:url\" content=\"https:\/\/elmawkie.dz\/fr\/feux-de-foret-mobilis-offre-des-services-gratuits-pendant-une-semaine-a-ses-abonnes-dans-les-zones-sinistrees\/\" \/>\n<meta property=\"og:site_name\" content=\"El Mawkie\" \/>\n<meta property=\"article:publisher\" content=\"https:\/\/www.facebook.com\/profile.php?id=100088407094989&amp;locale=fr_FR\" \/>\n<meta property=\"article:published_time\" content=\"2026-08-29T14:10:07+00:00\" \/>\n<meta property=\"article:modified_time\" content=\"2026-08-29T14:35:40+00:00\" \/>\n<meta property=\"og:image\" content=\"https:\/\/elmawkie.dz\/fr\/wp-content\/uploads\/2026\/08\/photo-output-4.jpeg\" \/>\n\t<meta property=\"og:image:width\" content=\"1165\" \/>\n\t<meta property=\"og:image:height\" content=\"803\" \/>\n\t<meta property=\"og:image:type\" content=\"image\/jpeg\" \/>\n<meta name=\"author\" content=\"R\u00e9daction\" \/>\n<meta name=\"twitter:card\" content=\"summary_large_image\" \/>\n<meta name=\"twitter:label1\" content=\"Written by\" \/>\n\t<meta name=\"twitter:data1\" content=\"R\u00e9daction\" \/>\n\t<meta name=\"twitter:label2\" content=\"Est. reading time\" \/>\n\t<meta name=\"twitter:data2\" content=\"1 minute\" \/>\n<script type=\"application\/ld+json\" class=\"yoast-schema-graph\">{\"@context\":\"https:\/\/schema.org\",\"@graph\":[{\"@type\":\"Article\",\"@id\":\"https:\/\/elmawkie.dz\/fr\/feux-de-foret-mobilis-offre-des-services-gratuits-pendant-une-semaine-a-ses-abonnes-dans-les-zones-sinistrees\/#article\",\"isPartOf\":{\"@id\":\"https:\/\/elmawkie.dz\/fr\/feux-de-foret-mobilis-offre-des-services-gratuits-pendant-une-semaine-a-ses-abonnes-dans-les-zones-sinistrees\/\"},\"author\":{\"name\":\"R\u00e9daction\",\"@id\":\"https:\/\/elmawkie.dz\/fr\/#\/schema\/person\/e7bd59d6467874ba5c4723d8a9f0a63c\"},\"headline\":\"Mobilis soutient les sinistr\u00e9s des feux de for\u00eat avec une semaine de services gratuits\",\"datePublished\":\"2026-08-29T14:10:07+00:00\",\"dateModified\":\"2026-08-29T14:35:40+00:00\",\"mainEntityOfPage\":{\"@id\":\"https:\/\/elmawkie.dz\/fr\/feux-de-foret-mobilis-offre-des-services-gratuits-pendant-une-semaine-a-ses-abonnes-dans-les-zones-sinistrees\/\"},\"wordCount\":159,\"commentCount\":0,\"publisher\":{\"@id\":\"https:\/\/elmawkie.dz\/fr\/#organization\"},\"image\":{\"@id\":\"https:\/\/elmawkie.dz\/fr\/feux-de-foret-mobilis-offre-des-services-gratuits-pendant-une-semaine-a-ses-abonnes-dans-les-zones-sinistrees\/#primaryimage\"},\"thumbnailUrl\":\"https:\/\/elmawkie.dz\/fr\/wp-content\/uploads\/2026\/08\/photo-output-4.jpeg\",\"keywords\":[\"Feux de for\u00eats\",\"mobilis\"],\"articleSection\":[\"National\"],\"inLanguage\":\"fr-FR\",\"potentialAction\":[{\"@type\":\"CommentAction\",\"name\":\"Comment\",\"target\":[\"https:\/\/elmawkie.dz\/fr\/feux-de-foret-mobilis-offre-des-services-gratuits-pendant-une-semaine-a-ses-abonnes-dans-les-zones-sinistrees\/#respond\"]}]},{\"@type\":\"WebPage\",\"@id\":\"https:\/\/elmawkie.dz\/fr\/feux-de-foret-mobilis-offre-des-services-gratuits-pendant-une-semaine-a-ses-abonnes-dans-les-zones-sinistrees\/\",\"url\":\"https:\/\/elmawkie.dz\/fr\/feux-de-foret-mobilis-offre-des-services-gratuits-pendant-une-semaine-a-ses-abonnes-dans-les-zones-sinistrees\/\",\"name\":\"Mobilis soutient les sinistr\u00e9s des feux de for\u00eat avec une semaine de services gratuits - El Mawkie\",\"isPartOf\":{\"@id\":\"https:\/\/elmawkie.dz\/fr\/#website\"},\"primaryImageOfPage\":{\"@id\":\"https:\/\/elmawkie.dz\/fr\/feux-de-foret-mobilis-offre-des-services-gratuits-pendant-une-semaine-a-ses-abonnes-dans-les-zones-sinistrees\/#primaryimage\"},\"image\":{\"@id\":\"https:\/\/elmawkie.dz\/fr\/feux-de-foret-mobilis-offre-des-services-gratuits-pendant-une-semaine-a-ses-abonnes-dans-les-zones-sinistrees\/#primaryimage\"},\"thumbnailUrl\":\"https:\/\/elmawkie.dz\/fr\/wp-content\/uploads\/2026\/08\/photo-output-4.jpeg\",\"datePublished\":\"2026-08-29T14:10:07+00:00\",\"dateModified\":\"2026-08-29T14:35:40+00:00\",\"breadcrumb\":{\"@id\":\"https:\/\/elmawkie.dz\/fr\/feux-de-foret-mobilis-offre-des-services-gratuits-pendant-une-semaine-a-ses-abonnes-dans-les-zones-sinistrees\/#breadcrumb\"},\"inLanguage\":\"fr-FR\",\"potentialAction\":[{\"@type\":\"ReadAction\",\"target\":[\"https:\/\/elmawkie.dz\/fr\/feux-de-foret-mobilis-offre-des-services-gratuits-pendant-une-semaine-a-ses-abonnes-dans-les-zones-sinistrees\/\"]}]},{\"@type\":\"ImageObject\",\"inLanguage\":\"fr-FR\",\"@id\":\"https:\/\/elmawkie.dz\/fr\/feux-de-foret-mobilis-offre-des-services-gratuits-pendant-une-semaine-a-ses-abonnes-dans-les-zones-sinistrees\/#primaryimage\",\"url\":\"https:\/\/elmawkie.dz\/fr\/wp-content\/uploads\/2026\/08\/photo-output-4.jpeg\",\"contentUrl\":\"https:\/\/elmawkie.dz\/fr\/wp-content\/uploads\/2026\/08\/photo-output-4.jpeg\",\"width\":1165,\"height\":803},{\"@type\":\"BreadcrumbList\",\"@id\":\"https:\/\/elmawkie.dz\/fr\/feux-de-foret-mobilis-offre-des-services-gratuits-pendant-une-semaine-a-ses-abonnes-dans-les-zones-sinistrees\/#breadcrumb\",\"itemListElement\":[{\"@type\":\"ListItem\",\"position\":1,\"name\":\"Home\",\"item\":\"https:\/\/elmawkie.dz\/fr\/\"},{\"@type\":\"ListItem\",\"position\":2,\"name\":\"Mobilis soutient les sinistr\u00e9s des feux de for\u00eat avec une semaine de services gratuits\"}]},{\"@type\":\"WebSite\",\"@id\":\"https:\/\/elmawkie.dz\/fr\/#website\",\"url\":\"https:\/\/elmawkie.dz\/fr\/\",\"name\":\"EL MAWKIE\",\"description\":\"Journal \u00c9lectronique Alg\u00e9rien\",\"publisher\":{\"@id\":\"https:\/\/elmawkie.dz\/fr\/#organization\"},\"potentialAction\":[{\"@type\":\"SearchAction\",\"target\":{\"@type\":\"EntryPoint\",\"urlTemplate\":\"https:\/\/elmawkie.dz\/fr\/?s={search_term_string}\"},\"query-input\":\"required name=search_term_string\"}],\"inLanguage\":\"fr-FR\"},{\"@type\":\"Organization\",\"@id\":\"https:\/\/elmawkie.dz\/fr\/#organization\",\"name\":\"EL MAWKIE\",\"url\":\"https:\/\/elmawkie.dz\/fr\/\",\"logo\":{\"@type\":\"ImageObject\",\"inLanguage\":\"fr-FR\",\"@id\":\"https:\/\/elmawkie.dz\/fr\/#\/schema\/logo\/image\/\",\"url\":\"https:\/\/elmawkie.dz\/fr\/wp-content\/uploads\/2024\/05\/logo1.png\",\"contentUrl\":\"https:\/\/elmawkie.dz\/fr\/wp-content\/uploads\/2024\/05\/logo1.png\",\"width\":1648,\"height\":652,\"caption\":\"EL MAWKIE\"},\"image\":{\"@id\":\"https:\/\/elmawkie.dz\/fr\/#\/schema\/logo\/image\/\"},\"sameAs\":[\"https:\/\/www.facebook.com\/profile.php?id=100088407094989&locale=fr_FR\"]},{\"@type\":\"Person\",\"@id\":\"https:\/\/elmawkie.dz\/fr\/#\/schema\/person\/e7bd59d6467874ba5c4723d8a9f0a63c\",\"name\":\"R\u00e9daction\",\"image\":{\"@type\":\"ImageObject\",\"inLanguage\":\"fr-FR\",\"@id\":\"https:\/\/elmawkie.dz\/fr\/#\/schema\/person\/image\/\",\"url\":\"https:\/\/secure.gravatar.com\/avatar\/f0f773456344da4d2788c054a3d30a0c?s=96&d=mm&r=g\",\"contentUrl\":\"https:\/\/secure.gravatar.com\/avatar\/f0f773456344da4d2788c054a3d30a0c?s=96&d=mm&r=g\",\"caption\":\"R\u00e9daction\"},\"url\":\"https:\/\/elmawkie.dz\/fr\/author\/redaction\/\"}]}<\/script>\n<!-- \/ Yoast SEO Premium plugin. -->","yoast_head_json":{"title":"Mobilis soutient les sinistr\u00e9s des feux de for\u00eat avec une semaine de services gratuits - El Mawkie","robots":{"index":"index","follow":"follow","max-snippet":"max-snippet:-1","max-image-preview":"max-image-preview:large","max-video-preview":"max-video-preview:-1"},"canonical":"https:\/\/elmawkie.dz\/fr\/feux-de-foret-mobilis-offre-des-services-gratuits-pendant-une-semaine-a-ses-abonnes-dans-les-zones-sinistrees\/","og_locale":"fr_FR","og_type":"article","og_title":"Mobilis soutient les sinistr\u00e9s des feux de for\u00eat avec une semaine de services gratuits","og_description":"L\u2019op\u00e9rateur de t\u00e9l\u00e9phonie mobile \u201dMobilis\u201d a annonc\u00e9, samedi dans un communiqu\u00e9, la gratuit\u00e9 de ses services pendant une semaine au profit de ses abonn\u00e9s dans les zones sinistr\u00e9es par les incendies ayant touch\u00e9 plusieurs wilayas du pays. Cette mesure, qui prendra effet samedi soir, s\u2019inscrit dans le cadre de la solidarit\u00e9 de l\u2019op\u00e9rateur avec les &hellip;","og_url":"https:\/\/elmawkie.dz\/fr\/feux-de-foret-mobilis-offre-des-services-gratuits-pendant-une-semaine-a-ses-abonnes-dans-les-zones-sinistrees\/","og_site_name":"El Mawkie","article_publisher":"https:\/\/www.facebook.com\/profile.php?id=100088407094989&locale=fr_FR","article_published_time":"2026-08-29T14:10:07+00:00","article_modified_time":"2026-08-29T14:35:40+00:00","og_image":[{"width":1165,"height":803,"url":"https:\/\/elmawkie.dz\/fr\/wp-content\/uploads\/2026\/08\/photo-output-4.jpeg","type":"image\/jpeg"}],"author":"R\u00e9daction","twitter_card":"summary_large_image","twitter_misc":{"Written by":"R\u00e9daction","Est. reading time":"1 minute"},"schema":{"@context":"https:\/\/schema.org","@graph":[{"@type":"Article","@id":"https:\/\/elmawkie.dz\/fr\/feux-de-foret-mobilis-offre-des-services-gratuits-pendant-une-semaine-a-ses-abonnes-dans-les-zones-sinistrees\/#article","isPartOf":{"@id":"https:\/\/elmawkie.dz\/fr\/feux-de-foret-mobilis-offre-des-services-gratuits-pendant-une-semaine-a-ses-abonnes-dans-les-zones-sinistrees\/"},"author":{"name":"R\u00e9daction","@id":"https:\/\/elmawkie.dz\/fr\/#\/schema\/person\/e7bd59d6467874ba5c4723d8a9f0a63c"},"headline":"Mobilis soutient les sinistr\u00e9s des feux de for\u00eat avec une semaine de services gratuits","datePublished":"2026-08-29T14:10:07+00:00","dateModified":"2026-08-29T14:35:40+00:00","mainEntityOfPage":{"@id":"https:\/\/elmawkie.dz\/fr\/feux-de-foret-mobilis-offre-des-services-gratuits-pendant-une-semaine-a-ses-abonnes-dans-les-zones-sinistrees\/"},"wordCount":159,"commentCount":0,"publisher":{"@id":"https:\/\/elmawkie.dz\/fr\/#organization"},"image":{"@id":"https:\/\/elmawkie.dz\/fr\/feux-de-foret-mobilis-offre-des-services-gratuits-pendant-une-semaine-a-ses-abonnes-dans-les-zones-sinistrees\/#primaryimage"},"thumbnailUrl":"https:\/\/elmawkie.dz\/fr\/wp-content\/uploads\/2026\/08\/photo-output-4.jpeg","keywords":["Feux de for\u00eats","mobilis"],"articleSection":["National"],"inLanguage":"fr-FR","potentialAction":[{"@type":"CommentAction","name":"Comment","target":["https:\/\/elmawkie.dz\/fr\/feux-de-foret-mobilis-offre-des-services-gratuits-pendant-une-semaine-a-ses-abonnes-dans-les-zones-sinistrees\/#respond"]}]},{"@type":"WebPage","@id":"https:\/\/elmawkie.dz\/fr\/feux-de-foret-mobilis-offre-des-services-gratuits-pendant-une-semaine-a-ses-abonnes-dans-les-zones-sinistrees\/","url":"https:\/\/elmawkie.dz\/fr\/feux-de-foret-mobilis-offre-des-services-gratuits-pendant-une-semaine-a-ses-abonnes-dans-les-zones-sinistrees\/","name":"Mobilis soutient les sinistr\u00e9s des feux de for\u00eat avec une semaine de services gratuits - El Mawkie","isPartOf":{"@id":"https:\/\/elmawkie.dz\/fr\/#website"},"primaryImageOfPage":{"@id":"https:\/\/elmawkie.dz\/fr\/feux-de-foret-mobilis-offre-des-services-gratuits-pendant-une-semaine-a-ses-abonnes-dans-les-zones-sinistrees\/#primaryimage"},"image":{"@id":"https:\/\/elmawkie.dz\/fr\/feux-de-foret-mobilis-offre-des-services-gratuits-pendant-une-semaine-a-ses-abonnes-dans-les-zones-sinistrees\/#primaryimage"},"thumbnailUrl":"https:\/\/elmawkie.dz\/fr\/wp-content\/uploads\/2026\/08\/photo-output-4.jpeg","datePublished":"2026-08-29T14:10:07+00:00","dateModified":"2026-08-29T14:35:40+00:00","breadcrumb":{"@id":"https:\/\/elmawkie.dz\/fr\/feux-de-foret-mobilis-offre-des-services-gratuits-pendant-une-semaine-a-ses-abonnes-dans-les-zones-sinistrees\/#breadcrumb"},"inLanguage":"fr-FR","potentialAction":[{"@type":"ReadAction","target":["https:\/\/elmawkie.dz\/fr\/feux-de-foret-mobilis-offre-des-services-gratuits-pendant-une-semaine-a-ses-abonnes-dans-les-zones-sinistrees\/"]}]},{"@type":"ImageObject","inLanguage":"fr-FR","@id":"https:\/\/elmawkie.dz\/fr\/feux-de-foret-mobilis-offre-des-services-gratuits-pendant-une-semaine-a-ses-abonnes-dans-les-zones-sinistrees\/#primaryimage","url":"https:\/\/elmawkie.dz\/fr\/wp-content\/uploads\/2026\/08\/photo-output-4.jpeg","contentUrl":"https:\/\/elmawkie.dz\/fr\/wp-content\/uploads\/2026\/08\/photo-output-4.jpeg","width":1165,"height":803},{"@type":"BreadcrumbList","@id":"https:\/\/elmawkie.dz\/fr\/feux-de-foret-mobilis-offre-des-services-gratuits-pendant-une-semaine-a-ses-abonnes-dans-les-zones-sinistrees\/#breadcrumb","itemListElement":[{"@type":"ListItem","position":1,"name":"Home","item":"https:\/\/elmawkie.dz\/fr\/"},{"@type":"ListItem","position":2,"name":"Mobilis soutient les sinistr\u00e9s des feux de for\u00eat avec une semaine de services gratuits"}]},{"@type":"WebSite","@id":"https:\/\/elmawkie.dz\/fr\/#website","url":"https:\/\/elmawkie.dz\/fr\/","name":"EL MAWKIE","description":"Journal \u00c9lectronique Alg\u00e9rien","publisher":{"@id":"https:\/\/elmawkie.dz\/fr\/#organization"},"potentialAction":[{"@type":"SearchAction","target":{"@type":"EntryPoint","urlTemplate":"https:\/\/elmawkie.dz\/fr\/?s={search_term_string}"},"query-input":"required name=search_term_string"}],"inLanguage":"fr-FR"},{"@type":"Organization","@id":"https:\/\/elmawkie.dz\/fr\/#organization","name":"EL MAWKIE","url":"https:\/\/elmawkie.dz\/fr\/","logo":{"@type":"ImageObject","inLanguage":"fr-FR","@id":"https:\/\/elmawkie.dz\/fr\/#\/schema\/logo\/image\/","url":"https:\/\/elmawkie.dz\/fr\/wp-content\/uploads\/2024\/05\/logo1.png","contentUrl":"https:\/\/elmawkie.dz\/fr\/wp-content\/uploads\/2024\/05\/logo1.png","width":1648,"height":652,"caption":"EL MAWKIE"},"image":{"@id":"https:\/\/elmawkie.dz\/fr\/#\/schema\/logo\/image\/"},"sameAs":["https:\/\/www.facebook.com\/profile.php?id=100088407094989&locale=fr_FR"]},{"@type":"Person","@id":"https:\/\/elmawkie.dz\/fr\/#\/schema\/person\/e7bd59d6467874ba5c4723d8a9f0a63c","name":"R\u00e9daction","image":{"@type":"ImageObject","inLanguage":"fr-FR","@id":"https:\/\/elmawkie.dz\/fr\/#\/schema\/person\/image\/","url":"https:\/\/secure.gravatar.com\/avatar\/f0f773456344da4d2788c054a3d30a0c?s=96&d=mm&r=g","contentUrl":"https:\/\/secure.gravatar.com\/avatar\/f0f773456344da4d2788c054a3d30a0c?s=96&d=mm&r=g","caption":"R\u00e9daction"},"url":"https:\/\/elmawkie.dz\/fr\/author\/redaction\/"}]}},"_links":{"self":[{"href":"https:\/\/elmawkie.dz\/fr\/wp-json\/wp\/v2\/posts\/67783","targetHints":{"allow":["GET"]}}],"collection":[{"href":"https:\/\/elmawkie.dz\/fr\/wp-json\/wp\/v2\/posts"}],"about":[{"href":"https:\/\/elmawkie.dz\/fr\/wp-json\/wp\/v2\/types\/post"}],"author":[{"embeddable":true,"href":"https:\/\/elmawkie.dz\/fr\/wp-json\/wp\/v2\/users\/9"}],"replies":[{"embeddable":true,"href":"https:\/\/elmawkie.dz\/fr\/wp-json\/wp\/v2\/comments?post=67783"}],"version-history":[{"count":5,"href":"https:\/\/elmawkie.dz\/fr\/wp-json\/wp\/v2\/posts\/67783\/revisions"}],"predecessor-version":[{"id":67800,"href":"https:\/\/elmawkie.dz\/fr\/wp-json\/wp\/v2\/posts\/67783\/revisions\/67800"}],"wp:featuredmedia":[{"embeddable":true,"href":"https:\/\/elmawkie.dz\/fr\/wp-json\/wp\/v2\/media\/67797"}],"wp:attachment":[{"href":"https:\/\/elmawkie.dz\/fr\/wp-json\/wp\/v2\/media?parent=67783"}],"wp:term":[{"taxonomy":"category","embeddable":true,"href":"https:\/\/elmawkie.dz\/fr\/wp-json\/wp\/v2\/categories?post=67783"},{"taxonomy":"post_tag","embeddable":true,"href":"https:\/\/elmawkie.dz\/fr\/wp-json\/wp\/v2\/tags?post=67783"}],"curies":[{"name":"wp","href":"https:\/\/api.w.org\/{rel}","templated":true}]}}