{"id":67771,"date":"2026-08-28T22:37:23","date_gmt":"2026-08-28T21:37:23","guid":{"rendered":"https:\/\/elmawkie.dz\/fr\/?p=67771"},"modified":"2026-08-28T22:37:23","modified_gmt":"2026-08-28T21:37:23","slug":"incendies-mobilisation-des-etablissements-de-jeunesse-pour-la-solidarite-et-lhebergement-des-sinistres","status":"publish","type":"post","link":"https:\/\/elmawkie.dz\/fr\/incendies-mobilisation-des-etablissements-de-jeunesse-pour-la-solidarite-et-lhebergement-des-sinistres\/","title":{"rendered":"Incendies : mobilisation des \u00e9tablissements de jeunesse pour la solidarit\u00e9 et l\u2019h\u00e9bergement des sinistr\u00e9s"},"content":{"rendered":"\n<p>Le minist\u00e8re de la Jeunesse a mobilis\u00e9 plusieurs \u00e9tablissements de jeunesse afin de contribuer aux op\u00e9rations de solidarit\u00e9 et d&rsquo;h\u00e9bergement des sinistr\u00e9s des incendies qui ont touch\u00e9 plusieurs wilayas du pays, a indiqu\u00e9 vendredi un communiqu\u00e9 du minist\u00e8re.<\/p>\n\n\n\n<p>Cette mesure s&rsquo;inscrit \u00ab\u00a0dans le cadre de l&rsquo;\u00e9lan national honorable et de la mobilisation de l&rsquo;ensemble des efforts pour faire face \u00e0 la situation cons\u00e9cutive aux incendies qui ont touch\u00e9 plusieurs r\u00e9gions du pays\u00a0\u00bb, a pr\u00e9cis\u00e9 le minist\u00e8re ajoutant que \u00ab\u00a0le secteur de la Jeunesse s&rsquo;est mobilis\u00e9 \u00e0 travers les diff\u00e9rentes wilayas pour apporter soutien et secours, consacrant ainsi les valeurs de solidarit\u00e9 et d&rsquo;entraide sociale aux moments de crises\u00a0\u00bb.<\/p>\n\n\n\n<p>Dans la wilaya de Guelma, \u00ab\u00a0les \u00e9tablissements de jeunesse, notamment les auberges de jeunesse et les camps, ont \u00e9t\u00e9 mobilis\u00e9s pour h\u00e9berger les familles sinistr\u00e9es dont les habitations ont \u00e9t\u00e9 encercl\u00e9es par les flammes dans la commune de Bouati Mahmoud. Ainsi les familles ont \u00e9t\u00e9 \u00e9vacu\u00e9es vers la Maison de jeunes \u00ab\u00a0Bouchmal Rabah\u00a0\u00bb, o\u00f9 toutes les conditions de confort et de prise en charge n\u00e9cessaires leur ont \u00e9t\u00e9 assur\u00e9es. Ces structures restent ouvertes en permanence pour accueillir les sinistr\u00e9s\u00a0\u00bb, pr\u00e9cise la m\u00eame source.<\/p>\n\n\n\n<p>\u00ab\u00a0La wilaya de Jijel a connu une large mobilisation et une mise en \u00e9tat d&rsquo;alerte, \u00e0 travers la mobilisation de diff\u00e9rents complexes sportifs et \u00e9tablissements de jeunesse dans les communes, afin d&rsquo;ouvrir leurs portes aux op\u00e9rations de solidarit\u00e9 et \u00e0 l&rsquo;h\u00e9bergement des sinistr\u00e9s, en plus de fournir des secours d&rsquo;urgence en coordination avec les services comp\u00e9tents de la wilaya\u00a0\u00bb, a ajout\u00e9 le communiqu\u00e9.<\/p>\n\n\n\n<p>Dans la wilaya d&rsquo;Oum El Bouaghi, la Maison de jeunes \u00ab\u00a0Mouloud Kacem Na\u00eft Belkacem\u00a0\u00bb, dans la commune d&rsquo;A\u00efn M&rsquo;lila, a \u00e9t\u00e9 transform\u00e9e en \u00ab\u00a0centre principal de collecte et d&rsquo;organisation des aides et dons en nature destin\u00e9s \u00e0 soutenir et secourir les familles sinistr\u00e9es dans les diff\u00e9rentes wilayas touch\u00e9es par les incendies\u00a0\u00bb, ajoute le communiqu\u00e9.<\/p>\n\n\n\n<figure class=\"wp-block-image size-large\"><img decoding=\"async\" width=\"1024\" height=\"466\" src=\"https:\/\/elmawkie.dz\/fr\/wp-content\/uploads\/2026\/08\/IMG_9726-1024x466.jpeg\" alt=\"\" class=\"wp-image-67774\" srcset=\"https:\/\/elmawkie.dz\/fr\/wp-content\/uploads\/2026\/08\/IMG_9726-1024x466.jpeg 1024w, https:\/\/elmawkie.dz\/fr\/wp-content\/uploads\/2026\/08\/IMG_9726-300x137.jpeg 300w, https:\/\/elmawkie.dz\/fr\/wp-content\/uploads\/2026\/08\/IMG_9726-768x350.jpeg 768w, https:\/\/elmawkie.dz\/fr\/wp-content\/uploads\/2026\/08\/IMG_9726-1536x699.jpeg 1536w, https:\/\/elmawkie.dz\/fr\/wp-content\/uploads\/2026\/08\/IMG_9726.jpeg 2048w\" sizes=\"(max-width: 1024px) 100vw, 1024px\" \/><\/figure>\n\n\n\n<figure class=\"wp-block-image size-full\"><img decoding=\"async\" width=\"540\" height=\"539\" src=\"https:\/\/elmawkie.dz\/fr\/wp-content\/uploads\/2026\/08\/IMG_9727.jpeg\" alt=\"\" class=\"wp-image-67775\" srcset=\"https:\/\/elmawkie.dz\/fr\/wp-content\/uploads\/2026\/08\/IMG_9727.jpeg 540w, https:\/\/elmawkie.dz\/fr\/wp-content\/uploads\/2026\/08\/IMG_9727-300x300.jpeg 300w, https:\/\/elmawkie.dz\/fr\/wp-content\/uploads\/2026\/08\/IMG_9727-150x150.jpeg 150w\" sizes=\"(max-width: 540px) 100vw, 540px\" \/><\/figure>\n","protected":false},"excerpt":{"rendered":"<p>Le minist\u00e8re de la Jeunesse a mobilis\u00e9 plusieurs \u00e9tablissements de jeunesse afin de contribuer aux op\u00e9rations de solidarit\u00e9 et d&rsquo;h\u00e9bergement des sinistr\u00e9s des incendies qui ont touch\u00e9 plusieurs wilayas du pays, a indiqu\u00e9 vendredi un communiqu\u00e9 du minist\u00e8re. Cette mesure s&rsquo;inscrit \u00ab\u00a0dans le cadre de l&rsquo;\u00e9lan national honorable et de la mobilisation de l&rsquo;ensemble des &hellip;<\/p>\n","protected":false},"author":9,"featured_media":67773,"comment_status":"open","ping_status":"open","sticky":false,"template":"","format":"standard","meta":{"footnotes":""},"categories":[47],"tags":[],"class_list":["post-67771","post","type-post","status-publish","format-standard","has-post-thumbnail","hentry","category-national"],"yoast_head":"<!-- This site is optimized with the Yoast SEO Premium plugin v22.6 (Yoast SEO v22.6) - https:\/\/yoast.com\/wordpress\/plugins\/seo\/ -->\n<title>Incendies : mobilisation des \u00e9tablissements de jeunesse pour la solidarit\u00e9 et l\u2019h\u00e9bergement des sinistr\u00e9s - El Mawkie<\/title>\n<meta name=\"robots\" content=\"index, follow, max-snippet:-1, max-image-preview:large, max-video-preview:-1\" \/>\n<link rel=\"canonical\" href=\"https:\/\/elmawkie.dz\/fr\/incendies-mobilisation-des-etablissements-de-jeunesse-pour-la-solidarite-et-lhebergement-des-sinistres\/\" \/>\n<meta property=\"og:locale\" content=\"fr_FR\" \/>\n<meta property=\"og:type\" content=\"article\" \/>\n<meta property=\"og:title\" content=\"Incendies : mobilisation des \u00e9tablissements de jeunesse pour la solidarit\u00e9 et l\u2019h\u00e9bergement des sinistr\u00e9s\" \/>\n<meta property=\"og:description\" content=\"Le minist\u00e8re de la Jeunesse a mobilis\u00e9 plusieurs \u00e9tablissements de jeunesse afin de contribuer aux op\u00e9rations de solidarit\u00e9 et d&rsquo;h\u00e9bergement des sinistr\u00e9s des incendies qui ont touch\u00e9 plusieurs wilayas du pays, a indiqu\u00e9 vendredi un communiqu\u00e9 du minist\u00e8re. Cette mesure s&rsquo;inscrit \u00ab\u00a0dans le cadre de l&rsquo;\u00e9lan national honorable et de la mobilisation de l&rsquo;ensemble des &hellip;\" \/>\n<meta property=\"og:url\" content=\"https:\/\/elmawkie.dz\/fr\/incendies-mobilisation-des-etablissements-de-jeunesse-pour-la-solidarite-et-lhebergement-des-sinistres\/\" \/>\n<meta property=\"og:site_name\" content=\"El Mawkie\" \/>\n<meta property=\"article:publisher\" content=\"https:\/\/www.facebook.com\/profile.php?id=100088407094989&amp;locale=fr_FR\" \/>\n<meta property=\"article:published_time\" content=\"2026-08-28T21:37:23+00:00\" \/>\n<meta property=\"og:image\" content=\"https:\/\/elmawkie.dz\/fr\/wp-content\/uploads\/2026\/08\/IMG_9725.jpeg\" \/>\n\t<meta property=\"og:image:width\" content=\"960\" \/>\n\t<meta property=\"og:image:height\" content=\"830\" \/>\n\t<meta property=\"og:image:type\" content=\"image\/jpeg\" \/>\n<meta name=\"author\" content=\"R\u00e9daction\" \/>\n<meta name=\"twitter:card\" content=\"summary_large_image\" \/>\n<meta name=\"twitter:label1\" content=\"Written by\" \/>\n\t<meta name=\"twitter:data1\" content=\"R\u00e9daction\" \/>\n\t<meta name=\"twitter:label2\" content=\"Est. reading time\" \/>\n\t<meta name=\"twitter:data2\" content=\"3 minutes\" \/>\n<script type=\"application\/ld+json\" class=\"yoast-schema-graph\">{\"@context\":\"https:\/\/schema.org\",\"@graph\":[{\"@type\":\"Article\",\"@id\":\"https:\/\/elmawkie.dz\/fr\/incendies-mobilisation-des-etablissements-de-jeunesse-pour-la-solidarite-et-lhebergement-des-sinistres\/#article\",\"isPartOf\":{\"@id\":\"https:\/\/elmawkie.dz\/fr\/incendies-mobilisation-des-etablissements-de-jeunesse-pour-la-solidarite-et-lhebergement-des-sinistres\/\"},\"author\":{\"name\":\"R\u00e9daction\",\"@id\":\"https:\/\/elmawkie.dz\/fr\/#\/schema\/person\/e7bd59d6467874ba5c4723d8a9f0a63c\"},\"headline\":\"Incendies : mobilisation des \u00e9tablissements de jeunesse pour la solidarit\u00e9 et l\u2019h\u00e9bergement des sinistr\u00e9s\",\"datePublished\":\"2026-08-28T21:37:23+00:00\",\"dateModified\":\"2026-08-28T21:37:23+00:00\",\"mainEntityOfPage\":{\"@id\":\"https:\/\/elmawkie.dz\/fr\/incendies-mobilisation-des-etablissements-de-jeunesse-pour-la-solidarite-et-lhebergement-des-sinistres\/\"},\"wordCount\":365,\"commentCount\":0,\"publisher\":{\"@id\":\"https:\/\/elmawkie.dz\/fr\/#organization\"},\"image\":{\"@id\":\"https:\/\/elmawkie.dz\/fr\/incendies-mobilisation-des-etablissements-de-jeunesse-pour-la-solidarite-et-lhebergement-des-sinistres\/#primaryimage\"},\"thumbnailUrl\":\"https:\/\/elmawkie.dz\/fr\/wp-content\/uploads\/2026\/08\/IMG_9725.jpeg\",\"articleSection\":[\"National\"],\"inLanguage\":\"fr-FR\",\"potentialAction\":[{\"@type\":\"CommentAction\",\"name\":\"Comment\",\"target\":[\"https:\/\/elmawkie.dz\/fr\/incendies-mobilisation-des-etablissements-de-jeunesse-pour-la-solidarite-et-lhebergement-des-sinistres\/#respond\"]}]},{\"@type\":\"WebPage\",\"@id\":\"https:\/\/elmawkie.dz\/fr\/incendies-mobilisation-des-etablissements-de-jeunesse-pour-la-solidarite-et-lhebergement-des-sinistres\/\",\"url\":\"https:\/\/elmawkie.dz\/fr\/incendies-mobilisation-des-etablissements-de-jeunesse-pour-la-solidarite-et-lhebergement-des-sinistres\/\",\"name\":\"Incendies : mobilisation des \u00e9tablissements de jeunesse pour la solidarit\u00e9 et l\u2019h\u00e9bergement des sinistr\u00e9s - El Mawkie\",\"isPartOf\":{\"@id\":\"https:\/\/elmawkie.dz\/fr\/#website\"},\"primaryImageOfPage\":{\"@id\":\"https:\/\/elmawkie.dz\/fr\/incendies-mobilisation-des-etablissements-de-jeunesse-pour-la-solidarite-et-lhebergement-des-sinistres\/#primaryimage\"},\"image\":{\"@id\":\"https:\/\/elmawkie.dz\/fr\/incendies-mobilisation-des-etablissements-de-jeunesse-pour-la-solidarite-et-lhebergement-des-sinistres\/#primaryimage\"},\"thumbnailUrl\":\"https:\/\/elmawkie.dz\/fr\/wp-content\/uploads\/2026\/08\/IMG_9725.jpeg\",\"datePublished\":\"2026-08-28T21:37:23+00:00\",\"dateModified\":\"2026-08-28T21:37:23+00:00\",\"breadcrumb\":{\"@id\":\"https:\/\/elmawkie.dz\/fr\/incendies-mobilisation-des-etablissements-de-jeunesse-pour-la-solidarite-et-lhebergement-des-sinistres\/#breadcrumb\"},\"inLanguage\":\"fr-FR\",\"potentialAction\":[{\"@type\":\"ReadAction\",\"target\":[\"https:\/\/elmawkie.dz\/fr\/incendies-mobilisation-des-etablissements-de-jeunesse-pour-la-solidarite-et-lhebergement-des-sinistres\/\"]}]},{\"@type\":\"ImageObject\",\"inLanguage\":\"fr-FR\",\"@id\":\"https:\/\/elmawkie.dz\/fr\/incendies-mobilisation-des-etablissements-de-jeunesse-pour-la-solidarite-et-lhebergement-des-sinistres\/#primaryimage\",\"url\":\"https:\/\/elmawkie.dz\/fr\/wp-content\/uploads\/2026\/08\/IMG_9725.jpeg\",\"contentUrl\":\"https:\/\/elmawkie.dz\/fr\/wp-content\/uploads\/2026\/08\/IMG_9725.jpeg\",\"width\":960,\"height\":830},{\"@type\":\"BreadcrumbList\",\"@id\":\"https:\/\/elmawkie.dz\/fr\/incendies-mobilisation-des-etablissements-de-jeunesse-pour-la-solidarite-et-lhebergement-des-sinistres\/#breadcrumb\",\"itemListElement\":[{\"@type\":\"ListItem\",\"position\":1,\"name\":\"Home\",\"item\":\"https:\/\/elmawkie.dz\/fr\/\"},{\"@type\":\"ListItem\",\"position\":2,\"name\":\"Incendies : mobilisation des \u00e9tablissements de jeunesse pour la solidarit\u00e9 et l\u2019h\u00e9bergement des sinistr\u00e9s\"}]},{\"@type\":\"WebSite\",\"@id\":\"https:\/\/elmawkie.dz\/fr\/#website\",\"url\":\"https:\/\/elmawkie.dz\/fr\/\",\"name\":\"EL MAWKIE\",\"description\":\"Journal \u00c9lectronique Alg\u00e9rien\",\"publisher\":{\"@id\":\"https:\/\/elmawkie.dz\/fr\/#organization\"},\"potentialAction\":[{\"@type\":\"SearchAction\",\"target\":{\"@type\":\"EntryPoint\",\"urlTemplate\":\"https:\/\/elmawkie.dz\/fr\/?s={search_term_string}\"},\"query-input\":\"required name=search_term_string\"}],\"inLanguage\":\"fr-FR\"},{\"@type\":\"Organization\",\"@id\":\"https:\/\/elmawkie.dz\/fr\/#organization\",\"name\":\"EL MAWKIE\",\"url\":\"https:\/\/elmawkie.dz\/fr\/\",\"logo\":{\"@type\":\"ImageObject\",\"inLanguage\":\"fr-FR\",\"@id\":\"https:\/\/elmawkie.dz\/fr\/#\/schema\/logo\/image\/\",\"url\":\"https:\/\/elmawkie.dz\/fr\/wp-content\/uploads\/2024\/05\/logo1.png\",\"contentUrl\":\"https:\/\/elmawkie.dz\/fr\/wp-content\/uploads\/2024\/05\/logo1.png\",\"width\":1648,\"height\":652,\"caption\":\"EL MAWKIE\"},\"image\":{\"@id\":\"https:\/\/elmawkie.dz\/fr\/#\/schema\/logo\/image\/\"},\"sameAs\":[\"https:\/\/www.facebook.com\/profile.php?id=100088407094989&locale=fr_FR\"]},{\"@type\":\"Person\",\"@id\":\"https:\/\/elmawkie.dz\/fr\/#\/schema\/person\/e7bd59d6467874ba5c4723d8a9f0a63c\",\"name\":\"R\u00e9daction\",\"image\":{\"@type\":\"ImageObject\",\"inLanguage\":\"fr-FR\",\"@id\":\"https:\/\/elmawkie.dz\/fr\/#\/schema\/person\/image\/\",\"url\":\"https:\/\/secure.gravatar.com\/avatar\/f0f773456344da4d2788c054a3d30a0c?s=96&d=mm&r=g\",\"contentUrl\":\"https:\/\/secure.gravatar.com\/avatar\/f0f773456344da4d2788c054a3d30a0c?s=96&d=mm&r=g\",\"caption\":\"R\u00e9daction\"},\"url\":\"https:\/\/elmawkie.dz\/fr\/author\/redaction\/\"}]}<\/script>\n<!-- \/ Yoast SEO Premium plugin. -->","yoast_head_json":{"title":"Incendies : mobilisation des \u00e9tablissements de jeunesse pour la solidarit\u00e9 et l\u2019h\u00e9bergement des sinistr\u00e9s - El Mawkie","robots":{"index":"index","follow":"follow","max-snippet":"max-snippet:-1","max-image-preview":"max-image-preview:large","max-video-preview":"max-video-preview:-1"},"canonical":"https:\/\/elmawkie.dz\/fr\/incendies-mobilisation-des-etablissements-de-jeunesse-pour-la-solidarite-et-lhebergement-des-sinistres\/","og_locale":"fr_FR","og_type":"article","og_title":"Incendies : mobilisation des \u00e9tablissements de jeunesse pour la solidarit\u00e9 et l\u2019h\u00e9bergement des sinistr\u00e9s","og_description":"Le minist\u00e8re de la Jeunesse a mobilis\u00e9 plusieurs \u00e9tablissements de jeunesse afin de contribuer aux op\u00e9rations de solidarit\u00e9 et d&rsquo;h\u00e9bergement des sinistr\u00e9s des incendies qui ont touch\u00e9 plusieurs wilayas du pays, a indiqu\u00e9 vendredi un communiqu\u00e9 du minist\u00e8re. Cette mesure s&rsquo;inscrit \u00ab\u00a0dans le cadre de l&rsquo;\u00e9lan national honorable et de la mobilisation de l&rsquo;ensemble des &hellip;","og_url":"https:\/\/elmawkie.dz\/fr\/incendies-mobilisation-des-etablissements-de-jeunesse-pour-la-solidarite-et-lhebergement-des-sinistres\/","og_site_name":"El Mawkie","article_publisher":"https:\/\/www.facebook.com\/profile.php?id=100088407094989&locale=fr_FR","article_published_time":"2026-08-28T21:37:23+00:00","og_image":[{"width":960,"height":830,"url":"https:\/\/elmawkie.dz\/fr\/wp-content\/uploads\/2026\/08\/IMG_9725.jpeg","type":"image\/jpeg"}],"author":"R\u00e9daction","twitter_card":"summary_large_image","twitter_misc":{"Written by":"R\u00e9daction","Est. reading time":"3 minutes"},"schema":{"@context":"https:\/\/schema.org","@graph":[{"@type":"Article","@id":"https:\/\/elmawkie.dz\/fr\/incendies-mobilisation-des-etablissements-de-jeunesse-pour-la-solidarite-et-lhebergement-des-sinistres\/#article","isPartOf":{"@id":"https:\/\/elmawkie.dz\/fr\/incendies-mobilisation-des-etablissements-de-jeunesse-pour-la-solidarite-et-lhebergement-des-sinistres\/"},"author":{"name":"R\u00e9daction","@id":"https:\/\/elmawkie.dz\/fr\/#\/schema\/person\/e7bd59d6467874ba5c4723d8a9f0a63c"},"headline":"Incendies : mobilisation des \u00e9tablissements de jeunesse pour la solidarit\u00e9 et l\u2019h\u00e9bergement des sinistr\u00e9s","datePublished":"2026-08-28T21:37:23+00:00","dateModified":"2026-08-28T21:37:23+00:00","mainEntityOfPage":{"@id":"https:\/\/elmawkie.dz\/fr\/incendies-mobilisation-des-etablissements-de-jeunesse-pour-la-solidarite-et-lhebergement-des-sinistres\/"},"wordCount":365,"commentCount":0,"publisher":{"@id":"https:\/\/elmawkie.dz\/fr\/#organization"},"image":{"@id":"https:\/\/elmawkie.dz\/fr\/incendies-mobilisation-des-etablissements-de-jeunesse-pour-la-solidarite-et-lhebergement-des-sinistres\/#primaryimage"},"thumbnailUrl":"https:\/\/elmawkie.dz\/fr\/wp-content\/uploads\/2026\/08\/IMG_9725.jpeg","articleSection":["National"],"inLanguage":"fr-FR","potentialAction":[{"@type":"CommentAction","name":"Comment","target":["https:\/\/elmawkie.dz\/fr\/incendies-mobilisation-des-etablissements-de-jeunesse-pour-la-solidarite-et-lhebergement-des-sinistres\/#respond"]}]},{"@type":"WebPage","@id":"https:\/\/elmawkie.dz\/fr\/incendies-mobilisation-des-etablissements-de-jeunesse-pour-la-solidarite-et-lhebergement-des-sinistres\/","url":"https:\/\/elmawkie.dz\/fr\/incendies-mobilisation-des-etablissements-de-jeunesse-pour-la-solidarite-et-lhebergement-des-sinistres\/","name":"Incendies : mobilisation des \u00e9tablissements de jeunesse pour la solidarit\u00e9 et l\u2019h\u00e9bergement des sinistr\u00e9s - El Mawkie","isPartOf":{"@id":"https:\/\/elmawkie.dz\/fr\/#website"},"primaryImageOfPage":{"@id":"https:\/\/elmawkie.dz\/fr\/incendies-mobilisation-des-etablissements-de-jeunesse-pour-la-solidarite-et-lhebergement-des-sinistres\/#primaryimage"},"image":{"@id":"https:\/\/elmawkie.dz\/fr\/incendies-mobilisation-des-etablissements-de-jeunesse-pour-la-solidarite-et-lhebergement-des-sinistres\/#primaryimage"},"thumbnailUrl":"https:\/\/elmawkie.dz\/fr\/wp-content\/uploads\/2026\/08\/IMG_9725.jpeg","datePublished":"2026-08-28T21:37:23+00:00","dateModified":"2026-08-28T21:37:23+00:00","breadcrumb":{"@id":"https:\/\/elmawkie.dz\/fr\/incendies-mobilisation-des-etablissements-de-jeunesse-pour-la-solidarite-et-lhebergement-des-sinistres\/#breadcrumb"},"inLanguage":"fr-FR","potentialAction":[{"@type":"ReadAction","target":["https:\/\/elmawkie.dz\/fr\/incendies-mobilisation-des-etablissements-de-jeunesse-pour-la-solidarite-et-lhebergement-des-sinistres\/"]}]},{"@type":"ImageObject","inLanguage":"fr-FR","@id":"https:\/\/elmawkie.dz\/fr\/incendies-mobilisation-des-etablissements-de-jeunesse-pour-la-solidarite-et-lhebergement-des-sinistres\/#primaryimage","url":"https:\/\/elmawkie.dz\/fr\/wp-content\/uploads\/2026\/08\/IMG_9725.jpeg","contentUrl":"https:\/\/elmawkie.dz\/fr\/wp-content\/uploads\/2026\/08\/IMG_9725.jpeg","width":960,"height":830},{"@type":"BreadcrumbList","@id":"https:\/\/elmawkie.dz\/fr\/incendies-mobilisation-des-etablissements-de-jeunesse-pour-la-solidarite-et-lhebergement-des-sinistres\/#breadcrumb","itemListElement":[{"@type":"ListItem","position":1,"name":"Home","item":"https:\/\/elmawkie.dz\/fr\/"},{"@type":"ListItem","position":2,"name":"Incendies : mobilisation des \u00e9tablissements de jeunesse pour la solidarit\u00e9 et l\u2019h\u00e9bergement des sinistr\u00e9s"}]},{"@type":"WebSite","@id":"https:\/\/elmawkie.dz\/fr\/#website","url":"https:\/\/elmawkie.dz\/fr\/","name":"EL MAWKIE","description":"Journal \u00c9lectronique Alg\u00e9rien","publisher":{"@id":"https:\/\/elmawkie.dz\/fr\/#organization"},"potentialAction":[{"@type":"SearchAction","target":{"@type":"EntryPoint","urlTemplate":"https:\/\/elmawkie.dz\/fr\/?s={search_term_string}"},"query-input":"required name=search_term_string"}],"inLanguage":"fr-FR"},{"@type":"Organization","@id":"https:\/\/elmawkie.dz\/fr\/#organization","name":"EL MAWKIE","url":"https:\/\/elmawkie.dz\/fr\/","logo":{"@type":"ImageObject","inLanguage":"fr-FR","@id":"https:\/\/elmawkie.dz\/fr\/#\/schema\/logo\/image\/","url":"https:\/\/elmawkie.dz\/fr\/wp-content\/uploads\/2024\/05\/logo1.png","contentUrl":"https:\/\/elmawkie.dz\/fr\/wp-content\/uploads\/2024\/05\/logo1.png","width":1648,"height":652,"caption":"EL MAWKIE"},"image":{"@id":"https:\/\/elmawkie.dz\/fr\/#\/schema\/logo\/image\/"},"sameAs":["https:\/\/www.facebook.com\/profile.php?id=100088407094989&locale=fr_FR"]},{"@type":"Person","@id":"https:\/\/elmawkie.dz\/fr\/#\/schema\/person\/e7bd59d6467874ba5c4723d8a9f0a63c","name":"R\u00e9daction","image":{"@type":"ImageObject","inLanguage":"fr-FR","@id":"https:\/\/elmawkie.dz\/fr\/#\/schema\/person\/image\/","url":"https:\/\/secure.gravatar.com\/avatar\/f0f773456344da4d2788c054a3d30a0c?s=96&d=mm&r=g","contentUrl":"https:\/\/secure.gravatar.com\/avatar\/f0f773456344da4d2788c054a3d30a0c?s=96&d=mm&r=g","caption":"R\u00e9daction"},"url":"https:\/\/elmawkie.dz\/fr\/author\/redaction\/"}]}},"_links":{"self":[{"href":"https:\/\/elmawkie.dz\/fr\/wp-json\/wp\/v2\/posts\/67771","targetHints":{"allow":["GET"]}}],"collection":[{"href":"https:\/\/elmawkie.dz\/fr\/wp-json\/wp\/v2\/posts"}],"about":[{"href":"https:\/\/elmawkie.dz\/fr\/wp-json\/wp\/v2\/types\/post"}],"author":[{"embeddable":true,"href":"https:\/\/elmawkie.dz\/fr\/wp-json\/wp\/v2\/users\/9"}],"replies":[{"embeddable":true,"href":"https:\/\/elmawkie.dz\/fr\/wp-json\/wp\/v2\/comments?post=67771"}],"version-history":[{"count":1,"href":"https:\/\/elmawkie.dz\/fr\/wp-json\/wp\/v2\/posts\/67771\/revisions"}],"predecessor-version":[{"id":67776,"href":"https:\/\/elmawkie.dz\/fr\/wp-json\/wp\/v2\/posts\/67771\/revisions\/67776"}],"wp:featuredmedia":[{"embeddable":true,"href":"https:\/\/elmawkie.dz\/fr\/wp-json\/wp\/v2\/media\/67773"}],"wp:attachment":[{"href":"https:\/\/elmawkie.dz\/fr\/wp-json\/wp\/v2\/media?parent=67771"}],"wp:term":[{"taxonomy":"category","embeddable":true,"href":"https:\/\/elmawkie.dz\/fr\/wp-json\/wp\/v2\/categories?post=67771"},{"taxonomy":"post_tag","embeddable":true,"href":"https:\/\/elmawkie.dz\/fr\/wp-json\/wp\/v2\/tags?post=67771"}],"curies":[{"name":"wp","href":"https:\/\/api.w.org\/{rel}","templated":true}]}}