{"id":67767,"date":"2026-08-28T22:34:52","date_gmt":"2026-08-28T21:34:52","guid":{"rendered":"https:\/\/elmawkie.dz\/fr\/?p=67767"},"modified":"2026-08-28T22:34:52","modified_gmt":"2026-08-28T21:34:52","slug":"mosquees-vastes-campagnes-de-solidarite-au-profit-des-sinistres-des-incendies","status":"publish","type":"post","link":"https:\/\/elmawkie.dz\/fr\/mosquees-vastes-campagnes-de-solidarite-au-profit-des-sinistres-des-incendies\/","title":{"rendered":"Mosqu\u00e9es : vastes campagnes de solidarit\u00e9 au profit des sinistr\u00e9s des incendies\u00a0"},"content":{"rendered":"\n<p>De vastes campagnes de solidarit\u00e9 au profit des sinistr\u00e9s des incendies enregistr\u00e9s dans plusieurs r\u00e9gions du pays ont \u00e9t\u00e9 lanc\u00e9es apr\u00e8s la pri\u00e8re du vendredi \u00e0 travers les mosqu\u00e9es du territoire national, indique un communiqu\u00e9 du minist\u00e8re des Affaires religieuses et des Wakfs.<\/p>\n\n\n\n<p>Dans un grand \u00e9lan de solidarit\u00e9 et en r\u00e9ponse aux appels des imams lors du pr\u00eache du vendredi, invitant \u00e0 venir en aide aux sinistr\u00e9s des incendies enregistr\u00e9s dans plusieurs wilayas du Centre et de l&rsquo;Est du pays, de vastes campagnes ont \u00e9t\u00e9 lanc\u00e9es, \u00e0 travers l&rsquo;envoi de convois d&rsquo;aides vers les zones touch\u00e9es.<\/p>\n\n\n\n<p>Initi\u00e9es par les conseils \u00ab\u00a0Souboul El Khairat\u00a0\u00bb et les mosqu\u00e9es de la R\u00e9publique, ces campagnes \u00ab\u00a0refl\u00e8tent l&rsquo;esprit de solidarit\u00e9 et d&rsquo;entraide caract\u00e9risant la soci\u00e9t\u00e9 alg\u00e9rienne et illustrent le soutien des citoyens aux familles sinistr\u00e9es dans ces moments difficiles\u00a0\u00bb, pr\u00e9cise le communiqu\u00e9.<\/p>\n\n\n\n<p>Les imams avaient rappel\u00e9, dans le pr\u00eache du vendredi, la n\u00e9cessit\u00e9 de renforcer la solidarit\u00e9 et de soutenir les sinistr\u00e9s et les familles des victimes des incendies, en leur portant secours et assistance, conform\u00e9ment aux valeurs de fraternit\u00e9 et d&rsquo;entraide pr\u00f4n\u00e9es par l&rsquo;Islam.<\/p>\n","protected":false},"excerpt":{"rendered":"<p>De vastes campagnes de solidarit\u00e9 au profit des sinistr\u00e9s des incendies enregistr\u00e9s dans plusieurs r\u00e9gions du pays ont \u00e9t\u00e9 lanc\u00e9es apr\u00e8s la pri\u00e8re du vendredi \u00e0 travers les mosqu\u00e9es du territoire national, indique un communiqu\u00e9 du minist\u00e8re des Affaires religieuses et des Wakfs. Dans un grand \u00e9lan de solidarit\u00e9 et en r\u00e9ponse aux appels des &hellip;<\/p>\n","protected":false},"author":9,"featured_media":67769,"comment_status":"open","ping_status":"open","sticky":false,"template":"","format":"standard","meta":{"footnotes":""},"categories":[47],"tags":[144,6756,2034],"class_list":["post-67767","post","type-post","status-publish","format-standard","has-post-thumbnail","hentry","category-national","tag-jijel","tag-mosquees","tag-solidarite"],"yoast_head":"<!-- This site is optimized with the Yoast SEO Premium plugin v22.6 (Yoast SEO v22.6) - https:\/\/yoast.com\/wordpress\/plugins\/seo\/ -->\n<title>Mosqu\u00e9es : vastes campagnes de solidarit\u00e9 au profit des sinistr\u00e9s des incendies\u00a0 - El Mawkie<\/title>\n<meta name=\"robots\" content=\"index, follow, max-snippet:-1, max-image-preview:large, max-video-preview:-1\" \/>\n<link rel=\"canonical\" href=\"https:\/\/elmawkie.dz\/fr\/mosquees-vastes-campagnes-de-solidarite-au-profit-des-sinistres-des-incendies\/\" \/>\n<meta property=\"og:locale\" content=\"fr_FR\" \/>\n<meta property=\"og:type\" content=\"article\" \/>\n<meta property=\"og:title\" content=\"Mosqu\u00e9es : vastes campagnes de solidarit\u00e9 au profit des sinistr\u00e9s des incendies\u00a0\" \/>\n<meta property=\"og:description\" content=\"De vastes campagnes de solidarit\u00e9 au profit des sinistr\u00e9s des incendies enregistr\u00e9s dans plusieurs r\u00e9gions du pays ont \u00e9t\u00e9 lanc\u00e9es apr\u00e8s la pri\u00e8re du vendredi \u00e0 travers les mosqu\u00e9es du territoire national, indique un communiqu\u00e9 du minist\u00e8re des Affaires religieuses et des Wakfs. Dans un grand \u00e9lan de solidarit\u00e9 et en r\u00e9ponse aux appels des &hellip;\" \/>\n<meta property=\"og:url\" content=\"https:\/\/elmawkie.dz\/fr\/mosquees-vastes-campagnes-de-solidarite-au-profit-des-sinistres-des-incendies\/\" \/>\n<meta property=\"og:site_name\" content=\"El Mawkie\" \/>\n<meta property=\"article:publisher\" content=\"https:\/\/www.facebook.com\/profile.php?id=100088407094989&amp;locale=fr_FR\" \/>\n<meta property=\"article:published_time\" content=\"2026-08-28T21:34:52+00:00\" \/>\n<meta property=\"og:image\" content=\"https:\/\/elmawkie.dz\/fr\/wp-content\/uploads\/2026\/08\/IMG_9724.jpeg\" \/>\n\t<meta property=\"og:image:width\" content=\"2048\" \/>\n\t<meta property=\"og:image:height\" content=\"1536\" \/>\n\t<meta property=\"og:image:type\" content=\"image\/jpeg\" \/>\n<meta name=\"author\" content=\"R\u00e9daction\" \/>\n<meta name=\"twitter:card\" content=\"summary_large_image\" \/>\n<meta name=\"twitter:label1\" content=\"Written by\" \/>\n\t<meta name=\"twitter:data1\" content=\"R\u00e9daction\" \/>\n\t<meta name=\"twitter:label2\" content=\"Est. reading time\" \/>\n\t<meta name=\"twitter:data2\" content=\"2 minutes\" \/>\n<script type=\"application\/ld+json\" class=\"yoast-schema-graph\">{\"@context\":\"https:\/\/schema.org\",\"@graph\":[{\"@type\":\"Article\",\"@id\":\"https:\/\/elmawkie.dz\/fr\/mosquees-vastes-campagnes-de-solidarite-au-profit-des-sinistres-des-incendies\/#article\",\"isPartOf\":{\"@id\":\"https:\/\/elmawkie.dz\/fr\/mosquees-vastes-campagnes-de-solidarite-au-profit-des-sinistres-des-incendies\/\"},\"author\":{\"name\":\"R\u00e9daction\",\"@id\":\"https:\/\/elmawkie.dz\/fr\/#\/schema\/person\/e7bd59d6467874ba5c4723d8a9f0a63c\"},\"headline\":\"Mosqu\u00e9es : vastes campagnes de solidarit\u00e9 au profit des sinistr\u00e9s des incendies\u00a0\",\"datePublished\":\"2026-08-28T21:34:52+00:00\",\"dateModified\":\"2026-08-28T21:34:52+00:00\",\"mainEntityOfPage\":{\"@id\":\"https:\/\/elmawkie.dz\/fr\/mosquees-vastes-campagnes-de-solidarite-au-profit-des-sinistres-des-incendies\/\"},\"wordCount\":227,\"commentCount\":0,\"publisher\":{\"@id\":\"https:\/\/elmawkie.dz\/fr\/#organization\"},\"image\":{\"@id\":\"https:\/\/elmawkie.dz\/fr\/mosquees-vastes-campagnes-de-solidarite-au-profit-des-sinistres-des-incendies\/#primaryimage\"},\"thumbnailUrl\":\"https:\/\/elmawkie.dz\/fr\/wp-content\/uploads\/2026\/08\/IMG_9724.jpeg\",\"keywords\":[\"Jijel\",\"Mosqu\u00e9es\",\"Solidarit\u00e9\"],\"articleSection\":[\"National\"],\"inLanguage\":\"fr-FR\",\"potentialAction\":[{\"@type\":\"CommentAction\",\"name\":\"Comment\",\"target\":[\"https:\/\/elmawkie.dz\/fr\/mosquees-vastes-campagnes-de-solidarite-au-profit-des-sinistres-des-incendies\/#respond\"]}]},{\"@type\":\"WebPage\",\"@id\":\"https:\/\/elmawkie.dz\/fr\/mosquees-vastes-campagnes-de-solidarite-au-profit-des-sinistres-des-incendies\/\",\"url\":\"https:\/\/elmawkie.dz\/fr\/mosquees-vastes-campagnes-de-solidarite-au-profit-des-sinistres-des-incendies\/\",\"name\":\"Mosqu\u00e9es : vastes campagnes de solidarit\u00e9 au profit des sinistr\u00e9s des incendies\u00a0 - El Mawkie\",\"isPartOf\":{\"@id\":\"https:\/\/elmawkie.dz\/fr\/#website\"},\"primaryImageOfPage\":{\"@id\":\"https:\/\/elmawkie.dz\/fr\/mosquees-vastes-campagnes-de-solidarite-au-profit-des-sinistres-des-incendies\/#primaryimage\"},\"image\":{\"@id\":\"https:\/\/elmawkie.dz\/fr\/mosquees-vastes-campagnes-de-solidarite-au-profit-des-sinistres-des-incendies\/#primaryimage\"},\"thumbnailUrl\":\"https:\/\/elmawkie.dz\/fr\/wp-content\/uploads\/2026\/08\/IMG_9724.jpeg\",\"datePublished\":\"2026-08-28T21:34:52+00:00\",\"dateModified\":\"2026-08-28T21:34:52+00:00\",\"breadcrumb\":{\"@id\":\"https:\/\/elmawkie.dz\/fr\/mosquees-vastes-campagnes-de-solidarite-au-profit-des-sinistres-des-incendies\/#breadcrumb\"},\"inLanguage\":\"fr-FR\",\"potentialAction\":[{\"@type\":\"ReadAction\",\"target\":[\"https:\/\/elmawkie.dz\/fr\/mosquees-vastes-campagnes-de-solidarite-au-profit-des-sinistres-des-incendies\/\"]}]},{\"@type\":\"ImageObject\",\"inLanguage\":\"fr-FR\",\"@id\":\"https:\/\/elmawkie.dz\/fr\/mosquees-vastes-campagnes-de-solidarite-au-profit-des-sinistres-des-incendies\/#primaryimage\",\"url\":\"https:\/\/elmawkie.dz\/fr\/wp-content\/uploads\/2026\/08\/IMG_9724.jpeg\",\"contentUrl\":\"https:\/\/elmawkie.dz\/fr\/wp-content\/uploads\/2026\/08\/IMG_9724.jpeg\",\"width\":2048,\"height\":1536},{\"@type\":\"BreadcrumbList\",\"@id\":\"https:\/\/elmawkie.dz\/fr\/mosquees-vastes-campagnes-de-solidarite-au-profit-des-sinistres-des-incendies\/#breadcrumb\",\"itemListElement\":[{\"@type\":\"ListItem\",\"position\":1,\"name\":\"Home\",\"item\":\"https:\/\/elmawkie.dz\/fr\/\"},{\"@type\":\"ListItem\",\"position\":2,\"name\":\"Mosqu\u00e9es : vastes campagnes de solidarit\u00e9 au profit des sinistr\u00e9s des incendies\u00a0\"}]},{\"@type\":\"WebSite\",\"@id\":\"https:\/\/elmawkie.dz\/fr\/#website\",\"url\":\"https:\/\/elmawkie.dz\/fr\/\",\"name\":\"EL MAWKIE\",\"description\":\"Journal \u00c9lectronique Alg\u00e9rien\",\"publisher\":{\"@id\":\"https:\/\/elmawkie.dz\/fr\/#organization\"},\"potentialAction\":[{\"@type\":\"SearchAction\",\"target\":{\"@type\":\"EntryPoint\",\"urlTemplate\":\"https:\/\/elmawkie.dz\/fr\/?s={search_term_string}\"},\"query-input\":\"required name=search_term_string\"}],\"inLanguage\":\"fr-FR\"},{\"@type\":\"Organization\",\"@id\":\"https:\/\/elmawkie.dz\/fr\/#organization\",\"name\":\"EL MAWKIE\",\"url\":\"https:\/\/elmawkie.dz\/fr\/\",\"logo\":{\"@type\":\"ImageObject\",\"inLanguage\":\"fr-FR\",\"@id\":\"https:\/\/elmawkie.dz\/fr\/#\/schema\/logo\/image\/\",\"url\":\"https:\/\/elmawkie.dz\/fr\/wp-content\/uploads\/2024\/05\/logo1.png\",\"contentUrl\":\"https:\/\/elmawkie.dz\/fr\/wp-content\/uploads\/2024\/05\/logo1.png\",\"width\":1648,\"height\":652,\"caption\":\"EL MAWKIE\"},\"image\":{\"@id\":\"https:\/\/elmawkie.dz\/fr\/#\/schema\/logo\/image\/\"},\"sameAs\":[\"https:\/\/www.facebook.com\/profile.php?id=100088407094989&locale=fr_FR\"]},{\"@type\":\"Person\",\"@id\":\"https:\/\/elmawkie.dz\/fr\/#\/schema\/person\/e7bd59d6467874ba5c4723d8a9f0a63c\",\"name\":\"R\u00e9daction\",\"image\":{\"@type\":\"ImageObject\",\"inLanguage\":\"fr-FR\",\"@id\":\"https:\/\/elmawkie.dz\/fr\/#\/schema\/person\/image\/\",\"url\":\"https:\/\/secure.gravatar.com\/avatar\/f0f773456344da4d2788c054a3d30a0c?s=96&d=mm&r=g\",\"contentUrl\":\"https:\/\/secure.gravatar.com\/avatar\/f0f773456344da4d2788c054a3d30a0c?s=96&d=mm&r=g\",\"caption\":\"R\u00e9daction\"},\"url\":\"https:\/\/elmawkie.dz\/fr\/author\/redaction\/\"}]}<\/script>\n<!-- \/ Yoast SEO Premium plugin. -->","yoast_head_json":{"title":"Mosqu\u00e9es : vastes campagnes de solidarit\u00e9 au profit des sinistr\u00e9s des incendies\u00a0 - El Mawkie","robots":{"index":"index","follow":"follow","max-snippet":"max-snippet:-1","max-image-preview":"max-image-preview:large","max-video-preview":"max-video-preview:-1"},"canonical":"https:\/\/elmawkie.dz\/fr\/mosquees-vastes-campagnes-de-solidarite-au-profit-des-sinistres-des-incendies\/","og_locale":"fr_FR","og_type":"article","og_title":"Mosqu\u00e9es : vastes campagnes de solidarit\u00e9 au profit des sinistr\u00e9s des incendies\u00a0","og_description":"De vastes campagnes de solidarit\u00e9 au profit des sinistr\u00e9s des incendies enregistr\u00e9s dans plusieurs r\u00e9gions du pays ont \u00e9t\u00e9 lanc\u00e9es apr\u00e8s la pri\u00e8re du vendredi \u00e0 travers les mosqu\u00e9es du territoire national, indique un communiqu\u00e9 du minist\u00e8re des Affaires religieuses et des Wakfs. Dans un grand \u00e9lan de solidarit\u00e9 et en r\u00e9ponse aux appels des &hellip;","og_url":"https:\/\/elmawkie.dz\/fr\/mosquees-vastes-campagnes-de-solidarite-au-profit-des-sinistres-des-incendies\/","og_site_name":"El Mawkie","article_publisher":"https:\/\/www.facebook.com\/profile.php?id=100088407094989&locale=fr_FR","article_published_time":"2026-08-28T21:34:52+00:00","og_image":[{"width":2048,"height":1536,"url":"https:\/\/elmawkie.dz\/fr\/wp-content\/uploads\/2026\/08\/IMG_9724.jpeg","type":"image\/jpeg"}],"author":"R\u00e9daction","twitter_card":"summary_large_image","twitter_misc":{"Written by":"R\u00e9daction","Est. reading time":"2 minutes"},"schema":{"@context":"https:\/\/schema.org","@graph":[{"@type":"Article","@id":"https:\/\/elmawkie.dz\/fr\/mosquees-vastes-campagnes-de-solidarite-au-profit-des-sinistres-des-incendies\/#article","isPartOf":{"@id":"https:\/\/elmawkie.dz\/fr\/mosquees-vastes-campagnes-de-solidarite-au-profit-des-sinistres-des-incendies\/"},"author":{"name":"R\u00e9daction","@id":"https:\/\/elmawkie.dz\/fr\/#\/schema\/person\/e7bd59d6467874ba5c4723d8a9f0a63c"},"headline":"Mosqu\u00e9es : vastes campagnes de solidarit\u00e9 au profit des sinistr\u00e9s des incendies\u00a0","datePublished":"2026-08-28T21:34:52+00:00","dateModified":"2026-08-28T21:34:52+00:00","mainEntityOfPage":{"@id":"https:\/\/elmawkie.dz\/fr\/mosquees-vastes-campagnes-de-solidarite-au-profit-des-sinistres-des-incendies\/"},"wordCount":227,"commentCount":0,"publisher":{"@id":"https:\/\/elmawkie.dz\/fr\/#organization"},"image":{"@id":"https:\/\/elmawkie.dz\/fr\/mosquees-vastes-campagnes-de-solidarite-au-profit-des-sinistres-des-incendies\/#primaryimage"},"thumbnailUrl":"https:\/\/elmawkie.dz\/fr\/wp-content\/uploads\/2026\/08\/IMG_9724.jpeg","keywords":["Jijel","Mosqu\u00e9es","Solidarit\u00e9"],"articleSection":["National"],"inLanguage":"fr-FR","potentialAction":[{"@type":"CommentAction","name":"Comment","target":["https:\/\/elmawkie.dz\/fr\/mosquees-vastes-campagnes-de-solidarite-au-profit-des-sinistres-des-incendies\/#respond"]}]},{"@type":"WebPage","@id":"https:\/\/elmawkie.dz\/fr\/mosquees-vastes-campagnes-de-solidarite-au-profit-des-sinistres-des-incendies\/","url":"https:\/\/elmawkie.dz\/fr\/mosquees-vastes-campagnes-de-solidarite-au-profit-des-sinistres-des-incendies\/","name":"Mosqu\u00e9es : vastes campagnes de solidarit\u00e9 au profit des sinistr\u00e9s des incendies\u00a0 - El Mawkie","isPartOf":{"@id":"https:\/\/elmawkie.dz\/fr\/#website"},"primaryImageOfPage":{"@id":"https:\/\/elmawkie.dz\/fr\/mosquees-vastes-campagnes-de-solidarite-au-profit-des-sinistres-des-incendies\/#primaryimage"},"image":{"@id":"https:\/\/elmawkie.dz\/fr\/mosquees-vastes-campagnes-de-solidarite-au-profit-des-sinistres-des-incendies\/#primaryimage"},"thumbnailUrl":"https:\/\/elmawkie.dz\/fr\/wp-content\/uploads\/2026\/08\/IMG_9724.jpeg","datePublished":"2026-08-28T21:34:52+00:00","dateModified":"2026-08-28T21:34:52+00:00","breadcrumb":{"@id":"https:\/\/elmawkie.dz\/fr\/mosquees-vastes-campagnes-de-solidarite-au-profit-des-sinistres-des-incendies\/#breadcrumb"},"inLanguage":"fr-FR","potentialAction":[{"@type":"ReadAction","target":["https:\/\/elmawkie.dz\/fr\/mosquees-vastes-campagnes-de-solidarite-au-profit-des-sinistres-des-incendies\/"]}]},{"@type":"ImageObject","inLanguage":"fr-FR","@id":"https:\/\/elmawkie.dz\/fr\/mosquees-vastes-campagnes-de-solidarite-au-profit-des-sinistres-des-incendies\/#primaryimage","url":"https:\/\/elmawkie.dz\/fr\/wp-content\/uploads\/2026\/08\/IMG_9724.jpeg","contentUrl":"https:\/\/elmawkie.dz\/fr\/wp-content\/uploads\/2026\/08\/IMG_9724.jpeg","width":2048,"height":1536},{"@type":"BreadcrumbList","@id":"https:\/\/elmawkie.dz\/fr\/mosquees-vastes-campagnes-de-solidarite-au-profit-des-sinistres-des-incendies\/#breadcrumb","itemListElement":[{"@type":"ListItem","position":1,"name":"Home","item":"https:\/\/elmawkie.dz\/fr\/"},{"@type":"ListItem","position":2,"name":"Mosqu\u00e9es : vastes campagnes de solidarit\u00e9 au profit des sinistr\u00e9s des incendies\u00a0"}]},{"@type":"WebSite","@id":"https:\/\/elmawkie.dz\/fr\/#website","url":"https:\/\/elmawkie.dz\/fr\/","name":"EL MAWKIE","description":"Journal \u00c9lectronique Alg\u00e9rien","publisher":{"@id":"https:\/\/elmawkie.dz\/fr\/#organization"},"potentialAction":[{"@type":"SearchAction","target":{"@type":"EntryPoint","urlTemplate":"https:\/\/elmawkie.dz\/fr\/?s={search_term_string}"},"query-input":"required name=search_term_string"}],"inLanguage":"fr-FR"},{"@type":"Organization","@id":"https:\/\/elmawkie.dz\/fr\/#organization","name":"EL MAWKIE","url":"https:\/\/elmawkie.dz\/fr\/","logo":{"@type":"ImageObject","inLanguage":"fr-FR","@id":"https:\/\/elmawkie.dz\/fr\/#\/schema\/logo\/image\/","url":"https:\/\/elmawkie.dz\/fr\/wp-content\/uploads\/2024\/05\/logo1.png","contentUrl":"https:\/\/elmawkie.dz\/fr\/wp-content\/uploads\/2024\/05\/logo1.png","width":1648,"height":652,"caption":"EL MAWKIE"},"image":{"@id":"https:\/\/elmawkie.dz\/fr\/#\/schema\/logo\/image\/"},"sameAs":["https:\/\/www.facebook.com\/profile.php?id=100088407094989&locale=fr_FR"]},{"@type":"Person","@id":"https:\/\/elmawkie.dz\/fr\/#\/schema\/person\/e7bd59d6467874ba5c4723d8a9f0a63c","name":"R\u00e9daction","image":{"@type":"ImageObject","inLanguage":"fr-FR","@id":"https:\/\/elmawkie.dz\/fr\/#\/schema\/person\/image\/","url":"https:\/\/secure.gravatar.com\/avatar\/f0f773456344da4d2788c054a3d30a0c?s=96&d=mm&r=g","contentUrl":"https:\/\/secure.gravatar.com\/avatar\/f0f773456344da4d2788c054a3d30a0c?s=96&d=mm&r=g","caption":"R\u00e9daction"},"url":"https:\/\/elmawkie.dz\/fr\/author\/redaction\/"}]}},"_links":{"self":[{"href":"https:\/\/elmawkie.dz\/fr\/wp-json\/wp\/v2\/posts\/67767","targetHints":{"allow":["GET"]}}],"collection":[{"href":"https:\/\/elmawkie.dz\/fr\/wp-json\/wp\/v2\/posts"}],"about":[{"href":"https:\/\/elmawkie.dz\/fr\/wp-json\/wp\/v2\/types\/post"}],"author":[{"embeddable":true,"href":"https:\/\/elmawkie.dz\/fr\/wp-json\/wp\/v2\/users\/9"}],"replies":[{"embeddable":true,"href":"https:\/\/elmawkie.dz\/fr\/wp-json\/wp\/v2\/comments?post=67767"}],"version-history":[{"count":1,"href":"https:\/\/elmawkie.dz\/fr\/wp-json\/wp\/v2\/posts\/67767\/revisions"}],"predecessor-version":[{"id":67770,"href":"https:\/\/elmawkie.dz\/fr\/wp-json\/wp\/v2\/posts\/67767\/revisions\/67770"}],"wp:featuredmedia":[{"embeddable":true,"href":"https:\/\/elmawkie.dz\/fr\/wp-json\/wp\/v2\/media\/67769"}],"wp:attachment":[{"href":"https:\/\/elmawkie.dz\/fr\/wp-json\/wp\/v2\/media?parent=67767"}],"wp:term":[{"taxonomy":"category","embeddable":true,"href":"https:\/\/elmawkie.dz\/fr\/wp-json\/wp\/v2\/categories?post=67767"},{"taxonomy":"post_tag","embeddable":true,"href":"https:\/\/elmawkie.dz\/fr\/wp-json\/wp\/v2\/tags?post=67767"}],"curies":[{"name":"wp","href":"https:\/\/api.w.org\/{rel}","templated":true}]}}