{"id":67759,"date":"2026-08-28T22:31:18","date_gmt":"2026-08-28T21:31:18","guid":{"rendered":"https:\/\/elmawkie.dz\/fr\/?p=67759"},"modified":"2026-08-28T22:31:18","modified_gmt":"2026-08-28T21:31:18","slug":"jijel-poursuite-de-la-distribution-des-aides-et-de-la-prise-en-charge-des-familles-sinistrees-par-les-incendies","status":"publish","type":"post","link":"https:\/\/elmawkie.dz\/fr\/jijel-poursuite-de-la-distribution-des-aides-et-de-la-prise-en-charge-des-familles-sinistrees-par-les-incendies\/","title":{"rendered":"Jijel: poursuite de la distribution des aides et de la prise en charge des familles sinistr\u00e9es par les incendies"},"content":{"rendered":"\n<p><strong>Les services du secteur de la Solidarit\u00e9 nationale dans la wilaya de Jijel poursuivent leurs interventions sur le terrain au profit des familles sinistr\u00e9es par les incendies, \u00e0 travers la distribution d&rsquo;aides et la prise en charge des besoins essentiels et d&rsquo;urgence de la population, a indiqu\u00e9 un communiqu\u00e9 du minist\u00e8re de la Solidarit\u00e9 nationale, de la Famille et de la Condition de la femme.<\/strong><\/p>\n\n\n\n<p>Ces interventions concentr\u00e9es \u00e0 travers le territoire de la wilaya de Jijel, men\u00e9es conform\u00e9ment aux instructions de la ministre du secteur, Mme Soraya Mouloudji, consistent notamment \u00e0 \u00ab\u00a0fournir des aides en nature et la satisfaction des besoins primaires et urgents de la population, \u00e0 travers le d\u00e9placement sur le terrain des cellules de proximit\u00e9 de solidarit\u00e9 vers les r\u00e9gions sinistr\u00e9es afin d&rsquo;acheminer les aides aux familles cibl\u00e9es et de les distribuer en fonction des besoins et des priorit\u00e9s \u00e9tablis sur le terrain\u00a0\u00bb, a pr\u00e9cis\u00e9 le communiqu\u00e9.<\/p>\n\n\n\n<p>Dans ce cadre, \u00ab\u00a0l&rsquo;\u00e9quipe sp\u00e9cialis\u00e9e charg\u00e9e de l&rsquo;op\u00e9ration de prise en charge poursuit la mise en \u0153uvre du plan d&rsquo;action trac\u00e9, consistant \u00e0 cibler les familles, \u00e0 constater leurs situations et \u00e0 \u00e9valuer les pertes et les d\u00e9g\u00e2ts enregistr\u00e9s, en coordination avec les services et les parties concern\u00e9s, outre le recensement des besoins et la d\u00e9finition des priorit\u00e9s\u00a0\u00bb.<\/p>\n\n\n\n<p>Cette op\u00e9ration vise, ajoute le communiqu\u00e9, \u00e0 \u00ab\u00a0\u00e9tablir les donn\u00e9es sur le terrain et \u00e0 fournir des aides sur la base d&rsquo;une \u00e9valuation pr\u00e9cise des besoins des sinistr\u00e9s, tout en assurant l&rsquo;accompagnement de leurs situations dans ces circonstances exceptionnelles, ainsi qu&rsquo;un soutien et un accompagnement psychologique et social, notamment pour les cas n\u00e9cessitant un suivi particulier\u00a0\u00bb.<\/p>\n\n\n\n<p>Dans le cadre du renforcement de la mobilisation de solidarit\u00e9 et de la coordination des efforts entre les diff\u00e9rents services du secteur, \u00ab\u00a0la Direction de l&rsquo;action sociale et de la solidarit\u00e9 de la wilaya de Jijel poursuit la r\u00e9ception des aides en nature achemin\u00e9es par les directions de l&rsquo;action sociale et de la solidarit\u00e9 des diff\u00e9rentes wilayas du pays, ainsi que leur organisation et leur orientation, afin de garantir leur distribution aux familles et populations sinistr\u00e9es\u00a0\u00bb, pr\u00e9cise la m\u00eame source.<\/p>\n","protected":false},"excerpt":{"rendered":"<p>Les services du secteur de la Solidarit\u00e9 nationale dans la wilaya de Jijel poursuivent leurs interventions sur le terrain au profit des familles sinistr\u00e9es par les incendies, \u00e0 travers la distribution d&rsquo;aides et la prise en charge des besoins essentiels et d&rsquo;urgence de la population, a indiqu\u00e9 un communiqu\u00e9 du minist\u00e8re de la Solidarit\u00e9 nationale, &hellip;<\/p>\n","protected":false},"author":9,"featured_media":67761,"comment_status":"open","ping_status":"open","sticky":false,"template":"","format":"standard","meta":{"footnotes":""},"categories":[47],"tags":[],"class_list":["post-67759","post","type-post","status-publish","format-standard","has-post-thumbnail","hentry","category-national"],"yoast_head":"<!-- This site is optimized with the Yoast SEO Premium plugin v22.6 (Yoast SEO v22.6) - https:\/\/yoast.com\/wordpress\/plugins\/seo\/ -->\n<title>Jijel: poursuite de la distribution des aides et de la prise en charge des familles sinistr\u00e9es par les incendies - El Mawkie<\/title>\n<meta name=\"robots\" content=\"index, follow, max-snippet:-1, max-image-preview:large, max-video-preview:-1\" \/>\n<link rel=\"canonical\" href=\"https:\/\/elmawkie.dz\/fr\/jijel-poursuite-de-la-distribution-des-aides-et-de-la-prise-en-charge-des-familles-sinistrees-par-les-incendies\/\" \/>\n<meta property=\"og:locale\" content=\"fr_FR\" \/>\n<meta property=\"og:type\" content=\"article\" \/>\n<meta property=\"og:title\" content=\"Jijel: poursuite de la distribution des aides et de la prise en charge des familles sinistr\u00e9es par les incendies\" \/>\n<meta property=\"og:description\" content=\"Les services du secteur de la Solidarit\u00e9 nationale dans la wilaya de Jijel poursuivent leurs interventions sur le terrain au profit des familles sinistr\u00e9es par les incendies, \u00e0 travers la distribution d&rsquo;aides et la prise en charge des besoins essentiels et d&rsquo;urgence de la population, a indiqu\u00e9 un communiqu\u00e9 du minist\u00e8re de la Solidarit\u00e9 nationale, &hellip;\" \/>\n<meta property=\"og:url\" content=\"https:\/\/elmawkie.dz\/fr\/jijel-poursuite-de-la-distribution-des-aides-et-de-la-prise-en-charge-des-familles-sinistrees-par-les-incendies\/\" \/>\n<meta property=\"og:site_name\" content=\"El Mawkie\" \/>\n<meta property=\"article:publisher\" content=\"https:\/\/www.facebook.com\/profile.php?id=100088407094989&amp;locale=fr_FR\" \/>\n<meta property=\"article:published_time\" content=\"2026-08-28T21:31:18+00:00\" \/>\n<meta property=\"og:image\" content=\"https:\/\/elmawkie.dz\/fr\/wp-content\/uploads\/2026\/08\/IMG_9653.jpeg\" \/>\n\t<meta property=\"og:image:width\" content=\"768\" \/>\n\t<meta property=\"og:image:height\" content=\"1024\" \/>\n\t<meta property=\"og:image:type\" content=\"image\/jpeg\" \/>\n<meta name=\"author\" content=\"R\u00e9daction\" \/>\n<meta name=\"twitter:card\" content=\"summary_large_image\" \/>\n<meta name=\"twitter:label1\" content=\"Written by\" \/>\n\t<meta name=\"twitter:data1\" content=\"R\u00e9daction\" \/>\n\t<meta name=\"twitter:label2\" content=\"Est. reading time\" \/>\n\t<meta name=\"twitter:data2\" content=\"2 minutes\" \/>\n<script type=\"application\/ld+json\" class=\"yoast-schema-graph\">{\"@context\":\"https:\/\/schema.org\",\"@graph\":[{\"@type\":\"Article\",\"@id\":\"https:\/\/elmawkie.dz\/fr\/jijel-poursuite-de-la-distribution-des-aides-et-de-la-prise-en-charge-des-familles-sinistrees-par-les-incendies\/#article\",\"isPartOf\":{\"@id\":\"https:\/\/elmawkie.dz\/fr\/jijel-poursuite-de-la-distribution-des-aides-et-de-la-prise-en-charge-des-familles-sinistrees-par-les-incendies\/\"},\"author\":{\"name\":\"R\u00e9daction\",\"@id\":\"https:\/\/elmawkie.dz\/fr\/#\/schema\/person\/e7bd59d6467874ba5c4723d8a9f0a63c\"},\"headline\":\"Jijel: poursuite de la distribution des aides et de la prise en charge des familles sinistr\u00e9es par les incendies\",\"datePublished\":\"2026-08-28T21:31:18+00:00\",\"dateModified\":\"2026-08-28T21:31:18+00:00\",\"mainEntityOfPage\":{\"@id\":\"https:\/\/elmawkie.dz\/fr\/jijel-poursuite-de-la-distribution-des-aides-et-de-la-prise-en-charge-des-familles-sinistrees-par-les-incendies\/\"},\"wordCount\":400,\"commentCount\":0,\"publisher\":{\"@id\":\"https:\/\/elmawkie.dz\/fr\/#organization\"},\"image\":{\"@id\":\"https:\/\/elmawkie.dz\/fr\/jijel-poursuite-de-la-distribution-des-aides-et-de-la-prise-en-charge-des-familles-sinistrees-par-les-incendies\/#primaryimage\"},\"thumbnailUrl\":\"https:\/\/elmawkie.dz\/fr\/wp-content\/uploads\/2026\/08\/IMG_9653.jpeg\",\"articleSection\":[\"National\"],\"inLanguage\":\"fr-FR\",\"potentialAction\":[{\"@type\":\"CommentAction\",\"name\":\"Comment\",\"target\":[\"https:\/\/elmawkie.dz\/fr\/jijel-poursuite-de-la-distribution-des-aides-et-de-la-prise-en-charge-des-familles-sinistrees-par-les-incendies\/#respond\"]}]},{\"@type\":\"WebPage\",\"@id\":\"https:\/\/elmawkie.dz\/fr\/jijel-poursuite-de-la-distribution-des-aides-et-de-la-prise-en-charge-des-familles-sinistrees-par-les-incendies\/\",\"url\":\"https:\/\/elmawkie.dz\/fr\/jijel-poursuite-de-la-distribution-des-aides-et-de-la-prise-en-charge-des-familles-sinistrees-par-les-incendies\/\",\"name\":\"Jijel: poursuite de la distribution des aides et de la prise en charge des familles sinistr\u00e9es par les incendies - El Mawkie\",\"isPartOf\":{\"@id\":\"https:\/\/elmawkie.dz\/fr\/#website\"},\"primaryImageOfPage\":{\"@id\":\"https:\/\/elmawkie.dz\/fr\/jijel-poursuite-de-la-distribution-des-aides-et-de-la-prise-en-charge-des-familles-sinistrees-par-les-incendies\/#primaryimage\"},\"image\":{\"@id\":\"https:\/\/elmawkie.dz\/fr\/jijel-poursuite-de-la-distribution-des-aides-et-de-la-prise-en-charge-des-familles-sinistrees-par-les-incendies\/#primaryimage\"},\"thumbnailUrl\":\"https:\/\/elmawkie.dz\/fr\/wp-content\/uploads\/2026\/08\/IMG_9653.jpeg\",\"datePublished\":\"2026-08-28T21:31:18+00:00\",\"dateModified\":\"2026-08-28T21:31:18+00:00\",\"breadcrumb\":{\"@id\":\"https:\/\/elmawkie.dz\/fr\/jijel-poursuite-de-la-distribution-des-aides-et-de-la-prise-en-charge-des-familles-sinistrees-par-les-incendies\/#breadcrumb\"},\"inLanguage\":\"fr-FR\",\"potentialAction\":[{\"@type\":\"ReadAction\",\"target\":[\"https:\/\/elmawkie.dz\/fr\/jijel-poursuite-de-la-distribution-des-aides-et-de-la-prise-en-charge-des-familles-sinistrees-par-les-incendies\/\"]}]},{\"@type\":\"ImageObject\",\"inLanguage\":\"fr-FR\",\"@id\":\"https:\/\/elmawkie.dz\/fr\/jijel-poursuite-de-la-distribution-des-aides-et-de-la-prise-en-charge-des-familles-sinistrees-par-les-incendies\/#primaryimage\",\"url\":\"https:\/\/elmawkie.dz\/fr\/wp-content\/uploads\/2026\/08\/IMG_9653.jpeg\",\"contentUrl\":\"https:\/\/elmawkie.dz\/fr\/wp-content\/uploads\/2026\/08\/IMG_9653.jpeg\",\"width\":768,\"height\":1024},{\"@type\":\"BreadcrumbList\",\"@id\":\"https:\/\/elmawkie.dz\/fr\/jijel-poursuite-de-la-distribution-des-aides-et-de-la-prise-en-charge-des-familles-sinistrees-par-les-incendies\/#breadcrumb\",\"itemListElement\":[{\"@type\":\"ListItem\",\"position\":1,\"name\":\"Home\",\"item\":\"https:\/\/elmawkie.dz\/fr\/\"},{\"@type\":\"ListItem\",\"position\":2,\"name\":\"Jijel: poursuite de la distribution des aides et de la prise en charge des familles sinistr\u00e9es par les incendies\"}]},{\"@type\":\"WebSite\",\"@id\":\"https:\/\/elmawkie.dz\/fr\/#website\",\"url\":\"https:\/\/elmawkie.dz\/fr\/\",\"name\":\"EL MAWKIE\",\"description\":\"Journal \u00c9lectronique Alg\u00e9rien\",\"publisher\":{\"@id\":\"https:\/\/elmawkie.dz\/fr\/#organization\"},\"potentialAction\":[{\"@type\":\"SearchAction\",\"target\":{\"@type\":\"EntryPoint\",\"urlTemplate\":\"https:\/\/elmawkie.dz\/fr\/?s={search_term_string}\"},\"query-input\":\"required name=search_term_string\"}],\"inLanguage\":\"fr-FR\"},{\"@type\":\"Organization\",\"@id\":\"https:\/\/elmawkie.dz\/fr\/#organization\",\"name\":\"EL MAWKIE\",\"url\":\"https:\/\/elmawkie.dz\/fr\/\",\"logo\":{\"@type\":\"ImageObject\",\"inLanguage\":\"fr-FR\",\"@id\":\"https:\/\/elmawkie.dz\/fr\/#\/schema\/logo\/image\/\",\"url\":\"https:\/\/elmawkie.dz\/fr\/wp-content\/uploads\/2024\/05\/logo1.png\",\"contentUrl\":\"https:\/\/elmawkie.dz\/fr\/wp-content\/uploads\/2024\/05\/logo1.png\",\"width\":1648,\"height\":652,\"caption\":\"EL MAWKIE\"},\"image\":{\"@id\":\"https:\/\/elmawkie.dz\/fr\/#\/schema\/logo\/image\/\"},\"sameAs\":[\"https:\/\/www.facebook.com\/profile.php?id=100088407094989&locale=fr_FR\"]},{\"@type\":\"Person\",\"@id\":\"https:\/\/elmawkie.dz\/fr\/#\/schema\/person\/e7bd59d6467874ba5c4723d8a9f0a63c\",\"name\":\"R\u00e9daction\",\"image\":{\"@type\":\"ImageObject\",\"inLanguage\":\"fr-FR\",\"@id\":\"https:\/\/elmawkie.dz\/fr\/#\/schema\/person\/image\/\",\"url\":\"https:\/\/secure.gravatar.com\/avatar\/f0f773456344da4d2788c054a3d30a0c?s=96&d=mm&r=g\",\"contentUrl\":\"https:\/\/secure.gravatar.com\/avatar\/f0f773456344da4d2788c054a3d30a0c?s=96&d=mm&r=g\",\"caption\":\"R\u00e9daction\"},\"url\":\"https:\/\/elmawkie.dz\/fr\/author\/redaction\/\"}]}<\/script>\n<!-- \/ Yoast SEO Premium plugin. -->","yoast_head_json":{"title":"Jijel: poursuite de la distribution des aides et de la prise en charge des familles sinistr\u00e9es par les incendies - El Mawkie","robots":{"index":"index","follow":"follow","max-snippet":"max-snippet:-1","max-image-preview":"max-image-preview:large","max-video-preview":"max-video-preview:-1"},"canonical":"https:\/\/elmawkie.dz\/fr\/jijel-poursuite-de-la-distribution-des-aides-et-de-la-prise-en-charge-des-familles-sinistrees-par-les-incendies\/","og_locale":"fr_FR","og_type":"article","og_title":"Jijel: poursuite de la distribution des aides et de la prise en charge des familles sinistr\u00e9es par les incendies","og_description":"Les services du secteur de la Solidarit\u00e9 nationale dans la wilaya de Jijel poursuivent leurs interventions sur le terrain au profit des familles sinistr\u00e9es par les incendies, \u00e0 travers la distribution d&rsquo;aides et la prise en charge des besoins essentiels et d&rsquo;urgence de la population, a indiqu\u00e9 un communiqu\u00e9 du minist\u00e8re de la Solidarit\u00e9 nationale, &hellip;","og_url":"https:\/\/elmawkie.dz\/fr\/jijel-poursuite-de-la-distribution-des-aides-et-de-la-prise-en-charge-des-familles-sinistrees-par-les-incendies\/","og_site_name":"El Mawkie","article_publisher":"https:\/\/www.facebook.com\/profile.php?id=100088407094989&locale=fr_FR","article_published_time":"2026-08-28T21:31:18+00:00","og_image":[{"width":768,"height":1024,"url":"https:\/\/elmawkie.dz\/fr\/wp-content\/uploads\/2026\/08\/IMG_9653.jpeg","type":"image\/jpeg"}],"author":"R\u00e9daction","twitter_card":"summary_large_image","twitter_misc":{"Written by":"R\u00e9daction","Est. reading time":"2 minutes"},"schema":{"@context":"https:\/\/schema.org","@graph":[{"@type":"Article","@id":"https:\/\/elmawkie.dz\/fr\/jijel-poursuite-de-la-distribution-des-aides-et-de-la-prise-en-charge-des-familles-sinistrees-par-les-incendies\/#article","isPartOf":{"@id":"https:\/\/elmawkie.dz\/fr\/jijel-poursuite-de-la-distribution-des-aides-et-de-la-prise-en-charge-des-familles-sinistrees-par-les-incendies\/"},"author":{"name":"R\u00e9daction","@id":"https:\/\/elmawkie.dz\/fr\/#\/schema\/person\/e7bd59d6467874ba5c4723d8a9f0a63c"},"headline":"Jijel: poursuite de la distribution des aides et de la prise en charge des familles sinistr\u00e9es par les incendies","datePublished":"2026-08-28T21:31:18+00:00","dateModified":"2026-08-28T21:31:18+00:00","mainEntityOfPage":{"@id":"https:\/\/elmawkie.dz\/fr\/jijel-poursuite-de-la-distribution-des-aides-et-de-la-prise-en-charge-des-familles-sinistrees-par-les-incendies\/"},"wordCount":400,"commentCount":0,"publisher":{"@id":"https:\/\/elmawkie.dz\/fr\/#organization"},"image":{"@id":"https:\/\/elmawkie.dz\/fr\/jijel-poursuite-de-la-distribution-des-aides-et-de-la-prise-en-charge-des-familles-sinistrees-par-les-incendies\/#primaryimage"},"thumbnailUrl":"https:\/\/elmawkie.dz\/fr\/wp-content\/uploads\/2026\/08\/IMG_9653.jpeg","articleSection":["National"],"inLanguage":"fr-FR","potentialAction":[{"@type":"CommentAction","name":"Comment","target":["https:\/\/elmawkie.dz\/fr\/jijel-poursuite-de-la-distribution-des-aides-et-de-la-prise-en-charge-des-familles-sinistrees-par-les-incendies\/#respond"]}]},{"@type":"WebPage","@id":"https:\/\/elmawkie.dz\/fr\/jijel-poursuite-de-la-distribution-des-aides-et-de-la-prise-en-charge-des-familles-sinistrees-par-les-incendies\/","url":"https:\/\/elmawkie.dz\/fr\/jijel-poursuite-de-la-distribution-des-aides-et-de-la-prise-en-charge-des-familles-sinistrees-par-les-incendies\/","name":"Jijel: poursuite de la distribution des aides et de la prise en charge des familles sinistr\u00e9es par les incendies - El Mawkie","isPartOf":{"@id":"https:\/\/elmawkie.dz\/fr\/#website"},"primaryImageOfPage":{"@id":"https:\/\/elmawkie.dz\/fr\/jijel-poursuite-de-la-distribution-des-aides-et-de-la-prise-en-charge-des-familles-sinistrees-par-les-incendies\/#primaryimage"},"image":{"@id":"https:\/\/elmawkie.dz\/fr\/jijel-poursuite-de-la-distribution-des-aides-et-de-la-prise-en-charge-des-familles-sinistrees-par-les-incendies\/#primaryimage"},"thumbnailUrl":"https:\/\/elmawkie.dz\/fr\/wp-content\/uploads\/2026\/08\/IMG_9653.jpeg","datePublished":"2026-08-28T21:31:18+00:00","dateModified":"2026-08-28T21:31:18+00:00","breadcrumb":{"@id":"https:\/\/elmawkie.dz\/fr\/jijel-poursuite-de-la-distribution-des-aides-et-de-la-prise-en-charge-des-familles-sinistrees-par-les-incendies\/#breadcrumb"},"inLanguage":"fr-FR","potentialAction":[{"@type":"ReadAction","target":["https:\/\/elmawkie.dz\/fr\/jijel-poursuite-de-la-distribution-des-aides-et-de-la-prise-en-charge-des-familles-sinistrees-par-les-incendies\/"]}]},{"@type":"ImageObject","inLanguage":"fr-FR","@id":"https:\/\/elmawkie.dz\/fr\/jijel-poursuite-de-la-distribution-des-aides-et-de-la-prise-en-charge-des-familles-sinistrees-par-les-incendies\/#primaryimage","url":"https:\/\/elmawkie.dz\/fr\/wp-content\/uploads\/2026\/08\/IMG_9653.jpeg","contentUrl":"https:\/\/elmawkie.dz\/fr\/wp-content\/uploads\/2026\/08\/IMG_9653.jpeg","width":768,"height":1024},{"@type":"BreadcrumbList","@id":"https:\/\/elmawkie.dz\/fr\/jijel-poursuite-de-la-distribution-des-aides-et-de-la-prise-en-charge-des-familles-sinistrees-par-les-incendies\/#breadcrumb","itemListElement":[{"@type":"ListItem","position":1,"name":"Home","item":"https:\/\/elmawkie.dz\/fr\/"},{"@type":"ListItem","position":2,"name":"Jijel: poursuite de la distribution des aides et de la prise en charge des familles sinistr\u00e9es par les incendies"}]},{"@type":"WebSite","@id":"https:\/\/elmawkie.dz\/fr\/#website","url":"https:\/\/elmawkie.dz\/fr\/","name":"EL MAWKIE","description":"Journal \u00c9lectronique Alg\u00e9rien","publisher":{"@id":"https:\/\/elmawkie.dz\/fr\/#organization"},"potentialAction":[{"@type":"SearchAction","target":{"@type":"EntryPoint","urlTemplate":"https:\/\/elmawkie.dz\/fr\/?s={search_term_string}"},"query-input":"required name=search_term_string"}],"inLanguage":"fr-FR"},{"@type":"Organization","@id":"https:\/\/elmawkie.dz\/fr\/#organization","name":"EL MAWKIE","url":"https:\/\/elmawkie.dz\/fr\/","logo":{"@type":"ImageObject","inLanguage":"fr-FR","@id":"https:\/\/elmawkie.dz\/fr\/#\/schema\/logo\/image\/","url":"https:\/\/elmawkie.dz\/fr\/wp-content\/uploads\/2024\/05\/logo1.png","contentUrl":"https:\/\/elmawkie.dz\/fr\/wp-content\/uploads\/2024\/05\/logo1.png","width":1648,"height":652,"caption":"EL MAWKIE"},"image":{"@id":"https:\/\/elmawkie.dz\/fr\/#\/schema\/logo\/image\/"},"sameAs":["https:\/\/www.facebook.com\/profile.php?id=100088407094989&locale=fr_FR"]},{"@type":"Person","@id":"https:\/\/elmawkie.dz\/fr\/#\/schema\/person\/e7bd59d6467874ba5c4723d8a9f0a63c","name":"R\u00e9daction","image":{"@type":"ImageObject","inLanguage":"fr-FR","@id":"https:\/\/elmawkie.dz\/fr\/#\/schema\/person\/image\/","url":"https:\/\/secure.gravatar.com\/avatar\/f0f773456344da4d2788c054a3d30a0c?s=96&d=mm&r=g","contentUrl":"https:\/\/secure.gravatar.com\/avatar\/f0f773456344da4d2788c054a3d30a0c?s=96&d=mm&r=g","caption":"R\u00e9daction"},"url":"https:\/\/elmawkie.dz\/fr\/author\/redaction\/"}]}},"_links":{"self":[{"href":"https:\/\/elmawkie.dz\/fr\/wp-json\/wp\/v2\/posts\/67759","targetHints":{"allow":["GET"]}}],"collection":[{"href":"https:\/\/elmawkie.dz\/fr\/wp-json\/wp\/v2\/posts"}],"about":[{"href":"https:\/\/elmawkie.dz\/fr\/wp-json\/wp\/v2\/types\/post"}],"author":[{"embeddable":true,"href":"https:\/\/elmawkie.dz\/fr\/wp-json\/wp\/v2\/users\/9"}],"replies":[{"embeddable":true,"href":"https:\/\/elmawkie.dz\/fr\/wp-json\/wp\/v2\/comments?post=67759"}],"version-history":[{"count":1,"href":"https:\/\/elmawkie.dz\/fr\/wp-json\/wp\/v2\/posts\/67759\/revisions"}],"predecessor-version":[{"id":67762,"href":"https:\/\/elmawkie.dz\/fr\/wp-json\/wp\/v2\/posts\/67759\/revisions\/67762"}],"wp:featuredmedia":[{"embeddable":true,"href":"https:\/\/elmawkie.dz\/fr\/wp-json\/wp\/v2\/media\/67761"}],"wp:attachment":[{"href":"https:\/\/elmawkie.dz\/fr\/wp-json\/wp\/v2\/media?parent=67759"}],"wp:term":[{"taxonomy":"category","embeddable":true,"href":"https:\/\/elmawkie.dz\/fr\/wp-json\/wp\/v2\/categories?post=67759"},{"taxonomy":"post_tag","embeddable":true,"href":"https:\/\/elmawkie.dz\/fr\/wp-json\/wp\/v2\/tags?post=67759"}],"curies":[{"name":"wp","href":"https:\/\/api.w.org\/{rel}","templated":true}]}}