{"id":67751,"date":"2026-08-28T22:28:27","date_gmt":"2026-08-28T21:28:27","guid":{"rendered":"https:\/\/elmawkie.dz\/fr\/?p=67751"},"modified":"2026-08-28T22:28:28","modified_gmt":"2026-08-28T21:28:28","slug":"nepal-le-bilan-de-la-crue-saggrave-a-579-morts","status":"publish","type":"post","link":"https:\/\/elmawkie.dz\/fr\/nepal-le-bilan-de-la-crue-saggrave-a-579-morts\/","title":{"rendered":"N\u00e9pal: le bilan de la crue s&rsquo;aggrave \u00e0 579 morts"},"content":{"rendered":"\n<p><strong>Le bilan de la crue d\u00e9vastatrice de mercredi au N\u00e9pal s&rsquo;est aggrav\u00e9 \u00e0 579 morts, alors que 1.924 personnes sont port\u00e9es disparues, a annonc\u00e9 vendredi l&rsquo;autorit\u00e9 en charge de la gestion des situations d&rsquo;urgence.<\/strong><\/p>\n\n\n\n<p>Un pr\u00e9c\u00e9dent bilan faisait \u00e9tat de 538 morts. La crue d\u00e9vastatrice a \u00e9t\u00e9 caus\u00e9e par l&rsquo;effondrement d&rsquo;un glacier, d&rsquo;une violence telle qu&rsquo;il a provoqu\u00e9 un s\u00e9isme de magnitude 5,2 et de nombreux glissements de terrain, selon l&rsquo;Institut d&rsquo;\u00e9tudes g\u00e9ologiques des Etats-Unis (USGS).<\/p>\n\n\n\n<p>Au N\u00e9pal, elle a balay\u00e9 la vall\u00e9e de la rivi\u00e8re Trishuli dans le district de Nuwakot, au nord de Katmandou, et celle de la Bhotekoshi \u00e0 l&rsquo;est de la capitale.<\/p>\n","protected":false},"excerpt":{"rendered":"<p>Le bilan de la crue d\u00e9vastatrice de mercredi au N\u00e9pal s&rsquo;est aggrav\u00e9 \u00e0 579 morts, alors que 1.924 personnes sont port\u00e9es disparues, a annonc\u00e9 vendredi l&rsquo;autorit\u00e9 en charge de la gestion des situations d&rsquo;urgence. Un pr\u00e9c\u00e9dent bilan faisait \u00e9tat de 538 morts. La crue d\u00e9vastatrice a \u00e9t\u00e9 caus\u00e9e par l&rsquo;effondrement d&rsquo;un glacier, d&rsquo;une violence telle &hellip;<\/p>\n","protected":false},"author":9,"featured_media":67753,"comment_status":"open","ping_status":"open","sticky":false,"template":"","format":"standard","meta":{"footnotes":""},"categories":[44],"tags":[5058],"class_list":["post-67751","post","type-post","status-publish","format-standard","has-post-thumbnail","hentry","category-international","tag-nepal"],"yoast_head":"<!-- This site is optimized with the Yoast SEO Premium plugin v22.6 (Yoast SEO v22.6) - https:\/\/yoast.com\/wordpress\/plugins\/seo\/ -->\n<title>N\u00e9pal: le bilan de la crue s&#039;aggrave \u00e0 579 morts - El Mawkie<\/title>\n<meta name=\"robots\" content=\"index, follow, max-snippet:-1, max-image-preview:large, max-video-preview:-1\" \/>\n<link rel=\"canonical\" href=\"https:\/\/elmawkie.dz\/fr\/nepal-le-bilan-de-la-crue-saggrave-a-579-morts\/\" \/>\n<meta property=\"og:locale\" content=\"fr_FR\" \/>\n<meta property=\"og:type\" content=\"article\" \/>\n<meta property=\"og:title\" content=\"N\u00e9pal: le bilan de la crue s&#039;aggrave \u00e0 579 morts\" \/>\n<meta property=\"og:description\" content=\"Le bilan de la crue d\u00e9vastatrice de mercredi au N\u00e9pal s&rsquo;est aggrav\u00e9 \u00e0 579 morts, alors que 1.924 personnes sont port\u00e9es disparues, a annonc\u00e9 vendredi l&rsquo;autorit\u00e9 en charge de la gestion des situations d&rsquo;urgence. Un pr\u00e9c\u00e9dent bilan faisait \u00e9tat de 538 morts. La crue d\u00e9vastatrice a \u00e9t\u00e9 caus\u00e9e par l&rsquo;effondrement d&rsquo;un glacier, d&rsquo;une violence telle &hellip;\" \/>\n<meta property=\"og:url\" content=\"https:\/\/elmawkie.dz\/fr\/nepal-le-bilan-de-la-crue-saggrave-a-579-morts\/\" \/>\n<meta property=\"og:site_name\" content=\"El Mawkie\" \/>\n<meta property=\"article:publisher\" content=\"https:\/\/www.facebook.com\/profile.php?id=100088407094989&amp;locale=fr_FR\" \/>\n<meta property=\"article:published_time\" content=\"2026-08-28T21:28:27+00:00\" \/>\n<meta property=\"article:modified_time\" content=\"2026-08-28T21:28:28+00:00\" \/>\n<meta property=\"og:image\" content=\"https:\/\/elmawkie.dz\/fr\/wp-content\/uploads\/2026\/08\/IMG_9722.jpeg\" \/>\n\t<meta property=\"og:image:width\" content=\"588\" \/>\n\t<meta property=\"og:image:height\" content=\"393\" \/>\n\t<meta property=\"og:image:type\" content=\"image\/jpeg\" \/>\n<meta name=\"author\" content=\"R\u00e9daction\" \/>\n<meta name=\"twitter:card\" content=\"summary_large_image\" \/>\n<meta name=\"twitter:label1\" content=\"Written by\" \/>\n\t<meta name=\"twitter:data1\" content=\"R\u00e9daction\" \/>\n\t<meta name=\"twitter:label2\" content=\"Est. reading time\" \/>\n\t<meta name=\"twitter:data2\" content=\"1 minute\" \/>\n<script type=\"application\/ld+json\" class=\"yoast-schema-graph\">{\"@context\":\"https:\/\/schema.org\",\"@graph\":[{\"@type\":\"Article\",\"@id\":\"https:\/\/elmawkie.dz\/fr\/nepal-le-bilan-de-la-crue-saggrave-a-579-morts\/#article\",\"isPartOf\":{\"@id\":\"https:\/\/elmawkie.dz\/fr\/nepal-le-bilan-de-la-crue-saggrave-a-579-morts\/\"},\"author\":{\"name\":\"R\u00e9daction\",\"@id\":\"https:\/\/elmawkie.dz\/fr\/#\/schema\/person\/e7bd59d6467874ba5c4723d8a9f0a63c\"},\"headline\":\"N\u00e9pal: le bilan de la crue s&rsquo;aggrave \u00e0 579 morts\",\"datePublished\":\"2026-08-28T21:28:27+00:00\",\"dateModified\":\"2026-08-28T21:28:28+00:00\",\"mainEntityOfPage\":{\"@id\":\"https:\/\/elmawkie.dz\/fr\/nepal-le-bilan-de-la-crue-saggrave-a-579-morts\/\"},\"wordCount\":132,\"commentCount\":0,\"publisher\":{\"@id\":\"https:\/\/elmawkie.dz\/fr\/#organization\"},\"image\":{\"@id\":\"https:\/\/elmawkie.dz\/fr\/nepal-le-bilan-de-la-crue-saggrave-a-579-morts\/#primaryimage\"},\"thumbnailUrl\":\"https:\/\/elmawkie.dz\/fr\/wp-content\/uploads\/2026\/08\/IMG_9722.jpeg\",\"keywords\":[\"N\u00e9pal\"],\"articleSection\":[\"International\"],\"inLanguage\":\"fr-FR\",\"potentialAction\":[{\"@type\":\"CommentAction\",\"name\":\"Comment\",\"target\":[\"https:\/\/elmawkie.dz\/fr\/nepal-le-bilan-de-la-crue-saggrave-a-579-morts\/#respond\"]}]},{\"@type\":\"WebPage\",\"@id\":\"https:\/\/elmawkie.dz\/fr\/nepal-le-bilan-de-la-crue-saggrave-a-579-morts\/\",\"url\":\"https:\/\/elmawkie.dz\/fr\/nepal-le-bilan-de-la-crue-saggrave-a-579-morts\/\",\"name\":\"N\u00e9pal: le bilan de la crue s'aggrave \u00e0 579 morts - El Mawkie\",\"isPartOf\":{\"@id\":\"https:\/\/elmawkie.dz\/fr\/#website\"},\"primaryImageOfPage\":{\"@id\":\"https:\/\/elmawkie.dz\/fr\/nepal-le-bilan-de-la-crue-saggrave-a-579-morts\/#primaryimage\"},\"image\":{\"@id\":\"https:\/\/elmawkie.dz\/fr\/nepal-le-bilan-de-la-crue-saggrave-a-579-morts\/#primaryimage\"},\"thumbnailUrl\":\"https:\/\/elmawkie.dz\/fr\/wp-content\/uploads\/2026\/08\/IMG_9722.jpeg\",\"datePublished\":\"2026-08-28T21:28:27+00:00\",\"dateModified\":\"2026-08-28T21:28:28+00:00\",\"breadcrumb\":{\"@id\":\"https:\/\/elmawkie.dz\/fr\/nepal-le-bilan-de-la-crue-saggrave-a-579-morts\/#breadcrumb\"},\"inLanguage\":\"fr-FR\",\"potentialAction\":[{\"@type\":\"ReadAction\",\"target\":[\"https:\/\/elmawkie.dz\/fr\/nepal-le-bilan-de-la-crue-saggrave-a-579-morts\/\"]}]},{\"@type\":\"ImageObject\",\"inLanguage\":\"fr-FR\",\"@id\":\"https:\/\/elmawkie.dz\/fr\/nepal-le-bilan-de-la-crue-saggrave-a-579-morts\/#primaryimage\",\"url\":\"https:\/\/elmawkie.dz\/fr\/wp-content\/uploads\/2026\/08\/IMG_9722.jpeg\",\"contentUrl\":\"https:\/\/elmawkie.dz\/fr\/wp-content\/uploads\/2026\/08\/IMG_9722.jpeg\",\"width\":588,\"height\":393},{\"@type\":\"BreadcrumbList\",\"@id\":\"https:\/\/elmawkie.dz\/fr\/nepal-le-bilan-de-la-crue-saggrave-a-579-morts\/#breadcrumb\",\"itemListElement\":[{\"@type\":\"ListItem\",\"position\":1,\"name\":\"Home\",\"item\":\"https:\/\/elmawkie.dz\/fr\/\"},{\"@type\":\"ListItem\",\"position\":2,\"name\":\"N\u00e9pal: le bilan de la crue s&rsquo;aggrave \u00e0 579 morts\"}]},{\"@type\":\"WebSite\",\"@id\":\"https:\/\/elmawkie.dz\/fr\/#website\",\"url\":\"https:\/\/elmawkie.dz\/fr\/\",\"name\":\"EL MAWKIE\",\"description\":\"Journal \u00c9lectronique Alg\u00e9rien\",\"publisher\":{\"@id\":\"https:\/\/elmawkie.dz\/fr\/#organization\"},\"potentialAction\":[{\"@type\":\"SearchAction\",\"target\":{\"@type\":\"EntryPoint\",\"urlTemplate\":\"https:\/\/elmawkie.dz\/fr\/?s={search_term_string}\"},\"query-input\":\"required name=search_term_string\"}],\"inLanguage\":\"fr-FR\"},{\"@type\":\"Organization\",\"@id\":\"https:\/\/elmawkie.dz\/fr\/#organization\",\"name\":\"EL MAWKIE\",\"url\":\"https:\/\/elmawkie.dz\/fr\/\",\"logo\":{\"@type\":\"ImageObject\",\"inLanguage\":\"fr-FR\",\"@id\":\"https:\/\/elmawkie.dz\/fr\/#\/schema\/logo\/image\/\",\"url\":\"https:\/\/elmawkie.dz\/fr\/wp-content\/uploads\/2024\/05\/logo1.png\",\"contentUrl\":\"https:\/\/elmawkie.dz\/fr\/wp-content\/uploads\/2024\/05\/logo1.png\",\"width\":1648,\"height\":652,\"caption\":\"EL MAWKIE\"},\"image\":{\"@id\":\"https:\/\/elmawkie.dz\/fr\/#\/schema\/logo\/image\/\"},\"sameAs\":[\"https:\/\/www.facebook.com\/profile.php?id=100088407094989&locale=fr_FR\"]},{\"@type\":\"Person\",\"@id\":\"https:\/\/elmawkie.dz\/fr\/#\/schema\/person\/e7bd59d6467874ba5c4723d8a9f0a63c\",\"name\":\"R\u00e9daction\",\"image\":{\"@type\":\"ImageObject\",\"inLanguage\":\"fr-FR\",\"@id\":\"https:\/\/elmawkie.dz\/fr\/#\/schema\/person\/image\/\",\"url\":\"https:\/\/secure.gravatar.com\/avatar\/f0f773456344da4d2788c054a3d30a0c?s=96&d=mm&r=g\",\"contentUrl\":\"https:\/\/secure.gravatar.com\/avatar\/f0f773456344da4d2788c054a3d30a0c?s=96&d=mm&r=g\",\"caption\":\"R\u00e9daction\"},\"url\":\"https:\/\/elmawkie.dz\/fr\/author\/redaction\/\"}]}<\/script>\n<!-- \/ Yoast SEO Premium plugin. -->","yoast_head_json":{"title":"N\u00e9pal: le bilan de la crue s'aggrave \u00e0 579 morts - El Mawkie","robots":{"index":"index","follow":"follow","max-snippet":"max-snippet:-1","max-image-preview":"max-image-preview:large","max-video-preview":"max-video-preview:-1"},"canonical":"https:\/\/elmawkie.dz\/fr\/nepal-le-bilan-de-la-crue-saggrave-a-579-morts\/","og_locale":"fr_FR","og_type":"article","og_title":"N\u00e9pal: le bilan de la crue s'aggrave \u00e0 579 morts","og_description":"Le bilan de la crue d\u00e9vastatrice de mercredi au N\u00e9pal s&rsquo;est aggrav\u00e9 \u00e0 579 morts, alors que 1.924 personnes sont port\u00e9es disparues, a annonc\u00e9 vendredi l&rsquo;autorit\u00e9 en charge de la gestion des situations d&rsquo;urgence. Un pr\u00e9c\u00e9dent bilan faisait \u00e9tat de 538 morts. La crue d\u00e9vastatrice a \u00e9t\u00e9 caus\u00e9e par l&rsquo;effondrement d&rsquo;un glacier, d&rsquo;une violence telle &hellip;","og_url":"https:\/\/elmawkie.dz\/fr\/nepal-le-bilan-de-la-crue-saggrave-a-579-morts\/","og_site_name":"El Mawkie","article_publisher":"https:\/\/www.facebook.com\/profile.php?id=100088407094989&locale=fr_FR","article_published_time":"2026-08-28T21:28:27+00:00","article_modified_time":"2026-08-28T21:28:28+00:00","og_image":[{"width":588,"height":393,"url":"https:\/\/elmawkie.dz\/fr\/wp-content\/uploads\/2026\/08\/IMG_9722.jpeg","type":"image\/jpeg"}],"author":"R\u00e9daction","twitter_card":"summary_large_image","twitter_misc":{"Written by":"R\u00e9daction","Est. reading time":"1 minute"},"schema":{"@context":"https:\/\/schema.org","@graph":[{"@type":"Article","@id":"https:\/\/elmawkie.dz\/fr\/nepal-le-bilan-de-la-crue-saggrave-a-579-morts\/#article","isPartOf":{"@id":"https:\/\/elmawkie.dz\/fr\/nepal-le-bilan-de-la-crue-saggrave-a-579-morts\/"},"author":{"name":"R\u00e9daction","@id":"https:\/\/elmawkie.dz\/fr\/#\/schema\/person\/e7bd59d6467874ba5c4723d8a9f0a63c"},"headline":"N\u00e9pal: le bilan de la crue s&rsquo;aggrave \u00e0 579 morts","datePublished":"2026-08-28T21:28:27+00:00","dateModified":"2026-08-28T21:28:28+00:00","mainEntityOfPage":{"@id":"https:\/\/elmawkie.dz\/fr\/nepal-le-bilan-de-la-crue-saggrave-a-579-morts\/"},"wordCount":132,"commentCount":0,"publisher":{"@id":"https:\/\/elmawkie.dz\/fr\/#organization"},"image":{"@id":"https:\/\/elmawkie.dz\/fr\/nepal-le-bilan-de-la-crue-saggrave-a-579-morts\/#primaryimage"},"thumbnailUrl":"https:\/\/elmawkie.dz\/fr\/wp-content\/uploads\/2026\/08\/IMG_9722.jpeg","keywords":["N\u00e9pal"],"articleSection":["International"],"inLanguage":"fr-FR","potentialAction":[{"@type":"CommentAction","name":"Comment","target":["https:\/\/elmawkie.dz\/fr\/nepal-le-bilan-de-la-crue-saggrave-a-579-morts\/#respond"]}]},{"@type":"WebPage","@id":"https:\/\/elmawkie.dz\/fr\/nepal-le-bilan-de-la-crue-saggrave-a-579-morts\/","url":"https:\/\/elmawkie.dz\/fr\/nepal-le-bilan-de-la-crue-saggrave-a-579-morts\/","name":"N\u00e9pal: le bilan de la crue s'aggrave \u00e0 579 morts - El Mawkie","isPartOf":{"@id":"https:\/\/elmawkie.dz\/fr\/#website"},"primaryImageOfPage":{"@id":"https:\/\/elmawkie.dz\/fr\/nepal-le-bilan-de-la-crue-saggrave-a-579-morts\/#primaryimage"},"image":{"@id":"https:\/\/elmawkie.dz\/fr\/nepal-le-bilan-de-la-crue-saggrave-a-579-morts\/#primaryimage"},"thumbnailUrl":"https:\/\/elmawkie.dz\/fr\/wp-content\/uploads\/2026\/08\/IMG_9722.jpeg","datePublished":"2026-08-28T21:28:27+00:00","dateModified":"2026-08-28T21:28:28+00:00","breadcrumb":{"@id":"https:\/\/elmawkie.dz\/fr\/nepal-le-bilan-de-la-crue-saggrave-a-579-morts\/#breadcrumb"},"inLanguage":"fr-FR","potentialAction":[{"@type":"ReadAction","target":["https:\/\/elmawkie.dz\/fr\/nepal-le-bilan-de-la-crue-saggrave-a-579-morts\/"]}]},{"@type":"ImageObject","inLanguage":"fr-FR","@id":"https:\/\/elmawkie.dz\/fr\/nepal-le-bilan-de-la-crue-saggrave-a-579-morts\/#primaryimage","url":"https:\/\/elmawkie.dz\/fr\/wp-content\/uploads\/2026\/08\/IMG_9722.jpeg","contentUrl":"https:\/\/elmawkie.dz\/fr\/wp-content\/uploads\/2026\/08\/IMG_9722.jpeg","width":588,"height":393},{"@type":"BreadcrumbList","@id":"https:\/\/elmawkie.dz\/fr\/nepal-le-bilan-de-la-crue-saggrave-a-579-morts\/#breadcrumb","itemListElement":[{"@type":"ListItem","position":1,"name":"Home","item":"https:\/\/elmawkie.dz\/fr\/"},{"@type":"ListItem","position":2,"name":"N\u00e9pal: le bilan de la crue s&rsquo;aggrave \u00e0 579 morts"}]},{"@type":"WebSite","@id":"https:\/\/elmawkie.dz\/fr\/#website","url":"https:\/\/elmawkie.dz\/fr\/","name":"EL MAWKIE","description":"Journal \u00c9lectronique Alg\u00e9rien","publisher":{"@id":"https:\/\/elmawkie.dz\/fr\/#organization"},"potentialAction":[{"@type":"SearchAction","target":{"@type":"EntryPoint","urlTemplate":"https:\/\/elmawkie.dz\/fr\/?s={search_term_string}"},"query-input":"required name=search_term_string"}],"inLanguage":"fr-FR"},{"@type":"Organization","@id":"https:\/\/elmawkie.dz\/fr\/#organization","name":"EL MAWKIE","url":"https:\/\/elmawkie.dz\/fr\/","logo":{"@type":"ImageObject","inLanguage":"fr-FR","@id":"https:\/\/elmawkie.dz\/fr\/#\/schema\/logo\/image\/","url":"https:\/\/elmawkie.dz\/fr\/wp-content\/uploads\/2024\/05\/logo1.png","contentUrl":"https:\/\/elmawkie.dz\/fr\/wp-content\/uploads\/2024\/05\/logo1.png","width":1648,"height":652,"caption":"EL MAWKIE"},"image":{"@id":"https:\/\/elmawkie.dz\/fr\/#\/schema\/logo\/image\/"},"sameAs":["https:\/\/www.facebook.com\/profile.php?id=100088407094989&locale=fr_FR"]},{"@type":"Person","@id":"https:\/\/elmawkie.dz\/fr\/#\/schema\/person\/e7bd59d6467874ba5c4723d8a9f0a63c","name":"R\u00e9daction","image":{"@type":"ImageObject","inLanguage":"fr-FR","@id":"https:\/\/elmawkie.dz\/fr\/#\/schema\/person\/image\/","url":"https:\/\/secure.gravatar.com\/avatar\/f0f773456344da4d2788c054a3d30a0c?s=96&d=mm&r=g","contentUrl":"https:\/\/secure.gravatar.com\/avatar\/f0f773456344da4d2788c054a3d30a0c?s=96&d=mm&r=g","caption":"R\u00e9daction"},"url":"https:\/\/elmawkie.dz\/fr\/author\/redaction\/"}]}},"_links":{"self":[{"href":"https:\/\/elmawkie.dz\/fr\/wp-json\/wp\/v2\/posts\/67751","targetHints":{"allow":["GET"]}}],"collection":[{"href":"https:\/\/elmawkie.dz\/fr\/wp-json\/wp\/v2\/posts"}],"about":[{"href":"https:\/\/elmawkie.dz\/fr\/wp-json\/wp\/v2\/types\/post"}],"author":[{"embeddable":true,"href":"https:\/\/elmawkie.dz\/fr\/wp-json\/wp\/v2\/users\/9"}],"replies":[{"embeddable":true,"href":"https:\/\/elmawkie.dz\/fr\/wp-json\/wp\/v2\/comments?post=67751"}],"version-history":[{"count":1,"href":"https:\/\/elmawkie.dz\/fr\/wp-json\/wp\/v2\/posts\/67751\/revisions"}],"predecessor-version":[{"id":67754,"href":"https:\/\/elmawkie.dz\/fr\/wp-json\/wp\/v2\/posts\/67751\/revisions\/67754"}],"wp:featuredmedia":[{"embeddable":true,"href":"https:\/\/elmawkie.dz\/fr\/wp-json\/wp\/v2\/media\/67753"}],"wp:attachment":[{"href":"https:\/\/elmawkie.dz\/fr\/wp-json\/wp\/v2\/media?parent=67751"}],"wp:term":[{"taxonomy":"category","embeddable":true,"href":"https:\/\/elmawkie.dz\/fr\/wp-json\/wp\/v2\/categories?post=67751"},{"taxonomy":"post_tag","embeddable":true,"href":"https:\/\/elmawkie.dz\/fr\/wp-json\/wp\/v2\/tags?post=67751"}],"curies":[{"name":"wp","href":"https:\/\/api.w.org\/{rel}","templated":true}]}}