{"id":67743,"date":"2026-08-28T19:07:51","date_gmt":"2026-08-28T18:07:51","guid":{"rendered":"https:\/\/elmawkie.dz\/fr\/?p=67743"},"modified":"2026-08-28T19:07:52","modified_gmt":"2026-08-28T18:07:52","slug":"de-louest-a-lest-oran-se-mobilise-pour-les-sinistres-des-incendies","status":"publish","type":"post","link":"https:\/\/elmawkie.dz\/fr\/de-louest-a-lest-oran-se-mobilise-pour-les-sinistres-des-incendies\/","title":{"rendered":"De l\u2019Ouest \u00e0 l\u2019Est, Oran se mobilise pour les sinistr\u00e9s des incendies"},"content":{"rendered":"\n<p><strong><em>Une caravane de solidarit\u00e9 a pris le d\u00e9part d\u2019Oran \u00e0 destination des populations sinistr\u00e9es par les incendies qui ont touch\u00e9 Jijel et plusieurs wilayas de l\u2019Est du pays, dans une forte mobilisation citoyenne en soutien aux familles affect\u00e9es.<\/em><\/strong><\/p>\n\n\n\n<p><strong><em>Les aides r\u00e9unies au rond-point Hassnaoui comprennent notamment des produits alimentaires, des m\u00e9dicaments, des couvertures et diff\u00e9rents articles de premi\u00e8re n\u00e9cessit\u00e9. Elles seront achemin\u00e9es vers les zones touch\u00e9es afin de contribuer \u00e0 la prise en charge des besoins des familles sinistr\u00e9es.<\/em><\/strong><\/p>\n\n\n\n<p><strong><em>\u00c0 travers cette initiative, les citoyens d\u2019Oran apportent leur soutien \u00e0 leurs compatriotes de l\u2019Est et donnent une nouvelle illustration de la solidarit\u00e9 qui s\u2019exprime \u00e0 travers les diff\u00e9rentes r\u00e9gions du pays face aux situations difficiles.<\/em><\/strong><\/p>\n\n\n\n<p><strong><em>Le d\u00e9part de cette caravane constitue \u00e9galement une image forte de l\u2019attachement des Alg\u00e9riens \u00e0 leur pays et de leur capacit\u00e9 \u00e0 se mobiliser collectivement lorsqu\u2019une partie du territoire est confront\u00e9e \u00e0 l\u2019\u00e9preuve.<\/em><\/strong><\/p>\n\n\n\n<p><strong><em>D\u2019Oran \u00e0 Jijel, cette action rappelle que les distances entre les r\u00e9gions ne diminuent en rien les liens qui unissent les Alg\u00e9riens. Dans les moments difficiles, la solidarit\u00e9 populaire fait ressortir une m\u00eame volont\u00e9 : rester aux c\u00f4t\u00e9s des populations touch\u00e9es et contribuer aux efforts d\u00e9ploy\u00e9s pour les accompagner.<\/em><\/strong><\/p>\n\n\n\n<p><strong><em>Cette mobilisation traduit ainsi, au-del\u00e0 de l\u2019aide mat\u00e9rielle, l\u2019image d\u2019une Alg\u00e9rie unie, o\u00f9 les citoyens des diff\u00e9rentes r\u00e9gions se tiennent les uns aux c\u00f4t\u00e9s des autres.<\/em><\/strong><\/p>\n\n\n\n<p><strong>K.F<\/strong><\/p>\n","protected":false},"excerpt":{"rendered":"<p>Une caravane de solidarit\u00e9 a pris le d\u00e9part d\u2019Oran \u00e0 destination des populations sinistr\u00e9es par les incendies qui ont touch\u00e9 Jijel et plusieurs wilayas de l\u2019Est du pays, dans une forte mobilisation citoyenne en soutien aux familles affect\u00e9es. Les aides r\u00e9unies au rond-point Hassnaoui comprennent notamment des produits alimentaires, des m\u00e9dicaments, des couvertures et diff\u00e9rents &hellip;<\/p>\n","protected":false},"author":9,"featured_media":67745,"comment_status":"open","ping_status":"open","sticky":false,"template":"","format":"standard","meta":{"footnotes":""},"categories":[47,50],"tags":[1856,75],"class_list":["post-67743","post","type-post","status-publish","format-standard","has-post-thumbnail","hentry","category-national","category-region","tag-incendies","tag-oran"],"yoast_head":"<!-- This site is optimized with the Yoast SEO Premium plugin v22.6 (Yoast SEO v22.6) - https:\/\/yoast.com\/wordpress\/plugins\/seo\/ -->\n<title>De l\u2019Ouest \u00e0 l\u2019Est, Oran se mobilise pour les sinistr\u00e9s des incendies - El Mawkie<\/title>\n<meta name=\"robots\" content=\"index, follow, max-snippet:-1, max-image-preview:large, max-video-preview:-1\" \/>\n<link rel=\"canonical\" href=\"https:\/\/elmawkie.dz\/fr\/de-louest-a-lest-oran-se-mobilise-pour-les-sinistres-des-incendies\/\" \/>\n<meta property=\"og:locale\" content=\"fr_FR\" \/>\n<meta property=\"og:type\" content=\"article\" \/>\n<meta property=\"og:title\" content=\"De l\u2019Ouest \u00e0 l\u2019Est, Oran se mobilise pour les sinistr\u00e9s des incendies\" \/>\n<meta property=\"og:description\" content=\"Une caravane de solidarit\u00e9 a pris le d\u00e9part d\u2019Oran \u00e0 destination des populations sinistr\u00e9es par les incendies qui ont touch\u00e9 Jijel et plusieurs wilayas de l\u2019Est du pays, dans une forte mobilisation citoyenne en soutien aux familles affect\u00e9es. Les aides r\u00e9unies au rond-point Hassnaoui comprennent notamment des produits alimentaires, des m\u00e9dicaments, des couvertures et diff\u00e9rents &hellip;\" \/>\n<meta property=\"og:url\" content=\"https:\/\/elmawkie.dz\/fr\/de-louest-a-lest-oran-se-mobilise-pour-les-sinistres-des-incendies\/\" \/>\n<meta property=\"og:site_name\" content=\"El Mawkie\" \/>\n<meta property=\"article:publisher\" content=\"https:\/\/www.facebook.com\/profile.php?id=100088407094989&amp;locale=fr_FR\" \/>\n<meta property=\"article:published_time\" content=\"2026-08-28T18:07:51+00:00\" \/>\n<meta property=\"article:modified_time\" content=\"2026-08-28T18:07:52+00:00\" \/>\n<meta property=\"og:image\" content=\"https:\/\/elmawkie.dz\/fr\/wp-content\/uploads\/2026\/08\/photo-output-3.jpeg\" \/>\n\t<meta property=\"og:image:width\" content=\"2048\" \/>\n\t<meta property=\"og:image:height\" content=\"1200\" \/>\n\t<meta property=\"og:image:type\" content=\"image\/jpeg\" \/>\n<meta name=\"author\" content=\"R\u00e9daction\" \/>\n<meta name=\"twitter:card\" content=\"summary_large_image\" \/>\n<meta name=\"twitter:label1\" content=\"Written by\" \/>\n\t<meta name=\"twitter:data1\" content=\"R\u00e9daction\" \/>\n\t<meta name=\"twitter:label2\" content=\"Est. reading time\" \/>\n\t<meta name=\"twitter:data2\" content=\"2 minutes\" \/>\n<script type=\"application\/ld+json\" class=\"yoast-schema-graph\">{\"@context\":\"https:\/\/schema.org\",\"@graph\":[{\"@type\":\"Article\",\"@id\":\"https:\/\/elmawkie.dz\/fr\/de-louest-a-lest-oran-se-mobilise-pour-les-sinistres-des-incendies\/#article\",\"isPartOf\":{\"@id\":\"https:\/\/elmawkie.dz\/fr\/de-louest-a-lest-oran-se-mobilise-pour-les-sinistres-des-incendies\/\"},\"author\":{\"name\":\"R\u00e9daction\",\"@id\":\"https:\/\/elmawkie.dz\/fr\/#\/schema\/person\/e7bd59d6467874ba5c4723d8a9f0a63c\"},\"headline\":\"De l\u2019Ouest \u00e0 l\u2019Est, Oran se mobilise pour les sinistr\u00e9s des incendies\",\"datePublished\":\"2026-08-28T18:07:51+00:00\",\"dateModified\":\"2026-08-28T18:07:52+00:00\",\"mainEntityOfPage\":{\"@id\":\"https:\/\/elmawkie.dz\/fr\/de-louest-a-lest-oran-se-mobilise-pour-les-sinistres-des-incendies\/\"},\"wordCount\":271,\"commentCount\":0,\"publisher\":{\"@id\":\"https:\/\/elmawkie.dz\/fr\/#organization\"},\"image\":{\"@id\":\"https:\/\/elmawkie.dz\/fr\/de-louest-a-lest-oran-se-mobilise-pour-les-sinistres-des-incendies\/#primaryimage\"},\"thumbnailUrl\":\"https:\/\/elmawkie.dz\/fr\/wp-content\/uploads\/2026\/08\/photo-output-3.jpeg\",\"keywords\":[\"Incendies\",\"Oran\"],\"articleSection\":[\"National\",\"R\u00e9gion\"],\"inLanguage\":\"fr-FR\",\"potentialAction\":[{\"@type\":\"CommentAction\",\"name\":\"Comment\",\"target\":[\"https:\/\/elmawkie.dz\/fr\/de-louest-a-lest-oran-se-mobilise-pour-les-sinistres-des-incendies\/#respond\"]}]},{\"@type\":\"WebPage\",\"@id\":\"https:\/\/elmawkie.dz\/fr\/de-louest-a-lest-oran-se-mobilise-pour-les-sinistres-des-incendies\/\",\"url\":\"https:\/\/elmawkie.dz\/fr\/de-louest-a-lest-oran-se-mobilise-pour-les-sinistres-des-incendies\/\",\"name\":\"De l\u2019Ouest \u00e0 l\u2019Est, Oran se mobilise pour les sinistr\u00e9s des incendies - El Mawkie\",\"isPartOf\":{\"@id\":\"https:\/\/elmawkie.dz\/fr\/#website\"},\"primaryImageOfPage\":{\"@id\":\"https:\/\/elmawkie.dz\/fr\/de-louest-a-lest-oran-se-mobilise-pour-les-sinistres-des-incendies\/#primaryimage\"},\"image\":{\"@id\":\"https:\/\/elmawkie.dz\/fr\/de-louest-a-lest-oran-se-mobilise-pour-les-sinistres-des-incendies\/#primaryimage\"},\"thumbnailUrl\":\"https:\/\/elmawkie.dz\/fr\/wp-content\/uploads\/2026\/08\/photo-output-3.jpeg\",\"datePublished\":\"2026-08-28T18:07:51+00:00\",\"dateModified\":\"2026-08-28T18:07:52+00:00\",\"breadcrumb\":{\"@id\":\"https:\/\/elmawkie.dz\/fr\/de-louest-a-lest-oran-se-mobilise-pour-les-sinistres-des-incendies\/#breadcrumb\"},\"inLanguage\":\"fr-FR\",\"potentialAction\":[{\"@type\":\"ReadAction\",\"target\":[\"https:\/\/elmawkie.dz\/fr\/de-louest-a-lest-oran-se-mobilise-pour-les-sinistres-des-incendies\/\"]}]},{\"@type\":\"ImageObject\",\"inLanguage\":\"fr-FR\",\"@id\":\"https:\/\/elmawkie.dz\/fr\/de-louest-a-lest-oran-se-mobilise-pour-les-sinistres-des-incendies\/#primaryimage\",\"url\":\"https:\/\/elmawkie.dz\/fr\/wp-content\/uploads\/2026\/08\/photo-output-3.jpeg\",\"contentUrl\":\"https:\/\/elmawkie.dz\/fr\/wp-content\/uploads\/2026\/08\/photo-output-3.jpeg\",\"width\":2048,\"height\":1200},{\"@type\":\"BreadcrumbList\",\"@id\":\"https:\/\/elmawkie.dz\/fr\/de-louest-a-lest-oran-se-mobilise-pour-les-sinistres-des-incendies\/#breadcrumb\",\"itemListElement\":[{\"@type\":\"ListItem\",\"position\":1,\"name\":\"Home\",\"item\":\"https:\/\/elmawkie.dz\/fr\/\"},{\"@type\":\"ListItem\",\"position\":2,\"name\":\"De l\u2019Ouest \u00e0 l\u2019Est, Oran se mobilise pour les sinistr\u00e9s des incendies\"}]},{\"@type\":\"WebSite\",\"@id\":\"https:\/\/elmawkie.dz\/fr\/#website\",\"url\":\"https:\/\/elmawkie.dz\/fr\/\",\"name\":\"EL MAWKIE\",\"description\":\"Journal \u00c9lectronique Alg\u00e9rien\",\"publisher\":{\"@id\":\"https:\/\/elmawkie.dz\/fr\/#organization\"},\"potentialAction\":[{\"@type\":\"SearchAction\",\"target\":{\"@type\":\"EntryPoint\",\"urlTemplate\":\"https:\/\/elmawkie.dz\/fr\/?s={search_term_string}\"},\"query-input\":\"required name=search_term_string\"}],\"inLanguage\":\"fr-FR\"},{\"@type\":\"Organization\",\"@id\":\"https:\/\/elmawkie.dz\/fr\/#organization\",\"name\":\"EL MAWKIE\",\"url\":\"https:\/\/elmawkie.dz\/fr\/\",\"logo\":{\"@type\":\"ImageObject\",\"inLanguage\":\"fr-FR\",\"@id\":\"https:\/\/elmawkie.dz\/fr\/#\/schema\/logo\/image\/\",\"url\":\"https:\/\/elmawkie.dz\/fr\/wp-content\/uploads\/2024\/05\/logo1.png\",\"contentUrl\":\"https:\/\/elmawkie.dz\/fr\/wp-content\/uploads\/2024\/05\/logo1.png\",\"width\":1648,\"height\":652,\"caption\":\"EL MAWKIE\"},\"image\":{\"@id\":\"https:\/\/elmawkie.dz\/fr\/#\/schema\/logo\/image\/\"},\"sameAs\":[\"https:\/\/www.facebook.com\/profile.php?id=100088407094989&locale=fr_FR\"]},{\"@type\":\"Person\",\"@id\":\"https:\/\/elmawkie.dz\/fr\/#\/schema\/person\/e7bd59d6467874ba5c4723d8a9f0a63c\",\"name\":\"R\u00e9daction\",\"image\":{\"@type\":\"ImageObject\",\"inLanguage\":\"fr-FR\",\"@id\":\"https:\/\/elmawkie.dz\/fr\/#\/schema\/person\/image\/\",\"url\":\"https:\/\/secure.gravatar.com\/avatar\/f0f773456344da4d2788c054a3d30a0c?s=96&d=mm&r=g\",\"contentUrl\":\"https:\/\/secure.gravatar.com\/avatar\/f0f773456344da4d2788c054a3d30a0c?s=96&d=mm&r=g\",\"caption\":\"R\u00e9daction\"},\"url\":\"https:\/\/elmawkie.dz\/fr\/author\/redaction\/\"}]}<\/script>\n<!-- \/ Yoast SEO Premium plugin. -->","yoast_head_json":{"title":"De l\u2019Ouest \u00e0 l\u2019Est, Oran se mobilise pour les sinistr\u00e9s des incendies - El Mawkie","robots":{"index":"index","follow":"follow","max-snippet":"max-snippet:-1","max-image-preview":"max-image-preview:large","max-video-preview":"max-video-preview:-1"},"canonical":"https:\/\/elmawkie.dz\/fr\/de-louest-a-lest-oran-se-mobilise-pour-les-sinistres-des-incendies\/","og_locale":"fr_FR","og_type":"article","og_title":"De l\u2019Ouest \u00e0 l\u2019Est, Oran se mobilise pour les sinistr\u00e9s des incendies","og_description":"Une caravane de solidarit\u00e9 a pris le d\u00e9part d\u2019Oran \u00e0 destination des populations sinistr\u00e9es par les incendies qui ont touch\u00e9 Jijel et plusieurs wilayas de l\u2019Est du pays, dans une forte mobilisation citoyenne en soutien aux familles affect\u00e9es. Les aides r\u00e9unies au rond-point Hassnaoui comprennent notamment des produits alimentaires, des m\u00e9dicaments, des couvertures et diff\u00e9rents &hellip;","og_url":"https:\/\/elmawkie.dz\/fr\/de-louest-a-lest-oran-se-mobilise-pour-les-sinistres-des-incendies\/","og_site_name":"El Mawkie","article_publisher":"https:\/\/www.facebook.com\/profile.php?id=100088407094989&locale=fr_FR","article_published_time":"2026-08-28T18:07:51+00:00","article_modified_time":"2026-08-28T18:07:52+00:00","og_image":[{"width":2048,"height":1200,"url":"https:\/\/elmawkie.dz\/fr\/wp-content\/uploads\/2026\/08\/photo-output-3.jpeg","type":"image\/jpeg"}],"author":"R\u00e9daction","twitter_card":"summary_large_image","twitter_misc":{"Written by":"R\u00e9daction","Est. reading time":"2 minutes"},"schema":{"@context":"https:\/\/schema.org","@graph":[{"@type":"Article","@id":"https:\/\/elmawkie.dz\/fr\/de-louest-a-lest-oran-se-mobilise-pour-les-sinistres-des-incendies\/#article","isPartOf":{"@id":"https:\/\/elmawkie.dz\/fr\/de-louest-a-lest-oran-se-mobilise-pour-les-sinistres-des-incendies\/"},"author":{"name":"R\u00e9daction","@id":"https:\/\/elmawkie.dz\/fr\/#\/schema\/person\/e7bd59d6467874ba5c4723d8a9f0a63c"},"headline":"De l\u2019Ouest \u00e0 l\u2019Est, Oran se mobilise pour les sinistr\u00e9s des incendies","datePublished":"2026-08-28T18:07:51+00:00","dateModified":"2026-08-28T18:07:52+00:00","mainEntityOfPage":{"@id":"https:\/\/elmawkie.dz\/fr\/de-louest-a-lest-oran-se-mobilise-pour-les-sinistres-des-incendies\/"},"wordCount":271,"commentCount":0,"publisher":{"@id":"https:\/\/elmawkie.dz\/fr\/#organization"},"image":{"@id":"https:\/\/elmawkie.dz\/fr\/de-louest-a-lest-oran-se-mobilise-pour-les-sinistres-des-incendies\/#primaryimage"},"thumbnailUrl":"https:\/\/elmawkie.dz\/fr\/wp-content\/uploads\/2026\/08\/photo-output-3.jpeg","keywords":["Incendies","Oran"],"articleSection":["National","R\u00e9gion"],"inLanguage":"fr-FR","potentialAction":[{"@type":"CommentAction","name":"Comment","target":["https:\/\/elmawkie.dz\/fr\/de-louest-a-lest-oran-se-mobilise-pour-les-sinistres-des-incendies\/#respond"]}]},{"@type":"WebPage","@id":"https:\/\/elmawkie.dz\/fr\/de-louest-a-lest-oran-se-mobilise-pour-les-sinistres-des-incendies\/","url":"https:\/\/elmawkie.dz\/fr\/de-louest-a-lest-oran-se-mobilise-pour-les-sinistres-des-incendies\/","name":"De l\u2019Ouest \u00e0 l\u2019Est, Oran se mobilise pour les sinistr\u00e9s des incendies - El Mawkie","isPartOf":{"@id":"https:\/\/elmawkie.dz\/fr\/#website"},"primaryImageOfPage":{"@id":"https:\/\/elmawkie.dz\/fr\/de-louest-a-lest-oran-se-mobilise-pour-les-sinistres-des-incendies\/#primaryimage"},"image":{"@id":"https:\/\/elmawkie.dz\/fr\/de-louest-a-lest-oran-se-mobilise-pour-les-sinistres-des-incendies\/#primaryimage"},"thumbnailUrl":"https:\/\/elmawkie.dz\/fr\/wp-content\/uploads\/2026\/08\/photo-output-3.jpeg","datePublished":"2026-08-28T18:07:51+00:00","dateModified":"2026-08-28T18:07:52+00:00","breadcrumb":{"@id":"https:\/\/elmawkie.dz\/fr\/de-louest-a-lest-oran-se-mobilise-pour-les-sinistres-des-incendies\/#breadcrumb"},"inLanguage":"fr-FR","potentialAction":[{"@type":"ReadAction","target":["https:\/\/elmawkie.dz\/fr\/de-louest-a-lest-oran-se-mobilise-pour-les-sinistres-des-incendies\/"]}]},{"@type":"ImageObject","inLanguage":"fr-FR","@id":"https:\/\/elmawkie.dz\/fr\/de-louest-a-lest-oran-se-mobilise-pour-les-sinistres-des-incendies\/#primaryimage","url":"https:\/\/elmawkie.dz\/fr\/wp-content\/uploads\/2026\/08\/photo-output-3.jpeg","contentUrl":"https:\/\/elmawkie.dz\/fr\/wp-content\/uploads\/2026\/08\/photo-output-3.jpeg","width":2048,"height":1200},{"@type":"BreadcrumbList","@id":"https:\/\/elmawkie.dz\/fr\/de-louest-a-lest-oran-se-mobilise-pour-les-sinistres-des-incendies\/#breadcrumb","itemListElement":[{"@type":"ListItem","position":1,"name":"Home","item":"https:\/\/elmawkie.dz\/fr\/"},{"@type":"ListItem","position":2,"name":"De l\u2019Ouest \u00e0 l\u2019Est, Oran se mobilise pour les sinistr\u00e9s des incendies"}]},{"@type":"WebSite","@id":"https:\/\/elmawkie.dz\/fr\/#website","url":"https:\/\/elmawkie.dz\/fr\/","name":"EL MAWKIE","description":"Journal \u00c9lectronique Alg\u00e9rien","publisher":{"@id":"https:\/\/elmawkie.dz\/fr\/#organization"},"potentialAction":[{"@type":"SearchAction","target":{"@type":"EntryPoint","urlTemplate":"https:\/\/elmawkie.dz\/fr\/?s={search_term_string}"},"query-input":"required name=search_term_string"}],"inLanguage":"fr-FR"},{"@type":"Organization","@id":"https:\/\/elmawkie.dz\/fr\/#organization","name":"EL MAWKIE","url":"https:\/\/elmawkie.dz\/fr\/","logo":{"@type":"ImageObject","inLanguage":"fr-FR","@id":"https:\/\/elmawkie.dz\/fr\/#\/schema\/logo\/image\/","url":"https:\/\/elmawkie.dz\/fr\/wp-content\/uploads\/2024\/05\/logo1.png","contentUrl":"https:\/\/elmawkie.dz\/fr\/wp-content\/uploads\/2024\/05\/logo1.png","width":1648,"height":652,"caption":"EL MAWKIE"},"image":{"@id":"https:\/\/elmawkie.dz\/fr\/#\/schema\/logo\/image\/"},"sameAs":["https:\/\/www.facebook.com\/profile.php?id=100088407094989&locale=fr_FR"]},{"@type":"Person","@id":"https:\/\/elmawkie.dz\/fr\/#\/schema\/person\/e7bd59d6467874ba5c4723d8a9f0a63c","name":"R\u00e9daction","image":{"@type":"ImageObject","inLanguage":"fr-FR","@id":"https:\/\/elmawkie.dz\/fr\/#\/schema\/person\/image\/","url":"https:\/\/secure.gravatar.com\/avatar\/f0f773456344da4d2788c054a3d30a0c?s=96&d=mm&r=g","contentUrl":"https:\/\/secure.gravatar.com\/avatar\/f0f773456344da4d2788c054a3d30a0c?s=96&d=mm&r=g","caption":"R\u00e9daction"},"url":"https:\/\/elmawkie.dz\/fr\/author\/redaction\/"}]}},"_links":{"self":[{"href":"https:\/\/elmawkie.dz\/fr\/wp-json\/wp\/v2\/posts\/67743","targetHints":{"allow":["GET"]}}],"collection":[{"href":"https:\/\/elmawkie.dz\/fr\/wp-json\/wp\/v2\/posts"}],"about":[{"href":"https:\/\/elmawkie.dz\/fr\/wp-json\/wp\/v2\/types\/post"}],"author":[{"embeddable":true,"href":"https:\/\/elmawkie.dz\/fr\/wp-json\/wp\/v2\/users\/9"}],"replies":[{"embeddable":true,"href":"https:\/\/elmawkie.dz\/fr\/wp-json\/wp\/v2\/comments?post=67743"}],"version-history":[{"count":1,"href":"https:\/\/elmawkie.dz\/fr\/wp-json\/wp\/v2\/posts\/67743\/revisions"}],"predecessor-version":[{"id":67746,"href":"https:\/\/elmawkie.dz\/fr\/wp-json\/wp\/v2\/posts\/67743\/revisions\/67746"}],"wp:featuredmedia":[{"embeddable":true,"href":"https:\/\/elmawkie.dz\/fr\/wp-json\/wp\/v2\/media\/67745"}],"wp:attachment":[{"href":"https:\/\/elmawkie.dz\/fr\/wp-json\/wp\/v2\/media?parent=67743"}],"wp:term":[{"taxonomy":"category","embeddable":true,"href":"https:\/\/elmawkie.dz\/fr\/wp-json\/wp\/v2\/categories?post=67743"},{"taxonomy":"post_tag","embeddable":true,"href":"https:\/\/elmawkie.dz\/fr\/wp-json\/wp\/v2\/tags?post=67743"}],"curies":[{"name":"wp","href":"https:\/\/api.w.org\/{rel}","templated":true}]}}