{"id":67736,"date":"2026-08-27T17:14:58","date_gmt":"2026-08-27T16:14:58","guid":{"rendered":"https:\/\/elmawkie.dz\/fr\/?p=67736"},"modified":"2026-08-27T17:16:26","modified_gmt":"2026-08-27T16:16:26","slug":"incendies-sayoud-annonce-louverture-denquetes-approfondies-pour-determiner-les-causes-des-feux","status":"publish","type":"post","link":"https:\/\/elmawkie.dz\/fr\/incendies-sayoud-annonce-louverture-denquetes-approfondies-pour-determiner-les-causes-des-feux\/","title":{"rendered":"Incendies : Sayoud annonce l\u2019ouverture d\u2019enqu\u00eates approfondies pour d\u00e9terminer les causes"},"content":{"rendered":"\n<p><strong>Le ministre de l\u2019Int\u00e9rieur, des Collectivit\u00e9s locales et des Transports, Sa\u00efd Sayoud, a annonc\u00e9 jeudi \u00e0 Taher l\u2019ouverture d\u2019enqu\u00eates approfondies pour d\u00e9terminer les causes des incendies enregistr\u00e9s simultan\u00e9ment dans plusieurs wilayas du pays.<\/strong><\/p>\n\n\n\n<p><strong>En d\u00e9placement \u00e0 Jijel sur instruction du pr\u00e9sident de la R\u00e9publique, Abdelmadjid Tebboune, le ministre a indiqu\u00e9 que les services de s\u00e9curit\u00e9 seront charg\u00e9s d\u2019\u00e9tablir les circonstances exactes \u00e0 l\u2019origine du d\u00e9clenchement de ces incendie, compte tenu de leur ampleur et de leur simultan\u00e9it\u00e9.<\/strong><\/p>\n\n\n\n<p><strong>Sur le terrain, M. Sayoud a fait \u00e9tat de la mobilisation de moyens importants pour contenir les incendies, pr\u00e9cisant que plus de 70 % des feux avaient \u00e9t\u00e9 ma\u00eetris\u00e9s. Il a toutefois relev\u00e9 que les conditions m\u00e9t\u00e9orologiques d\u00e9favorables, notamment les fortes temp\u00e9ratures, les vents violents et la concentration de fum\u00e9e, avaient compliqu\u00e9 l\u2019intervention des moyens a\u00e9riens.<\/strong><\/p>\n\n\n\n<p><strong>Le ministre a, par ailleurs, rassur\u00e9 les familles sinistr\u00e9es quant \u00e0 la mobilisation de l\u2019Etat pour assurer leur prise en charge dans les meilleurs d\u00e9lais, tout en saluant l\u2019\u00e9lan de solidarit\u00e9 manifest\u00e9 par les citoyens.<\/strong><\/p>\n\n\n\n<p><strong>Pour sa part, le ministre de la Sant\u00e9, Mohamed Seddik Ait Messaoudene, a assur\u00e9 que les bless\u00e9s b\u00e9n\u00e9ficiaient d\u2019une prise en charge dans de bonnes conditions, annon\u00e7ant le transfert de certains d\u2019entre eux vers l\u2019h\u00f4pital des grands br\u00fbl\u00e9s de Z\u00e9ralda.<\/strong><\/p>\n\n\n\n<p><strong>La d\u00e9l\u00e9gation minist\u00e9rielle s\u2019\u00e9tait auparavant rendue \u00e0 Beja\u00efa pour suivre les op\u00e9rations d\u2019extinction et s\u2019enqu\u00e9rir de la situation des bless\u00e9s. Elle comprenait notamment le directeur g\u00e9n\u00e9ral de la S\u00fbret\u00e9 nationale, Ali Badaoui, et le directeur g\u00e9n\u00e9ral de la Protection civile, le colonel Boualem Bourelaf.<\/strong><\/p>\n\n\n\n<p><strong>F.k<\/strong><\/p>\n","protected":false},"excerpt":{"rendered":"<p>Le ministre de l\u2019Int\u00e9rieur, des Collectivit\u00e9s locales et des Transports, Sa\u00efd Sayoud, a annonc\u00e9 jeudi \u00e0 Taher l\u2019ouverture d\u2019enqu\u00eates approfondies pour d\u00e9terminer les causes des incendies enregistr\u00e9s simultan\u00e9ment dans plusieurs wilayas du pays. En d\u00e9placement \u00e0 Jijel sur instruction du pr\u00e9sident de la R\u00e9publique, Abdelmadjid Tebboune, le ministre a indiqu\u00e9 que les services de s\u00e9curit\u00e9 &hellip;<\/p>\n","protected":false},"author":9,"featured_media":67738,"comment_status":"open","ping_status":"open","sticky":false,"template":"","format":"standard","meta":{"footnotes":""},"categories":[47],"tags":[1856,5546],"class_list":["post-67736","post","type-post","status-publish","format-standard","has-post-thumbnail","hentry","category-national","tag-incendies","tag-sayoud"],"yoast_head":"<!-- This site is optimized with the Yoast SEO Premium plugin v22.6 (Yoast SEO v22.6) - https:\/\/yoast.com\/wordpress\/plugins\/seo\/ -->\n<title>Incendies : Sayoud annonce l\u2019ouverture d\u2019enqu\u00eates approfondies pour d\u00e9terminer les causes - El Mawkie<\/title>\n<meta name=\"robots\" content=\"index, follow, max-snippet:-1, max-image-preview:large, max-video-preview:-1\" \/>\n<link rel=\"canonical\" href=\"https:\/\/elmawkie.dz\/fr\/incendies-sayoud-annonce-louverture-denquetes-approfondies-pour-determiner-les-causes-des-feux\/\" \/>\n<meta property=\"og:locale\" content=\"fr_FR\" \/>\n<meta property=\"og:type\" content=\"article\" \/>\n<meta property=\"og:title\" content=\"Incendies : Sayoud annonce l\u2019ouverture d\u2019enqu\u00eates approfondies pour d\u00e9terminer les causes\" \/>\n<meta property=\"og:description\" content=\"Le ministre de l\u2019Int\u00e9rieur, des Collectivit\u00e9s locales et des Transports, Sa\u00efd Sayoud, a annonc\u00e9 jeudi \u00e0 Taher l\u2019ouverture d\u2019enqu\u00eates approfondies pour d\u00e9terminer les causes des incendies enregistr\u00e9s simultan\u00e9ment dans plusieurs wilayas du pays. En d\u00e9placement \u00e0 Jijel sur instruction du pr\u00e9sident de la R\u00e9publique, Abdelmadjid Tebboune, le ministre a indiqu\u00e9 que les services de s\u00e9curit\u00e9 &hellip;\" \/>\n<meta property=\"og:url\" content=\"https:\/\/elmawkie.dz\/fr\/incendies-sayoud-annonce-louverture-denquetes-approfondies-pour-determiner-les-causes-des-feux\/\" \/>\n<meta property=\"og:site_name\" content=\"El Mawkie\" \/>\n<meta property=\"article:publisher\" content=\"https:\/\/www.facebook.com\/profile.php?id=100088407094989&amp;locale=fr_FR\" \/>\n<meta property=\"article:published_time\" content=\"2026-08-27T16:14:58+00:00\" \/>\n<meta property=\"article:modified_time\" content=\"2026-08-27T16:16:26+00:00\" \/>\n<meta property=\"og:image\" content=\"https:\/\/elmawkie.dz\/fr\/wp-content\/uploads\/2026\/08\/IMG_9485.jpeg\" \/>\n\t<meta property=\"og:image:width\" content=\"1023\" \/>\n\t<meta property=\"og:image:height\" content=\"624\" \/>\n\t<meta property=\"og:image:type\" content=\"image\/jpeg\" \/>\n<meta name=\"author\" content=\"R\u00e9daction\" \/>\n<meta name=\"twitter:card\" content=\"summary_large_image\" \/>\n<meta name=\"twitter:label1\" content=\"Written by\" \/>\n\t<meta name=\"twitter:data1\" content=\"R\u00e9daction\" \/>\n\t<meta name=\"twitter:label2\" content=\"Est. reading time\" \/>\n\t<meta name=\"twitter:data2\" content=\"2 minutes\" \/>\n<script type=\"application\/ld+json\" class=\"yoast-schema-graph\">{\"@context\":\"https:\/\/schema.org\",\"@graph\":[{\"@type\":\"Article\",\"@id\":\"https:\/\/elmawkie.dz\/fr\/incendies-sayoud-annonce-louverture-denquetes-approfondies-pour-determiner-les-causes-des-feux\/#article\",\"isPartOf\":{\"@id\":\"https:\/\/elmawkie.dz\/fr\/incendies-sayoud-annonce-louverture-denquetes-approfondies-pour-determiner-les-causes-des-feux\/\"},\"author\":{\"name\":\"R\u00e9daction\",\"@id\":\"https:\/\/elmawkie.dz\/fr\/#\/schema\/person\/e7bd59d6467874ba5c4723d8a9f0a63c\"},\"headline\":\"Incendies : Sayoud annonce l\u2019ouverture d\u2019enqu\u00eates approfondies pour d\u00e9terminer les causes\",\"datePublished\":\"2026-08-27T16:14:58+00:00\",\"dateModified\":\"2026-08-27T16:16:26+00:00\",\"mainEntityOfPage\":{\"@id\":\"https:\/\/elmawkie.dz\/fr\/incendies-sayoud-annonce-louverture-denquetes-approfondies-pour-determiner-les-causes-des-feux\/\"},\"wordCount\":320,\"commentCount\":0,\"publisher\":{\"@id\":\"https:\/\/elmawkie.dz\/fr\/#organization\"},\"image\":{\"@id\":\"https:\/\/elmawkie.dz\/fr\/incendies-sayoud-annonce-louverture-denquetes-approfondies-pour-determiner-les-causes-des-feux\/#primaryimage\"},\"thumbnailUrl\":\"https:\/\/elmawkie.dz\/fr\/wp-content\/uploads\/2026\/08\/IMG_9485.jpeg\",\"keywords\":[\"Incendies\",\"Sayoud\"],\"articleSection\":[\"National\"],\"inLanguage\":\"fr-FR\",\"potentialAction\":[{\"@type\":\"CommentAction\",\"name\":\"Comment\",\"target\":[\"https:\/\/elmawkie.dz\/fr\/incendies-sayoud-annonce-louverture-denquetes-approfondies-pour-determiner-les-causes-des-feux\/#respond\"]}]},{\"@type\":\"WebPage\",\"@id\":\"https:\/\/elmawkie.dz\/fr\/incendies-sayoud-annonce-louverture-denquetes-approfondies-pour-determiner-les-causes-des-feux\/\",\"url\":\"https:\/\/elmawkie.dz\/fr\/incendies-sayoud-annonce-louverture-denquetes-approfondies-pour-determiner-les-causes-des-feux\/\",\"name\":\"Incendies : Sayoud annonce l\u2019ouverture d\u2019enqu\u00eates approfondies pour d\u00e9terminer les causes - El Mawkie\",\"isPartOf\":{\"@id\":\"https:\/\/elmawkie.dz\/fr\/#website\"},\"primaryImageOfPage\":{\"@id\":\"https:\/\/elmawkie.dz\/fr\/incendies-sayoud-annonce-louverture-denquetes-approfondies-pour-determiner-les-causes-des-feux\/#primaryimage\"},\"image\":{\"@id\":\"https:\/\/elmawkie.dz\/fr\/incendies-sayoud-annonce-louverture-denquetes-approfondies-pour-determiner-les-causes-des-feux\/#primaryimage\"},\"thumbnailUrl\":\"https:\/\/elmawkie.dz\/fr\/wp-content\/uploads\/2026\/08\/IMG_9485.jpeg\",\"datePublished\":\"2026-08-27T16:14:58+00:00\",\"dateModified\":\"2026-08-27T16:16:26+00:00\",\"breadcrumb\":{\"@id\":\"https:\/\/elmawkie.dz\/fr\/incendies-sayoud-annonce-louverture-denquetes-approfondies-pour-determiner-les-causes-des-feux\/#breadcrumb\"},\"inLanguage\":\"fr-FR\",\"potentialAction\":[{\"@type\":\"ReadAction\",\"target\":[\"https:\/\/elmawkie.dz\/fr\/incendies-sayoud-annonce-louverture-denquetes-approfondies-pour-determiner-les-causes-des-feux\/\"]}]},{\"@type\":\"ImageObject\",\"inLanguage\":\"fr-FR\",\"@id\":\"https:\/\/elmawkie.dz\/fr\/incendies-sayoud-annonce-louverture-denquetes-approfondies-pour-determiner-les-causes-des-feux\/#primaryimage\",\"url\":\"https:\/\/elmawkie.dz\/fr\/wp-content\/uploads\/2026\/08\/IMG_9485.jpeg\",\"contentUrl\":\"https:\/\/elmawkie.dz\/fr\/wp-content\/uploads\/2026\/08\/IMG_9485.jpeg\",\"width\":1023,\"height\":624},{\"@type\":\"BreadcrumbList\",\"@id\":\"https:\/\/elmawkie.dz\/fr\/incendies-sayoud-annonce-louverture-denquetes-approfondies-pour-determiner-les-causes-des-feux\/#breadcrumb\",\"itemListElement\":[{\"@type\":\"ListItem\",\"position\":1,\"name\":\"Home\",\"item\":\"https:\/\/elmawkie.dz\/fr\/\"},{\"@type\":\"ListItem\",\"position\":2,\"name\":\"Incendies : Sayoud annonce l\u2019ouverture d\u2019enqu\u00eates approfondies pour d\u00e9terminer les causes\"}]},{\"@type\":\"WebSite\",\"@id\":\"https:\/\/elmawkie.dz\/fr\/#website\",\"url\":\"https:\/\/elmawkie.dz\/fr\/\",\"name\":\"EL MAWKIE\",\"description\":\"Journal \u00c9lectronique Alg\u00e9rien\",\"publisher\":{\"@id\":\"https:\/\/elmawkie.dz\/fr\/#organization\"},\"potentialAction\":[{\"@type\":\"SearchAction\",\"target\":{\"@type\":\"EntryPoint\",\"urlTemplate\":\"https:\/\/elmawkie.dz\/fr\/?s={search_term_string}\"},\"query-input\":\"required name=search_term_string\"}],\"inLanguage\":\"fr-FR\"},{\"@type\":\"Organization\",\"@id\":\"https:\/\/elmawkie.dz\/fr\/#organization\",\"name\":\"EL MAWKIE\",\"url\":\"https:\/\/elmawkie.dz\/fr\/\",\"logo\":{\"@type\":\"ImageObject\",\"inLanguage\":\"fr-FR\",\"@id\":\"https:\/\/elmawkie.dz\/fr\/#\/schema\/logo\/image\/\",\"url\":\"https:\/\/elmawkie.dz\/fr\/wp-content\/uploads\/2024\/05\/logo1.png\",\"contentUrl\":\"https:\/\/elmawkie.dz\/fr\/wp-content\/uploads\/2024\/05\/logo1.png\",\"width\":1648,\"height\":652,\"caption\":\"EL MAWKIE\"},\"image\":{\"@id\":\"https:\/\/elmawkie.dz\/fr\/#\/schema\/logo\/image\/\"},\"sameAs\":[\"https:\/\/www.facebook.com\/profile.php?id=100088407094989&locale=fr_FR\"]},{\"@type\":\"Person\",\"@id\":\"https:\/\/elmawkie.dz\/fr\/#\/schema\/person\/e7bd59d6467874ba5c4723d8a9f0a63c\",\"name\":\"R\u00e9daction\",\"image\":{\"@type\":\"ImageObject\",\"inLanguage\":\"fr-FR\",\"@id\":\"https:\/\/elmawkie.dz\/fr\/#\/schema\/person\/image\/\",\"url\":\"https:\/\/secure.gravatar.com\/avatar\/f0f773456344da4d2788c054a3d30a0c?s=96&d=mm&r=g\",\"contentUrl\":\"https:\/\/secure.gravatar.com\/avatar\/f0f773456344da4d2788c054a3d30a0c?s=96&d=mm&r=g\",\"caption\":\"R\u00e9daction\"},\"url\":\"https:\/\/elmawkie.dz\/fr\/author\/redaction\/\"}]}<\/script>\n<!-- \/ Yoast SEO Premium plugin. -->","yoast_head_json":{"title":"Incendies : Sayoud annonce l\u2019ouverture d\u2019enqu\u00eates approfondies pour d\u00e9terminer les causes - El Mawkie","robots":{"index":"index","follow":"follow","max-snippet":"max-snippet:-1","max-image-preview":"max-image-preview:large","max-video-preview":"max-video-preview:-1"},"canonical":"https:\/\/elmawkie.dz\/fr\/incendies-sayoud-annonce-louverture-denquetes-approfondies-pour-determiner-les-causes-des-feux\/","og_locale":"fr_FR","og_type":"article","og_title":"Incendies : Sayoud annonce l\u2019ouverture d\u2019enqu\u00eates approfondies pour d\u00e9terminer les causes","og_description":"Le ministre de l\u2019Int\u00e9rieur, des Collectivit\u00e9s locales et des Transports, Sa\u00efd Sayoud, a annonc\u00e9 jeudi \u00e0 Taher l\u2019ouverture d\u2019enqu\u00eates approfondies pour d\u00e9terminer les causes des incendies enregistr\u00e9s simultan\u00e9ment dans plusieurs wilayas du pays. En d\u00e9placement \u00e0 Jijel sur instruction du pr\u00e9sident de la R\u00e9publique, Abdelmadjid Tebboune, le ministre a indiqu\u00e9 que les services de s\u00e9curit\u00e9 &hellip;","og_url":"https:\/\/elmawkie.dz\/fr\/incendies-sayoud-annonce-louverture-denquetes-approfondies-pour-determiner-les-causes-des-feux\/","og_site_name":"El Mawkie","article_publisher":"https:\/\/www.facebook.com\/profile.php?id=100088407094989&locale=fr_FR","article_published_time":"2026-08-27T16:14:58+00:00","article_modified_time":"2026-08-27T16:16:26+00:00","og_image":[{"width":1023,"height":624,"url":"https:\/\/elmawkie.dz\/fr\/wp-content\/uploads\/2026\/08\/IMG_9485.jpeg","type":"image\/jpeg"}],"author":"R\u00e9daction","twitter_card":"summary_large_image","twitter_misc":{"Written by":"R\u00e9daction","Est. reading time":"2 minutes"},"schema":{"@context":"https:\/\/schema.org","@graph":[{"@type":"Article","@id":"https:\/\/elmawkie.dz\/fr\/incendies-sayoud-annonce-louverture-denquetes-approfondies-pour-determiner-les-causes-des-feux\/#article","isPartOf":{"@id":"https:\/\/elmawkie.dz\/fr\/incendies-sayoud-annonce-louverture-denquetes-approfondies-pour-determiner-les-causes-des-feux\/"},"author":{"name":"R\u00e9daction","@id":"https:\/\/elmawkie.dz\/fr\/#\/schema\/person\/e7bd59d6467874ba5c4723d8a9f0a63c"},"headline":"Incendies : Sayoud annonce l\u2019ouverture d\u2019enqu\u00eates approfondies pour d\u00e9terminer les causes","datePublished":"2026-08-27T16:14:58+00:00","dateModified":"2026-08-27T16:16:26+00:00","mainEntityOfPage":{"@id":"https:\/\/elmawkie.dz\/fr\/incendies-sayoud-annonce-louverture-denquetes-approfondies-pour-determiner-les-causes-des-feux\/"},"wordCount":320,"commentCount":0,"publisher":{"@id":"https:\/\/elmawkie.dz\/fr\/#organization"},"image":{"@id":"https:\/\/elmawkie.dz\/fr\/incendies-sayoud-annonce-louverture-denquetes-approfondies-pour-determiner-les-causes-des-feux\/#primaryimage"},"thumbnailUrl":"https:\/\/elmawkie.dz\/fr\/wp-content\/uploads\/2026\/08\/IMG_9485.jpeg","keywords":["Incendies","Sayoud"],"articleSection":["National"],"inLanguage":"fr-FR","potentialAction":[{"@type":"CommentAction","name":"Comment","target":["https:\/\/elmawkie.dz\/fr\/incendies-sayoud-annonce-louverture-denquetes-approfondies-pour-determiner-les-causes-des-feux\/#respond"]}]},{"@type":"WebPage","@id":"https:\/\/elmawkie.dz\/fr\/incendies-sayoud-annonce-louverture-denquetes-approfondies-pour-determiner-les-causes-des-feux\/","url":"https:\/\/elmawkie.dz\/fr\/incendies-sayoud-annonce-louverture-denquetes-approfondies-pour-determiner-les-causes-des-feux\/","name":"Incendies : Sayoud annonce l\u2019ouverture d\u2019enqu\u00eates approfondies pour d\u00e9terminer les causes - El Mawkie","isPartOf":{"@id":"https:\/\/elmawkie.dz\/fr\/#website"},"primaryImageOfPage":{"@id":"https:\/\/elmawkie.dz\/fr\/incendies-sayoud-annonce-louverture-denquetes-approfondies-pour-determiner-les-causes-des-feux\/#primaryimage"},"image":{"@id":"https:\/\/elmawkie.dz\/fr\/incendies-sayoud-annonce-louverture-denquetes-approfondies-pour-determiner-les-causes-des-feux\/#primaryimage"},"thumbnailUrl":"https:\/\/elmawkie.dz\/fr\/wp-content\/uploads\/2026\/08\/IMG_9485.jpeg","datePublished":"2026-08-27T16:14:58+00:00","dateModified":"2026-08-27T16:16:26+00:00","breadcrumb":{"@id":"https:\/\/elmawkie.dz\/fr\/incendies-sayoud-annonce-louverture-denquetes-approfondies-pour-determiner-les-causes-des-feux\/#breadcrumb"},"inLanguage":"fr-FR","potentialAction":[{"@type":"ReadAction","target":["https:\/\/elmawkie.dz\/fr\/incendies-sayoud-annonce-louverture-denquetes-approfondies-pour-determiner-les-causes-des-feux\/"]}]},{"@type":"ImageObject","inLanguage":"fr-FR","@id":"https:\/\/elmawkie.dz\/fr\/incendies-sayoud-annonce-louverture-denquetes-approfondies-pour-determiner-les-causes-des-feux\/#primaryimage","url":"https:\/\/elmawkie.dz\/fr\/wp-content\/uploads\/2026\/08\/IMG_9485.jpeg","contentUrl":"https:\/\/elmawkie.dz\/fr\/wp-content\/uploads\/2026\/08\/IMG_9485.jpeg","width":1023,"height":624},{"@type":"BreadcrumbList","@id":"https:\/\/elmawkie.dz\/fr\/incendies-sayoud-annonce-louverture-denquetes-approfondies-pour-determiner-les-causes-des-feux\/#breadcrumb","itemListElement":[{"@type":"ListItem","position":1,"name":"Home","item":"https:\/\/elmawkie.dz\/fr\/"},{"@type":"ListItem","position":2,"name":"Incendies : Sayoud annonce l\u2019ouverture d\u2019enqu\u00eates approfondies pour d\u00e9terminer les causes"}]},{"@type":"WebSite","@id":"https:\/\/elmawkie.dz\/fr\/#website","url":"https:\/\/elmawkie.dz\/fr\/","name":"EL MAWKIE","description":"Journal \u00c9lectronique Alg\u00e9rien","publisher":{"@id":"https:\/\/elmawkie.dz\/fr\/#organization"},"potentialAction":[{"@type":"SearchAction","target":{"@type":"EntryPoint","urlTemplate":"https:\/\/elmawkie.dz\/fr\/?s={search_term_string}"},"query-input":"required name=search_term_string"}],"inLanguage":"fr-FR"},{"@type":"Organization","@id":"https:\/\/elmawkie.dz\/fr\/#organization","name":"EL MAWKIE","url":"https:\/\/elmawkie.dz\/fr\/","logo":{"@type":"ImageObject","inLanguage":"fr-FR","@id":"https:\/\/elmawkie.dz\/fr\/#\/schema\/logo\/image\/","url":"https:\/\/elmawkie.dz\/fr\/wp-content\/uploads\/2024\/05\/logo1.png","contentUrl":"https:\/\/elmawkie.dz\/fr\/wp-content\/uploads\/2024\/05\/logo1.png","width":1648,"height":652,"caption":"EL MAWKIE"},"image":{"@id":"https:\/\/elmawkie.dz\/fr\/#\/schema\/logo\/image\/"},"sameAs":["https:\/\/www.facebook.com\/profile.php?id=100088407094989&locale=fr_FR"]},{"@type":"Person","@id":"https:\/\/elmawkie.dz\/fr\/#\/schema\/person\/e7bd59d6467874ba5c4723d8a9f0a63c","name":"R\u00e9daction","image":{"@type":"ImageObject","inLanguage":"fr-FR","@id":"https:\/\/elmawkie.dz\/fr\/#\/schema\/person\/image\/","url":"https:\/\/secure.gravatar.com\/avatar\/f0f773456344da4d2788c054a3d30a0c?s=96&d=mm&r=g","contentUrl":"https:\/\/secure.gravatar.com\/avatar\/f0f773456344da4d2788c054a3d30a0c?s=96&d=mm&r=g","caption":"R\u00e9daction"},"url":"https:\/\/elmawkie.dz\/fr\/author\/redaction\/"}]}},"_links":{"self":[{"href":"https:\/\/elmawkie.dz\/fr\/wp-json\/wp\/v2\/posts\/67736","targetHints":{"allow":["GET"]}}],"collection":[{"href":"https:\/\/elmawkie.dz\/fr\/wp-json\/wp\/v2\/posts"}],"about":[{"href":"https:\/\/elmawkie.dz\/fr\/wp-json\/wp\/v2\/types\/post"}],"author":[{"embeddable":true,"href":"https:\/\/elmawkie.dz\/fr\/wp-json\/wp\/v2\/users\/9"}],"replies":[{"embeddable":true,"href":"https:\/\/elmawkie.dz\/fr\/wp-json\/wp\/v2\/comments?post=67736"}],"version-history":[{"count":2,"href":"https:\/\/elmawkie.dz\/fr\/wp-json\/wp\/v2\/posts\/67736\/revisions"}],"predecessor-version":[{"id":67740,"href":"https:\/\/elmawkie.dz\/fr\/wp-json\/wp\/v2\/posts\/67736\/revisions\/67740"}],"wp:featuredmedia":[{"embeddable":true,"href":"https:\/\/elmawkie.dz\/fr\/wp-json\/wp\/v2\/media\/67738"}],"wp:attachment":[{"href":"https:\/\/elmawkie.dz\/fr\/wp-json\/wp\/v2\/media?parent=67736"}],"wp:term":[{"taxonomy":"category","embeddable":true,"href":"https:\/\/elmawkie.dz\/fr\/wp-json\/wp\/v2\/categories?post=67736"},{"taxonomy":"post_tag","embeddable":true,"href":"https:\/\/elmawkie.dz\/fr\/wp-json\/wp\/v2\/tags?post=67736"}],"curies":[{"name":"wp","href":"https:\/\/api.w.org\/{rel}","templated":true}]}}