{"id":67732,"date":"2026-08-27T16:49:07","date_gmt":"2026-08-27T15:49:07","guid":{"rendered":"https:\/\/elmawkie.dz\/fr\/?p=67732"},"modified":"2026-08-27T16:49:08","modified_gmt":"2026-08-27T15:49:08","slug":"le-president-de-la-republique-recoit-le-premier-ministre-de-la-republique-du-niger","status":"publish","type":"post","link":"https:\/\/elmawkie.dz\/fr\/le-president-de-la-republique-recoit-le-premier-ministre-de-la-republique-du-niger\/","title":{"rendered":"Le pr\u00e9sident de la R\u00e9publique re\u00e7oit le Premier ministre de la R\u00e9publique du Niger"},"content":{"rendered":"\n<p><strong>Le pr\u00e9sident de la R\u00e9publique, M. Abdelmadjid Tebboune, a re\u00e7u, jeudi, le Premier ministre de la R\u00e9publique du Niger, M. Ali Mahaman Lamine Zeine, et la d\u00e9l\u00e9gation de haut niveau l&rsquo;accompagnant.<\/strong><\/p>\n\n\n\n<p>Ont assist\u00e9 \u00e0 cette audience, le ministre d&rsquo;Etat, charg\u00e9 de l&rsquo;Inspection g\u00e9n\u00e9rale des services de l&rsquo;Etat et des Collectivit\u00e9s locales, M. Brahim Merad, le ministre d\u00e9l\u00e9gu\u00e9 aupr\u00e8s du ministre de la D\u00e9fense nationale, Chef d&rsquo;Etat-Major de l&rsquo;Arm\u00e9e nationale populaire, le G\u00e9n\u00e9ral d&rsquo;Arm\u00e9e Sa\u00efd Chanegriha, le ministre d&rsquo;Etat, ministre des Hydrocarbures, M. Mohamed Arkab, le ministre des Finances, M. Abdelkrim Bouzred, le conseiller aupr\u00e8s du pr\u00e9sident de la R\u00e9publique, charg\u00e9 des affaires diplomatiques, M. Amar Abba, le ministre de l&rsquo;Energie et des Energies renouvelables, M. Mourad Adjal, le ministre de la Poste et des T\u00e9l\u00e9communications, M. Sid Ali Zerrouki, le ministre des Travaux publics et des Infrastructures de base, M. Abdelkader Djellaoui, la secr\u00e9taire d&rsquo;Etat aupr\u00e8s du ministre des Mines et des Industries mini\u00e8res, charg\u00e9e des Mines, Mme Karima Bakir, ainsi que l&rsquo;ambassadeur d&rsquo;Alg\u00e9rie aupr\u00e8s de la R\u00e9publique du Niger, M. Saadi Ahmed.<\/p>\n","protected":false},"excerpt":{"rendered":"<p>Le pr\u00e9sident de la R\u00e9publique, M. Abdelmadjid Tebboune, a re\u00e7u, jeudi, le Premier ministre de la R\u00e9publique du Niger, M. Ali Mahaman Lamine Zeine, et la d\u00e9l\u00e9gation de haut niveau l&rsquo;accompagnant. Ont assist\u00e9 \u00e0 cette audience, le ministre d&rsquo;Etat, charg\u00e9 de l&rsquo;Inspection g\u00e9n\u00e9rale des services de l&rsquo;Etat et des Collectivit\u00e9s locales, M. Brahim Merad, le &hellip;<\/p>\n","protected":false},"author":9,"featured_media":67734,"comment_status":"open","ping_status":"open","sticky":false,"template":"","format":"standard","meta":{"footnotes":""},"categories":[47],"tags":[213,1676,596,320],"class_list":["post-67732","post","type-post","status-publish","format-standard","has-post-thumbnail","hentry","category-national","tag-abdelmadjid-tebboune","tag-le-premier-ministre","tag-le-president-de-la-republique","tag-niger"],"yoast_head":"<!-- This site is optimized with the Yoast SEO Premium plugin v22.6 (Yoast SEO v22.6) - https:\/\/yoast.com\/wordpress\/plugins\/seo\/ -->\n<title>Le pr\u00e9sident de la R\u00e9publique re\u00e7oit le Premier ministre de la R\u00e9publique du Niger - El Mawkie<\/title>\n<meta name=\"robots\" content=\"index, follow, max-snippet:-1, max-image-preview:large, max-video-preview:-1\" \/>\n<link rel=\"canonical\" href=\"https:\/\/elmawkie.dz\/fr\/le-president-de-la-republique-recoit-le-premier-ministre-de-la-republique-du-niger\/\" \/>\n<meta property=\"og:locale\" content=\"fr_FR\" \/>\n<meta property=\"og:type\" content=\"article\" \/>\n<meta property=\"og:title\" content=\"Le pr\u00e9sident de la R\u00e9publique re\u00e7oit le Premier ministre de la R\u00e9publique du Niger\" \/>\n<meta property=\"og:description\" content=\"Le pr\u00e9sident de la R\u00e9publique, M. Abdelmadjid Tebboune, a re\u00e7u, jeudi, le Premier ministre de la R\u00e9publique du Niger, M. Ali Mahaman Lamine Zeine, et la d\u00e9l\u00e9gation de haut niveau l&rsquo;accompagnant. Ont assist\u00e9 \u00e0 cette audience, le ministre d&rsquo;Etat, charg\u00e9 de l&rsquo;Inspection g\u00e9n\u00e9rale des services de l&rsquo;Etat et des Collectivit\u00e9s locales, M. Brahim Merad, le &hellip;\" \/>\n<meta property=\"og:url\" content=\"https:\/\/elmawkie.dz\/fr\/le-president-de-la-republique-recoit-le-premier-ministre-de-la-republique-du-niger\/\" \/>\n<meta property=\"og:site_name\" content=\"El Mawkie\" \/>\n<meta property=\"article:publisher\" content=\"https:\/\/www.facebook.com\/profile.php?id=100088407094989&amp;locale=fr_FR\" \/>\n<meta property=\"article:published_time\" content=\"2026-08-27T15:49:07+00:00\" \/>\n<meta property=\"article:modified_time\" content=\"2026-08-27T15:49:08+00:00\" \/>\n<meta property=\"og:image\" content=\"https:\/\/elmawkie.dz\/fr\/wp-content\/uploads\/2026\/08\/IMG_9464.jpeg\" \/>\n\t<meta property=\"og:image:width\" content=\"2048\" \/>\n\t<meta property=\"og:image:height\" content=\"1366\" \/>\n\t<meta property=\"og:image:type\" content=\"image\/jpeg\" \/>\n<meta name=\"author\" content=\"R\u00e9daction\" \/>\n<meta name=\"twitter:card\" content=\"summary_large_image\" \/>\n<meta name=\"twitter:label1\" content=\"Written by\" \/>\n\t<meta name=\"twitter:data1\" content=\"R\u00e9daction\" \/>\n\t<meta name=\"twitter:label2\" content=\"Est. reading time\" \/>\n\t<meta name=\"twitter:data2\" content=\"2 minutes\" \/>\n<script type=\"application\/ld+json\" class=\"yoast-schema-graph\">{\"@context\":\"https:\/\/schema.org\",\"@graph\":[{\"@type\":\"Article\",\"@id\":\"https:\/\/elmawkie.dz\/fr\/le-president-de-la-republique-recoit-le-premier-ministre-de-la-republique-du-niger\/#article\",\"isPartOf\":{\"@id\":\"https:\/\/elmawkie.dz\/fr\/le-president-de-la-republique-recoit-le-premier-ministre-de-la-republique-du-niger\/\"},\"author\":{\"name\":\"R\u00e9daction\",\"@id\":\"https:\/\/elmawkie.dz\/fr\/#\/schema\/person\/e7bd59d6467874ba5c4723d8a9f0a63c\"},\"headline\":\"Le pr\u00e9sident de la R\u00e9publique re\u00e7oit le Premier ministre de la R\u00e9publique du Niger\",\"datePublished\":\"2026-08-27T15:49:07+00:00\",\"dateModified\":\"2026-08-27T15:49:08+00:00\",\"mainEntityOfPage\":{\"@id\":\"https:\/\/elmawkie.dz\/fr\/le-president-de-la-republique-recoit-le-premier-ministre-de-la-republique-du-niger\/\"},\"wordCount\":232,\"commentCount\":0,\"publisher\":{\"@id\":\"https:\/\/elmawkie.dz\/fr\/#organization\"},\"image\":{\"@id\":\"https:\/\/elmawkie.dz\/fr\/le-president-de-la-republique-recoit-le-premier-ministre-de-la-republique-du-niger\/#primaryimage\"},\"thumbnailUrl\":\"https:\/\/elmawkie.dz\/fr\/wp-content\/uploads\/2026\/08\/IMG_9464.jpeg\",\"keywords\":[\"Abdelmadjid Tebboune\",\"le Premier ministre\",\"le pr\u00e9sident de la R\u00e9publique\",\"Niger\"],\"articleSection\":[\"National\"],\"inLanguage\":\"fr-FR\",\"potentialAction\":[{\"@type\":\"CommentAction\",\"name\":\"Comment\",\"target\":[\"https:\/\/elmawkie.dz\/fr\/le-president-de-la-republique-recoit-le-premier-ministre-de-la-republique-du-niger\/#respond\"]}]},{\"@type\":\"WebPage\",\"@id\":\"https:\/\/elmawkie.dz\/fr\/le-president-de-la-republique-recoit-le-premier-ministre-de-la-republique-du-niger\/\",\"url\":\"https:\/\/elmawkie.dz\/fr\/le-president-de-la-republique-recoit-le-premier-ministre-de-la-republique-du-niger\/\",\"name\":\"Le pr\u00e9sident de la R\u00e9publique re\u00e7oit le Premier ministre de la R\u00e9publique du Niger - El Mawkie\",\"isPartOf\":{\"@id\":\"https:\/\/elmawkie.dz\/fr\/#website\"},\"primaryImageOfPage\":{\"@id\":\"https:\/\/elmawkie.dz\/fr\/le-president-de-la-republique-recoit-le-premier-ministre-de-la-republique-du-niger\/#primaryimage\"},\"image\":{\"@id\":\"https:\/\/elmawkie.dz\/fr\/le-president-de-la-republique-recoit-le-premier-ministre-de-la-republique-du-niger\/#primaryimage\"},\"thumbnailUrl\":\"https:\/\/elmawkie.dz\/fr\/wp-content\/uploads\/2026\/08\/IMG_9464.jpeg\",\"datePublished\":\"2026-08-27T15:49:07+00:00\",\"dateModified\":\"2026-08-27T15:49:08+00:00\",\"breadcrumb\":{\"@id\":\"https:\/\/elmawkie.dz\/fr\/le-president-de-la-republique-recoit-le-premier-ministre-de-la-republique-du-niger\/#breadcrumb\"},\"inLanguage\":\"fr-FR\",\"potentialAction\":[{\"@type\":\"ReadAction\",\"target\":[\"https:\/\/elmawkie.dz\/fr\/le-president-de-la-republique-recoit-le-premier-ministre-de-la-republique-du-niger\/\"]}]},{\"@type\":\"ImageObject\",\"inLanguage\":\"fr-FR\",\"@id\":\"https:\/\/elmawkie.dz\/fr\/le-president-de-la-republique-recoit-le-premier-ministre-de-la-republique-du-niger\/#primaryimage\",\"url\":\"https:\/\/elmawkie.dz\/fr\/wp-content\/uploads\/2026\/08\/IMG_9464.jpeg\",\"contentUrl\":\"https:\/\/elmawkie.dz\/fr\/wp-content\/uploads\/2026\/08\/IMG_9464.jpeg\",\"width\":2048,\"height\":1366},{\"@type\":\"BreadcrumbList\",\"@id\":\"https:\/\/elmawkie.dz\/fr\/le-president-de-la-republique-recoit-le-premier-ministre-de-la-republique-du-niger\/#breadcrumb\",\"itemListElement\":[{\"@type\":\"ListItem\",\"position\":1,\"name\":\"Home\",\"item\":\"https:\/\/elmawkie.dz\/fr\/\"},{\"@type\":\"ListItem\",\"position\":2,\"name\":\"Le pr\u00e9sident de la R\u00e9publique re\u00e7oit le Premier ministre de la R\u00e9publique du Niger\"}]},{\"@type\":\"WebSite\",\"@id\":\"https:\/\/elmawkie.dz\/fr\/#website\",\"url\":\"https:\/\/elmawkie.dz\/fr\/\",\"name\":\"EL MAWKIE\",\"description\":\"Journal \u00c9lectronique Alg\u00e9rien\",\"publisher\":{\"@id\":\"https:\/\/elmawkie.dz\/fr\/#organization\"},\"potentialAction\":[{\"@type\":\"SearchAction\",\"target\":{\"@type\":\"EntryPoint\",\"urlTemplate\":\"https:\/\/elmawkie.dz\/fr\/?s={search_term_string}\"},\"query-input\":\"required name=search_term_string\"}],\"inLanguage\":\"fr-FR\"},{\"@type\":\"Organization\",\"@id\":\"https:\/\/elmawkie.dz\/fr\/#organization\",\"name\":\"EL MAWKIE\",\"url\":\"https:\/\/elmawkie.dz\/fr\/\",\"logo\":{\"@type\":\"ImageObject\",\"inLanguage\":\"fr-FR\",\"@id\":\"https:\/\/elmawkie.dz\/fr\/#\/schema\/logo\/image\/\",\"url\":\"https:\/\/elmawkie.dz\/fr\/wp-content\/uploads\/2024\/05\/logo1.png\",\"contentUrl\":\"https:\/\/elmawkie.dz\/fr\/wp-content\/uploads\/2024\/05\/logo1.png\",\"width\":1648,\"height\":652,\"caption\":\"EL MAWKIE\"},\"image\":{\"@id\":\"https:\/\/elmawkie.dz\/fr\/#\/schema\/logo\/image\/\"},\"sameAs\":[\"https:\/\/www.facebook.com\/profile.php?id=100088407094989&locale=fr_FR\"]},{\"@type\":\"Person\",\"@id\":\"https:\/\/elmawkie.dz\/fr\/#\/schema\/person\/e7bd59d6467874ba5c4723d8a9f0a63c\",\"name\":\"R\u00e9daction\",\"image\":{\"@type\":\"ImageObject\",\"inLanguage\":\"fr-FR\",\"@id\":\"https:\/\/elmawkie.dz\/fr\/#\/schema\/person\/image\/\",\"url\":\"https:\/\/secure.gravatar.com\/avatar\/f0f773456344da4d2788c054a3d30a0c?s=96&d=mm&r=g\",\"contentUrl\":\"https:\/\/secure.gravatar.com\/avatar\/f0f773456344da4d2788c054a3d30a0c?s=96&d=mm&r=g\",\"caption\":\"R\u00e9daction\"},\"url\":\"https:\/\/elmawkie.dz\/fr\/author\/redaction\/\"}]}<\/script>\n<!-- \/ Yoast SEO Premium plugin. -->","yoast_head_json":{"title":"Le pr\u00e9sident de la R\u00e9publique re\u00e7oit le Premier ministre de la R\u00e9publique du Niger - El Mawkie","robots":{"index":"index","follow":"follow","max-snippet":"max-snippet:-1","max-image-preview":"max-image-preview:large","max-video-preview":"max-video-preview:-1"},"canonical":"https:\/\/elmawkie.dz\/fr\/le-president-de-la-republique-recoit-le-premier-ministre-de-la-republique-du-niger\/","og_locale":"fr_FR","og_type":"article","og_title":"Le pr\u00e9sident de la R\u00e9publique re\u00e7oit le Premier ministre de la R\u00e9publique du Niger","og_description":"Le pr\u00e9sident de la R\u00e9publique, M. Abdelmadjid Tebboune, a re\u00e7u, jeudi, le Premier ministre de la R\u00e9publique du Niger, M. Ali Mahaman Lamine Zeine, et la d\u00e9l\u00e9gation de haut niveau l&rsquo;accompagnant. Ont assist\u00e9 \u00e0 cette audience, le ministre d&rsquo;Etat, charg\u00e9 de l&rsquo;Inspection g\u00e9n\u00e9rale des services de l&rsquo;Etat et des Collectivit\u00e9s locales, M. Brahim Merad, le &hellip;","og_url":"https:\/\/elmawkie.dz\/fr\/le-president-de-la-republique-recoit-le-premier-ministre-de-la-republique-du-niger\/","og_site_name":"El Mawkie","article_publisher":"https:\/\/www.facebook.com\/profile.php?id=100088407094989&locale=fr_FR","article_published_time":"2026-08-27T15:49:07+00:00","article_modified_time":"2026-08-27T15:49:08+00:00","og_image":[{"width":2048,"height":1366,"url":"https:\/\/elmawkie.dz\/fr\/wp-content\/uploads\/2026\/08\/IMG_9464.jpeg","type":"image\/jpeg"}],"author":"R\u00e9daction","twitter_card":"summary_large_image","twitter_misc":{"Written by":"R\u00e9daction","Est. reading time":"2 minutes"},"schema":{"@context":"https:\/\/schema.org","@graph":[{"@type":"Article","@id":"https:\/\/elmawkie.dz\/fr\/le-president-de-la-republique-recoit-le-premier-ministre-de-la-republique-du-niger\/#article","isPartOf":{"@id":"https:\/\/elmawkie.dz\/fr\/le-president-de-la-republique-recoit-le-premier-ministre-de-la-republique-du-niger\/"},"author":{"name":"R\u00e9daction","@id":"https:\/\/elmawkie.dz\/fr\/#\/schema\/person\/e7bd59d6467874ba5c4723d8a9f0a63c"},"headline":"Le pr\u00e9sident de la R\u00e9publique re\u00e7oit le Premier ministre de la R\u00e9publique du Niger","datePublished":"2026-08-27T15:49:07+00:00","dateModified":"2026-08-27T15:49:08+00:00","mainEntityOfPage":{"@id":"https:\/\/elmawkie.dz\/fr\/le-president-de-la-republique-recoit-le-premier-ministre-de-la-republique-du-niger\/"},"wordCount":232,"commentCount":0,"publisher":{"@id":"https:\/\/elmawkie.dz\/fr\/#organization"},"image":{"@id":"https:\/\/elmawkie.dz\/fr\/le-president-de-la-republique-recoit-le-premier-ministre-de-la-republique-du-niger\/#primaryimage"},"thumbnailUrl":"https:\/\/elmawkie.dz\/fr\/wp-content\/uploads\/2026\/08\/IMG_9464.jpeg","keywords":["Abdelmadjid Tebboune","le Premier ministre","le pr\u00e9sident de la R\u00e9publique","Niger"],"articleSection":["National"],"inLanguage":"fr-FR","potentialAction":[{"@type":"CommentAction","name":"Comment","target":["https:\/\/elmawkie.dz\/fr\/le-president-de-la-republique-recoit-le-premier-ministre-de-la-republique-du-niger\/#respond"]}]},{"@type":"WebPage","@id":"https:\/\/elmawkie.dz\/fr\/le-president-de-la-republique-recoit-le-premier-ministre-de-la-republique-du-niger\/","url":"https:\/\/elmawkie.dz\/fr\/le-president-de-la-republique-recoit-le-premier-ministre-de-la-republique-du-niger\/","name":"Le pr\u00e9sident de la R\u00e9publique re\u00e7oit le Premier ministre de la R\u00e9publique du Niger - El Mawkie","isPartOf":{"@id":"https:\/\/elmawkie.dz\/fr\/#website"},"primaryImageOfPage":{"@id":"https:\/\/elmawkie.dz\/fr\/le-president-de-la-republique-recoit-le-premier-ministre-de-la-republique-du-niger\/#primaryimage"},"image":{"@id":"https:\/\/elmawkie.dz\/fr\/le-president-de-la-republique-recoit-le-premier-ministre-de-la-republique-du-niger\/#primaryimage"},"thumbnailUrl":"https:\/\/elmawkie.dz\/fr\/wp-content\/uploads\/2026\/08\/IMG_9464.jpeg","datePublished":"2026-08-27T15:49:07+00:00","dateModified":"2026-08-27T15:49:08+00:00","breadcrumb":{"@id":"https:\/\/elmawkie.dz\/fr\/le-president-de-la-republique-recoit-le-premier-ministre-de-la-republique-du-niger\/#breadcrumb"},"inLanguage":"fr-FR","potentialAction":[{"@type":"ReadAction","target":["https:\/\/elmawkie.dz\/fr\/le-president-de-la-republique-recoit-le-premier-ministre-de-la-republique-du-niger\/"]}]},{"@type":"ImageObject","inLanguage":"fr-FR","@id":"https:\/\/elmawkie.dz\/fr\/le-president-de-la-republique-recoit-le-premier-ministre-de-la-republique-du-niger\/#primaryimage","url":"https:\/\/elmawkie.dz\/fr\/wp-content\/uploads\/2026\/08\/IMG_9464.jpeg","contentUrl":"https:\/\/elmawkie.dz\/fr\/wp-content\/uploads\/2026\/08\/IMG_9464.jpeg","width":2048,"height":1366},{"@type":"BreadcrumbList","@id":"https:\/\/elmawkie.dz\/fr\/le-president-de-la-republique-recoit-le-premier-ministre-de-la-republique-du-niger\/#breadcrumb","itemListElement":[{"@type":"ListItem","position":1,"name":"Home","item":"https:\/\/elmawkie.dz\/fr\/"},{"@type":"ListItem","position":2,"name":"Le pr\u00e9sident de la R\u00e9publique re\u00e7oit le Premier ministre de la R\u00e9publique du Niger"}]},{"@type":"WebSite","@id":"https:\/\/elmawkie.dz\/fr\/#website","url":"https:\/\/elmawkie.dz\/fr\/","name":"EL MAWKIE","description":"Journal \u00c9lectronique Alg\u00e9rien","publisher":{"@id":"https:\/\/elmawkie.dz\/fr\/#organization"},"potentialAction":[{"@type":"SearchAction","target":{"@type":"EntryPoint","urlTemplate":"https:\/\/elmawkie.dz\/fr\/?s={search_term_string}"},"query-input":"required name=search_term_string"}],"inLanguage":"fr-FR"},{"@type":"Organization","@id":"https:\/\/elmawkie.dz\/fr\/#organization","name":"EL MAWKIE","url":"https:\/\/elmawkie.dz\/fr\/","logo":{"@type":"ImageObject","inLanguage":"fr-FR","@id":"https:\/\/elmawkie.dz\/fr\/#\/schema\/logo\/image\/","url":"https:\/\/elmawkie.dz\/fr\/wp-content\/uploads\/2024\/05\/logo1.png","contentUrl":"https:\/\/elmawkie.dz\/fr\/wp-content\/uploads\/2024\/05\/logo1.png","width":1648,"height":652,"caption":"EL MAWKIE"},"image":{"@id":"https:\/\/elmawkie.dz\/fr\/#\/schema\/logo\/image\/"},"sameAs":["https:\/\/www.facebook.com\/profile.php?id=100088407094989&locale=fr_FR"]},{"@type":"Person","@id":"https:\/\/elmawkie.dz\/fr\/#\/schema\/person\/e7bd59d6467874ba5c4723d8a9f0a63c","name":"R\u00e9daction","image":{"@type":"ImageObject","inLanguage":"fr-FR","@id":"https:\/\/elmawkie.dz\/fr\/#\/schema\/person\/image\/","url":"https:\/\/secure.gravatar.com\/avatar\/f0f773456344da4d2788c054a3d30a0c?s=96&d=mm&r=g","contentUrl":"https:\/\/secure.gravatar.com\/avatar\/f0f773456344da4d2788c054a3d30a0c?s=96&d=mm&r=g","caption":"R\u00e9daction"},"url":"https:\/\/elmawkie.dz\/fr\/author\/redaction\/"}]}},"_links":{"self":[{"href":"https:\/\/elmawkie.dz\/fr\/wp-json\/wp\/v2\/posts\/67732","targetHints":{"allow":["GET"]}}],"collection":[{"href":"https:\/\/elmawkie.dz\/fr\/wp-json\/wp\/v2\/posts"}],"about":[{"href":"https:\/\/elmawkie.dz\/fr\/wp-json\/wp\/v2\/types\/post"}],"author":[{"embeddable":true,"href":"https:\/\/elmawkie.dz\/fr\/wp-json\/wp\/v2\/users\/9"}],"replies":[{"embeddable":true,"href":"https:\/\/elmawkie.dz\/fr\/wp-json\/wp\/v2\/comments?post=67732"}],"version-history":[{"count":1,"href":"https:\/\/elmawkie.dz\/fr\/wp-json\/wp\/v2\/posts\/67732\/revisions"}],"predecessor-version":[{"id":67735,"href":"https:\/\/elmawkie.dz\/fr\/wp-json\/wp\/v2\/posts\/67732\/revisions\/67735"}],"wp:featuredmedia":[{"embeddable":true,"href":"https:\/\/elmawkie.dz\/fr\/wp-json\/wp\/v2\/media\/67734"}],"wp:attachment":[{"href":"https:\/\/elmawkie.dz\/fr\/wp-json\/wp\/v2\/media?parent=67732"}],"wp:term":[{"taxonomy":"category","embeddable":true,"href":"https:\/\/elmawkie.dz\/fr\/wp-json\/wp\/v2\/categories?post=67732"},{"taxonomy":"post_tag","embeddable":true,"href":"https:\/\/elmawkie.dz\/fr\/wp-json\/wp\/v2\/tags?post=67732"}],"curies":[{"name":"wp","href":"https:\/\/api.w.org\/{rel}","templated":true}]}}