{"id":67728,"date":"2026-08-27T16:47:29","date_gmt":"2026-08-27T15:47:29","guid":{"rendered":"https:\/\/elmawkie.dz\/fr\/?p=67728"},"modified":"2026-08-27T16:47:30","modified_gmt":"2026-08-27T15:47:30","slug":"le-havre-linternational-algerien-ahmed-touba-arrive-en-pret-du-panathinaikos","status":"publish","type":"post","link":"https:\/\/elmawkie.dz\/fr\/le-havre-linternational-algerien-ahmed-touba-arrive-en-pret-du-panathinaikos\/","title":{"rendered":"Le Havre : l&rsquo;international alg\u00e9rien Ahmed Touba arrive en pr\u00eat du Panathina\u00efkos"},"content":{"rendered":"\n<p><strong>Le d\u00e9fenseur international alg\u00e9rien Ahmed Touba s&rsquo;est engag\u00e9 avec Le Havre AC, en provenance du Panathina\u00efkos (Gr\u00e8ce), dans le cadre d\u2019un pr\u00eat, a annonc\u00e9 le club fran\u00e7ais de Ligue 1 de football sur son site officiel.<\/strong><\/p>\n\n\n\n<p>Ag\u00e9 de 28 ans, il \u00e9volue au poste de d\u00e9fenseur axial gauche ou lat\u00e9ral gauche. Il retrouve ainsi le championnat de France apr\u00e8s un parcours riche de plusieurs exp\u00e9riences \u00e0 l&rsquo;\u00e9tranger.<\/p>\n\n\n\n<p>Le joueur alg\u00e9rien a notamment port\u00e9 les couleurs du FC Bruges, de Louvain et de Malines en Belgique, avant de poursuivre sa carri\u00e8re \u00e0 Beroe (Bulgarie), RKC Waalwijk (Pays-Bas), Istanbul Basaksehir (Turquie), Lecce (Italie) et, la saison derni\u00e8re, au Panathina\u00efkos.<\/p>\n\n\n\n<p>Cette arriv\u00e9e au HAC intervient dix ans apr\u00e8s un premier contact avec le club normand. Alors qu&rsquo;il \u00e9voluait au FC Bruges, Touba avait \u00e9t\u00e9 sollicit\u00e9 par Christophe Revault pour rejoindre Le Havre.<\/p>\n\n\n\n<p>International alg\u00e9rien A, sa premi\u00e8re s\u00e9lection avec les Verts intervient en mars 2021, sous Djamel Belmadi pour les \u00e9liminatoires de la Coupe d&rsquo;Afrique des Nations CAN 2021. Il a \u00e9galement pris part aux \u00e9liminatoires du Mondial 2022. Il compte \u00e9galement plusieurs exp\u00e9riences en comp\u00e9titions europ\u00e9ennes. Au sein du club havrais, il portera le num\u00e9ro 5.<\/p>\n","protected":false},"excerpt":{"rendered":"<p>Le d\u00e9fenseur international alg\u00e9rien Ahmed Touba s&rsquo;est engag\u00e9 avec Le Havre AC, en provenance du Panathina\u00efkos (Gr\u00e8ce), dans le cadre d\u2019un pr\u00eat, a annonc\u00e9 le club fran\u00e7ais de Ligue 1 de football sur son site officiel. Ag\u00e9 de 28 ans, il \u00e9volue au poste de d\u00e9fenseur axial gauche ou lat\u00e9ral gauche. Il retrouve ainsi le &hellip;<\/p>\n","protected":false},"author":9,"featured_media":67730,"comment_status":"open","ping_status":"open","sticky":false,"template":"","format":"standard","meta":{"footnotes":""},"categories":[57],"tags":[6753,6752],"class_list":["post-67728","post","type-post","status-publish","format-standard","has-post-thumbnail","hentry","category-sport","tag-ahmed-touba","tag-le-havre"],"yoast_head":"<!-- This site is optimized with the Yoast SEO Premium plugin v22.6 (Yoast SEO v22.6) - https:\/\/yoast.com\/wordpress\/plugins\/seo\/ -->\n<title>Le Havre : l&#039;international alg\u00e9rien Ahmed Touba arrive en pr\u00eat du Panathina\u00efkos - El Mawkie<\/title>\n<meta name=\"robots\" content=\"index, follow, max-snippet:-1, max-image-preview:large, max-video-preview:-1\" \/>\n<link rel=\"canonical\" href=\"https:\/\/elmawkie.dz\/fr\/le-havre-linternational-algerien-ahmed-touba-arrive-en-pret-du-panathinaikos\/\" \/>\n<meta property=\"og:locale\" content=\"fr_FR\" \/>\n<meta property=\"og:type\" content=\"article\" \/>\n<meta property=\"og:title\" content=\"Le Havre : l&#039;international alg\u00e9rien Ahmed Touba arrive en pr\u00eat du Panathina\u00efkos\" \/>\n<meta property=\"og:description\" content=\"Le d\u00e9fenseur international alg\u00e9rien Ahmed Touba s&rsquo;est engag\u00e9 avec Le Havre AC, en provenance du Panathina\u00efkos (Gr\u00e8ce), dans le cadre d\u2019un pr\u00eat, a annonc\u00e9 le club fran\u00e7ais de Ligue 1 de football sur son site officiel. Ag\u00e9 de 28 ans, il \u00e9volue au poste de d\u00e9fenseur axial gauche ou lat\u00e9ral gauche. Il retrouve ainsi le &hellip;\" \/>\n<meta property=\"og:url\" content=\"https:\/\/elmawkie.dz\/fr\/le-havre-linternational-algerien-ahmed-touba-arrive-en-pret-du-panathinaikos\/\" \/>\n<meta property=\"og:site_name\" content=\"El Mawkie\" \/>\n<meta property=\"article:publisher\" content=\"https:\/\/www.facebook.com\/profile.php?id=100088407094989&amp;locale=fr_FR\" \/>\n<meta property=\"article:published_time\" content=\"2026-08-27T15:47:29+00:00\" \/>\n<meta property=\"article:modified_time\" content=\"2026-08-27T15:47:30+00:00\" \/>\n<meta property=\"og:image\" content=\"https:\/\/elmawkie.dz\/fr\/wp-content\/uploads\/2026\/08\/IMG_9479.jpeg\" \/>\n\t<meta property=\"og:image:width\" content=\"588\" \/>\n\t<meta property=\"og:image:height\" content=\"393\" \/>\n\t<meta property=\"og:image:type\" content=\"image\/jpeg\" \/>\n<meta name=\"author\" content=\"R\u00e9daction\" \/>\n<meta name=\"twitter:card\" content=\"summary_large_image\" \/>\n<meta name=\"twitter:label1\" content=\"Written by\" \/>\n\t<meta name=\"twitter:data1\" content=\"R\u00e9daction\" \/>\n\t<meta name=\"twitter:label2\" content=\"Est. reading time\" \/>\n\t<meta name=\"twitter:data2\" content=\"2 minutes\" \/>\n<script type=\"application\/ld+json\" class=\"yoast-schema-graph\">{\"@context\":\"https:\/\/schema.org\",\"@graph\":[{\"@type\":\"Article\",\"@id\":\"https:\/\/elmawkie.dz\/fr\/le-havre-linternational-algerien-ahmed-touba-arrive-en-pret-du-panathinaikos\/#article\",\"isPartOf\":{\"@id\":\"https:\/\/elmawkie.dz\/fr\/le-havre-linternational-algerien-ahmed-touba-arrive-en-pret-du-panathinaikos\/\"},\"author\":{\"name\":\"R\u00e9daction\",\"@id\":\"https:\/\/elmawkie.dz\/fr\/#\/schema\/person\/e7bd59d6467874ba5c4723d8a9f0a63c\"},\"headline\":\"Le Havre : l&rsquo;international alg\u00e9rien Ahmed Touba arrive en pr\u00eat du Panathina\u00efkos\",\"datePublished\":\"2026-08-27T15:47:29+00:00\",\"dateModified\":\"2026-08-27T15:47:30+00:00\",\"mainEntityOfPage\":{\"@id\":\"https:\/\/elmawkie.dz\/fr\/le-havre-linternational-algerien-ahmed-touba-arrive-en-pret-du-panathinaikos\/\"},\"wordCount\":229,\"commentCount\":0,\"publisher\":{\"@id\":\"https:\/\/elmawkie.dz\/fr\/#organization\"},\"image\":{\"@id\":\"https:\/\/elmawkie.dz\/fr\/le-havre-linternational-algerien-ahmed-touba-arrive-en-pret-du-panathinaikos\/#primaryimage\"},\"thumbnailUrl\":\"https:\/\/elmawkie.dz\/fr\/wp-content\/uploads\/2026\/08\/IMG_9479.jpeg\",\"keywords\":[\"Ahmed Touba\",\"Le Havre\"],\"articleSection\":[\"Sport\"],\"inLanguage\":\"fr-FR\",\"potentialAction\":[{\"@type\":\"CommentAction\",\"name\":\"Comment\",\"target\":[\"https:\/\/elmawkie.dz\/fr\/le-havre-linternational-algerien-ahmed-touba-arrive-en-pret-du-panathinaikos\/#respond\"]}]},{\"@type\":\"WebPage\",\"@id\":\"https:\/\/elmawkie.dz\/fr\/le-havre-linternational-algerien-ahmed-touba-arrive-en-pret-du-panathinaikos\/\",\"url\":\"https:\/\/elmawkie.dz\/fr\/le-havre-linternational-algerien-ahmed-touba-arrive-en-pret-du-panathinaikos\/\",\"name\":\"Le Havre : l'international alg\u00e9rien Ahmed Touba arrive en pr\u00eat du Panathina\u00efkos - El Mawkie\",\"isPartOf\":{\"@id\":\"https:\/\/elmawkie.dz\/fr\/#website\"},\"primaryImageOfPage\":{\"@id\":\"https:\/\/elmawkie.dz\/fr\/le-havre-linternational-algerien-ahmed-touba-arrive-en-pret-du-panathinaikos\/#primaryimage\"},\"image\":{\"@id\":\"https:\/\/elmawkie.dz\/fr\/le-havre-linternational-algerien-ahmed-touba-arrive-en-pret-du-panathinaikos\/#primaryimage\"},\"thumbnailUrl\":\"https:\/\/elmawkie.dz\/fr\/wp-content\/uploads\/2026\/08\/IMG_9479.jpeg\",\"datePublished\":\"2026-08-27T15:47:29+00:00\",\"dateModified\":\"2026-08-27T15:47:30+00:00\",\"breadcrumb\":{\"@id\":\"https:\/\/elmawkie.dz\/fr\/le-havre-linternational-algerien-ahmed-touba-arrive-en-pret-du-panathinaikos\/#breadcrumb\"},\"inLanguage\":\"fr-FR\",\"potentialAction\":[{\"@type\":\"ReadAction\",\"target\":[\"https:\/\/elmawkie.dz\/fr\/le-havre-linternational-algerien-ahmed-touba-arrive-en-pret-du-panathinaikos\/\"]}]},{\"@type\":\"ImageObject\",\"inLanguage\":\"fr-FR\",\"@id\":\"https:\/\/elmawkie.dz\/fr\/le-havre-linternational-algerien-ahmed-touba-arrive-en-pret-du-panathinaikos\/#primaryimage\",\"url\":\"https:\/\/elmawkie.dz\/fr\/wp-content\/uploads\/2026\/08\/IMG_9479.jpeg\",\"contentUrl\":\"https:\/\/elmawkie.dz\/fr\/wp-content\/uploads\/2026\/08\/IMG_9479.jpeg\",\"width\":588,\"height\":393},{\"@type\":\"BreadcrumbList\",\"@id\":\"https:\/\/elmawkie.dz\/fr\/le-havre-linternational-algerien-ahmed-touba-arrive-en-pret-du-panathinaikos\/#breadcrumb\",\"itemListElement\":[{\"@type\":\"ListItem\",\"position\":1,\"name\":\"Home\",\"item\":\"https:\/\/elmawkie.dz\/fr\/\"},{\"@type\":\"ListItem\",\"position\":2,\"name\":\"Le Havre : l&rsquo;international alg\u00e9rien Ahmed Touba arrive en pr\u00eat du Panathina\u00efkos\"}]},{\"@type\":\"WebSite\",\"@id\":\"https:\/\/elmawkie.dz\/fr\/#website\",\"url\":\"https:\/\/elmawkie.dz\/fr\/\",\"name\":\"EL MAWKIE\",\"description\":\"Journal \u00c9lectronique Alg\u00e9rien\",\"publisher\":{\"@id\":\"https:\/\/elmawkie.dz\/fr\/#organization\"},\"potentialAction\":[{\"@type\":\"SearchAction\",\"target\":{\"@type\":\"EntryPoint\",\"urlTemplate\":\"https:\/\/elmawkie.dz\/fr\/?s={search_term_string}\"},\"query-input\":\"required name=search_term_string\"}],\"inLanguage\":\"fr-FR\"},{\"@type\":\"Organization\",\"@id\":\"https:\/\/elmawkie.dz\/fr\/#organization\",\"name\":\"EL MAWKIE\",\"url\":\"https:\/\/elmawkie.dz\/fr\/\",\"logo\":{\"@type\":\"ImageObject\",\"inLanguage\":\"fr-FR\",\"@id\":\"https:\/\/elmawkie.dz\/fr\/#\/schema\/logo\/image\/\",\"url\":\"https:\/\/elmawkie.dz\/fr\/wp-content\/uploads\/2024\/05\/logo1.png\",\"contentUrl\":\"https:\/\/elmawkie.dz\/fr\/wp-content\/uploads\/2024\/05\/logo1.png\",\"width\":1648,\"height\":652,\"caption\":\"EL MAWKIE\"},\"image\":{\"@id\":\"https:\/\/elmawkie.dz\/fr\/#\/schema\/logo\/image\/\"},\"sameAs\":[\"https:\/\/www.facebook.com\/profile.php?id=100088407094989&locale=fr_FR\"]},{\"@type\":\"Person\",\"@id\":\"https:\/\/elmawkie.dz\/fr\/#\/schema\/person\/e7bd59d6467874ba5c4723d8a9f0a63c\",\"name\":\"R\u00e9daction\",\"image\":{\"@type\":\"ImageObject\",\"inLanguage\":\"fr-FR\",\"@id\":\"https:\/\/elmawkie.dz\/fr\/#\/schema\/person\/image\/\",\"url\":\"https:\/\/secure.gravatar.com\/avatar\/f0f773456344da4d2788c054a3d30a0c?s=96&d=mm&r=g\",\"contentUrl\":\"https:\/\/secure.gravatar.com\/avatar\/f0f773456344da4d2788c054a3d30a0c?s=96&d=mm&r=g\",\"caption\":\"R\u00e9daction\"},\"url\":\"https:\/\/elmawkie.dz\/fr\/author\/redaction\/\"}]}<\/script>\n<!-- \/ Yoast SEO Premium plugin. -->","yoast_head_json":{"title":"Le Havre : l'international alg\u00e9rien Ahmed Touba arrive en pr\u00eat du Panathina\u00efkos - El Mawkie","robots":{"index":"index","follow":"follow","max-snippet":"max-snippet:-1","max-image-preview":"max-image-preview:large","max-video-preview":"max-video-preview:-1"},"canonical":"https:\/\/elmawkie.dz\/fr\/le-havre-linternational-algerien-ahmed-touba-arrive-en-pret-du-panathinaikos\/","og_locale":"fr_FR","og_type":"article","og_title":"Le Havre : l'international alg\u00e9rien Ahmed Touba arrive en pr\u00eat du Panathina\u00efkos","og_description":"Le d\u00e9fenseur international alg\u00e9rien Ahmed Touba s&rsquo;est engag\u00e9 avec Le Havre AC, en provenance du Panathina\u00efkos (Gr\u00e8ce), dans le cadre d\u2019un pr\u00eat, a annonc\u00e9 le club fran\u00e7ais de Ligue 1 de football sur son site officiel. Ag\u00e9 de 28 ans, il \u00e9volue au poste de d\u00e9fenseur axial gauche ou lat\u00e9ral gauche. Il retrouve ainsi le &hellip;","og_url":"https:\/\/elmawkie.dz\/fr\/le-havre-linternational-algerien-ahmed-touba-arrive-en-pret-du-panathinaikos\/","og_site_name":"El Mawkie","article_publisher":"https:\/\/www.facebook.com\/profile.php?id=100088407094989&locale=fr_FR","article_published_time":"2026-08-27T15:47:29+00:00","article_modified_time":"2026-08-27T15:47:30+00:00","og_image":[{"width":588,"height":393,"url":"https:\/\/elmawkie.dz\/fr\/wp-content\/uploads\/2026\/08\/IMG_9479.jpeg","type":"image\/jpeg"}],"author":"R\u00e9daction","twitter_card":"summary_large_image","twitter_misc":{"Written by":"R\u00e9daction","Est. reading time":"2 minutes"},"schema":{"@context":"https:\/\/schema.org","@graph":[{"@type":"Article","@id":"https:\/\/elmawkie.dz\/fr\/le-havre-linternational-algerien-ahmed-touba-arrive-en-pret-du-panathinaikos\/#article","isPartOf":{"@id":"https:\/\/elmawkie.dz\/fr\/le-havre-linternational-algerien-ahmed-touba-arrive-en-pret-du-panathinaikos\/"},"author":{"name":"R\u00e9daction","@id":"https:\/\/elmawkie.dz\/fr\/#\/schema\/person\/e7bd59d6467874ba5c4723d8a9f0a63c"},"headline":"Le Havre : l&rsquo;international alg\u00e9rien Ahmed Touba arrive en pr\u00eat du Panathina\u00efkos","datePublished":"2026-08-27T15:47:29+00:00","dateModified":"2026-08-27T15:47:30+00:00","mainEntityOfPage":{"@id":"https:\/\/elmawkie.dz\/fr\/le-havre-linternational-algerien-ahmed-touba-arrive-en-pret-du-panathinaikos\/"},"wordCount":229,"commentCount":0,"publisher":{"@id":"https:\/\/elmawkie.dz\/fr\/#organization"},"image":{"@id":"https:\/\/elmawkie.dz\/fr\/le-havre-linternational-algerien-ahmed-touba-arrive-en-pret-du-panathinaikos\/#primaryimage"},"thumbnailUrl":"https:\/\/elmawkie.dz\/fr\/wp-content\/uploads\/2026\/08\/IMG_9479.jpeg","keywords":["Ahmed Touba","Le Havre"],"articleSection":["Sport"],"inLanguage":"fr-FR","potentialAction":[{"@type":"CommentAction","name":"Comment","target":["https:\/\/elmawkie.dz\/fr\/le-havre-linternational-algerien-ahmed-touba-arrive-en-pret-du-panathinaikos\/#respond"]}]},{"@type":"WebPage","@id":"https:\/\/elmawkie.dz\/fr\/le-havre-linternational-algerien-ahmed-touba-arrive-en-pret-du-panathinaikos\/","url":"https:\/\/elmawkie.dz\/fr\/le-havre-linternational-algerien-ahmed-touba-arrive-en-pret-du-panathinaikos\/","name":"Le Havre : l'international alg\u00e9rien Ahmed Touba arrive en pr\u00eat du Panathina\u00efkos - El Mawkie","isPartOf":{"@id":"https:\/\/elmawkie.dz\/fr\/#website"},"primaryImageOfPage":{"@id":"https:\/\/elmawkie.dz\/fr\/le-havre-linternational-algerien-ahmed-touba-arrive-en-pret-du-panathinaikos\/#primaryimage"},"image":{"@id":"https:\/\/elmawkie.dz\/fr\/le-havre-linternational-algerien-ahmed-touba-arrive-en-pret-du-panathinaikos\/#primaryimage"},"thumbnailUrl":"https:\/\/elmawkie.dz\/fr\/wp-content\/uploads\/2026\/08\/IMG_9479.jpeg","datePublished":"2026-08-27T15:47:29+00:00","dateModified":"2026-08-27T15:47:30+00:00","breadcrumb":{"@id":"https:\/\/elmawkie.dz\/fr\/le-havre-linternational-algerien-ahmed-touba-arrive-en-pret-du-panathinaikos\/#breadcrumb"},"inLanguage":"fr-FR","potentialAction":[{"@type":"ReadAction","target":["https:\/\/elmawkie.dz\/fr\/le-havre-linternational-algerien-ahmed-touba-arrive-en-pret-du-panathinaikos\/"]}]},{"@type":"ImageObject","inLanguage":"fr-FR","@id":"https:\/\/elmawkie.dz\/fr\/le-havre-linternational-algerien-ahmed-touba-arrive-en-pret-du-panathinaikos\/#primaryimage","url":"https:\/\/elmawkie.dz\/fr\/wp-content\/uploads\/2026\/08\/IMG_9479.jpeg","contentUrl":"https:\/\/elmawkie.dz\/fr\/wp-content\/uploads\/2026\/08\/IMG_9479.jpeg","width":588,"height":393},{"@type":"BreadcrumbList","@id":"https:\/\/elmawkie.dz\/fr\/le-havre-linternational-algerien-ahmed-touba-arrive-en-pret-du-panathinaikos\/#breadcrumb","itemListElement":[{"@type":"ListItem","position":1,"name":"Home","item":"https:\/\/elmawkie.dz\/fr\/"},{"@type":"ListItem","position":2,"name":"Le Havre : l&rsquo;international alg\u00e9rien Ahmed Touba arrive en pr\u00eat du Panathina\u00efkos"}]},{"@type":"WebSite","@id":"https:\/\/elmawkie.dz\/fr\/#website","url":"https:\/\/elmawkie.dz\/fr\/","name":"EL MAWKIE","description":"Journal \u00c9lectronique Alg\u00e9rien","publisher":{"@id":"https:\/\/elmawkie.dz\/fr\/#organization"},"potentialAction":[{"@type":"SearchAction","target":{"@type":"EntryPoint","urlTemplate":"https:\/\/elmawkie.dz\/fr\/?s={search_term_string}"},"query-input":"required name=search_term_string"}],"inLanguage":"fr-FR"},{"@type":"Organization","@id":"https:\/\/elmawkie.dz\/fr\/#organization","name":"EL MAWKIE","url":"https:\/\/elmawkie.dz\/fr\/","logo":{"@type":"ImageObject","inLanguage":"fr-FR","@id":"https:\/\/elmawkie.dz\/fr\/#\/schema\/logo\/image\/","url":"https:\/\/elmawkie.dz\/fr\/wp-content\/uploads\/2024\/05\/logo1.png","contentUrl":"https:\/\/elmawkie.dz\/fr\/wp-content\/uploads\/2024\/05\/logo1.png","width":1648,"height":652,"caption":"EL MAWKIE"},"image":{"@id":"https:\/\/elmawkie.dz\/fr\/#\/schema\/logo\/image\/"},"sameAs":["https:\/\/www.facebook.com\/profile.php?id=100088407094989&locale=fr_FR"]},{"@type":"Person","@id":"https:\/\/elmawkie.dz\/fr\/#\/schema\/person\/e7bd59d6467874ba5c4723d8a9f0a63c","name":"R\u00e9daction","image":{"@type":"ImageObject","inLanguage":"fr-FR","@id":"https:\/\/elmawkie.dz\/fr\/#\/schema\/person\/image\/","url":"https:\/\/secure.gravatar.com\/avatar\/f0f773456344da4d2788c054a3d30a0c?s=96&d=mm&r=g","contentUrl":"https:\/\/secure.gravatar.com\/avatar\/f0f773456344da4d2788c054a3d30a0c?s=96&d=mm&r=g","caption":"R\u00e9daction"},"url":"https:\/\/elmawkie.dz\/fr\/author\/redaction\/"}]}},"_links":{"self":[{"href":"https:\/\/elmawkie.dz\/fr\/wp-json\/wp\/v2\/posts\/67728","targetHints":{"allow":["GET"]}}],"collection":[{"href":"https:\/\/elmawkie.dz\/fr\/wp-json\/wp\/v2\/posts"}],"about":[{"href":"https:\/\/elmawkie.dz\/fr\/wp-json\/wp\/v2\/types\/post"}],"author":[{"embeddable":true,"href":"https:\/\/elmawkie.dz\/fr\/wp-json\/wp\/v2\/users\/9"}],"replies":[{"embeddable":true,"href":"https:\/\/elmawkie.dz\/fr\/wp-json\/wp\/v2\/comments?post=67728"}],"version-history":[{"count":1,"href":"https:\/\/elmawkie.dz\/fr\/wp-json\/wp\/v2\/posts\/67728\/revisions"}],"predecessor-version":[{"id":67731,"href":"https:\/\/elmawkie.dz\/fr\/wp-json\/wp\/v2\/posts\/67728\/revisions\/67731"}],"wp:featuredmedia":[{"embeddable":true,"href":"https:\/\/elmawkie.dz\/fr\/wp-json\/wp\/v2\/media\/67730"}],"wp:attachment":[{"href":"https:\/\/elmawkie.dz\/fr\/wp-json\/wp\/v2\/media?parent=67728"}],"wp:term":[{"taxonomy":"category","embeddable":true,"href":"https:\/\/elmawkie.dz\/fr\/wp-json\/wp\/v2\/categories?post=67728"},{"taxonomy":"post_tag","embeddable":true,"href":"https:\/\/elmawkie.dz\/fr\/wp-json\/wp\/v2\/tags?post=67728"}],"curies":[{"name":"wp","href":"https:\/\/api.w.org\/{rel}","templated":true}]}}