{"id":67724,"date":"2026-08-27T16:39:40","date_gmt":"2026-08-27T15:39:40","guid":{"rendered":"https:\/\/elmawkie.dz\/fr\/?p=67724"},"modified":"2026-08-27T16:39:41","modified_gmt":"2026-08-27T15:39:41","slug":"relations-algero-nigeriennes-une-dynamique-soutenue-au-service-dun-partenariat-strategique-multidimensionnel","status":"publish","type":"post","link":"https:\/\/elmawkie.dz\/fr\/relations-algero-nigeriennes-une-dynamique-soutenue-au-service-dun-partenariat-strategique-multidimensionnel\/","title":{"rendered":"Relations alg\u00e9ro-nig\u00e9riennes : une dynamique soutenue au service d&rsquo;un partenariat strat\u00e9gique multidimensionnel"},"content":{"rendered":"\n<p>Les relations alg\u00e9ro-nig\u00e9riennes connaissent, ces derniers temps, une dynamique soutenue, qui se traduit par l&rsquo;intensification de la concertation politique, le renforcement de la coop\u00e9ration \u00e9conomique et \u00e9nerg\u00e9tique et le lancement de projets strat\u00e9giques, t\u00e9moignant de la volont\u00e9 des deux pays de promouvoir le partenariat bilat\u00e9ral. Dans cette optique, la visite de travail qu&rsquo;effectue le Premier ministre de la R\u00e9publique du Niger, M. Ali Mahaman Lamine Zeine, en Alg\u00e9rie, constitue un nouveau jalon dans le processus de dynamisation de la coop\u00e9ration bilat\u00e9rale, \u00e0 la lumi\u00e8re des orientations du pr\u00e9sident de la R\u00e9publique, M. Abdelmadjid Tebboune, et de son fr\u00e8re, le G\u00e9n\u00e9ral d&rsquo;Arm\u00e9e Abdourahamane Tiani, pr\u00e9sident de la R\u00e9publique du Niger.<\/p>\n\n\n\n<p>Dans une d\u00e9claration conjointe avec son homologue nig\u00e9rien, \u00e0 l&rsquo;occasion de la visite effectu\u00e9e par ce denier en Alg\u00e9rie, en f\u00e9vrier 2026, le pr\u00e9sident de la R\u00e9publique avait affirm\u00e9 que cette visite a \u00ab\u00a0renforc\u00e9 les liens de fraternit\u00e9 et d&rsquo;amiti\u00e9 entre nous, en tant que voisins, fr\u00e8res et amis\u00a0\u00bb, faisant \u00e9tat d&rsquo;un accord pour \u00ab\u00a0renforcer la coop\u00e9ration s\u00e9curitaire et \u00e9nerg\u00e9tique, incluant les hydrocarbures et l&rsquo;\u00e9lectricit\u00e9, ainsi qu&rsquo;en mati\u00e8re de formation professionnelle, militaire et universitaire\u00a0\u00bb.<\/p>\n\n\n\n<p>\u00ab\u00a0Nous allons pr\u00e9server l&rsquo;amiti\u00e9 que nous entretenons avec le Niger depuis des g\u00e9n\u00e9rations\u00a0\u00bb, avait-il alors d\u00e9clar\u00e9, assurant que les relations unissant les deux pays fr\u00e8res et voisins seront un \u00ab\u00a0exemple en Afrique\u00a0\u00bb. De son c\u00f4t\u00e9, le Pr\u00e9sident Tiani avait soulign\u00e9 que sa visite en Alg\u00e9rie \u00ab\u00a0illustre l&rsquo;int\u00e9r\u00eat que porte le Niger au renforcement des liens de fraternit\u00e9 et des relations de coop\u00e9ration bilat\u00e9rale entre nos deux peuples, gouvernements et pays\u00a0\u00bb, saluant la \u00ab\u00a0qualit\u00e9 des relations historiques\u00a0\u00bb entre les deux peuples et la volont\u00e9 commune de \u00ab\u00a0consolider la coop\u00e9ration fraternelle et les relations de bon voisinage\u00a0\u00bb.<\/p>\n\n\n\n<p>Dans ce sillage, la coop\u00e9ration entre les deux pays s&rsquo;est consid\u00e9rablement intensifi\u00e9e, avec pour point culminant la tenue, fin mars dernier \u00e0 Niamey, des travaux de la deuxi\u00e8me session de la Grande commission mixte alg\u00e9ro-nig\u00e9rienne de coop\u00e9ration.<\/p>\n\n\n\n<p>Dans le communiqu\u00e9 conjoint ayant sanctionn\u00e9 ces travaux, l&rsquo;accent a \u00e9t\u00e9 mis sur le caract\u00e8re strat\u00e9gique des relations bilat\u00e9rales et la n\u00e9cessit\u00e9 de les porter au niveau des potentialit\u00e9s des deux pays et d&rsquo;acc\u00e9l\u00e9rer la mise en \u0153uvre des projets structurants, en tant que socles de l&rsquo;int\u00e9gration \u00e9conomique.<\/p>\n\n\n\n<p>La coop\u00e9ration dans le domaine de l&rsquo;\u00e9nergie constitue l&rsquo;une des principales illustrations de cette dynamique. Dans ce cadre, le Premier ministre, M. Sifi Ghrieb, avait copr\u00e9sid\u00e9, le 3 juin dernier \u00e0 Niamey, avec son homologue nig\u00e9rien, la c\u00e9r\u00e9monie d&rsquo;inauguration de la centrale \u00e9lectrique de solidarit\u00e9 alg\u00e9ro-nig\u00e9rienne d&rsquo;une capacit\u00e9 de 40 m\u00e9gawatts, r\u00e9alis\u00e9e \u00e0 Gorou Banda \u00e0 titre de don de l&rsquo;Alg\u00e9rie \u00e0 la R\u00e9publique du Niger.<\/p>\n\n\n\n<p>Ce projet, r\u00e9alis\u00e9 par le groupe Sonelgaz, t\u00e9moigne de l&rsquo;engagement de l&rsquo;Alg\u00e9rie en faveur du renforcement de la solidarit\u00e9 africaine et de la promotion de la coop\u00e9ration Sud-Sud, notamment \u00e0 travers la formation des ressources humaines et le transfert d&rsquo;expertises. Une session de formation a d&rsquo;ailleurs \u00e9t\u00e9 organis\u00e9e en Alg\u00e9rie au profit d&rsquo;agents de la Soci\u00e9t\u00e9 nig\u00e9rienne d&rsquo;\u00e9lectricit\u00e9 (Nigelec).<\/p>\n\n\n\n<p>Avec le lancement des travaux de forage du puits d&rsquo;exploration Kafra Sud-Est 1, lors de la visite de travail effectu\u00e9e par M. Sifi Ghrieb au Niger, le 12 ao\u00fbt dernier, sur instruction du pr\u00e9sident de la R\u00e9publique, la coop\u00e9ration \u00e9nerg\u00e9tique entre les deux pays est pass\u00e9e \u00e0 un niveau sup\u00e9rieur. Ce projet est le fruit d&rsquo;un partenariat multidimensionnel entre le groupe Sonatrach et la Soci\u00e9t\u00e9 nationale nig\u00e9rienne du p\u00e9trole (Sonidep), couvrant les domaines de la recherche, de l&rsquo;exploration, du d\u00e9veloppement et de la production, ainsi que les services de forage, de raffinage et de p\u00e9trochimie, la distribution et la commercialisation des produits p\u00e9troliers, en sus de la formation, du transfert de technologie et du renforcement des capacit\u00e9s.<\/p>\n\n\n\n<p>Cette coop\u00e9ration bilat\u00e9rale trouve son prolongement dans les projets strat\u00e9giques \u00e0 dimension r\u00e9gionale, notamment le projet de gazoduc transsaharien (TSGP), consid\u00e9r\u00e9 comme un maillon essentiel du processus d&rsquo;int\u00e9gration africaine, un projet qui refl\u00e8te \u00e9galement une vision commune fond\u00e9e sur la promotion des zones frontali\u00e8res et leur transformation en espaces de coop\u00e9ration et de d\u00e9veloppement commun, ainsi que sur le renforcement de la s\u00e9curit\u00e9 et de la stabilit\u00e9 au Sahel.<\/p>\n\n\n\n<p>Autre indicateur de l&rsquo;\u00e9largissement du champ de la coop\u00e9ration alg\u00e9ro-nig\u00e9rienne dans le domaine des hydrocarbures, le groupe Sonatrach a proc\u00e9d\u00e9, le 15 ao\u00fbt courant, aux premi\u00e8res livraisons de carburant d&rsquo;aviation de type Jet A1 au Niger \u00e0 partir de la raffinerie d&rsquo;Adrar Outre ces volets, la coop\u00e9ration s\u00e9curitaire et militaire demeure l&rsquo;un des principaux axes des relations entre les deux pays.<\/p>\n","protected":false},"excerpt":{"rendered":"<p>Les relations alg\u00e9ro-nig\u00e9riennes connaissent, ces derniers temps, une dynamique soutenue, qui se traduit par l&rsquo;intensification de la concertation politique, le renforcement de la coop\u00e9ration \u00e9conomique et \u00e9nerg\u00e9tique et le lancement de projets strat\u00e9giques, t\u00e9moignant de la volont\u00e9 des deux pays de promouvoir le partenariat bilat\u00e9ral. Dans cette optique, la visite de travail qu&rsquo;effectue le Premier &hellip;<\/p>\n","protected":false},"author":9,"featured_media":67726,"comment_status":"open","ping_status":"open","sticky":false,"template":"","format":"standard","meta":{"footnotes":""},"categories":[35,47],"tags":[88,320],"class_list":["post-67724","post","type-post","status-publish","format-standard","has-post-thumbnail","hentry","category-diplomatie","category-national","tag-algerie","tag-niger"],"yoast_head":"<!-- This site is optimized with the Yoast SEO Premium plugin v22.6 (Yoast SEO v22.6) - https:\/\/yoast.com\/wordpress\/plugins\/seo\/ -->\n<title>Relations alg\u00e9ro-nig\u00e9riennes : une dynamique soutenue au service d&#039;un partenariat strat\u00e9gique multidimensionnel - El Mawkie<\/title>\n<meta name=\"robots\" content=\"index, follow, max-snippet:-1, max-image-preview:large, max-video-preview:-1\" \/>\n<link rel=\"canonical\" href=\"https:\/\/elmawkie.dz\/fr\/relations-algero-nigeriennes-une-dynamique-soutenue-au-service-dun-partenariat-strategique-multidimensionnel\/\" \/>\n<meta property=\"og:locale\" content=\"fr_FR\" \/>\n<meta property=\"og:type\" content=\"article\" \/>\n<meta property=\"og:title\" content=\"Relations alg\u00e9ro-nig\u00e9riennes : une dynamique soutenue au service d&#039;un partenariat strat\u00e9gique multidimensionnel\" \/>\n<meta property=\"og:description\" content=\"Les relations alg\u00e9ro-nig\u00e9riennes connaissent, ces derniers temps, une dynamique soutenue, qui se traduit par l&rsquo;intensification de la concertation politique, le renforcement de la coop\u00e9ration \u00e9conomique et \u00e9nerg\u00e9tique et le lancement de projets strat\u00e9giques, t\u00e9moignant de la volont\u00e9 des deux pays de promouvoir le partenariat bilat\u00e9ral. Dans cette optique, la visite de travail qu&rsquo;effectue le Premier &hellip;\" \/>\n<meta property=\"og:url\" content=\"https:\/\/elmawkie.dz\/fr\/relations-algero-nigeriennes-une-dynamique-soutenue-au-service-dun-partenariat-strategique-multidimensionnel\/\" \/>\n<meta property=\"og:site_name\" content=\"El Mawkie\" \/>\n<meta property=\"article:publisher\" content=\"https:\/\/www.facebook.com\/profile.php?id=100088407094989&amp;locale=fr_FR\" \/>\n<meta property=\"article:published_time\" content=\"2026-08-27T15:39:40+00:00\" \/>\n<meta property=\"article:modified_time\" content=\"2026-08-27T15:39:41+00:00\" \/>\n<meta property=\"og:image\" content=\"https:\/\/elmawkie.dz\/fr\/wp-content\/uploads\/2026\/08\/IMG_9477.jpeg\" \/>\n\t<meta property=\"og:image:width\" content=\"1256\" \/>\n\t<meta property=\"og:image:height\" content=\"628\" \/>\n\t<meta property=\"og:image:type\" content=\"image\/jpeg\" \/>\n<meta name=\"author\" content=\"R\u00e9daction\" \/>\n<meta name=\"twitter:card\" content=\"summary_large_image\" \/>\n<meta name=\"twitter:label1\" content=\"Written by\" \/>\n\t<meta name=\"twitter:data1\" content=\"R\u00e9daction\" \/>\n\t<meta name=\"twitter:label2\" content=\"Est. reading time\" \/>\n\t<meta name=\"twitter:data2\" content=\"4 minutes\" \/>\n<script type=\"application\/ld+json\" class=\"yoast-schema-graph\">{\"@context\":\"https:\/\/schema.org\",\"@graph\":[{\"@type\":\"Article\",\"@id\":\"https:\/\/elmawkie.dz\/fr\/relations-algero-nigeriennes-une-dynamique-soutenue-au-service-dun-partenariat-strategique-multidimensionnel\/#article\",\"isPartOf\":{\"@id\":\"https:\/\/elmawkie.dz\/fr\/relations-algero-nigeriennes-une-dynamique-soutenue-au-service-dun-partenariat-strategique-multidimensionnel\/\"},\"author\":{\"name\":\"R\u00e9daction\",\"@id\":\"https:\/\/elmawkie.dz\/fr\/#\/schema\/person\/e7bd59d6467874ba5c4723d8a9f0a63c\"},\"headline\":\"Relations alg\u00e9ro-nig\u00e9riennes : une dynamique soutenue au service d&rsquo;un partenariat strat\u00e9gique multidimensionnel\",\"datePublished\":\"2026-08-27T15:39:40+00:00\",\"dateModified\":\"2026-08-27T15:39:41+00:00\",\"mainEntityOfPage\":{\"@id\":\"https:\/\/elmawkie.dz\/fr\/relations-algero-nigeriennes-une-dynamique-soutenue-au-service-dun-partenariat-strategique-multidimensionnel\/\"},\"wordCount\":881,\"commentCount\":0,\"publisher\":{\"@id\":\"https:\/\/elmawkie.dz\/fr\/#organization\"},\"image\":{\"@id\":\"https:\/\/elmawkie.dz\/fr\/relations-algero-nigeriennes-une-dynamique-soutenue-au-service-dun-partenariat-strategique-multidimensionnel\/#primaryimage\"},\"thumbnailUrl\":\"https:\/\/elmawkie.dz\/fr\/wp-content\/uploads\/2026\/08\/IMG_9477.jpeg\",\"keywords\":[\"Alg\u00e9rie\",\"Niger\"],\"articleSection\":[\"Diplomatie\",\"National\"],\"inLanguage\":\"fr-FR\",\"potentialAction\":[{\"@type\":\"CommentAction\",\"name\":\"Comment\",\"target\":[\"https:\/\/elmawkie.dz\/fr\/relations-algero-nigeriennes-une-dynamique-soutenue-au-service-dun-partenariat-strategique-multidimensionnel\/#respond\"]}]},{\"@type\":\"WebPage\",\"@id\":\"https:\/\/elmawkie.dz\/fr\/relations-algero-nigeriennes-une-dynamique-soutenue-au-service-dun-partenariat-strategique-multidimensionnel\/\",\"url\":\"https:\/\/elmawkie.dz\/fr\/relations-algero-nigeriennes-une-dynamique-soutenue-au-service-dun-partenariat-strategique-multidimensionnel\/\",\"name\":\"Relations alg\u00e9ro-nig\u00e9riennes : une dynamique soutenue au service d'un partenariat strat\u00e9gique multidimensionnel - El Mawkie\",\"isPartOf\":{\"@id\":\"https:\/\/elmawkie.dz\/fr\/#website\"},\"primaryImageOfPage\":{\"@id\":\"https:\/\/elmawkie.dz\/fr\/relations-algero-nigeriennes-une-dynamique-soutenue-au-service-dun-partenariat-strategique-multidimensionnel\/#primaryimage\"},\"image\":{\"@id\":\"https:\/\/elmawkie.dz\/fr\/relations-algero-nigeriennes-une-dynamique-soutenue-au-service-dun-partenariat-strategique-multidimensionnel\/#primaryimage\"},\"thumbnailUrl\":\"https:\/\/elmawkie.dz\/fr\/wp-content\/uploads\/2026\/08\/IMG_9477.jpeg\",\"datePublished\":\"2026-08-27T15:39:40+00:00\",\"dateModified\":\"2026-08-27T15:39:41+00:00\",\"breadcrumb\":{\"@id\":\"https:\/\/elmawkie.dz\/fr\/relations-algero-nigeriennes-une-dynamique-soutenue-au-service-dun-partenariat-strategique-multidimensionnel\/#breadcrumb\"},\"inLanguage\":\"fr-FR\",\"potentialAction\":[{\"@type\":\"ReadAction\",\"target\":[\"https:\/\/elmawkie.dz\/fr\/relations-algero-nigeriennes-une-dynamique-soutenue-au-service-dun-partenariat-strategique-multidimensionnel\/\"]}]},{\"@type\":\"ImageObject\",\"inLanguage\":\"fr-FR\",\"@id\":\"https:\/\/elmawkie.dz\/fr\/relations-algero-nigeriennes-une-dynamique-soutenue-au-service-dun-partenariat-strategique-multidimensionnel\/#primaryimage\",\"url\":\"https:\/\/elmawkie.dz\/fr\/wp-content\/uploads\/2026\/08\/IMG_9477.jpeg\",\"contentUrl\":\"https:\/\/elmawkie.dz\/fr\/wp-content\/uploads\/2026\/08\/IMG_9477.jpeg\",\"width\":1256,\"height\":628},{\"@type\":\"BreadcrumbList\",\"@id\":\"https:\/\/elmawkie.dz\/fr\/relations-algero-nigeriennes-une-dynamique-soutenue-au-service-dun-partenariat-strategique-multidimensionnel\/#breadcrumb\",\"itemListElement\":[{\"@type\":\"ListItem\",\"position\":1,\"name\":\"Home\",\"item\":\"https:\/\/elmawkie.dz\/fr\/\"},{\"@type\":\"ListItem\",\"position\":2,\"name\":\"Relations alg\u00e9ro-nig\u00e9riennes : une dynamique soutenue au service d&rsquo;un partenariat strat\u00e9gique multidimensionnel\"}]},{\"@type\":\"WebSite\",\"@id\":\"https:\/\/elmawkie.dz\/fr\/#website\",\"url\":\"https:\/\/elmawkie.dz\/fr\/\",\"name\":\"EL MAWKIE\",\"description\":\"Journal \u00c9lectronique Alg\u00e9rien\",\"publisher\":{\"@id\":\"https:\/\/elmawkie.dz\/fr\/#organization\"},\"potentialAction\":[{\"@type\":\"SearchAction\",\"target\":{\"@type\":\"EntryPoint\",\"urlTemplate\":\"https:\/\/elmawkie.dz\/fr\/?s={search_term_string}\"},\"query-input\":\"required name=search_term_string\"}],\"inLanguage\":\"fr-FR\"},{\"@type\":\"Organization\",\"@id\":\"https:\/\/elmawkie.dz\/fr\/#organization\",\"name\":\"EL MAWKIE\",\"url\":\"https:\/\/elmawkie.dz\/fr\/\",\"logo\":{\"@type\":\"ImageObject\",\"inLanguage\":\"fr-FR\",\"@id\":\"https:\/\/elmawkie.dz\/fr\/#\/schema\/logo\/image\/\",\"url\":\"https:\/\/elmawkie.dz\/fr\/wp-content\/uploads\/2024\/05\/logo1.png\",\"contentUrl\":\"https:\/\/elmawkie.dz\/fr\/wp-content\/uploads\/2024\/05\/logo1.png\",\"width\":1648,\"height\":652,\"caption\":\"EL MAWKIE\"},\"image\":{\"@id\":\"https:\/\/elmawkie.dz\/fr\/#\/schema\/logo\/image\/\"},\"sameAs\":[\"https:\/\/www.facebook.com\/profile.php?id=100088407094989&locale=fr_FR\"]},{\"@type\":\"Person\",\"@id\":\"https:\/\/elmawkie.dz\/fr\/#\/schema\/person\/e7bd59d6467874ba5c4723d8a9f0a63c\",\"name\":\"R\u00e9daction\",\"image\":{\"@type\":\"ImageObject\",\"inLanguage\":\"fr-FR\",\"@id\":\"https:\/\/elmawkie.dz\/fr\/#\/schema\/person\/image\/\",\"url\":\"https:\/\/secure.gravatar.com\/avatar\/f0f773456344da4d2788c054a3d30a0c?s=96&d=mm&r=g\",\"contentUrl\":\"https:\/\/secure.gravatar.com\/avatar\/f0f773456344da4d2788c054a3d30a0c?s=96&d=mm&r=g\",\"caption\":\"R\u00e9daction\"},\"url\":\"https:\/\/elmawkie.dz\/fr\/author\/redaction\/\"}]}<\/script>\n<!-- \/ Yoast SEO Premium plugin. -->","yoast_head_json":{"title":"Relations alg\u00e9ro-nig\u00e9riennes : une dynamique soutenue au service d'un partenariat strat\u00e9gique multidimensionnel - El Mawkie","robots":{"index":"index","follow":"follow","max-snippet":"max-snippet:-1","max-image-preview":"max-image-preview:large","max-video-preview":"max-video-preview:-1"},"canonical":"https:\/\/elmawkie.dz\/fr\/relations-algero-nigeriennes-une-dynamique-soutenue-au-service-dun-partenariat-strategique-multidimensionnel\/","og_locale":"fr_FR","og_type":"article","og_title":"Relations alg\u00e9ro-nig\u00e9riennes : une dynamique soutenue au service d'un partenariat strat\u00e9gique multidimensionnel","og_description":"Les relations alg\u00e9ro-nig\u00e9riennes connaissent, ces derniers temps, une dynamique soutenue, qui se traduit par l&rsquo;intensification de la concertation politique, le renforcement de la coop\u00e9ration \u00e9conomique et \u00e9nerg\u00e9tique et le lancement de projets strat\u00e9giques, t\u00e9moignant de la volont\u00e9 des deux pays de promouvoir le partenariat bilat\u00e9ral. Dans cette optique, la visite de travail qu&rsquo;effectue le Premier &hellip;","og_url":"https:\/\/elmawkie.dz\/fr\/relations-algero-nigeriennes-une-dynamique-soutenue-au-service-dun-partenariat-strategique-multidimensionnel\/","og_site_name":"El Mawkie","article_publisher":"https:\/\/www.facebook.com\/profile.php?id=100088407094989&locale=fr_FR","article_published_time":"2026-08-27T15:39:40+00:00","article_modified_time":"2026-08-27T15:39:41+00:00","og_image":[{"width":1256,"height":628,"url":"https:\/\/elmawkie.dz\/fr\/wp-content\/uploads\/2026\/08\/IMG_9477.jpeg","type":"image\/jpeg"}],"author":"R\u00e9daction","twitter_card":"summary_large_image","twitter_misc":{"Written by":"R\u00e9daction","Est. reading time":"4 minutes"},"schema":{"@context":"https:\/\/schema.org","@graph":[{"@type":"Article","@id":"https:\/\/elmawkie.dz\/fr\/relations-algero-nigeriennes-une-dynamique-soutenue-au-service-dun-partenariat-strategique-multidimensionnel\/#article","isPartOf":{"@id":"https:\/\/elmawkie.dz\/fr\/relations-algero-nigeriennes-une-dynamique-soutenue-au-service-dun-partenariat-strategique-multidimensionnel\/"},"author":{"name":"R\u00e9daction","@id":"https:\/\/elmawkie.dz\/fr\/#\/schema\/person\/e7bd59d6467874ba5c4723d8a9f0a63c"},"headline":"Relations alg\u00e9ro-nig\u00e9riennes : une dynamique soutenue au service d&rsquo;un partenariat strat\u00e9gique multidimensionnel","datePublished":"2026-08-27T15:39:40+00:00","dateModified":"2026-08-27T15:39:41+00:00","mainEntityOfPage":{"@id":"https:\/\/elmawkie.dz\/fr\/relations-algero-nigeriennes-une-dynamique-soutenue-au-service-dun-partenariat-strategique-multidimensionnel\/"},"wordCount":881,"commentCount":0,"publisher":{"@id":"https:\/\/elmawkie.dz\/fr\/#organization"},"image":{"@id":"https:\/\/elmawkie.dz\/fr\/relations-algero-nigeriennes-une-dynamique-soutenue-au-service-dun-partenariat-strategique-multidimensionnel\/#primaryimage"},"thumbnailUrl":"https:\/\/elmawkie.dz\/fr\/wp-content\/uploads\/2026\/08\/IMG_9477.jpeg","keywords":["Alg\u00e9rie","Niger"],"articleSection":["Diplomatie","National"],"inLanguage":"fr-FR","potentialAction":[{"@type":"CommentAction","name":"Comment","target":["https:\/\/elmawkie.dz\/fr\/relations-algero-nigeriennes-une-dynamique-soutenue-au-service-dun-partenariat-strategique-multidimensionnel\/#respond"]}]},{"@type":"WebPage","@id":"https:\/\/elmawkie.dz\/fr\/relations-algero-nigeriennes-une-dynamique-soutenue-au-service-dun-partenariat-strategique-multidimensionnel\/","url":"https:\/\/elmawkie.dz\/fr\/relations-algero-nigeriennes-une-dynamique-soutenue-au-service-dun-partenariat-strategique-multidimensionnel\/","name":"Relations alg\u00e9ro-nig\u00e9riennes : une dynamique soutenue au service d'un partenariat strat\u00e9gique multidimensionnel - El Mawkie","isPartOf":{"@id":"https:\/\/elmawkie.dz\/fr\/#website"},"primaryImageOfPage":{"@id":"https:\/\/elmawkie.dz\/fr\/relations-algero-nigeriennes-une-dynamique-soutenue-au-service-dun-partenariat-strategique-multidimensionnel\/#primaryimage"},"image":{"@id":"https:\/\/elmawkie.dz\/fr\/relations-algero-nigeriennes-une-dynamique-soutenue-au-service-dun-partenariat-strategique-multidimensionnel\/#primaryimage"},"thumbnailUrl":"https:\/\/elmawkie.dz\/fr\/wp-content\/uploads\/2026\/08\/IMG_9477.jpeg","datePublished":"2026-08-27T15:39:40+00:00","dateModified":"2026-08-27T15:39:41+00:00","breadcrumb":{"@id":"https:\/\/elmawkie.dz\/fr\/relations-algero-nigeriennes-une-dynamique-soutenue-au-service-dun-partenariat-strategique-multidimensionnel\/#breadcrumb"},"inLanguage":"fr-FR","potentialAction":[{"@type":"ReadAction","target":["https:\/\/elmawkie.dz\/fr\/relations-algero-nigeriennes-une-dynamique-soutenue-au-service-dun-partenariat-strategique-multidimensionnel\/"]}]},{"@type":"ImageObject","inLanguage":"fr-FR","@id":"https:\/\/elmawkie.dz\/fr\/relations-algero-nigeriennes-une-dynamique-soutenue-au-service-dun-partenariat-strategique-multidimensionnel\/#primaryimage","url":"https:\/\/elmawkie.dz\/fr\/wp-content\/uploads\/2026\/08\/IMG_9477.jpeg","contentUrl":"https:\/\/elmawkie.dz\/fr\/wp-content\/uploads\/2026\/08\/IMG_9477.jpeg","width":1256,"height":628},{"@type":"BreadcrumbList","@id":"https:\/\/elmawkie.dz\/fr\/relations-algero-nigeriennes-une-dynamique-soutenue-au-service-dun-partenariat-strategique-multidimensionnel\/#breadcrumb","itemListElement":[{"@type":"ListItem","position":1,"name":"Home","item":"https:\/\/elmawkie.dz\/fr\/"},{"@type":"ListItem","position":2,"name":"Relations alg\u00e9ro-nig\u00e9riennes : une dynamique soutenue au service d&rsquo;un partenariat strat\u00e9gique multidimensionnel"}]},{"@type":"WebSite","@id":"https:\/\/elmawkie.dz\/fr\/#website","url":"https:\/\/elmawkie.dz\/fr\/","name":"EL MAWKIE","description":"Journal \u00c9lectronique Alg\u00e9rien","publisher":{"@id":"https:\/\/elmawkie.dz\/fr\/#organization"},"potentialAction":[{"@type":"SearchAction","target":{"@type":"EntryPoint","urlTemplate":"https:\/\/elmawkie.dz\/fr\/?s={search_term_string}"},"query-input":"required name=search_term_string"}],"inLanguage":"fr-FR"},{"@type":"Organization","@id":"https:\/\/elmawkie.dz\/fr\/#organization","name":"EL MAWKIE","url":"https:\/\/elmawkie.dz\/fr\/","logo":{"@type":"ImageObject","inLanguage":"fr-FR","@id":"https:\/\/elmawkie.dz\/fr\/#\/schema\/logo\/image\/","url":"https:\/\/elmawkie.dz\/fr\/wp-content\/uploads\/2024\/05\/logo1.png","contentUrl":"https:\/\/elmawkie.dz\/fr\/wp-content\/uploads\/2024\/05\/logo1.png","width":1648,"height":652,"caption":"EL MAWKIE"},"image":{"@id":"https:\/\/elmawkie.dz\/fr\/#\/schema\/logo\/image\/"},"sameAs":["https:\/\/www.facebook.com\/profile.php?id=100088407094989&locale=fr_FR"]},{"@type":"Person","@id":"https:\/\/elmawkie.dz\/fr\/#\/schema\/person\/e7bd59d6467874ba5c4723d8a9f0a63c","name":"R\u00e9daction","image":{"@type":"ImageObject","inLanguage":"fr-FR","@id":"https:\/\/elmawkie.dz\/fr\/#\/schema\/person\/image\/","url":"https:\/\/secure.gravatar.com\/avatar\/f0f773456344da4d2788c054a3d30a0c?s=96&d=mm&r=g","contentUrl":"https:\/\/secure.gravatar.com\/avatar\/f0f773456344da4d2788c054a3d30a0c?s=96&d=mm&r=g","caption":"R\u00e9daction"},"url":"https:\/\/elmawkie.dz\/fr\/author\/redaction\/"}]}},"_links":{"self":[{"href":"https:\/\/elmawkie.dz\/fr\/wp-json\/wp\/v2\/posts\/67724","targetHints":{"allow":["GET"]}}],"collection":[{"href":"https:\/\/elmawkie.dz\/fr\/wp-json\/wp\/v2\/posts"}],"about":[{"href":"https:\/\/elmawkie.dz\/fr\/wp-json\/wp\/v2\/types\/post"}],"author":[{"embeddable":true,"href":"https:\/\/elmawkie.dz\/fr\/wp-json\/wp\/v2\/users\/9"}],"replies":[{"embeddable":true,"href":"https:\/\/elmawkie.dz\/fr\/wp-json\/wp\/v2\/comments?post=67724"}],"version-history":[{"count":1,"href":"https:\/\/elmawkie.dz\/fr\/wp-json\/wp\/v2\/posts\/67724\/revisions"}],"predecessor-version":[{"id":67727,"href":"https:\/\/elmawkie.dz\/fr\/wp-json\/wp\/v2\/posts\/67724\/revisions\/67727"}],"wp:featuredmedia":[{"embeddable":true,"href":"https:\/\/elmawkie.dz\/fr\/wp-json\/wp\/v2\/media\/67726"}],"wp:attachment":[{"href":"https:\/\/elmawkie.dz\/fr\/wp-json\/wp\/v2\/media?parent=67724"}],"wp:term":[{"taxonomy":"category","embeddable":true,"href":"https:\/\/elmawkie.dz\/fr\/wp-json\/wp\/v2\/categories?post=67724"},{"taxonomy":"post_tag","embeddable":true,"href":"https:\/\/elmawkie.dz\/fr\/wp-json\/wp\/v2\/tags?post=67724"}],"curies":[{"name":"wp","href":"https:\/\/api.w.org\/{rel}","templated":true}]}}