{"id":67720,"date":"2026-08-27T16:37:34","date_gmt":"2026-08-27T15:37:34","guid":{"rendered":"https:\/\/elmawkie.dz\/fr\/?p=67720"},"modified":"2026-08-27T16:37:35","modified_gmt":"2026-08-27T15:37:35","slug":"incendies-le-cra-deploie-ses-moyens-pour-soutenir-les-populations-sinistrees","status":"publish","type":"post","link":"https:\/\/elmawkie.dz\/fr\/incendies-le-cra-deploie-ses-moyens-pour-soutenir-les-populations-sinistrees\/","title":{"rendered":"Incendies : le CRA d\u00e9ploie ses moyens pour soutenir les populations sinistr\u00e9es"},"content":{"rendered":"\n<p><strong>Le Croissant rouge alg\u00e9rien (CRA) a proc\u00e9d\u00e9 \u00e0 l&rsquo;activation de son dispositif de r\u00e9ponse sur le terrain, mobilisant ses diff\u00e9rents moyens humains et logistiques pour soutenir les efforts de l&rsquo;Etat dans l&rsquo;assistance et l&rsquo;accompagnement des familles sinistr\u00e9es suite aux feux de for\u00eat ayant touch\u00e9 plusieurs wilayas du pays, indique, jeudi, un communiqu\u00e9 de la m\u00eame instance.<\/strong><\/p>\n\n\n\n<p>\u00ab\u00a0Face aux incendies ayant touch\u00e9 certaines wilayas du pays et en soutien aux efforts de l&rsquo;Etat pour accompagner les sinistr\u00e9s et porter assistance aux familles touch\u00e9es par ces feux, le CRA a activ\u00e9, avec c\u00e9l\u00e9rit\u00e9, son dispositif de r\u00e9ponse sur le terrain, en mobilisant l&rsquo;ensemble de ses ressources humaines et logistiques pour faire face \u00e0 la situation et accompagner les familles sinistr\u00e9es\u00a0\u00bb, pr\u00e9cise la m\u00eame source.<\/p>\n\n\n\n<p>Dans ce cadre, des convois de solidarit\u00e9, charg\u00e9s d&rsquo;\u00e9quipements et de produits de premi\u00e8re n\u00e9cessit\u00e9, se sont \u00e9branl\u00e9s vers les zones touch\u00e9es. Douze ambulances et plusieurs v\u00e9hicules ont \u00e9t\u00e9 mobilis\u00e9s, avec la mise \u00e0 disposition des moyens logistiques et des ressources humaines pour les op\u00e9rations de secours, renforc\u00e9es par des \u00e9quipes d&rsquo;intervention d\u00e9p\u00each\u00e9es par les comit\u00e9s de wilayas du Croissant-Rouge alg\u00e9rien de Bordj Bou Arreridj, Constantine, S\u00e9tif et Tizi-Ouzou vers les wilayas de Jijel et B\u00e9ja\u00efa, afin de contribuer aux op\u00e9rations de secours, d&rsquo;accompagner les sinistr\u00e9s et de soutenir les efforts d\u00e9ploy\u00e9s sur le terrain.&nbsp;<\/p>\n","protected":false},"excerpt":{"rendered":"<p>Le Croissant rouge alg\u00e9rien (CRA) a proc\u00e9d\u00e9 \u00e0 l&rsquo;activation de son dispositif de r\u00e9ponse sur le terrain, mobilisant ses diff\u00e9rents moyens humains et logistiques pour soutenir les efforts de l&rsquo;Etat dans l&rsquo;assistance et l&rsquo;accompagnement des familles sinistr\u00e9es suite aux feux de for\u00eat ayant touch\u00e9 plusieurs wilayas du pays, indique, jeudi, un communiqu\u00e9 de la m\u00eame &hellip;<\/p>\n","protected":false},"author":9,"featured_media":67722,"comment_status":"open","ping_status":"open","sticky":false,"template":"","format":"standard","meta":{"footnotes":""},"categories":[47],"tags":[1856,6168],"class_list":["post-67720","post","type-post","status-publish","format-standard","has-post-thumbnail","hentry","category-national","tag-incendies","tag-le-cra"],"yoast_head":"<!-- This site is optimized with the Yoast SEO Premium plugin v22.6 (Yoast SEO v22.6) - https:\/\/yoast.com\/wordpress\/plugins\/seo\/ -->\n<title>Incendies : le CRA d\u00e9ploie ses moyens pour soutenir les populations sinistr\u00e9es - El Mawkie<\/title>\n<meta name=\"robots\" content=\"index, follow, max-snippet:-1, max-image-preview:large, max-video-preview:-1\" \/>\n<link rel=\"canonical\" href=\"https:\/\/elmawkie.dz\/fr\/incendies-le-cra-deploie-ses-moyens-pour-soutenir-les-populations-sinistrees\/\" \/>\n<meta property=\"og:locale\" content=\"fr_FR\" \/>\n<meta property=\"og:type\" content=\"article\" \/>\n<meta property=\"og:title\" content=\"Incendies : le CRA d\u00e9ploie ses moyens pour soutenir les populations sinistr\u00e9es\" \/>\n<meta property=\"og:description\" content=\"Le Croissant rouge alg\u00e9rien (CRA) a proc\u00e9d\u00e9 \u00e0 l&rsquo;activation de son dispositif de r\u00e9ponse sur le terrain, mobilisant ses diff\u00e9rents moyens humains et logistiques pour soutenir les efforts de l&rsquo;Etat dans l&rsquo;assistance et l&rsquo;accompagnement des familles sinistr\u00e9es suite aux feux de for\u00eat ayant touch\u00e9 plusieurs wilayas du pays, indique, jeudi, un communiqu\u00e9 de la m\u00eame &hellip;\" \/>\n<meta property=\"og:url\" content=\"https:\/\/elmawkie.dz\/fr\/incendies-le-cra-deploie-ses-moyens-pour-soutenir-les-populations-sinistrees\/\" \/>\n<meta property=\"og:site_name\" content=\"El Mawkie\" \/>\n<meta property=\"article:publisher\" content=\"https:\/\/www.facebook.com\/profile.php?id=100088407094989&amp;locale=fr_FR\" \/>\n<meta property=\"article:published_time\" content=\"2026-08-27T15:37:34+00:00\" \/>\n<meta property=\"article:modified_time\" content=\"2026-08-27T15:37:35+00:00\" \/>\n<meta property=\"og:image\" content=\"https:\/\/elmawkie.dz\/fr\/wp-content\/uploads\/2026\/08\/IMG_9476.jpeg\" \/>\n\t<meta property=\"og:image:width\" content=\"787\" \/>\n\t<meta property=\"og:image:height\" content=\"486\" \/>\n\t<meta property=\"og:image:type\" content=\"image\/jpeg\" \/>\n<meta name=\"author\" content=\"R\u00e9daction\" \/>\n<meta name=\"twitter:card\" content=\"summary_large_image\" \/>\n<meta name=\"twitter:label1\" content=\"Written by\" \/>\n\t<meta name=\"twitter:data1\" content=\"R\u00e9daction\" \/>\n\t<meta name=\"twitter:label2\" content=\"Est. reading time\" \/>\n\t<meta name=\"twitter:data2\" content=\"2 minutes\" \/>\n<script type=\"application\/ld+json\" class=\"yoast-schema-graph\">{\"@context\":\"https:\/\/schema.org\",\"@graph\":[{\"@type\":\"Article\",\"@id\":\"https:\/\/elmawkie.dz\/fr\/incendies-le-cra-deploie-ses-moyens-pour-soutenir-les-populations-sinistrees\/#article\",\"isPartOf\":{\"@id\":\"https:\/\/elmawkie.dz\/fr\/incendies-le-cra-deploie-ses-moyens-pour-soutenir-les-populations-sinistrees\/\"},\"author\":{\"name\":\"R\u00e9daction\",\"@id\":\"https:\/\/elmawkie.dz\/fr\/#\/schema\/person\/e7bd59d6467874ba5c4723d8a9f0a63c\"},\"headline\":\"Incendies : le CRA d\u00e9ploie ses moyens pour soutenir les populations sinistr\u00e9es\",\"datePublished\":\"2026-08-27T15:37:34+00:00\",\"dateModified\":\"2026-08-27T15:37:35+00:00\",\"mainEntityOfPage\":{\"@id\":\"https:\/\/elmawkie.dz\/fr\/incendies-le-cra-deploie-ses-moyens-pour-soutenir-les-populations-sinistrees\/\"},\"wordCount\":273,\"commentCount\":0,\"publisher\":{\"@id\":\"https:\/\/elmawkie.dz\/fr\/#organization\"},\"image\":{\"@id\":\"https:\/\/elmawkie.dz\/fr\/incendies-le-cra-deploie-ses-moyens-pour-soutenir-les-populations-sinistrees\/#primaryimage\"},\"thumbnailUrl\":\"https:\/\/elmawkie.dz\/fr\/wp-content\/uploads\/2026\/08\/IMG_9476.jpeg\",\"keywords\":[\"Incendies\",\"Le CRA\"],\"articleSection\":[\"National\"],\"inLanguage\":\"fr-FR\",\"potentialAction\":[{\"@type\":\"CommentAction\",\"name\":\"Comment\",\"target\":[\"https:\/\/elmawkie.dz\/fr\/incendies-le-cra-deploie-ses-moyens-pour-soutenir-les-populations-sinistrees\/#respond\"]}]},{\"@type\":\"WebPage\",\"@id\":\"https:\/\/elmawkie.dz\/fr\/incendies-le-cra-deploie-ses-moyens-pour-soutenir-les-populations-sinistrees\/\",\"url\":\"https:\/\/elmawkie.dz\/fr\/incendies-le-cra-deploie-ses-moyens-pour-soutenir-les-populations-sinistrees\/\",\"name\":\"Incendies : le CRA d\u00e9ploie ses moyens pour soutenir les populations sinistr\u00e9es - El Mawkie\",\"isPartOf\":{\"@id\":\"https:\/\/elmawkie.dz\/fr\/#website\"},\"primaryImageOfPage\":{\"@id\":\"https:\/\/elmawkie.dz\/fr\/incendies-le-cra-deploie-ses-moyens-pour-soutenir-les-populations-sinistrees\/#primaryimage\"},\"image\":{\"@id\":\"https:\/\/elmawkie.dz\/fr\/incendies-le-cra-deploie-ses-moyens-pour-soutenir-les-populations-sinistrees\/#primaryimage\"},\"thumbnailUrl\":\"https:\/\/elmawkie.dz\/fr\/wp-content\/uploads\/2026\/08\/IMG_9476.jpeg\",\"datePublished\":\"2026-08-27T15:37:34+00:00\",\"dateModified\":\"2026-08-27T15:37:35+00:00\",\"breadcrumb\":{\"@id\":\"https:\/\/elmawkie.dz\/fr\/incendies-le-cra-deploie-ses-moyens-pour-soutenir-les-populations-sinistrees\/#breadcrumb\"},\"inLanguage\":\"fr-FR\",\"potentialAction\":[{\"@type\":\"ReadAction\",\"target\":[\"https:\/\/elmawkie.dz\/fr\/incendies-le-cra-deploie-ses-moyens-pour-soutenir-les-populations-sinistrees\/\"]}]},{\"@type\":\"ImageObject\",\"inLanguage\":\"fr-FR\",\"@id\":\"https:\/\/elmawkie.dz\/fr\/incendies-le-cra-deploie-ses-moyens-pour-soutenir-les-populations-sinistrees\/#primaryimage\",\"url\":\"https:\/\/elmawkie.dz\/fr\/wp-content\/uploads\/2026\/08\/IMG_9476.jpeg\",\"contentUrl\":\"https:\/\/elmawkie.dz\/fr\/wp-content\/uploads\/2026\/08\/IMG_9476.jpeg\",\"width\":787,\"height\":486},{\"@type\":\"BreadcrumbList\",\"@id\":\"https:\/\/elmawkie.dz\/fr\/incendies-le-cra-deploie-ses-moyens-pour-soutenir-les-populations-sinistrees\/#breadcrumb\",\"itemListElement\":[{\"@type\":\"ListItem\",\"position\":1,\"name\":\"Home\",\"item\":\"https:\/\/elmawkie.dz\/fr\/\"},{\"@type\":\"ListItem\",\"position\":2,\"name\":\"Incendies : le CRA d\u00e9ploie ses moyens pour soutenir les populations sinistr\u00e9es\"}]},{\"@type\":\"WebSite\",\"@id\":\"https:\/\/elmawkie.dz\/fr\/#website\",\"url\":\"https:\/\/elmawkie.dz\/fr\/\",\"name\":\"EL MAWKIE\",\"description\":\"Journal \u00c9lectronique Alg\u00e9rien\",\"publisher\":{\"@id\":\"https:\/\/elmawkie.dz\/fr\/#organization\"},\"potentialAction\":[{\"@type\":\"SearchAction\",\"target\":{\"@type\":\"EntryPoint\",\"urlTemplate\":\"https:\/\/elmawkie.dz\/fr\/?s={search_term_string}\"},\"query-input\":\"required name=search_term_string\"}],\"inLanguage\":\"fr-FR\"},{\"@type\":\"Organization\",\"@id\":\"https:\/\/elmawkie.dz\/fr\/#organization\",\"name\":\"EL MAWKIE\",\"url\":\"https:\/\/elmawkie.dz\/fr\/\",\"logo\":{\"@type\":\"ImageObject\",\"inLanguage\":\"fr-FR\",\"@id\":\"https:\/\/elmawkie.dz\/fr\/#\/schema\/logo\/image\/\",\"url\":\"https:\/\/elmawkie.dz\/fr\/wp-content\/uploads\/2024\/05\/logo1.png\",\"contentUrl\":\"https:\/\/elmawkie.dz\/fr\/wp-content\/uploads\/2024\/05\/logo1.png\",\"width\":1648,\"height\":652,\"caption\":\"EL MAWKIE\"},\"image\":{\"@id\":\"https:\/\/elmawkie.dz\/fr\/#\/schema\/logo\/image\/\"},\"sameAs\":[\"https:\/\/www.facebook.com\/profile.php?id=100088407094989&locale=fr_FR\"]},{\"@type\":\"Person\",\"@id\":\"https:\/\/elmawkie.dz\/fr\/#\/schema\/person\/e7bd59d6467874ba5c4723d8a9f0a63c\",\"name\":\"R\u00e9daction\",\"image\":{\"@type\":\"ImageObject\",\"inLanguage\":\"fr-FR\",\"@id\":\"https:\/\/elmawkie.dz\/fr\/#\/schema\/person\/image\/\",\"url\":\"https:\/\/secure.gravatar.com\/avatar\/f0f773456344da4d2788c054a3d30a0c?s=96&d=mm&r=g\",\"contentUrl\":\"https:\/\/secure.gravatar.com\/avatar\/f0f773456344da4d2788c054a3d30a0c?s=96&d=mm&r=g\",\"caption\":\"R\u00e9daction\"},\"url\":\"https:\/\/elmawkie.dz\/fr\/author\/redaction\/\"}]}<\/script>\n<!-- \/ Yoast SEO Premium plugin. -->","yoast_head_json":{"title":"Incendies : le CRA d\u00e9ploie ses moyens pour soutenir les populations sinistr\u00e9es - El Mawkie","robots":{"index":"index","follow":"follow","max-snippet":"max-snippet:-1","max-image-preview":"max-image-preview:large","max-video-preview":"max-video-preview:-1"},"canonical":"https:\/\/elmawkie.dz\/fr\/incendies-le-cra-deploie-ses-moyens-pour-soutenir-les-populations-sinistrees\/","og_locale":"fr_FR","og_type":"article","og_title":"Incendies : le CRA d\u00e9ploie ses moyens pour soutenir les populations sinistr\u00e9es","og_description":"Le Croissant rouge alg\u00e9rien (CRA) a proc\u00e9d\u00e9 \u00e0 l&rsquo;activation de son dispositif de r\u00e9ponse sur le terrain, mobilisant ses diff\u00e9rents moyens humains et logistiques pour soutenir les efforts de l&rsquo;Etat dans l&rsquo;assistance et l&rsquo;accompagnement des familles sinistr\u00e9es suite aux feux de for\u00eat ayant touch\u00e9 plusieurs wilayas du pays, indique, jeudi, un communiqu\u00e9 de la m\u00eame &hellip;","og_url":"https:\/\/elmawkie.dz\/fr\/incendies-le-cra-deploie-ses-moyens-pour-soutenir-les-populations-sinistrees\/","og_site_name":"El Mawkie","article_publisher":"https:\/\/www.facebook.com\/profile.php?id=100088407094989&locale=fr_FR","article_published_time":"2026-08-27T15:37:34+00:00","article_modified_time":"2026-08-27T15:37:35+00:00","og_image":[{"width":787,"height":486,"url":"https:\/\/elmawkie.dz\/fr\/wp-content\/uploads\/2026\/08\/IMG_9476.jpeg","type":"image\/jpeg"}],"author":"R\u00e9daction","twitter_card":"summary_large_image","twitter_misc":{"Written by":"R\u00e9daction","Est. reading time":"2 minutes"},"schema":{"@context":"https:\/\/schema.org","@graph":[{"@type":"Article","@id":"https:\/\/elmawkie.dz\/fr\/incendies-le-cra-deploie-ses-moyens-pour-soutenir-les-populations-sinistrees\/#article","isPartOf":{"@id":"https:\/\/elmawkie.dz\/fr\/incendies-le-cra-deploie-ses-moyens-pour-soutenir-les-populations-sinistrees\/"},"author":{"name":"R\u00e9daction","@id":"https:\/\/elmawkie.dz\/fr\/#\/schema\/person\/e7bd59d6467874ba5c4723d8a9f0a63c"},"headline":"Incendies : le CRA d\u00e9ploie ses moyens pour soutenir les populations sinistr\u00e9es","datePublished":"2026-08-27T15:37:34+00:00","dateModified":"2026-08-27T15:37:35+00:00","mainEntityOfPage":{"@id":"https:\/\/elmawkie.dz\/fr\/incendies-le-cra-deploie-ses-moyens-pour-soutenir-les-populations-sinistrees\/"},"wordCount":273,"commentCount":0,"publisher":{"@id":"https:\/\/elmawkie.dz\/fr\/#organization"},"image":{"@id":"https:\/\/elmawkie.dz\/fr\/incendies-le-cra-deploie-ses-moyens-pour-soutenir-les-populations-sinistrees\/#primaryimage"},"thumbnailUrl":"https:\/\/elmawkie.dz\/fr\/wp-content\/uploads\/2026\/08\/IMG_9476.jpeg","keywords":["Incendies","Le CRA"],"articleSection":["National"],"inLanguage":"fr-FR","potentialAction":[{"@type":"CommentAction","name":"Comment","target":["https:\/\/elmawkie.dz\/fr\/incendies-le-cra-deploie-ses-moyens-pour-soutenir-les-populations-sinistrees\/#respond"]}]},{"@type":"WebPage","@id":"https:\/\/elmawkie.dz\/fr\/incendies-le-cra-deploie-ses-moyens-pour-soutenir-les-populations-sinistrees\/","url":"https:\/\/elmawkie.dz\/fr\/incendies-le-cra-deploie-ses-moyens-pour-soutenir-les-populations-sinistrees\/","name":"Incendies : le CRA d\u00e9ploie ses moyens pour soutenir les populations sinistr\u00e9es - El Mawkie","isPartOf":{"@id":"https:\/\/elmawkie.dz\/fr\/#website"},"primaryImageOfPage":{"@id":"https:\/\/elmawkie.dz\/fr\/incendies-le-cra-deploie-ses-moyens-pour-soutenir-les-populations-sinistrees\/#primaryimage"},"image":{"@id":"https:\/\/elmawkie.dz\/fr\/incendies-le-cra-deploie-ses-moyens-pour-soutenir-les-populations-sinistrees\/#primaryimage"},"thumbnailUrl":"https:\/\/elmawkie.dz\/fr\/wp-content\/uploads\/2026\/08\/IMG_9476.jpeg","datePublished":"2026-08-27T15:37:34+00:00","dateModified":"2026-08-27T15:37:35+00:00","breadcrumb":{"@id":"https:\/\/elmawkie.dz\/fr\/incendies-le-cra-deploie-ses-moyens-pour-soutenir-les-populations-sinistrees\/#breadcrumb"},"inLanguage":"fr-FR","potentialAction":[{"@type":"ReadAction","target":["https:\/\/elmawkie.dz\/fr\/incendies-le-cra-deploie-ses-moyens-pour-soutenir-les-populations-sinistrees\/"]}]},{"@type":"ImageObject","inLanguage":"fr-FR","@id":"https:\/\/elmawkie.dz\/fr\/incendies-le-cra-deploie-ses-moyens-pour-soutenir-les-populations-sinistrees\/#primaryimage","url":"https:\/\/elmawkie.dz\/fr\/wp-content\/uploads\/2026\/08\/IMG_9476.jpeg","contentUrl":"https:\/\/elmawkie.dz\/fr\/wp-content\/uploads\/2026\/08\/IMG_9476.jpeg","width":787,"height":486},{"@type":"BreadcrumbList","@id":"https:\/\/elmawkie.dz\/fr\/incendies-le-cra-deploie-ses-moyens-pour-soutenir-les-populations-sinistrees\/#breadcrumb","itemListElement":[{"@type":"ListItem","position":1,"name":"Home","item":"https:\/\/elmawkie.dz\/fr\/"},{"@type":"ListItem","position":2,"name":"Incendies : le CRA d\u00e9ploie ses moyens pour soutenir les populations sinistr\u00e9es"}]},{"@type":"WebSite","@id":"https:\/\/elmawkie.dz\/fr\/#website","url":"https:\/\/elmawkie.dz\/fr\/","name":"EL MAWKIE","description":"Journal \u00c9lectronique Alg\u00e9rien","publisher":{"@id":"https:\/\/elmawkie.dz\/fr\/#organization"},"potentialAction":[{"@type":"SearchAction","target":{"@type":"EntryPoint","urlTemplate":"https:\/\/elmawkie.dz\/fr\/?s={search_term_string}"},"query-input":"required name=search_term_string"}],"inLanguage":"fr-FR"},{"@type":"Organization","@id":"https:\/\/elmawkie.dz\/fr\/#organization","name":"EL MAWKIE","url":"https:\/\/elmawkie.dz\/fr\/","logo":{"@type":"ImageObject","inLanguage":"fr-FR","@id":"https:\/\/elmawkie.dz\/fr\/#\/schema\/logo\/image\/","url":"https:\/\/elmawkie.dz\/fr\/wp-content\/uploads\/2024\/05\/logo1.png","contentUrl":"https:\/\/elmawkie.dz\/fr\/wp-content\/uploads\/2024\/05\/logo1.png","width":1648,"height":652,"caption":"EL MAWKIE"},"image":{"@id":"https:\/\/elmawkie.dz\/fr\/#\/schema\/logo\/image\/"},"sameAs":["https:\/\/www.facebook.com\/profile.php?id=100088407094989&locale=fr_FR"]},{"@type":"Person","@id":"https:\/\/elmawkie.dz\/fr\/#\/schema\/person\/e7bd59d6467874ba5c4723d8a9f0a63c","name":"R\u00e9daction","image":{"@type":"ImageObject","inLanguage":"fr-FR","@id":"https:\/\/elmawkie.dz\/fr\/#\/schema\/person\/image\/","url":"https:\/\/secure.gravatar.com\/avatar\/f0f773456344da4d2788c054a3d30a0c?s=96&d=mm&r=g","contentUrl":"https:\/\/secure.gravatar.com\/avatar\/f0f773456344da4d2788c054a3d30a0c?s=96&d=mm&r=g","caption":"R\u00e9daction"},"url":"https:\/\/elmawkie.dz\/fr\/author\/redaction\/"}]}},"_links":{"self":[{"href":"https:\/\/elmawkie.dz\/fr\/wp-json\/wp\/v2\/posts\/67720","targetHints":{"allow":["GET"]}}],"collection":[{"href":"https:\/\/elmawkie.dz\/fr\/wp-json\/wp\/v2\/posts"}],"about":[{"href":"https:\/\/elmawkie.dz\/fr\/wp-json\/wp\/v2\/types\/post"}],"author":[{"embeddable":true,"href":"https:\/\/elmawkie.dz\/fr\/wp-json\/wp\/v2\/users\/9"}],"replies":[{"embeddable":true,"href":"https:\/\/elmawkie.dz\/fr\/wp-json\/wp\/v2\/comments?post=67720"}],"version-history":[{"count":1,"href":"https:\/\/elmawkie.dz\/fr\/wp-json\/wp\/v2\/posts\/67720\/revisions"}],"predecessor-version":[{"id":67723,"href":"https:\/\/elmawkie.dz\/fr\/wp-json\/wp\/v2\/posts\/67720\/revisions\/67723"}],"wp:featuredmedia":[{"embeddable":true,"href":"https:\/\/elmawkie.dz\/fr\/wp-json\/wp\/v2\/media\/67722"}],"wp:attachment":[{"href":"https:\/\/elmawkie.dz\/fr\/wp-json\/wp\/v2\/media?parent=67720"}],"wp:term":[{"taxonomy":"category","embeddable":true,"href":"https:\/\/elmawkie.dz\/fr\/wp-json\/wp\/v2\/categories?post=67720"},{"taxonomy":"post_tag","embeddable":true,"href":"https:\/\/elmawkie.dz\/fr\/wp-json\/wp\/v2\/tags?post=67720"}],"curies":[{"name":"wp","href":"https:\/\/api.w.org\/{rel}","templated":true}]}}