{"id":67716,"date":"2026-08-27T16:35:01","date_gmt":"2026-08-27T15:35:01","guid":{"rendered":"https:\/\/elmawkie.dz\/fr\/?p=67716"},"modified":"2026-08-27T16:35:02","modified_gmt":"2026-08-27T15:35:02","slug":"transferts-riyad-benayad-de-retour-a-les-setif","status":"publish","type":"post","link":"https:\/\/elmawkie.dz\/fr\/transferts-riyad-benayad-de-retour-a-les-setif\/","title":{"rendered":"Transferts : Riyad Benayad de retour \u00e0 l&rsquo;ES S\u00e9tif"},"content":{"rendered":"\n<p><strong>L&rsquo;attaquant Riyad Benayad a fait son retour \u00e0 l&rsquo;ES S\u00e9tif, avec laquelle il s&rsquo;est engag\u00e9 pour deux saisons, soit jusqu&rsquo;en 2028, en provenance de l&rsquo;USM Alger, a annonc\u00e9 jeudi le club des Hauts-Plateaux, pensionnaire de la Ligue 1 Mobilis de football.<\/strong><\/p>\n\n\n\n<p>Apr\u00e8s une premi\u00e8re exp\u00e9rience sous les couleurs de l&rsquo;Entente, Benayad retrouve ainsi le club s\u00e9tifien, qui poursuit activement son op\u00e9ration de renforcement de l&rsquo;effectif en pr\u00e9vision de la nouvelle saison de Ligue 1 Mobilis.<\/p>\n\n\n\n<p>Le joueur rejoint une \u00e9quipe qui a enregistr\u00e9 plusieurs arriv\u00e9es durant cette intersaison, \u00e0 l&rsquo;image de Larbi Tabti (MC Alger), Slimane Bouteldja (Olympique Akbou), R\u00e9da Boumechra (USM Khenchela), Islam Belkhir (CR Belouizdad), Anis Khemaissia (Al-Hilal de Libye) et Wilfrid Nkaya (AS Ot\u00f4ho du Congo).<\/p>\n\n\n\n<p>En revanche, l&rsquo;ES S\u00e9tif s&rsquo;est s\u00e9par\u00e9e d&rsquo;Akram Djahnit, Imad-Eddine Boubakeur, Ibrahim Khalil Bekakchi et Youcef Douar.<\/p>\n\n\n\n<p>Pour son entr\u00e9e en lice en championnat, l&rsquo;ES S\u00e9tif devait accueillir l&rsquo;ES Ben Aknoun, dans le cadre de la premi\u00e8re journ\u00e9e de Ligue 1 Mobilis.<\/p>\n\n\n\n<p>Cette journ\u00e9e, initialement programm\u00e9e les 27, 28 et 29 ao\u00fbt, a toutefois \u00e9t\u00e9 report\u00e9e aux 3, 4 et 5 septembre par la F\u00e9d\u00e9ration alg\u00e9rienne de football (FAF), en raison du deuil national d\u00e9cr\u00e9t\u00e9 \u00e0 la suite des incendies qui touchent plusieurs wilayas du pays.&nbsp;<\/p>\n","protected":false},"excerpt":{"rendered":"<p>L&rsquo;attaquant Riyad Benayad a fait son retour \u00e0 l&rsquo;ES S\u00e9tif, avec laquelle il s&rsquo;est engag\u00e9 pour deux saisons, soit jusqu&rsquo;en 2028, en provenance de l&rsquo;USM Alger, a annonc\u00e9 jeudi le club des Hauts-Plateaux, pensionnaire de la Ligue 1 Mobilis de football. Apr\u00e8s une premi\u00e8re exp\u00e9rience sous les couleurs de l&rsquo;Entente, Benayad retrouve ainsi le club &hellip;<\/p>\n","protected":false},"author":9,"featured_media":67718,"comment_status":"open","ping_status":"open","sticky":false,"template":"","format":"standard","meta":{"footnotes":""},"categories":[57],"tags":[6751,6750],"class_list":["post-67716","post","type-post","status-publish","format-standard","has-post-thumbnail","hentry","category-sport","tag-es-setif","tag-riyad-benayad"],"yoast_head":"<!-- This site is optimized with the Yoast SEO Premium plugin v22.6 (Yoast SEO v22.6) - https:\/\/yoast.com\/wordpress\/plugins\/seo\/ -->\n<title>Transferts : Riyad Benayad de retour \u00e0 l&#039;ES S\u00e9tif - El Mawkie<\/title>\n<meta name=\"robots\" content=\"index, follow, max-snippet:-1, max-image-preview:large, max-video-preview:-1\" \/>\n<link rel=\"canonical\" href=\"https:\/\/elmawkie.dz\/fr\/transferts-riyad-benayad-de-retour-a-les-setif\/\" \/>\n<meta property=\"og:locale\" content=\"fr_FR\" \/>\n<meta property=\"og:type\" content=\"article\" \/>\n<meta property=\"og:title\" content=\"Transferts : Riyad Benayad de retour \u00e0 l&#039;ES S\u00e9tif\" \/>\n<meta property=\"og:description\" content=\"L&rsquo;attaquant Riyad Benayad a fait son retour \u00e0 l&rsquo;ES S\u00e9tif, avec laquelle il s&rsquo;est engag\u00e9 pour deux saisons, soit jusqu&rsquo;en 2028, en provenance de l&rsquo;USM Alger, a annonc\u00e9 jeudi le club des Hauts-Plateaux, pensionnaire de la Ligue 1 Mobilis de football. Apr\u00e8s une premi\u00e8re exp\u00e9rience sous les couleurs de l&rsquo;Entente, Benayad retrouve ainsi le club &hellip;\" \/>\n<meta property=\"og:url\" content=\"https:\/\/elmawkie.dz\/fr\/transferts-riyad-benayad-de-retour-a-les-setif\/\" \/>\n<meta property=\"og:site_name\" content=\"El Mawkie\" \/>\n<meta property=\"article:publisher\" content=\"https:\/\/www.facebook.com\/profile.php?id=100088407094989&amp;locale=fr_FR\" \/>\n<meta property=\"article:published_time\" content=\"2026-08-27T15:35:01+00:00\" \/>\n<meta property=\"article:modified_time\" content=\"2026-08-27T15:35:02+00:00\" \/>\n<meta property=\"og:image\" content=\"https:\/\/elmawkie.dz\/fr\/wp-content\/uploads\/2026\/08\/IMG_9475.jpeg\" \/>\n\t<meta property=\"og:image:width\" content=\"1024\" \/>\n\t<meta property=\"og:image:height\" content=\"606\" \/>\n\t<meta property=\"og:image:type\" content=\"image\/jpeg\" \/>\n<meta name=\"author\" content=\"R\u00e9daction\" \/>\n<meta name=\"twitter:card\" content=\"summary_large_image\" \/>\n<meta name=\"twitter:label1\" content=\"Written by\" \/>\n\t<meta name=\"twitter:data1\" content=\"R\u00e9daction\" \/>\n\t<meta name=\"twitter:label2\" content=\"Est. reading time\" \/>\n\t<meta name=\"twitter:data2\" content=\"2 minutes\" \/>\n<script type=\"application\/ld+json\" class=\"yoast-schema-graph\">{\"@context\":\"https:\/\/schema.org\",\"@graph\":[{\"@type\":\"Article\",\"@id\":\"https:\/\/elmawkie.dz\/fr\/transferts-riyad-benayad-de-retour-a-les-setif\/#article\",\"isPartOf\":{\"@id\":\"https:\/\/elmawkie.dz\/fr\/transferts-riyad-benayad-de-retour-a-les-setif\/\"},\"author\":{\"name\":\"R\u00e9daction\",\"@id\":\"https:\/\/elmawkie.dz\/fr\/#\/schema\/person\/e7bd59d6467874ba5c4723d8a9f0a63c\"},\"headline\":\"Transferts : Riyad Benayad de retour \u00e0 l&rsquo;ES S\u00e9tif\",\"datePublished\":\"2026-08-27T15:35:01+00:00\",\"dateModified\":\"2026-08-27T15:35:02+00:00\",\"mainEntityOfPage\":{\"@id\":\"https:\/\/elmawkie.dz\/fr\/transferts-riyad-benayad-de-retour-a-les-setif\/\"},\"wordCount\":240,\"commentCount\":0,\"publisher\":{\"@id\":\"https:\/\/elmawkie.dz\/fr\/#organization\"},\"image\":{\"@id\":\"https:\/\/elmawkie.dz\/fr\/transferts-riyad-benayad-de-retour-a-les-setif\/#primaryimage\"},\"thumbnailUrl\":\"https:\/\/elmawkie.dz\/fr\/wp-content\/uploads\/2026\/08\/IMG_9475.jpeg\",\"keywords\":[\"ES S\u00e9tif\",\"Riyad Benayad\"],\"articleSection\":[\"Sport\"],\"inLanguage\":\"fr-FR\",\"potentialAction\":[{\"@type\":\"CommentAction\",\"name\":\"Comment\",\"target\":[\"https:\/\/elmawkie.dz\/fr\/transferts-riyad-benayad-de-retour-a-les-setif\/#respond\"]}]},{\"@type\":\"WebPage\",\"@id\":\"https:\/\/elmawkie.dz\/fr\/transferts-riyad-benayad-de-retour-a-les-setif\/\",\"url\":\"https:\/\/elmawkie.dz\/fr\/transferts-riyad-benayad-de-retour-a-les-setif\/\",\"name\":\"Transferts : Riyad Benayad de retour \u00e0 l'ES S\u00e9tif - El Mawkie\",\"isPartOf\":{\"@id\":\"https:\/\/elmawkie.dz\/fr\/#website\"},\"primaryImageOfPage\":{\"@id\":\"https:\/\/elmawkie.dz\/fr\/transferts-riyad-benayad-de-retour-a-les-setif\/#primaryimage\"},\"image\":{\"@id\":\"https:\/\/elmawkie.dz\/fr\/transferts-riyad-benayad-de-retour-a-les-setif\/#primaryimage\"},\"thumbnailUrl\":\"https:\/\/elmawkie.dz\/fr\/wp-content\/uploads\/2026\/08\/IMG_9475.jpeg\",\"datePublished\":\"2026-08-27T15:35:01+00:00\",\"dateModified\":\"2026-08-27T15:35:02+00:00\",\"breadcrumb\":{\"@id\":\"https:\/\/elmawkie.dz\/fr\/transferts-riyad-benayad-de-retour-a-les-setif\/#breadcrumb\"},\"inLanguage\":\"fr-FR\",\"potentialAction\":[{\"@type\":\"ReadAction\",\"target\":[\"https:\/\/elmawkie.dz\/fr\/transferts-riyad-benayad-de-retour-a-les-setif\/\"]}]},{\"@type\":\"ImageObject\",\"inLanguage\":\"fr-FR\",\"@id\":\"https:\/\/elmawkie.dz\/fr\/transferts-riyad-benayad-de-retour-a-les-setif\/#primaryimage\",\"url\":\"https:\/\/elmawkie.dz\/fr\/wp-content\/uploads\/2026\/08\/IMG_9475.jpeg\",\"contentUrl\":\"https:\/\/elmawkie.dz\/fr\/wp-content\/uploads\/2026\/08\/IMG_9475.jpeg\",\"width\":1024,\"height\":606},{\"@type\":\"BreadcrumbList\",\"@id\":\"https:\/\/elmawkie.dz\/fr\/transferts-riyad-benayad-de-retour-a-les-setif\/#breadcrumb\",\"itemListElement\":[{\"@type\":\"ListItem\",\"position\":1,\"name\":\"Home\",\"item\":\"https:\/\/elmawkie.dz\/fr\/\"},{\"@type\":\"ListItem\",\"position\":2,\"name\":\"Transferts : Riyad Benayad de retour \u00e0 l&rsquo;ES S\u00e9tif\"}]},{\"@type\":\"WebSite\",\"@id\":\"https:\/\/elmawkie.dz\/fr\/#website\",\"url\":\"https:\/\/elmawkie.dz\/fr\/\",\"name\":\"EL MAWKIE\",\"description\":\"Journal \u00c9lectronique Alg\u00e9rien\",\"publisher\":{\"@id\":\"https:\/\/elmawkie.dz\/fr\/#organization\"},\"potentialAction\":[{\"@type\":\"SearchAction\",\"target\":{\"@type\":\"EntryPoint\",\"urlTemplate\":\"https:\/\/elmawkie.dz\/fr\/?s={search_term_string}\"},\"query-input\":\"required name=search_term_string\"}],\"inLanguage\":\"fr-FR\"},{\"@type\":\"Organization\",\"@id\":\"https:\/\/elmawkie.dz\/fr\/#organization\",\"name\":\"EL MAWKIE\",\"url\":\"https:\/\/elmawkie.dz\/fr\/\",\"logo\":{\"@type\":\"ImageObject\",\"inLanguage\":\"fr-FR\",\"@id\":\"https:\/\/elmawkie.dz\/fr\/#\/schema\/logo\/image\/\",\"url\":\"https:\/\/elmawkie.dz\/fr\/wp-content\/uploads\/2024\/05\/logo1.png\",\"contentUrl\":\"https:\/\/elmawkie.dz\/fr\/wp-content\/uploads\/2024\/05\/logo1.png\",\"width\":1648,\"height\":652,\"caption\":\"EL MAWKIE\"},\"image\":{\"@id\":\"https:\/\/elmawkie.dz\/fr\/#\/schema\/logo\/image\/\"},\"sameAs\":[\"https:\/\/www.facebook.com\/profile.php?id=100088407094989&locale=fr_FR\"]},{\"@type\":\"Person\",\"@id\":\"https:\/\/elmawkie.dz\/fr\/#\/schema\/person\/e7bd59d6467874ba5c4723d8a9f0a63c\",\"name\":\"R\u00e9daction\",\"image\":{\"@type\":\"ImageObject\",\"inLanguage\":\"fr-FR\",\"@id\":\"https:\/\/elmawkie.dz\/fr\/#\/schema\/person\/image\/\",\"url\":\"https:\/\/secure.gravatar.com\/avatar\/f0f773456344da4d2788c054a3d30a0c?s=96&d=mm&r=g\",\"contentUrl\":\"https:\/\/secure.gravatar.com\/avatar\/f0f773456344da4d2788c054a3d30a0c?s=96&d=mm&r=g\",\"caption\":\"R\u00e9daction\"},\"url\":\"https:\/\/elmawkie.dz\/fr\/author\/redaction\/\"}]}<\/script>\n<!-- \/ Yoast SEO Premium plugin. -->","yoast_head_json":{"title":"Transferts : Riyad Benayad de retour \u00e0 l'ES S\u00e9tif - El Mawkie","robots":{"index":"index","follow":"follow","max-snippet":"max-snippet:-1","max-image-preview":"max-image-preview:large","max-video-preview":"max-video-preview:-1"},"canonical":"https:\/\/elmawkie.dz\/fr\/transferts-riyad-benayad-de-retour-a-les-setif\/","og_locale":"fr_FR","og_type":"article","og_title":"Transferts : Riyad Benayad de retour \u00e0 l'ES S\u00e9tif","og_description":"L&rsquo;attaquant Riyad Benayad a fait son retour \u00e0 l&rsquo;ES S\u00e9tif, avec laquelle il s&rsquo;est engag\u00e9 pour deux saisons, soit jusqu&rsquo;en 2028, en provenance de l&rsquo;USM Alger, a annonc\u00e9 jeudi le club des Hauts-Plateaux, pensionnaire de la Ligue 1 Mobilis de football. Apr\u00e8s une premi\u00e8re exp\u00e9rience sous les couleurs de l&rsquo;Entente, Benayad retrouve ainsi le club &hellip;","og_url":"https:\/\/elmawkie.dz\/fr\/transferts-riyad-benayad-de-retour-a-les-setif\/","og_site_name":"El Mawkie","article_publisher":"https:\/\/www.facebook.com\/profile.php?id=100088407094989&locale=fr_FR","article_published_time":"2026-08-27T15:35:01+00:00","article_modified_time":"2026-08-27T15:35:02+00:00","og_image":[{"width":1024,"height":606,"url":"https:\/\/elmawkie.dz\/fr\/wp-content\/uploads\/2026\/08\/IMG_9475.jpeg","type":"image\/jpeg"}],"author":"R\u00e9daction","twitter_card":"summary_large_image","twitter_misc":{"Written by":"R\u00e9daction","Est. reading time":"2 minutes"},"schema":{"@context":"https:\/\/schema.org","@graph":[{"@type":"Article","@id":"https:\/\/elmawkie.dz\/fr\/transferts-riyad-benayad-de-retour-a-les-setif\/#article","isPartOf":{"@id":"https:\/\/elmawkie.dz\/fr\/transferts-riyad-benayad-de-retour-a-les-setif\/"},"author":{"name":"R\u00e9daction","@id":"https:\/\/elmawkie.dz\/fr\/#\/schema\/person\/e7bd59d6467874ba5c4723d8a9f0a63c"},"headline":"Transferts : Riyad Benayad de retour \u00e0 l&rsquo;ES S\u00e9tif","datePublished":"2026-08-27T15:35:01+00:00","dateModified":"2026-08-27T15:35:02+00:00","mainEntityOfPage":{"@id":"https:\/\/elmawkie.dz\/fr\/transferts-riyad-benayad-de-retour-a-les-setif\/"},"wordCount":240,"commentCount":0,"publisher":{"@id":"https:\/\/elmawkie.dz\/fr\/#organization"},"image":{"@id":"https:\/\/elmawkie.dz\/fr\/transferts-riyad-benayad-de-retour-a-les-setif\/#primaryimage"},"thumbnailUrl":"https:\/\/elmawkie.dz\/fr\/wp-content\/uploads\/2026\/08\/IMG_9475.jpeg","keywords":["ES S\u00e9tif","Riyad Benayad"],"articleSection":["Sport"],"inLanguage":"fr-FR","potentialAction":[{"@type":"CommentAction","name":"Comment","target":["https:\/\/elmawkie.dz\/fr\/transferts-riyad-benayad-de-retour-a-les-setif\/#respond"]}]},{"@type":"WebPage","@id":"https:\/\/elmawkie.dz\/fr\/transferts-riyad-benayad-de-retour-a-les-setif\/","url":"https:\/\/elmawkie.dz\/fr\/transferts-riyad-benayad-de-retour-a-les-setif\/","name":"Transferts : Riyad Benayad de retour \u00e0 l'ES S\u00e9tif - El Mawkie","isPartOf":{"@id":"https:\/\/elmawkie.dz\/fr\/#website"},"primaryImageOfPage":{"@id":"https:\/\/elmawkie.dz\/fr\/transferts-riyad-benayad-de-retour-a-les-setif\/#primaryimage"},"image":{"@id":"https:\/\/elmawkie.dz\/fr\/transferts-riyad-benayad-de-retour-a-les-setif\/#primaryimage"},"thumbnailUrl":"https:\/\/elmawkie.dz\/fr\/wp-content\/uploads\/2026\/08\/IMG_9475.jpeg","datePublished":"2026-08-27T15:35:01+00:00","dateModified":"2026-08-27T15:35:02+00:00","breadcrumb":{"@id":"https:\/\/elmawkie.dz\/fr\/transferts-riyad-benayad-de-retour-a-les-setif\/#breadcrumb"},"inLanguage":"fr-FR","potentialAction":[{"@type":"ReadAction","target":["https:\/\/elmawkie.dz\/fr\/transferts-riyad-benayad-de-retour-a-les-setif\/"]}]},{"@type":"ImageObject","inLanguage":"fr-FR","@id":"https:\/\/elmawkie.dz\/fr\/transferts-riyad-benayad-de-retour-a-les-setif\/#primaryimage","url":"https:\/\/elmawkie.dz\/fr\/wp-content\/uploads\/2026\/08\/IMG_9475.jpeg","contentUrl":"https:\/\/elmawkie.dz\/fr\/wp-content\/uploads\/2026\/08\/IMG_9475.jpeg","width":1024,"height":606},{"@type":"BreadcrumbList","@id":"https:\/\/elmawkie.dz\/fr\/transferts-riyad-benayad-de-retour-a-les-setif\/#breadcrumb","itemListElement":[{"@type":"ListItem","position":1,"name":"Home","item":"https:\/\/elmawkie.dz\/fr\/"},{"@type":"ListItem","position":2,"name":"Transferts : Riyad Benayad de retour \u00e0 l&rsquo;ES S\u00e9tif"}]},{"@type":"WebSite","@id":"https:\/\/elmawkie.dz\/fr\/#website","url":"https:\/\/elmawkie.dz\/fr\/","name":"EL MAWKIE","description":"Journal \u00c9lectronique Alg\u00e9rien","publisher":{"@id":"https:\/\/elmawkie.dz\/fr\/#organization"},"potentialAction":[{"@type":"SearchAction","target":{"@type":"EntryPoint","urlTemplate":"https:\/\/elmawkie.dz\/fr\/?s={search_term_string}"},"query-input":"required name=search_term_string"}],"inLanguage":"fr-FR"},{"@type":"Organization","@id":"https:\/\/elmawkie.dz\/fr\/#organization","name":"EL MAWKIE","url":"https:\/\/elmawkie.dz\/fr\/","logo":{"@type":"ImageObject","inLanguage":"fr-FR","@id":"https:\/\/elmawkie.dz\/fr\/#\/schema\/logo\/image\/","url":"https:\/\/elmawkie.dz\/fr\/wp-content\/uploads\/2024\/05\/logo1.png","contentUrl":"https:\/\/elmawkie.dz\/fr\/wp-content\/uploads\/2024\/05\/logo1.png","width":1648,"height":652,"caption":"EL MAWKIE"},"image":{"@id":"https:\/\/elmawkie.dz\/fr\/#\/schema\/logo\/image\/"},"sameAs":["https:\/\/www.facebook.com\/profile.php?id=100088407094989&locale=fr_FR"]},{"@type":"Person","@id":"https:\/\/elmawkie.dz\/fr\/#\/schema\/person\/e7bd59d6467874ba5c4723d8a9f0a63c","name":"R\u00e9daction","image":{"@type":"ImageObject","inLanguage":"fr-FR","@id":"https:\/\/elmawkie.dz\/fr\/#\/schema\/person\/image\/","url":"https:\/\/secure.gravatar.com\/avatar\/f0f773456344da4d2788c054a3d30a0c?s=96&d=mm&r=g","contentUrl":"https:\/\/secure.gravatar.com\/avatar\/f0f773456344da4d2788c054a3d30a0c?s=96&d=mm&r=g","caption":"R\u00e9daction"},"url":"https:\/\/elmawkie.dz\/fr\/author\/redaction\/"}]}},"_links":{"self":[{"href":"https:\/\/elmawkie.dz\/fr\/wp-json\/wp\/v2\/posts\/67716","targetHints":{"allow":["GET"]}}],"collection":[{"href":"https:\/\/elmawkie.dz\/fr\/wp-json\/wp\/v2\/posts"}],"about":[{"href":"https:\/\/elmawkie.dz\/fr\/wp-json\/wp\/v2\/types\/post"}],"author":[{"embeddable":true,"href":"https:\/\/elmawkie.dz\/fr\/wp-json\/wp\/v2\/users\/9"}],"replies":[{"embeddable":true,"href":"https:\/\/elmawkie.dz\/fr\/wp-json\/wp\/v2\/comments?post=67716"}],"version-history":[{"count":1,"href":"https:\/\/elmawkie.dz\/fr\/wp-json\/wp\/v2\/posts\/67716\/revisions"}],"predecessor-version":[{"id":67719,"href":"https:\/\/elmawkie.dz\/fr\/wp-json\/wp\/v2\/posts\/67716\/revisions\/67719"}],"wp:featuredmedia":[{"embeddable":true,"href":"https:\/\/elmawkie.dz\/fr\/wp-json\/wp\/v2\/media\/67718"}],"wp:attachment":[{"href":"https:\/\/elmawkie.dz\/fr\/wp-json\/wp\/v2\/media?parent=67716"}],"wp:term":[{"taxonomy":"category","embeddable":true,"href":"https:\/\/elmawkie.dz\/fr\/wp-json\/wp\/v2\/categories?post=67716"},{"taxonomy":"post_tag","embeddable":true,"href":"https:\/\/elmawkie.dz\/fr\/wp-json\/wp\/v2\/tags?post=67716"}],"curies":[{"name":"wp","href":"https:\/\/api.w.org\/{rel}","templated":true}]}}