{"id":67708,"date":"2026-08-27T16:31:55","date_gmt":"2026-08-27T15:31:55","guid":{"rendered":"https:\/\/elmawkie.dz\/fr\/?p=67708"},"modified":"2026-08-27T16:31:56","modified_gmt":"2026-08-27T15:31:56","slug":"le-president-de-la-republique-observe-une-minute-de-silence-a-la-memoire-des-victimes-des-incendies-ayant-touche-certaines-wilayas-du-centre-et-de-lest-du-pays","status":"publish","type":"post","link":"https:\/\/elmawkie.dz\/fr\/le-president-de-la-republique-observe-une-minute-de-silence-a-la-memoire-des-victimes-des-incendies-ayant-touche-certaines-wilayas-du-centre-et-de-lest-du-pays\/","title":{"rendered":"Le pr\u00e9sident de la R\u00e9publique observe une minute de silence \u00e0 la m\u00e9moire des victimes des incendies ayant touch\u00e9 certaines wilayas du centre et de l&rsquo;est du pays"},"content":{"rendered":"\n<p>Le pr\u00e9sident de la R\u00e9publique, M. Abdelmadjid Tebboune, a observ\u00e9, jeudi au si\u00e8ge de la Pr\u00e9sidence de la R\u00e9publique, une minute de silence, aux c\u00f4t\u00e9s du Premier ministre de la R\u00e9publique du Niger, M. Ali Mahaman Lamine Zeine, et de la d\u00e9l\u00e9gation l&rsquo;accompagnant, \u00e0 la m\u00e9moire des victimes des incendies ayant touch\u00e9 certaines wilayas du centre et de l&rsquo;est du pays.<\/p>\n","protected":false},"excerpt":{"rendered":"<p>Le pr\u00e9sident de la R\u00e9publique, M. Abdelmadjid Tebboune, a observ\u00e9, jeudi au si\u00e8ge de la Pr\u00e9sidence de la R\u00e9publique, une minute de silence, aux c\u00f4t\u00e9s du Premier ministre de la R\u00e9publique du Niger, M. Ali Mahaman Lamine Zeine, et de la d\u00e9l\u00e9gation l&rsquo;accompagnant, \u00e0 la m\u00e9moire des victimes des incendies ayant touch\u00e9 certaines wilayas du &hellip;<\/p>\n","protected":false},"author":9,"featured_media":67710,"comment_status":"open","ping_status":"open","sticky":false,"template":"","format":"standard","meta":{"footnotes":""},"categories":[47],"tags":[213,596],"class_list":["post-67708","post","type-post","status-publish","format-standard","has-post-thumbnail","hentry","category-national","tag-abdelmadjid-tebboune","tag-le-president-de-la-republique"],"yoast_head":"<!-- This site is optimized with the Yoast SEO Premium plugin v22.6 (Yoast SEO v22.6) - https:\/\/yoast.com\/wordpress\/plugins\/seo\/ -->\n<title>Le pr\u00e9sident de la R\u00e9publique observe une minute de silence \u00e0 la m\u00e9moire des victimes des incendies ayant touch\u00e9 certaines wilayas du centre et de l&#039;est du pays - El Mawkie<\/title>\n<meta name=\"robots\" content=\"index, follow, max-snippet:-1, max-image-preview:large, max-video-preview:-1\" \/>\n<link rel=\"canonical\" href=\"https:\/\/elmawkie.dz\/fr\/le-president-de-la-republique-observe-une-minute-de-silence-a-la-memoire-des-victimes-des-incendies-ayant-touche-certaines-wilayas-du-centre-et-de-lest-du-pays\/\" \/>\n<meta property=\"og:locale\" content=\"fr_FR\" \/>\n<meta property=\"og:type\" content=\"article\" \/>\n<meta property=\"og:title\" content=\"Le pr\u00e9sident de la R\u00e9publique observe une minute de silence \u00e0 la m\u00e9moire des victimes des incendies ayant touch\u00e9 certaines wilayas du centre et de l&#039;est du pays\" \/>\n<meta property=\"og:description\" content=\"Le pr\u00e9sident de la R\u00e9publique, M. Abdelmadjid Tebboune, a observ\u00e9, jeudi au si\u00e8ge de la Pr\u00e9sidence de la R\u00e9publique, une minute de silence, aux c\u00f4t\u00e9s du Premier ministre de la R\u00e9publique du Niger, M. Ali Mahaman Lamine Zeine, et de la d\u00e9l\u00e9gation l&rsquo;accompagnant, \u00e0 la m\u00e9moire des victimes des incendies ayant touch\u00e9 certaines wilayas du &hellip;\" \/>\n<meta property=\"og:url\" content=\"https:\/\/elmawkie.dz\/fr\/le-president-de-la-republique-observe-une-minute-de-silence-a-la-memoire-des-victimes-des-incendies-ayant-touche-certaines-wilayas-du-centre-et-de-lest-du-pays\/\" \/>\n<meta property=\"og:site_name\" content=\"El Mawkie\" \/>\n<meta property=\"article:publisher\" content=\"https:\/\/www.facebook.com\/profile.php?id=100088407094989&amp;locale=fr_FR\" \/>\n<meta property=\"article:published_time\" content=\"2026-08-27T15:31:55+00:00\" \/>\n<meta property=\"article:modified_time\" content=\"2026-08-27T15:31:56+00:00\" \/>\n<meta property=\"og:image\" content=\"https:\/\/elmawkie.dz\/fr\/wp-content\/uploads\/2026\/08\/IMG_9465.jpeg\" \/>\n\t<meta property=\"og:image:width\" content=\"2048\" \/>\n\t<meta property=\"og:image:height\" content=\"1366\" \/>\n\t<meta property=\"og:image:type\" content=\"image\/jpeg\" \/>\n<meta name=\"author\" content=\"R\u00e9daction\" \/>\n<meta name=\"twitter:card\" content=\"summary_large_image\" \/>\n<meta name=\"twitter:label1\" content=\"Written by\" \/>\n\t<meta name=\"twitter:data1\" content=\"R\u00e9daction\" \/>\n\t<meta name=\"twitter:label2\" content=\"Est. reading time\" \/>\n\t<meta name=\"twitter:data2\" content=\"1 minute\" \/>\n<script type=\"application\/ld+json\" class=\"yoast-schema-graph\">{\"@context\":\"https:\/\/schema.org\",\"@graph\":[{\"@type\":\"Article\",\"@id\":\"https:\/\/elmawkie.dz\/fr\/le-president-de-la-republique-observe-une-minute-de-silence-a-la-memoire-des-victimes-des-incendies-ayant-touche-certaines-wilayas-du-centre-et-de-lest-du-pays\/#article\",\"isPartOf\":{\"@id\":\"https:\/\/elmawkie.dz\/fr\/le-president-de-la-republique-observe-une-minute-de-silence-a-la-memoire-des-victimes-des-incendies-ayant-touche-certaines-wilayas-du-centre-et-de-lest-du-pays\/\"},\"author\":{\"name\":\"R\u00e9daction\",\"@id\":\"https:\/\/elmawkie.dz\/fr\/#\/schema\/person\/e7bd59d6467874ba5c4723d8a9f0a63c\"},\"headline\":\"Le pr\u00e9sident de la R\u00e9publique observe une minute de silence \u00e0 la m\u00e9moire des victimes des incendies ayant touch\u00e9 certaines wilayas du centre et de l&rsquo;est du pays\",\"datePublished\":\"2026-08-27T15:31:55+00:00\",\"dateModified\":\"2026-08-27T15:31:56+00:00\",\"mainEntityOfPage\":{\"@id\":\"https:\/\/elmawkie.dz\/fr\/le-president-de-la-republique-observe-une-minute-de-silence-a-la-memoire-des-victimes-des-incendies-ayant-touche-certaines-wilayas-du-centre-et-de-lest-du-pays\/\"},\"wordCount\":104,\"commentCount\":0,\"publisher\":{\"@id\":\"https:\/\/elmawkie.dz\/fr\/#organization\"},\"image\":{\"@id\":\"https:\/\/elmawkie.dz\/fr\/le-president-de-la-republique-observe-une-minute-de-silence-a-la-memoire-des-victimes-des-incendies-ayant-touche-certaines-wilayas-du-centre-et-de-lest-du-pays\/#primaryimage\"},\"thumbnailUrl\":\"https:\/\/elmawkie.dz\/fr\/wp-content\/uploads\/2026\/08\/IMG_9465.jpeg\",\"keywords\":[\"Abdelmadjid Tebboune\",\"le pr\u00e9sident de la R\u00e9publique\"],\"articleSection\":[\"National\"],\"inLanguage\":\"fr-FR\",\"potentialAction\":[{\"@type\":\"CommentAction\",\"name\":\"Comment\",\"target\":[\"https:\/\/elmawkie.dz\/fr\/le-president-de-la-republique-observe-une-minute-de-silence-a-la-memoire-des-victimes-des-incendies-ayant-touche-certaines-wilayas-du-centre-et-de-lest-du-pays\/#respond\"]}]},{\"@type\":\"WebPage\",\"@id\":\"https:\/\/elmawkie.dz\/fr\/le-president-de-la-republique-observe-une-minute-de-silence-a-la-memoire-des-victimes-des-incendies-ayant-touche-certaines-wilayas-du-centre-et-de-lest-du-pays\/\",\"url\":\"https:\/\/elmawkie.dz\/fr\/le-president-de-la-republique-observe-une-minute-de-silence-a-la-memoire-des-victimes-des-incendies-ayant-touche-certaines-wilayas-du-centre-et-de-lest-du-pays\/\",\"name\":\"Le pr\u00e9sident de la R\u00e9publique observe une minute de silence \u00e0 la m\u00e9moire des victimes des incendies ayant touch\u00e9 certaines wilayas du centre et de l'est du pays - El Mawkie\",\"isPartOf\":{\"@id\":\"https:\/\/elmawkie.dz\/fr\/#website\"},\"primaryImageOfPage\":{\"@id\":\"https:\/\/elmawkie.dz\/fr\/le-president-de-la-republique-observe-une-minute-de-silence-a-la-memoire-des-victimes-des-incendies-ayant-touche-certaines-wilayas-du-centre-et-de-lest-du-pays\/#primaryimage\"},\"image\":{\"@id\":\"https:\/\/elmawkie.dz\/fr\/le-president-de-la-republique-observe-une-minute-de-silence-a-la-memoire-des-victimes-des-incendies-ayant-touche-certaines-wilayas-du-centre-et-de-lest-du-pays\/#primaryimage\"},\"thumbnailUrl\":\"https:\/\/elmawkie.dz\/fr\/wp-content\/uploads\/2026\/08\/IMG_9465.jpeg\",\"datePublished\":\"2026-08-27T15:31:55+00:00\",\"dateModified\":\"2026-08-27T15:31:56+00:00\",\"breadcrumb\":{\"@id\":\"https:\/\/elmawkie.dz\/fr\/le-president-de-la-republique-observe-une-minute-de-silence-a-la-memoire-des-victimes-des-incendies-ayant-touche-certaines-wilayas-du-centre-et-de-lest-du-pays\/#breadcrumb\"},\"inLanguage\":\"fr-FR\",\"potentialAction\":[{\"@type\":\"ReadAction\",\"target\":[\"https:\/\/elmawkie.dz\/fr\/le-president-de-la-republique-observe-une-minute-de-silence-a-la-memoire-des-victimes-des-incendies-ayant-touche-certaines-wilayas-du-centre-et-de-lest-du-pays\/\"]}]},{\"@type\":\"ImageObject\",\"inLanguage\":\"fr-FR\",\"@id\":\"https:\/\/elmawkie.dz\/fr\/le-president-de-la-republique-observe-une-minute-de-silence-a-la-memoire-des-victimes-des-incendies-ayant-touche-certaines-wilayas-du-centre-et-de-lest-du-pays\/#primaryimage\",\"url\":\"https:\/\/elmawkie.dz\/fr\/wp-content\/uploads\/2026\/08\/IMG_9465.jpeg\",\"contentUrl\":\"https:\/\/elmawkie.dz\/fr\/wp-content\/uploads\/2026\/08\/IMG_9465.jpeg\",\"width\":2048,\"height\":1366},{\"@type\":\"BreadcrumbList\",\"@id\":\"https:\/\/elmawkie.dz\/fr\/le-president-de-la-republique-observe-une-minute-de-silence-a-la-memoire-des-victimes-des-incendies-ayant-touche-certaines-wilayas-du-centre-et-de-lest-du-pays\/#breadcrumb\",\"itemListElement\":[{\"@type\":\"ListItem\",\"position\":1,\"name\":\"Home\",\"item\":\"https:\/\/elmawkie.dz\/fr\/\"},{\"@type\":\"ListItem\",\"position\":2,\"name\":\"Le pr\u00e9sident de la R\u00e9publique observe une minute de silence \u00e0 la m\u00e9moire des victimes des incendies ayant touch\u00e9 certaines wilayas du centre et de l&rsquo;est du pays\"}]},{\"@type\":\"WebSite\",\"@id\":\"https:\/\/elmawkie.dz\/fr\/#website\",\"url\":\"https:\/\/elmawkie.dz\/fr\/\",\"name\":\"EL MAWKIE\",\"description\":\"Journal \u00c9lectronique Alg\u00e9rien\",\"publisher\":{\"@id\":\"https:\/\/elmawkie.dz\/fr\/#organization\"},\"potentialAction\":[{\"@type\":\"SearchAction\",\"target\":{\"@type\":\"EntryPoint\",\"urlTemplate\":\"https:\/\/elmawkie.dz\/fr\/?s={search_term_string}\"},\"query-input\":\"required name=search_term_string\"}],\"inLanguage\":\"fr-FR\"},{\"@type\":\"Organization\",\"@id\":\"https:\/\/elmawkie.dz\/fr\/#organization\",\"name\":\"EL MAWKIE\",\"url\":\"https:\/\/elmawkie.dz\/fr\/\",\"logo\":{\"@type\":\"ImageObject\",\"inLanguage\":\"fr-FR\",\"@id\":\"https:\/\/elmawkie.dz\/fr\/#\/schema\/logo\/image\/\",\"url\":\"https:\/\/elmawkie.dz\/fr\/wp-content\/uploads\/2024\/05\/logo1.png\",\"contentUrl\":\"https:\/\/elmawkie.dz\/fr\/wp-content\/uploads\/2024\/05\/logo1.png\",\"width\":1648,\"height\":652,\"caption\":\"EL MAWKIE\"},\"image\":{\"@id\":\"https:\/\/elmawkie.dz\/fr\/#\/schema\/logo\/image\/\"},\"sameAs\":[\"https:\/\/www.facebook.com\/profile.php?id=100088407094989&locale=fr_FR\"]},{\"@type\":\"Person\",\"@id\":\"https:\/\/elmawkie.dz\/fr\/#\/schema\/person\/e7bd59d6467874ba5c4723d8a9f0a63c\",\"name\":\"R\u00e9daction\",\"image\":{\"@type\":\"ImageObject\",\"inLanguage\":\"fr-FR\",\"@id\":\"https:\/\/elmawkie.dz\/fr\/#\/schema\/person\/image\/\",\"url\":\"https:\/\/secure.gravatar.com\/avatar\/f0f773456344da4d2788c054a3d30a0c?s=96&d=mm&r=g\",\"contentUrl\":\"https:\/\/secure.gravatar.com\/avatar\/f0f773456344da4d2788c054a3d30a0c?s=96&d=mm&r=g\",\"caption\":\"R\u00e9daction\"},\"url\":\"https:\/\/elmawkie.dz\/fr\/author\/redaction\/\"}]}<\/script>\n<!-- \/ Yoast SEO Premium plugin. -->","yoast_head_json":{"title":"Le pr\u00e9sident de la R\u00e9publique observe une minute de silence \u00e0 la m\u00e9moire des victimes des incendies ayant touch\u00e9 certaines wilayas du centre et de l'est du pays - El Mawkie","robots":{"index":"index","follow":"follow","max-snippet":"max-snippet:-1","max-image-preview":"max-image-preview:large","max-video-preview":"max-video-preview:-1"},"canonical":"https:\/\/elmawkie.dz\/fr\/le-president-de-la-republique-observe-une-minute-de-silence-a-la-memoire-des-victimes-des-incendies-ayant-touche-certaines-wilayas-du-centre-et-de-lest-du-pays\/","og_locale":"fr_FR","og_type":"article","og_title":"Le pr\u00e9sident de la R\u00e9publique observe une minute de silence \u00e0 la m\u00e9moire des victimes des incendies ayant touch\u00e9 certaines wilayas du centre et de l'est du pays","og_description":"Le pr\u00e9sident de la R\u00e9publique, M. Abdelmadjid Tebboune, a observ\u00e9, jeudi au si\u00e8ge de la Pr\u00e9sidence de la R\u00e9publique, une minute de silence, aux c\u00f4t\u00e9s du Premier ministre de la R\u00e9publique du Niger, M. Ali Mahaman Lamine Zeine, et de la d\u00e9l\u00e9gation l&rsquo;accompagnant, \u00e0 la m\u00e9moire des victimes des incendies ayant touch\u00e9 certaines wilayas du &hellip;","og_url":"https:\/\/elmawkie.dz\/fr\/le-president-de-la-republique-observe-une-minute-de-silence-a-la-memoire-des-victimes-des-incendies-ayant-touche-certaines-wilayas-du-centre-et-de-lest-du-pays\/","og_site_name":"El Mawkie","article_publisher":"https:\/\/www.facebook.com\/profile.php?id=100088407094989&locale=fr_FR","article_published_time":"2026-08-27T15:31:55+00:00","article_modified_time":"2026-08-27T15:31:56+00:00","og_image":[{"width":2048,"height":1366,"url":"https:\/\/elmawkie.dz\/fr\/wp-content\/uploads\/2026\/08\/IMG_9465.jpeg","type":"image\/jpeg"}],"author":"R\u00e9daction","twitter_card":"summary_large_image","twitter_misc":{"Written by":"R\u00e9daction","Est. reading time":"1 minute"},"schema":{"@context":"https:\/\/schema.org","@graph":[{"@type":"Article","@id":"https:\/\/elmawkie.dz\/fr\/le-president-de-la-republique-observe-une-minute-de-silence-a-la-memoire-des-victimes-des-incendies-ayant-touche-certaines-wilayas-du-centre-et-de-lest-du-pays\/#article","isPartOf":{"@id":"https:\/\/elmawkie.dz\/fr\/le-president-de-la-republique-observe-une-minute-de-silence-a-la-memoire-des-victimes-des-incendies-ayant-touche-certaines-wilayas-du-centre-et-de-lest-du-pays\/"},"author":{"name":"R\u00e9daction","@id":"https:\/\/elmawkie.dz\/fr\/#\/schema\/person\/e7bd59d6467874ba5c4723d8a9f0a63c"},"headline":"Le pr\u00e9sident de la R\u00e9publique observe une minute de silence \u00e0 la m\u00e9moire des victimes des incendies ayant touch\u00e9 certaines wilayas du centre et de l&rsquo;est du pays","datePublished":"2026-08-27T15:31:55+00:00","dateModified":"2026-08-27T15:31:56+00:00","mainEntityOfPage":{"@id":"https:\/\/elmawkie.dz\/fr\/le-president-de-la-republique-observe-une-minute-de-silence-a-la-memoire-des-victimes-des-incendies-ayant-touche-certaines-wilayas-du-centre-et-de-lest-du-pays\/"},"wordCount":104,"commentCount":0,"publisher":{"@id":"https:\/\/elmawkie.dz\/fr\/#organization"},"image":{"@id":"https:\/\/elmawkie.dz\/fr\/le-president-de-la-republique-observe-une-minute-de-silence-a-la-memoire-des-victimes-des-incendies-ayant-touche-certaines-wilayas-du-centre-et-de-lest-du-pays\/#primaryimage"},"thumbnailUrl":"https:\/\/elmawkie.dz\/fr\/wp-content\/uploads\/2026\/08\/IMG_9465.jpeg","keywords":["Abdelmadjid Tebboune","le pr\u00e9sident de la R\u00e9publique"],"articleSection":["National"],"inLanguage":"fr-FR","potentialAction":[{"@type":"CommentAction","name":"Comment","target":["https:\/\/elmawkie.dz\/fr\/le-president-de-la-republique-observe-une-minute-de-silence-a-la-memoire-des-victimes-des-incendies-ayant-touche-certaines-wilayas-du-centre-et-de-lest-du-pays\/#respond"]}]},{"@type":"WebPage","@id":"https:\/\/elmawkie.dz\/fr\/le-president-de-la-republique-observe-une-minute-de-silence-a-la-memoire-des-victimes-des-incendies-ayant-touche-certaines-wilayas-du-centre-et-de-lest-du-pays\/","url":"https:\/\/elmawkie.dz\/fr\/le-president-de-la-republique-observe-une-minute-de-silence-a-la-memoire-des-victimes-des-incendies-ayant-touche-certaines-wilayas-du-centre-et-de-lest-du-pays\/","name":"Le pr\u00e9sident de la R\u00e9publique observe une minute de silence \u00e0 la m\u00e9moire des victimes des incendies ayant touch\u00e9 certaines wilayas du centre et de l'est du pays - El Mawkie","isPartOf":{"@id":"https:\/\/elmawkie.dz\/fr\/#website"},"primaryImageOfPage":{"@id":"https:\/\/elmawkie.dz\/fr\/le-president-de-la-republique-observe-une-minute-de-silence-a-la-memoire-des-victimes-des-incendies-ayant-touche-certaines-wilayas-du-centre-et-de-lest-du-pays\/#primaryimage"},"image":{"@id":"https:\/\/elmawkie.dz\/fr\/le-president-de-la-republique-observe-une-minute-de-silence-a-la-memoire-des-victimes-des-incendies-ayant-touche-certaines-wilayas-du-centre-et-de-lest-du-pays\/#primaryimage"},"thumbnailUrl":"https:\/\/elmawkie.dz\/fr\/wp-content\/uploads\/2026\/08\/IMG_9465.jpeg","datePublished":"2026-08-27T15:31:55+00:00","dateModified":"2026-08-27T15:31:56+00:00","breadcrumb":{"@id":"https:\/\/elmawkie.dz\/fr\/le-president-de-la-republique-observe-une-minute-de-silence-a-la-memoire-des-victimes-des-incendies-ayant-touche-certaines-wilayas-du-centre-et-de-lest-du-pays\/#breadcrumb"},"inLanguage":"fr-FR","potentialAction":[{"@type":"ReadAction","target":["https:\/\/elmawkie.dz\/fr\/le-president-de-la-republique-observe-une-minute-de-silence-a-la-memoire-des-victimes-des-incendies-ayant-touche-certaines-wilayas-du-centre-et-de-lest-du-pays\/"]}]},{"@type":"ImageObject","inLanguage":"fr-FR","@id":"https:\/\/elmawkie.dz\/fr\/le-president-de-la-republique-observe-une-minute-de-silence-a-la-memoire-des-victimes-des-incendies-ayant-touche-certaines-wilayas-du-centre-et-de-lest-du-pays\/#primaryimage","url":"https:\/\/elmawkie.dz\/fr\/wp-content\/uploads\/2026\/08\/IMG_9465.jpeg","contentUrl":"https:\/\/elmawkie.dz\/fr\/wp-content\/uploads\/2026\/08\/IMG_9465.jpeg","width":2048,"height":1366},{"@type":"BreadcrumbList","@id":"https:\/\/elmawkie.dz\/fr\/le-president-de-la-republique-observe-une-minute-de-silence-a-la-memoire-des-victimes-des-incendies-ayant-touche-certaines-wilayas-du-centre-et-de-lest-du-pays\/#breadcrumb","itemListElement":[{"@type":"ListItem","position":1,"name":"Home","item":"https:\/\/elmawkie.dz\/fr\/"},{"@type":"ListItem","position":2,"name":"Le pr\u00e9sident de la R\u00e9publique observe une minute de silence \u00e0 la m\u00e9moire des victimes des incendies ayant touch\u00e9 certaines wilayas du centre et de l&rsquo;est du pays"}]},{"@type":"WebSite","@id":"https:\/\/elmawkie.dz\/fr\/#website","url":"https:\/\/elmawkie.dz\/fr\/","name":"EL MAWKIE","description":"Journal \u00c9lectronique Alg\u00e9rien","publisher":{"@id":"https:\/\/elmawkie.dz\/fr\/#organization"},"potentialAction":[{"@type":"SearchAction","target":{"@type":"EntryPoint","urlTemplate":"https:\/\/elmawkie.dz\/fr\/?s={search_term_string}"},"query-input":"required name=search_term_string"}],"inLanguage":"fr-FR"},{"@type":"Organization","@id":"https:\/\/elmawkie.dz\/fr\/#organization","name":"EL MAWKIE","url":"https:\/\/elmawkie.dz\/fr\/","logo":{"@type":"ImageObject","inLanguage":"fr-FR","@id":"https:\/\/elmawkie.dz\/fr\/#\/schema\/logo\/image\/","url":"https:\/\/elmawkie.dz\/fr\/wp-content\/uploads\/2024\/05\/logo1.png","contentUrl":"https:\/\/elmawkie.dz\/fr\/wp-content\/uploads\/2024\/05\/logo1.png","width":1648,"height":652,"caption":"EL MAWKIE"},"image":{"@id":"https:\/\/elmawkie.dz\/fr\/#\/schema\/logo\/image\/"},"sameAs":["https:\/\/www.facebook.com\/profile.php?id=100088407094989&locale=fr_FR"]},{"@type":"Person","@id":"https:\/\/elmawkie.dz\/fr\/#\/schema\/person\/e7bd59d6467874ba5c4723d8a9f0a63c","name":"R\u00e9daction","image":{"@type":"ImageObject","inLanguage":"fr-FR","@id":"https:\/\/elmawkie.dz\/fr\/#\/schema\/person\/image\/","url":"https:\/\/secure.gravatar.com\/avatar\/f0f773456344da4d2788c054a3d30a0c?s=96&d=mm&r=g","contentUrl":"https:\/\/secure.gravatar.com\/avatar\/f0f773456344da4d2788c054a3d30a0c?s=96&d=mm&r=g","caption":"R\u00e9daction"},"url":"https:\/\/elmawkie.dz\/fr\/author\/redaction\/"}]}},"_links":{"self":[{"href":"https:\/\/elmawkie.dz\/fr\/wp-json\/wp\/v2\/posts\/67708","targetHints":{"allow":["GET"]}}],"collection":[{"href":"https:\/\/elmawkie.dz\/fr\/wp-json\/wp\/v2\/posts"}],"about":[{"href":"https:\/\/elmawkie.dz\/fr\/wp-json\/wp\/v2\/types\/post"}],"author":[{"embeddable":true,"href":"https:\/\/elmawkie.dz\/fr\/wp-json\/wp\/v2\/users\/9"}],"replies":[{"embeddable":true,"href":"https:\/\/elmawkie.dz\/fr\/wp-json\/wp\/v2\/comments?post=67708"}],"version-history":[{"count":1,"href":"https:\/\/elmawkie.dz\/fr\/wp-json\/wp\/v2\/posts\/67708\/revisions"}],"predecessor-version":[{"id":67711,"href":"https:\/\/elmawkie.dz\/fr\/wp-json\/wp\/v2\/posts\/67708\/revisions\/67711"}],"wp:featuredmedia":[{"embeddable":true,"href":"https:\/\/elmawkie.dz\/fr\/wp-json\/wp\/v2\/media\/67710"}],"wp:attachment":[{"href":"https:\/\/elmawkie.dz\/fr\/wp-json\/wp\/v2\/media?parent=67708"}],"wp:term":[{"taxonomy":"category","embeddable":true,"href":"https:\/\/elmawkie.dz\/fr\/wp-json\/wp\/v2\/categories?post=67708"},{"taxonomy":"post_tag","embeddable":true,"href":"https:\/\/elmawkie.dz\/fr\/wp-json\/wp\/v2\/tags?post=67708"}],"curies":[{"name":"wp","href":"https:\/\/api.w.org\/{rel}","templated":true}]}}