{"id":67704,"date":"2026-08-27T13:31:45","date_gmt":"2026-08-27T12:31:45","guid":{"rendered":"https:\/\/elmawkie.dz\/fr\/?p=67704"},"modified":"2026-08-27T13:31:46","modified_gmt":"2026-08-27T12:31:46","slug":"le-parc-de-ben-aknoun-dalger-accueille-une-campagne-gratuite-de-vaccination-contre-la-rage","status":"publish","type":"post","link":"https:\/\/elmawkie.dz\/fr\/le-parc-de-ben-aknoun-dalger-accueille-une-campagne-gratuite-de-vaccination-contre-la-rage\/","title":{"rendered":"Le parc de Ben Aknoun d\u2019Alger accueille une campagne gratuite de vaccination contre la rage"},"content":{"rendered":"\n<p><strong>L&rsquo;\u00e9tablissement public de wilaya charg\u00e9 de la gestion du Parc zoologique et des loisirs \u00ab\u00a0La concorde civile\u00a0\u00bb de Ben Aknoun (Alger) organise, jeudi, une campagne gratuite de vaccination contre la rage, indique un communiqu\u00e9 des services de la wilaya d&rsquo;Alger.<\/strong><\/p>\n\n\n\n<p>L&rsquo;\u00e9tablissement public de wilaya charg\u00e9 de la gestion du parc \u00ab\u00a0La concorde civile\u00a0\u00bb, en partenariat avec deux associations activant dans le domaine de la protection des animaux, organise \u00ab\u00a0une journ\u00e9e de sensibilisation comprenant une campagne gratuite de vaccination contre la rage au profit des chiens et des chats, \u00e0 partir de 17h00 jeudi, au niveau du parking du Village africain &#8211; entr\u00e9e de Ben Aknoun\u00a0\u00bb, pr\u00e9cise le communiqu\u00e9.<\/p>\n\n\n\n<p>A cette occasion, \u00ab\u00a0des stands de sensibilisation et un espace interactif destin\u00e9 aux enfants seront am\u00e9nag\u00e9s afin de leur faire d\u00e9couvrir le m\u00e9tier de v\u00e9t\u00e9rinaire, tandis que la campagne de vaccination gratuite se poursuivra jusqu&rsquo;\u00e0 \u00e9puisement des doses disponibles\u00a0\u00bb, ajoute la m\u00eame source, soulignant que l&rsquo;inscription s&rsquo;effectuera via un lien d\u00e9di\u00e9 \u00e0 cette op\u00e9ration.&nbsp;<\/p>\n","protected":false},"excerpt":{"rendered":"<p>L&rsquo;\u00e9tablissement public de wilaya charg\u00e9 de la gestion du Parc zoologique et des loisirs \u00ab\u00a0La concorde civile\u00a0\u00bb de Ben Aknoun (Alger) organise, jeudi, une campagne gratuite de vaccination contre la rage, indique un communiqu\u00e9 des services de la wilaya d&rsquo;Alger. L&rsquo;\u00e9tablissement public de wilaya charg\u00e9 de la gestion du parc \u00ab\u00a0La concorde civile\u00a0\u00bb, en partenariat &hellip;<\/p>\n","protected":false},"author":9,"featured_media":67706,"comment_status":"open","ping_status":"open","sticky":false,"template":"","format":"standard","meta":{"footnotes":""},"categories":[50],"tags":[875],"class_list":["post-67704","post","type-post","status-publish","format-standard","has-post-thumbnail","hentry","category-region","tag-vaccin-contre-la-rage"],"yoast_head":"<!-- This site is optimized with the Yoast SEO Premium plugin v22.6 (Yoast SEO v22.6) - https:\/\/yoast.com\/wordpress\/plugins\/seo\/ -->\n<title>Le parc de Ben Aknoun d\u2019Alger accueille une campagne gratuite de vaccination contre la rage - El Mawkie<\/title>\n<meta name=\"robots\" content=\"index, follow, max-snippet:-1, max-image-preview:large, max-video-preview:-1\" \/>\n<link rel=\"canonical\" href=\"https:\/\/elmawkie.dz\/fr\/le-parc-de-ben-aknoun-dalger-accueille-une-campagne-gratuite-de-vaccination-contre-la-rage\/\" \/>\n<meta property=\"og:locale\" content=\"fr_FR\" \/>\n<meta property=\"og:type\" content=\"article\" \/>\n<meta property=\"og:title\" content=\"Le parc de Ben Aknoun d\u2019Alger accueille une campagne gratuite de vaccination contre la rage\" \/>\n<meta property=\"og:description\" content=\"L&rsquo;\u00e9tablissement public de wilaya charg\u00e9 de la gestion du Parc zoologique et des loisirs \u00ab\u00a0La concorde civile\u00a0\u00bb de Ben Aknoun (Alger) organise, jeudi, une campagne gratuite de vaccination contre la rage, indique un communiqu\u00e9 des services de la wilaya d&rsquo;Alger. L&rsquo;\u00e9tablissement public de wilaya charg\u00e9 de la gestion du parc \u00ab\u00a0La concorde civile\u00a0\u00bb, en partenariat &hellip;\" \/>\n<meta property=\"og:url\" content=\"https:\/\/elmawkie.dz\/fr\/le-parc-de-ben-aknoun-dalger-accueille-une-campagne-gratuite-de-vaccination-contre-la-rage\/\" \/>\n<meta property=\"og:site_name\" content=\"El Mawkie\" \/>\n<meta property=\"article:publisher\" content=\"https:\/\/www.facebook.com\/profile.php?id=100088407094989&amp;locale=fr_FR\" \/>\n<meta property=\"article:published_time\" content=\"2026-08-27T12:31:45+00:00\" \/>\n<meta property=\"article:modified_time\" content=\"2026-08-27T12:31:46+00:00\" \/>\n<meta property=\"og:image\" content=\"https:\/\/elmawkie.dz\/fr\/wp-content\/uploads\/2026\/08\/IMG_9449.jpeg\" \/>\n\t<meta property=\"og:image:width\" content=\"299\" \/>\n\t<meta property=\"og:image:height\" content=\"168\" \/>\n\t<meta property=\"og:image:type\" content=\"image\/jpeg\" \/>\n<meta name=\"author\" content=\"R\u00e9daction\" \/>\n<meta name=\"twitter:card\" content=\"summary_large_image\" \/>\n<meta name=\"twitter:label1\" content=\"Written by\" \/>\n\t<meta name=\"twitter:data1\" content=\"R\u00e9daction\" \/>\n\t<meta name=\"twitter:label2\" content=\"Est. reading time\" \/>\n\t<meta name=\"twitter:data2\" content=\"2 minutes\" \/>\n<script type=\"application\/ld+json\" class=\"yoast-schema-graph\">{\"@context\":\"https:\/\/schema.org\",\"@graph\":[{\"@type\":\"Article\",\"@id\":\"https:\/\/elmawkie.dz\/fr\/le-parc-de-ben-aknoun-dalger-accueille-une-campagne-gratuite-de-vaccination-contre-la-rage\/#article\",\"isPartOf\":{\"@id\":\"https:\/\/elmawkie.dz\/fr\/le-parc-de-ben-aknoun-dalger-accueille-une-campagne-gratuite-de-vaccination-contre-la-rage\/\"},\"author\":{\"name\":\"R\u00e9daction\",\"@id\":\"https:\/\/elmawkie.dz\/fr\/#\/schema\/person\/e7bd59d6467874ba5c4723d8a9f0a63c\"},\"headline\":\"Le parc de Ben Aknoun d\u2019Alger accueille une campagne gratuite de vaccination contre la rage\",\"datePublished\":\"2026-08-27T12:31:45+00:00\",\"dateModified\":\"2026-08-27T12:31:46+00:00\",\"mainEntityOfPage\":{\"@id\":\"https:\/\/elmawkie.dz\/fr\/le-parc-de-ben-aknoun-dalger-accueille-une-campagne-gratuite-de-vaccination-contre-la-rage\/\"},\"wordCount\":194,\"commentCount\":0,\"publisher\":{\"@id\":\"https:\/\/elmawkie.dz\/fr\/#organization\"},\"image\":{\"@id\":\"https:\/\/elmawkie.dz\/fr\/le-parc-de-ben-aknoun-dalger-accueille-une-campagne-gratuite-de-vaccination-contre-la-rage\/#primaryimage\"},\"thumbnailUrl\":\"https:\/\/elmawkie.dz\/fr\/wp-content\/uploads\/2026\/08\/IMG_9449.jpeg\",\"keywords\":[\"vaccin contre la rage\"],\"articleSection\":[\"R\u00e9gion\"],\"inLanguage\":\"fr-FR\",\"potentialAction\":[{\"@type\":\"CommentAction\",\"name\":\"Comment\",\"target\":[\"https:\/\/elmawkie.dz\/fr\/le-parc-de-ben-aknoun-dalger-accueille-une-campagne-gratuite-de-vaccination-contre-la-rage\/#respond\"]}]},{\"@type\":\"WebPage\",\"@id\":\"https:\/\/elmawkie.dz\/fr\/le-parc-de-ben-aknoun-dalger-accueille-une-campagne-gratuite-de-vaccination-contre-la-rage\/\",\"url\":\"https:\/\/elmawkie.dz\/fr\/le-parc-de-ben-aknoun-dalger-accueille-une-campagne-gratuite-de-vaccination-contre-la-rage\/\",\"name\":\"Le parc de Ben Aknoun d\u2019Alger accueille une campagne gratuite de vaccination contre la rage - El Mawkie\",\"isPartOf\":{\"@id\":\"https:\/\/elmawkie.dz\/fr\/#website\"},\"primaryImageOfPage\":{\"@id\":\"https:\/\/elmawkie.dz\/fr\/le-parc-de-ben-aknoun-dalger-accueille-une-campagne-gratuite-de-vaccination-contre-la-rage\/#primaryimage\"},\"image\":{\"@id\":\"https:\/\/elmawkie.dz\/fr\/le-parc-de-ben-aknoun-dalger-accueille-une-campagne-gratuite-de-vaccination-contre-la-rage\/#primaryimage\"},\"thumbnailUrl\":\"https:\/\/elmawkie.dz\/fr\/wp-content\/uploads\/2026\/08\/IMG_9449.jpeg\",\"datePublished\":\"2026-08-27T12:31:45+00:00\",\"dateModified\":\"2026-08-27T12:31:46+00:00\",\"breadcrumb\":{\"@id\":\"https:\/\/elmawkie.dz\/fr\/le-parc-de-ben-aknoun-dalger-accueille-une-campagne-gratuite-de-vaccination-contre-la-rage\/#breadcrumb\"},\"inLanguage\":\"fr-FR\",\"potentialAction\":[{\"@type\":\"ReadAction\",\"target\":[\"https:\/\/elmawkie.dz\/fr\/le-parc-de-ben-aknoun-dalger-accueille-une-campagne-gratuite-de-vaccination-contre-la-rage\/\"]}]},{\"@type\":\"ImageObject\",\"inLanguage\":\"fr-FR\",\"@id\":\"https:\/\/elmawkie.dz\/fr\/le-parc-de-ben-aknoun-dalger-accueille-une-campagne-gratuite-de-vaccination-contre-la-rage\/#primaryimage\",\"url\":\"https:\/\/elmawkie.dz\/fr\/wp-content\/uploads\/2026\/08\/IMG_9449.jpeg\",\"contentUrl\":\"https:\/\/elmawkie.dz\/fr\/wp-content\/uploads\/2026\/08\/IMG_9449.jpeg\",\"width\":299,\"height\":168},{\"@type\":\"BreadcrumbList\",\"@id\":\"https:\/\/elmawkie.dz\/fr\/le-parc-de-ben-aknoun-dalger-accueille-une-campagne-gratuite-de-vaccination-contre-la-rage\/#breadcrumb\",\"itemListElement\":[{\"@type\":\"ListItem\",\"position\":1,\"name\":\"Home\",\"item\":\"https:\/\/elmawkie.dz\/fr\/\"},{\"@type\":\"ListItem\",\"position\":2,\"name\":\"Le parc de Ben Aknoun d\u2019Alger accueille une campagne gratuite de vaccination contre la rage\"}]},{\"@type\":\"WebSite\",\"@id\":\"https:\/\/elmawkie.dz\/fr\/#website\",\"url\":\"https:\/\/elmawkie.dz\/fr\/\",\"name\":\"EL MAWKIE\",\"description\":\"Journal \u00c9lectronique Alg\u00e9rien\",\"publisher\":{\"@id\":\"https:\/\/elmawkie.dz\/fr\/#organization\"},\"potentialAction\":[{\"@type\":\"SearchAction\",\"target\":{\"@type\":\"EntryPoint\",\"urlTemplate\":\"https:\/\/elmawkie.dz\/fr\/?s={search_term_string}\"},\"query-input\":\"required name=search_term_string\"}],\"inLanguage\":\"fr-FR\"},{\"@type\":\"Organization\",\"@id\":\"https:\/\/elmawkie.dz\/fr\/#organization\",\"name\":\"EL MAWKIE\",\"url\":\"https:\/\/elmawkie.dz\/fr\/\",\"logo\":{\"@type\":\"ImageObject\",\"inLanguage\":\"fr-FR\",\"@id\":\"https:\/\/elmawkie.dz\/fr\/#\/schema\/logo\/image\/\",\"url\":\"https:\/\/elmawkie.dz\/fr\/wp-content\/uploads\/2024\/05\/logo1.png\",\"contentUrl\":\"https:\/\/elmawkie.dz\/fr\/wp-content\/uploads\/2024\/05\/logo1.png\",\"width\":1648,\"height\":652,\"caption\":\"EL MAWKIE\"},\"image\":{\"@id\":\"https:\/\/elmawkie.dz\/fr\/#\/schema\/logo\/image\/\"},\"sameAs\":[\"https:\/\/www.facebook.com\/profile.php?id=100088407094989&locale=fr_FR\"]},{\"@type\":\"Person\",\"@id\":\"https:\/\/elmawkie.dz\/fr\/#\/schema\/person\/e7bd59d6467874ba5c4723d8a9f0a63c\",\"name\":\"R\u00e9daction\",\"image\":{\"@type\":\"ImageObject\",\"inLanguage\":\"fr-FR\",\"@id\":\"https:\/\/elmawkie.dz\/fr\/#\/schema\/person\/image\/\",\"url\":\"https:\/\/secure.gravatar.com\/avatar\/f0f773456344da4d2788c054a3d30a0c?s=96&d=mm&r=g\",\"contentUrl\":\"https:\/\/secure.gravatar.com\/avatar\/f0f773456344da4d2788c054a3d30a0c?s=96&d=mm&r=g\",\"caption\":\"R\u00e9daction\"},\"url\":\"https:\/\/elmawkie.dz\/fr\/author\/redaction\/\"}]}<\/script>\n<!-- \/ Yoast SEO Premium plugin. -->","yoast_head_json":{"title":"Le parc de Ben Aknoun d\u2019Alger accueille une campagne gratuite de vaccination contre la rage - El Mawkie","robots":{"index":"index","follow":"follow","max-snippet":"max-snippet:-1","max-image-preview":"max-image-preview:large","max-video-preview":"max-video-preview:-1"},"canonical":"https:\/\/elmawkie.dz\/fr\/le-parc-de-ben-aknoun-dalger-accueille-une-campagne-gratuite-de-vaccination-contre-la-rage\/","og_locale":"fr_FR","og_type":"article","og_title":"Le parc de Ben Aknoun d\u2019Alger accueille une campagne gratuite de vaccination contre la rage","og_description":"L&rsquo;\u00e9tablissement public de wilaya charg\u00e9 de la gestion du Parc zoologique et des loisirs \u00ab\u00a0La concorde civile\u00a0\u00bb de Ben Aknoun (Alger) organise, jeudi, une campagne gratuite de vaccination contre la rage, indique un communiqu\u00e9 des services de la wilaya d&rsquo;Alger. L&rsquo;\u00e9tablissement public de wilaya charg\u00e9 de la gestion du parc \u00ab\u00a0La concorde civile\u00a0\u00bb, en partenariat &hellip;","og_url":"https:\/\/elmawkie.dz\/fr\/le-parc-de-ben-aknoun-dalger-accueille-une-campagne-gratuite-de-vaccination-contre-la-rage\/","og_site_name":"El Mawkie","article_publisher":"https:\/\/www.facebook.com\/profile.php?id=100088407094989&locale=fr_FR","article_published_time":"2026-08-27T12:31:45+00:00","article_modified_time":"2026-08-27T12:31:46+00:00","og_image":[{"width":299,"height":168,"url":"https:\/\/elmawkie.dz\/fr\/wp-content\/uploads\/2026\/08\/IMG_9449.jpeg","type":"image\/jpeg"}],"author":"R\u00e9daction","twitter_card":"summary_large_image","twitter_misc":{"Written by":"R\u00e9daction","Est. reading time":"2 minutes"},"schema":{"@context":"https:\/\/schema.org","@graph":[{"@type":"Article","@id":"https:\/\/elmawkie.dz\/fr\/le-parc-de-ben-aknoun-dalger-accueille-une-campagne-gratuite-de-vaccination-contre-la-rage\/#article","isPartOf":{"@id":"https:\/\/elmawkie.dz\/fr\/le-parc-de-ben-aknoun-dalger-accueille-une-campagne-gratuite-de-vaccination-contre-la-rage\/"},"author":{"name":"R\u00e9daction","@id":"https:\/\/elmawkie.dz\/fr\/#\/schema\/person\/e7bd59d6467874ba5c4723d8a9f0a63c"},"headline":"Le parc de Ben Aknoun d\u2019Alger accueille une campagne gratuite de vaccination contre la rage","datePublished":"2026-08-27T12:31:45+00:00","dateModified":"2026-08-27T12:31:46+00:00","mainEntityOfPage":{"@id":"https:\/\/elmawkie.dz\/fr\/le-parc-de-ben-aknoun-dalger-accueille-une-campagne-gratuite-de-vaccination-contre-la-rage\/"},"wordCount":194,"commentCount":0,"publisher":{"@id":"https:\/\/elmawkie.dz\/fr\/#organization"},"image":{"@id":"https:\/\/elmawkie.dz\/fr\/le-parc-de-ben-aknoun-dalger-accueille-une-campagne-gratuite-de-vaccination-contre-la-rage\/#primaryimage"},"thumbnailUrl":"https:\/\/elmawkie.dz\/fr\/wp-content\/uploads\/2026\/08\/IMG_9449.jpeg","keywords":["vaccin contre la rage"],"articleSection":["R\u00e9gion"],"inLanguage":"fr-FR","potentialAction":[{"@type":"CommentAction","name":"Comment","target":["https:\/\/elmawkie.dz\/fr\/le-parc-de-ben-aknoun-dalger-accueille-une-campagne-gratuite-de-vaccination-contre-la-rage\/#respond"]}]},{"@type":"WebPage","@id":"https:\/\/elmawkie.dz\/fr\/le-parc-de-ben-aknoun-dalger-accueille-une-campagne-gratuite-de-vaccination-contre-la-rage\/","url":"https:\/\/elmawkie.dz\/fr\/le-parc-de-ben-aknoun-dalger-accueille-une-campagne-gratuite-de-vaccination-contre-la-rage\/","name":"Le parc de Ben Aknoun d\u2019Alger accueille une campagne gratuite de vaccination contre la rage - El Mawkie","isPartOf":{"@id":"https:\/\/elmawkie.dz\/fr\/#website"},"primaryImageOfPage":{"@id":"https:\/\/elmawkie.dz\/fr\/le-parc-de-ben-aknoun-dalger-accueille-une-campagne-gratuite-de-vaccination-contre-la-rage\/#primaryimage"},"image":{"@id":"https:\/\/elmawkie.dz\/fr\/le-parc-de-ben-aknoun-dalger-accueille-une-campagne-gratuite-de-vaccination-contre-la-rage\/#primaryimage"},"thumbnailUrl":"https:\/\/elmawkie.dz\/fr\/wp-content\/uploads\/2026\/08\/IMG_9449.jpeg","datePublished":"2026-08-27T12:31:45+00:00","dateModified":"2026-08-27T12:31:46+00:00","breadcrumb":{"@id":"https:\/\/elmawkie.dz\/fr\/le-parc-de-ben-aknoun-dalger-accueille-une-campagne-gratuite-de-vaccination-contre-la-rage\/#breadcrumb"},"inLanguage":"fr-FR","potentialAction":[{"@type":"ReadAction","target":["https:\/\/elmawkie.dz\/fr\/le-parc-de-ben-aknoun-dalger-accueille-une-campagne-gratuite-de-vaccination-contre-la-rage\/"]}]},{"@type":"ImageObject","inLanguage":"fr-FR","@id":"https:\/\/elmawkie.dz\/fr\/le-parc-de-ben-aknoun-dalger-accueille-une-campagne-gratuite-de-vaccination-contre-la-rage\/#primaryimage","url":"https:\/\/elmawkie.dz\/fr\/wp-content\/uploads\/2026\/08\/IMG_9449.jpeg","contentUrl":"https:\/\/elmawkie.dz\/fr\/wp-content\/uploads\/2026\/08\/IMG_9449.jpeg","width":299,"height":168},{"@type":"BreadcrumbList","@id":"https:\/\/elmawkie.dz\/fr\/le-parc-de-ben-aknoun-dalger-accueille-une-campagne-gratuite-de-vaccination-contre-la-rage\/#breadcrumb","itemListElement":[{"@type":"ListItem","position":1,"name":"Home","item":"https:\/\/elmawkie.dz\/fr\/"},{"@type":"ListItem","position":2,"name":"Le parc de Ben Aknoun d\u2019Alger accueille une campagne gratuite de vaccination contre la rage"}]},{"@type":"WebSite","@id":"https:\/\/elmawkie.dz\/fr\/#website","url":"https:\/\/elmawkie.dz\/fr\/","name":"EL MAWKIE","description":"Journal \u00c9lectronique Alg\u00e9rien","publisher":{"@id":"https:\/\/elmawkie.dz\/fr\/#organization"},"potentialAction":[{"@type":"SearchAction","target":{"@type":"EntryPoint","urlTemplate":"https:\/\/elmawkie.dz\/fr\/?s={search_term_string}"},"query-input":"required name=search_term_string"}],"inLanguage":"fr-FR"},{"@type":"Organization","@id":"https:\/\/elmawkie.dz\/fr\/#organization","name":"EL MAWKIE","url":"https:\/\/elmawkie.dz\/fr\/","logo":{"@type":"ImageObject","inLanguage":"fr-FR","@id":"https:\/\/elmawkie.dz\/fr\/#\/schema\/logo\/image\/","url":"https:\/\/elmawkie.dz\/fr\/wp-content\/uploads\/2024\/05\/logo1.png","contentUrl":"https:\/\/elmawkie.dz\/fr\/wp-content\/uploads\/2024\/05\/logo1.png","width":1648,"height":652,"caption":"EL MAWKIE"},"image":{"@id":"https:\/\/elmawkie.dz\/fr\/#\/schema\/logo\/image\/"},"sameAs":["https:\/\/www.facebook.com\/profile.php?id=100088407094989&locale=fr_FR"]},{"@type":"Person","@id":"https:\/\/elmawkie.dz\/fr\/#\/schema\/person\/e7bd59d6467874ba5c4723d8a9f0a63c","name":"R\u00e9daction","image":{"@type":"ImageObject","inLanguage":"fr-FR","@id":"https:\/\/elmawkie.dz\/fr\/#\/schema\/person\/image\/","url":"https:\/\/secure.gravatar.com\/avatar\/f0f773456344da4d2788c054a3d30a0c?s=96&d=mm&r=g","contentUrl":"https:\/\/secure.gravatar.com\/avatar\/f0f773456344da4d2788c054a3d30a0c?s=96&d=mm&r=g","caption":"R\u00e9daction"},"url":"https:\/\/elmawkie.dz\/fr\/author\/redaction\/"}]}},"_links":{"self":[{"href":"https:\/\/elmawkie.dz\/fr\/wp-json\/wp\/v2\/posts\/67704","targetHints":{"allow":["GET"]}}],"collection":[{"href":"https:\/\/elmawkie.dz\/fr\/wp-json\/wp\/v2\/posts"}],"about":[{"href":"https:\/\/elmawkie.dz\/fr\/wp-json\/wp\/v2\/types\/post"}],"author":[{"embeddable":true,"href":"https:\/\/elmawkie.dz\/fr\/wp-json\/wp\/v2\/users\/9"}],"replies":[{"embeddable":true,"href":"https:\/\/elmawkie.dz\/fr\/wp-json\/wp\/v2\/comments?post=67704"}],"version-history":[{"count":1,"href":"https:\/\/elmawkie.dz\/fr\/wp-json\/wp\/v2\/posts\/67704\/revisions"}],"predecessor-version":[{"id":67707,"href":"https:\/\/elmawkie.dz\/fr\/wp-json\/wp\/v2\/posts\/67704\/revisions\/67707"}],"wp:featuredmedia":[{"embeddable":true,"href":"https:\/\/elmawkie.dz\/fr\/wp-json\/wp\/v2\/media\/67706"}],"wp:attachment":[{"href":"https:\/\/elmawkie.dz\/fr\/wp-json\/wp\/v2\/media?parent=67704"}],"wp:term":[{"taxonomy":"category","embeddable":true,"href":"https:\/\/elmawkie.dz\/fr\/wp-json\/wp\/v2\/categories?post=67704"},{"taxonomy":"post_tag","embeddable":true,"href":"https:\/\/elmawkie.dz\/fr\/wp-json\/wp\/v2\/tags?post=67704"}],"curies":[{"name":"wp","href":"https:\/\/api.w.org\/{rel}","templated":true}]}}