{"id":67700,"date":"2026-08-27T13:28:11","date_gmt":"2026-08-27T12:28:11","guid":{"rendered":"https:\/\/elmawkie.dz\/fr\/?p=67700"},"modified":"2026-08-27T13:28:12","modified_gmt":"2026-08-27T12:28:12","slug":"le-premier-ministre-sentretient-en-tete-a-tete-avec-son-homologue-nigerien","status":"publish","type":"post","link":"https:\/\/elmawkie.dz\/fr\/le-premier-ministre-sentretient-en-tete-a-tete-avec-son-homologue-nigerien\/","title":{"rendered":"Le Premier ministre s&rsquo;entretient en t\u00eate-\u00e0-t\u00eate avec son homologue nig\u00e9rien"},"content":{"rendered":"\n<p>Le Premier ministre, M. Sifi Ghrieb, a eu, jeudi, au Palais du Gouvernement, des entretiens en t\u00eate-\u00e0-t\u00eate avec le Premier ministre de la R\u00e9publique du Niger, M. Ali Mahaman Lamine Zeine, dans le cadre de la deuxi\u00e8me journ\u00e9e de la visite de travail qu&rsquo;il effectue en Alg\u00e9rie, \u00e0 la t\u00eate d&rsquo;une d\u00e9l\u00e9gation minist\u00e9rielle de haut niveau, a indiqu\u00e9 un communiqu\u00e9 des services du Premier ministre.<\/p>\n\n\n\n<p>Les entretiens ont port\u00e9 sur \u00ab\u00a0l&rsquo;\u00e9tat des relations bilat\u00e9rales et les perspectives de renforcement de la coop\u00e9ration entre les deux pays fr\u00e8res, ainsi que sur plusieurs questions d&rsquo;int\u00e9r\u00eat commun\u00a0\u00bb, pr\u00e9cise la m\u00eame source.<\/p>\n\n\n\n<p>Cette rencontre bilat\u00e9rale est suivie d&rsquo;une r\u00e9union \u00e9largie aux d\u00e9l\u00e9gations des deux pays afin \u00ab\u00a0d&rsquo;examiner les diff\u00e9rents dossiers de coop\u00e9ration et de partenariat, ainsi que les voies et moyens de renforcer la coordination et l&rsquo;action commune dans divers domaines\u00a0\u00bb.<\/p>\n\n\n\n<p>Ces entretiens s&rsquo;inscrivent dans le cadre de \u00ab\u00a0la dynamique marquant les relations alg\u00e9ro-nig\u00e9riennes, traduisant ainsi la volont\u00e9 commune des dirigeants des deux pays, le pr\u00e9sident de la R\u00e9publique, M. Abdelmadjid Tebboune, et le pr\u00e9sident de la R\u00e9publique du Niger, le g\u00e9n\u00e9ral d&rsquo;arm\u00e9e Abdourahmane Tiani, de promouvoir les relations bilat\u00e9rales et de renforcer la coop\u00e9ration au mieux des int\u00e9r\u00eats des deux pays\u00a0\u00bb, conclut le communiqu\u00e9.&nbsp;<\/p>\n","protected":false},"excerpt":{"rendered":"<p>Le Premier ministre, M. Sifi Ghrieb, a eu, jeudi, au Palais du Gouvernement, des entretiens en t\u00eate-\u00e0-t\u00eate avec le Premier ministre de la R\u00e9publique du Niger, M. Ali Mahaman Lamine Zeine, dans le cadre de la deuxi\u00e8me journ\u00e9e de la visite de travail qu&rsquo;il effectue en Alg\u00e9rie, \u00e0 la t\u00eate d&rsquo;une d\u00e9l\u00e9gation minist\u00e9rielle de haut &hellip;<\/p>\n","protected":false},"author":9,"featured_media":67702,"comment_status":"open","ping_status":"open","sticky":false,"template":"","format":"standard","meta":{"footnotes":""},"categories":[47],"tags":[],"class_list":["post-67700","post","type-post","status-publish","format-standard","has-post-thumbnail","hentry","category-national"],"yoast_head":"<!-- This site is optimized with the Yoast SEO Premium plugin v22.6 (Yoast SEO v22.6) - https:\/\/yoast.com\/wordpress\/plugins\/seo\/ -->\n<title>Le Premier ministre s&#039;entretient en t\u00eate-\u00e0-t\u00eate avec son homologue nig\u00e9rien - El Mawkie<\/title>\n<meta name=\"robots\" content=\"index, follow, max-snippet:-1, max-image-preview:large, max-video-preview:-1\" \/>\n<link rel=\"canonical\" href=\"https:\/\/elmawkie.dz\/fr\/le-premier-ministre-sentretient-en-tete-a-tete-avec-son-homologue-nigerien\/\" \/>\n<meta property=\"og:locale\" content=\"fr_FR\" \/>\n<meta property=\"og:type\" content=\"article\" \/>\n<meta property=\"og:title\" content=\"Le Premier ministre s&#039;entretient en t\u00eate-\u00e0-t\u00eate avec son homologue nig\u00e9rien\" \/>\n<meta property=\"og:description\" content=\"Le Premier ministre, M. Sifi Ghrieb, a eu, jeudi, au Palais du Gouvernement, des entretiens en t\u00eate-\u00e0-t\u00eate avec le Premier ministre de la R\u00e9publique du Niger, M. Ali Mahaman Lamine Zeine, dans le cadre de la deuxi\u00e8me journ\u00e9e de la visite de travail qu&rsquo;il effectue en Alg\u00e9rie, \u00e0 la t\u00eate d&rsquo;une d\u00e9l\u00e9gation minist\u00e9rielle de haut &hellip;\" \/>\n<meta property=\"og:url\" content=\"https:\/\/elmawkie.dz\/fr\/le-premier-ministre-sentretient-en-tete-a-tete-avec-son-homologue-nigerien\/\" \/>\n<meta property=\"og:site_name\" content=\"El Mawkie\" \/>\n<meta property=\"article:publisher\" content=\"https:\/\/www.facebook.com\/profile.php?id=100088407094989&amp;locale=fr_FR\" \/>\n<meta property=\"article:published_time\" content=\"2026-08-27T12:28:11+00:00\" \/>\n<meta property=\"article:modified_time\" content=\"2026-08-27T12:28:12+00:00\" \/>\n<meta property=\"og:image\" content=\"https:\/\/elmawkie.dz\/fr\/wp-content\/uploads\/2026\/08\/IMG_9413.jpeg\" \/>\n\t<meta property=\"og:image:width\" content=\"2048\" \/>\n\t<meta property=\"og:image:height\" content=\"1462\" \/>\n\t<meta property=\"og:image:type\" content=\"image\/jpeg\" \/>\n<meta name=\"author\" content=\"R\u00e9daction\" \/>\n<meta name=\"twitter:card\" content=\"summary_large_image\" \/>\n<meta name=\"twitter:label1\" content=\"Written by\" \/>\n\t<meta name=\"twitter:data1\" content=\"R\u00e9daction\" \/>\n\t<meta name=\"twitter:label2\" content=\"Est. reading time\" \/>\n\t<meta name=\"twitter:data2\" content=\"2 minutes\" \/>\n<script type=\"application\/ld+json\" class=\"yoast-schema-graph\">{\"@context\":\"https:\/\/schema.org\",\"@graph\":[{\"@type\":\"Article\",\"@id\":\"https:\/\/elmawkie.dz\/fr\/le-premier-ministre-sentretient-en-tete-a-tete-avec-son-homologue-nigerien\/#article\",\"isPartOf\":{\"@id\":\"https:\/\/elmawkie.dz\/fr\/le-premier-ministre-sentretient-en-tete-a-tete-avec-son-homologue-nigerien\/\"},\"author\":{\"name\":\"R\u00e9daction\",\"@id\":\"https:\/\/elmawkie.dz\/fr\/#\/schema\/person\/e7bd59d6467874ba5c4723d8a9f0a63c\"},\"headline\":\"Le Premier ministre s&rsquo;entretient en t\u00eate-\u00e0-t\u00eate avec son homologue nig\u00e9rien\",\"datePublished\":\"2026-08-27T12:28:11+00:00\",\"dateModified\":\"2026-08-27T12:28:12+00:00\",\"mainEntityOfPage\":{\"@id\":\"https:\/\/elmawkie.dz\/fr\/le-premier-ministre-sentretient-en-tete-a-tete-avec-son-homologue-nigerien\/\"},\"wordCount\":262,\"commentCount\":0,\"publisher\":{\"@id\":\"https:\/\/elmawkie.dz\/fr\/#organization\"},\"image\":{\"@id\":\"https:\/\/elmawkie.dz\/fr\/le-premier-ministre-sentretient-en-tete-a-tete-avec-son-homologue-nigerien\/#primaryimage\"},\"thumbnailUrl\":\"https:\/\/elmawkie.dz\/fr\/wp-content\/uploads\/2026\/08\/IMG_9413.jpeg\",\"articleSection\":[\"National\"],\"inLanguage\":\"fr-FR\",\"potentialAction\":[{\"@type\":\"CommentAction\",\"name\":\"Comment\",\"target\":[\"https:\/\/elmawkie.dz\/fr\/le-premier-ministre-sentretient-en-tete-a-tete-avec-son-homologue-nigerien\/#respond\"]}]},{\"@type\":\"WebPage\",\"@id\":\"https:\/\/elmawkie.dz\/fr\/le-premier-ministre-sentretient-en-tete-a-tete-avec-son-homologue-nigerien\/\",\"url\":\"https:\/\/elmawkie.dz\/fr\/le-premier-ministre-sentretient-en-tete-a-tete-avec-son-homologue-nigerien\/\",\"name\":\"Le Premier ministre s'entretient en t\u00eate-\u00e0-t\u00eate avec son homologue nig\u00e9rien - El Mawkie\",\"isPartOf\":{\"@id\":\"https:\/\/elmawkie.dz\/fr\/#website\"},\"primaryImageOfPage\":{\"@id\":\"https:\/\/elmawkie.dz\/fr\/le-premier-ministre-sentretient-en-tete-a-tete-avec-son-homologue-nigerien\/#primaryimage\"},\"image\":{\"@id\":\"https:\/\/elmawkie.dz\/fr\/le-premier-ministre-sentretient-en-tete-a-tete-avec-son-homologue-nigerien\/#primaryimage\"},\"thumbnailUrl\":\"https:\/\/elmawkie.dz\/fr\/wp-content\/uploads\/2026\/08\/IMG_9413.jpeg\",\"datePublished\":\"2026-08-27T12:28:11+00:00\",\"dateModified\":\"2026-08-27T12:28:12+00:00\",\"breadcrumb\":{\"@id\":\"https:\/\/elmawkie.dz\/fr\/le-premier-ministre-sentretient-en-tete-a-tete-avec-son-homologue-nigerien\/#breadcrumb\"},\"inLanguage\":\"fr-FR\",\"potentialAction\":[{\"@type\":\"ReadAction\",\"target\":[\"https:\/\/elmawkie.dz\/fr\/le-premier-ministre-sentretient-en-tete-a-tete-avec-son-homologue-nigerien\/\"]}]},{\"@type\":\"ImageObject\",\"inLanguage\":\"fr-FR\",\"@id\":\"https:\/\/elmawkie.dz\/fr\/le-premier-ministre-sentretient-en-tete-a-tete-avec-son-homologue-nigerien\/#primaryimage\",\"url\":\"https:\/\/elmawkie.dz\/fr\/wp-content\/uploads\/2026\/08\/IMG_9413.jpeg\",\"contentUrl\":\"https:\/\/elmawkie.dz\/fr\/wp-content\/uploads\/2026\/08\/IMG_9413.jpeg\",\"width\":2048,\"height\":1462},{\"@type\":\"BreadcrumbList\",\"@id\":\"https:\/\/elmawkie.dz\/fr\/le-premier-ministre-sentretient-en-tete-a-tete-avec-son-homologue-nigerien\/#breadcrumb\",\"itemListElement\":[{\"@type\":\"ListItem\",\"position\":1,\"name\":\"Home\",\"item\":\"https:\/\/elmawkie.dz\/fr\/\"},{\"@type\":\"ListItem\",\"position\":2,\"name\":\"Le Premier ministre s&rsquo;entretient en t\u00eate-\u00e0-t\u00eate avec son homologue nig\u00e9rien\"}]},{\"@type\":\"WebSite\",\"@id\":\"https:\/\/elmawkie.dz\/fr\/#website\",\"url\":\"https:\/\/elmawkie.dz\/fr\/\",\"name\":\"EL MAWKIE\",\"description\":\"Journal \u00c9lectronique Alg\u00e9rien\",\"publisher\":{\"@id\":\"https:\/\/elmawkie.dz\/fr\/#organization\"},\"potentialAction\":[{\"@type\":\"SearchAction\",\"target\":{\"@type\":\"EntryPoint\",\"urlTemplate\":\"https:\/\/elmawkie.dz\/fr\/?s={search_term_string}\"},\"query-input\":\"required name=search_term_string\"}],\"inLanguage\":\"fr-FR\"},{\"@type\":\"Organization\",\"@id\":\"https:\/\/elmawkie.dz\/fr\/#organization\",\"name\":\"EL MAWKIE\",\"url\":\"https:\/\/elmawkie.dz\/fr\/\",\"logo\":{\"@type\":\"ImageObject\",\"inLanguage\":\"fr-FR\",\"@id\":\"https:\/\/elmawkie.dz\/fr\/#\/schema\/logo\/image\/\",\"url\":\"https:\/\/elmawkie.dz\/fr\/wp-content\/uploads\/2024\/05\/logo1.png\",\"contentUrl\":\"https:\/\/elmawkie.dz\/fr\/wp-content\/uploads\/2024\/05\/logo1.png\",\"width\":1648,\"height\":652,\"caption\":\"EL MAWKIE\"},\"image\":{\"@id\":\"https:\/\/elmawkie.dz\/fr\/#\/schema\/logo\/image\/\"},\"sameAs\":[\"https:\/\/www.facebook.com\/profile.php?id=100088407094989&locale=fr_FR\"]},{\"@type\":\"Person\",\"@id\":\"https:\/\/elmawkie.dz\/fr\/#\/schema\/person\/e7bd59d6467874ba5c4723d8a9f0a63c\",\"name\":\"R\u00e9daction\",\"image\":{\"@type\":\"ImageObject\",\"inLanguage\":\"fr-FR\",\"@id\":\"https:\/\/elmawkie.dz\/fr\/#\/schema\/person\/image\/\",\"url\":\"https:\/\/secure.gravatar.com\/avatar\/f0f773456344da4d2788c054a3d30a0c?s=96&d=mm&r=g\",\"contentUrl\":\"https:\/\/secure.gravatar.com\/avatar\/f0f773456344da4d2788c054a3d30a0c?s=96&d=mm&r=g\",\"caption\":\"R\u00e9daction\"},\"url\":\"https:\/\/elmawkie.dz\/fr\/author\/redaction\/\"}]}<\/script>\n<!-- \/ Yoast SEO Premium plugin. -->","yoast_head_json":{"title":"Le Premier ministre s'entretient en t\u00eate-\u00e0-t\u00eate avec son homologue nig\u00e9rien - El Mawkie","robots":{"index":"index","follow":"follow","max-snippet":"max-snippet:-1","max-image-preview":"max-image-preview:large","max-video-preview":"max-video-preview:-1"},"canonical":"https:\/\/elmawkie.dz\/fr\/le-premier-ministre-sentretient-en-tete-a-tete-avec-son-homologue-nigerien\/","og_locale":"fr_FR","og_type":"article","og_title":"Le Premier ministre s'entretient en t\u00eate-\u00e0-t\u00eate avec son homologue nig\u00e9rien","og_description":"Le Premier ministre, M. Sifi Ghrieb, a eu, jeudi, au Palais du Gouvernement, des entretiens en t\u00eate-\u00e0-t\u00eate avec le Premier ministre de la R\u00e9publique du Niger, M. Ali Mahaman Lamine Zeine, dans le cadre de la deuxi\u00e8me journ\u00e9e de la visite de travail qu&rsquo;il effectue en Alg\u00e9rie, \u00e0 la t\u00eate d&rsquo;une d\u00e9l\u00e9gation minist\u00e9rielle de haut &hellip;","og_url":"https:\/\/elmawkie.dz\/fr\/le-premier-ministre-sentretient-en-tete-a-tete-avec-son-homologue-nigerien\/","og_site_name":"El Mawkie","article_publisher":"https:\/\/www.facebook.com\/profile.php?id=100088407094989&locale=fr_FR","article_published_time":"2026-08-27T12:28:11+00:00","article_modified_time":"2026-08-27T12:28:12+00:00","og_image":[{"width":2048,"height":1462,"url":"https:\/\/elmawkie.dz\/fr\/wp-content\/uploads\/2026\/08\/IMG_9413.jpeg","type":"image\/jpeg"}],"author":"R\u00e9daction","twitter_card":"summary_large_image","twitter_misc":{"Written by":"R\u00e9daction","Est. reading time":"2 minutes"},"schema":{"@context":"https:\/\/schema.org","@graph":[{"@type":"Article","@id":"https:\/\/elmawkie.dz\/fr\/le-premier-ministre-sentretient-en-tete-a-tete-avec-son-homologue-nigerien\/#article","isPartOf":{"@id":"https:\/\/elmawkie.dz\/fr\/le-premier-ministre-sentretient-en-tete-a-tete-avec-son-homologue-nigerien\/"},"author":{"name":"R\u00e9daction","@id":"https:\/\/elmawkie.dz\/fr\/#\/schema\/person\/e7bd59d6467874ba5c4723d8a9f0a63c"},"headline":"Le Premier ministre s&rsquo;entretient en t\u00eate-\u00e0-t\u00eate avec son homologue nig\u00e9rien","datePublished":"2026-08-27T12:28:11+00:00","dateModified":"2026-08-27T12:28:12+00:00","mainEntityOfPage":{"@id":"https:\/\/elmawkie.dz\/fr\/le-premier-ministre-sentretient-en-tete-a-tete-avec-son-homologue-nigerien\/"},"wordCount":262,"commentCount":0,"publisher":{"@id":"https:\/\/elmawkie.dz\/fr\/#organization"},"image":{"@id":"https:\/\/elmawkie.dz\/fr\/le-premier-ministre-sentretient-en-tete-a-tete-avec-son-homologue-nigerien\/#primaryimage"},"thumbnailUrl":"https:\/\/elmawkie.dz\/fr\/wp-content\/uploads\/2026\/08\/IMG_9413.jpeg","articleSection":["National"],"inLanguage":"fr-FR","potentialAction":[{"@type":"CommentAction","name":"Comment","target":["https:\/\/elmawkie.dz\/fr\/le-premier-ministre-sentretient-en-tete-a-tete-avec-son-homologue-nigerien\/#respond"]}]},{"@type":"WebPage","@id":"https:\/\/elmawkie.dz\/fr\/le-premier-ministre-sentretient-en-tete-a-tete-avec-son-homologue-nigerien\/","url":"https:\/\/elmawkie.dz\/fr\/le-premier-ministre-sentretient-en-tete-a-tete-avec-son-homologue-nigerien\/","name":"Le Premier ministre s'entretient en t\u00eate-\u00e0-t\u00eate avec son homologue nig\u00e9rien - El Mawkie","isPartOf":{"@id":"https:\/\/elmawkie.dz\/fr\/#website"},"primaryImageOfPage":{"@id":"https:\/\/elmawkie.dz\/fr\/le-premier-ministre-sentretient-en-tete-a-tete-avec-son-homologue-nigerien\/#primaryimage"},"image":{"@id":"https:\/\/elmawkie.dz\/fr\/le-premier-ministre-sentretient-en-tete-a-tete-avec-son-homologue-nigerien\/#primaryimage"},"thumbnailUrl":"https:\/\/elmawkie.dz\/fr\/wp-content\/uploads\/2026\/08\/IMG_9413.jpeg","datePublished":"2026-08-27T12:28:11+00:00","dateModified":"2026-08-27T12:28:12+00:00","breadcrumb":{"@id":"https:\/\/elmawkie.dz\/fr\/le-premier-ministre-sentretient-en-tete-a-tete-avec-son-homologue-nigerien\/#breadcrumb"},"inLanguage":"fr-FR","potentialAction":[{"@type":"ReadAction","target":["https:\/\/elmawkie.dz\/fr\/le-premier-ministre-sentretient-en-tete-a-tete-avec-son-homologue-nigerien\/"]}]},{"@type":"ImageObject","inLanguage":"fr-FR","@id":"https:\/\/elmawkie.dz\/fr\/le-premier-ministre-sentretient-en-tete-a-tete-avec-son-homologue-nigerien\/#primaryimage","url":"https:\/\/elmawkie.dz\/fr\/wp-content\/uploads\/2026\/08\/IMG_9413.jpeg","contentUrl":"https:\/\/elmawkie.dz\/fr\/wp-content\/uploads\/2026\/08\/IMG_9413.jpeg","width":2048,"height":1462},{"@type":"BreadcrumbList","@id":"https:\/\/elmawkie.dz\/fr\/le-premier-ministre-sentretient-en-tete-a-tete-avec-son-homologue-nigerien\/#breadcrumb","itemListElement":[{"@type":"ListItem","position":1,"name":"Home","item":"https:\/\/elmawkie.dz\/fr\/"},{"@type":"ListItem","position":2,"name":"Le Premier ministre s&rsquo;entretient en t\u00eate-\u00e0-t\u00eate avec son homologue nig\u00e9rien"}]},{"@type":"WebSite","@id":"https:\/\/elmawkie.dz\/fr\/#website","url":"https:\/\/elmawkie.dz\/fr\/","name":"EL MAWKIE","description":"Journal \u00c9lectronique Alg\u00e9rien","publisher":{"@id":"https:\/\/elmawkie.dz\/fr\/#organization"},"potentialAction":[{"@type":"SearchAction","target":{"@type":"EntryPoint","urlTemplate":"https:\/\/elmawkie.dz\/fr\/?s={search_term_string}"},"query-input":"required name=search_term_string"}],"inLanguage":"fr-FR"},{"@type":"Organization","@id":"https:\/\/elmawkie.dz\/fr\/#organization","name":"EL MAWKIE","url":"https:\/\/elmawkie.dz\/fr\/","logo":{"@type":"ImageObject","inLanguage":"fr-FR","@id":"https:\/\/elmawkie.dz\/fr\/#\/schema\/logo\/image\/","url":"https:\/\/elmawkie.dz\/fr\/wp-content\/uploads\/2024\/05\/logo1.png","contentUrl":"https:\/\/elmawkie.dz\/fr\/wp-content\/uploads\/2024\/05\/logo1.png","width":1648,"height":652,"caption":"EL MAWKIE"},"image":{"@id":"https:\/\/elmawkie.dz\/fr\/#\/schema\/logo\/image\/"},"sameAs":["https:\/\/www.facebook.com\/profile.php?id=100088407094989&locale=fr_FR"]},{"@type":"Person","@id":"https:\/\/elmawkie.dz\/fr\/#\/schema\/person\/e7bd59d6467874ba5c4723d8a9f0a63c","name":"R\u00e9daction","image":{"@type":"ImageObject","inLanguage":"fr-FR","@id":"https:\/\/elmawkie.dz\/fr\/#\/schema\/person\/image\/","url":"https:\/\/secure.gravatar.com\/avatar\/f0f773456344da4d2788c054a3d30a0c?s=96&d=mm&r=g","contentUrl":"https:\/\/secure.gravatar.com\/avatar\/f0f773456344da4d2788c054a3d30a0c?s=96&d=mm&r=g","caption":"R\u00e9daction"},"url":"https:\/\/elmawkie.dz\/fr\/author\/redaction\/"}]}},"_links":{"self":[{"href":"https:\/\/elmawkie.dz\/fr\/wp-json\/wp\/v2\/posts\/67700","targetHints":{"allow":["GET"]}}],"collection":[{"href":"https:\/\/elmawkie.dz\/fr\/wp-json\/wp\/v2\/posts"}],"about":[{"href":"https:\/\/elmawkie.dz\/fr\/wp-json\/wp\/v2\/types\/post"}],"author":[{"embeddable":true,"href":"https:\/\/elmawkie.dz\/fr\/wp-json\/wp\/v2\/users\/9"}],"replies":[{"embeddable":true,"href":"https:\/\/elmawkie.dz\/fr\/wp-json\/wp\/v2\/comments?post=67700"}],"version-history":[{"count":1,"href":"https:\/\/elmawkie.dz\/fr\/wp-json\/wp\/v2\/posts\/67700\/revisions"}],"predecessor-version":[{"id":67703,"href":"https:\/\/elmawkie.dz\/fr\/wp-json\/wp\/v2\/posts\/67700\/revisions\/67703"}],"wp:featuredmedia":[{"embeddable":true,"href":"https:\/\/elmawkie.dz\/fr\/wp-json\/wp\/v2\/media\/67702"}],"wp:attachment":[{"href":"https:\/\/elmawkie.dz\/fr\/wp-json\/wp\/v2\/media?parent=67700"}],"wp:term":[{"taxonomy":"category","embeddable":true,"href":"https:\/\/elmawkie.dz\/fr\/wp-json\/wp\/v2\/categories?post=67700"},{"taxonomy":"post_tag","embeddable":true,"href":"https:\/\/elmawkie.dz\/fr\/wp-json\/wp\/v2\/tags?post=67700"}],"curies":[{"name":"wp","href":"https:\/\/api.w.org\/{rel}","templated":true}]}}