{"id":67696,"date":"2026-08-27T13:27:21","date_gmt":"2026-08-27T12:27:21","guid":{"rendered":"https:\/\/elmawkie.dz\/fr\/?p=67696"},"modified":"2026-08-27T13:27:21","modified_gmt":"2026-08-27T12:27:21","slug":"tlemcen-intensification-des-operations-damenagement-et-de-rehabilitation-urbaine","status":"publish","type":"post","link":"https:\/\/elmawkie.dz\/fr\/tlemcen-intensification-des-operations-damenagement-et-de-rehabilitation-urbaine\/","title":{"rendered":"Tlemcen : intensification des op\u00e9rations d\u2019am\u00e9nagement et de r\u00e9habilitation urbaine"},"content":{"rendered":"\n<p><strong>La Direction de l\u2019urbanisme, de l\u2019architecture et de la construction (DUC) de la wilaya de Tlemcen a entam\u00e9 la r\u00e9alisation de plusieurs projets d\u2019am\u00e9nagement des quartiers du centre-ville et de r\u00e9sorption des points noirs, a-t-on appris jeudi aupr\u00e8s du directeur de wilaya de cette structure, Rachid Belkadi.<\/strong><\/p>\n\n\n\n<p>Dans une d\u00e9claration \u00e0 l\u2019APS, M. Belkadi a indiqu\u00e9 qu\u2019une enveloppe financi\u00e8re de 390 millions de dinars a \u00e9t\u00e9 consacr\u00e9e \u00e0 cette op\u00e9ration. Sur ce montant, 340 millions de dinars sont destin\u00e9s \u00e0 la r\u00e9alisation de 12 projets, dont six portent sur l\u2019am\u00e9nagement de voiries et six autres sur la r\u00e9habilitation de carrefours giratoires.<\/p>\n\n\n\n<p>Une enveloppe de 5 millions de dinars a \u00e9galement \u00e9t\u00e9 r\u00e9serv\u00e9e \u00e0 la r\u00e9sorption des points noirs, dans le cadre d\u2019un programme qui sera mis en \u0153uvre au niveau des communes de Tlemcen et de Mansourah.<\/p>\n\n\n\n<p>Les travaux d\u2019am\u00e9nagement des routes concernent notamment les quartiers de Boudjlida, El Koudia, Hai Zitoune, Abou Tachfine et Kebassa, ainsi que les voies adjacentes au lyc\u00e9e Yaghmoracen, au centre-ville. Ils portent principalement sur la r\u00e9alisation de rev\u00eatements en b\u00e9ton bitumineux et la r\u00e9habilitation de plusieurs axes routiers.<\/p>\n\n\n\n<p>L\u2019op\u00e9ration pr\u00e9voit \u00e9galement la r\u00e9habilitation de plusieurs carrefours giratoires, notamment \u00e0 proximit\u00e9 de la gare routi\u00e8re de transport de voyageurs, au niveau du carrefour \u00ab\u00a0El Khessa\u00a0\u00bb, pr\u00e8s de l\u2019h\u00f4tel du centre-ville, ainsi qu\u2019au quartier Hai Zitoune. Elle concerne aussi les deux giratoires des quartiers Bab Ouahran et Imama, en plus de la fontaine de la place du 1er-Mai.<\/p>\n\n\n\n<p>Inscrits dans le cadre du programme du Fonds de garantie et de solidarit\u00e9 des collectivit\u00e9s locales, les travaux de ces projets ont d\u00e9marr\u00e9 avec des taux d\u2019avancement variables. Leur r\u00e9ception est pr\u00e9vue avant la fin du mois de septembre prochain, selon la m\u00eame source.<\/p>\n\n\n\n<p>Le responsable a pr\u00e9cis\u00e9 que l\u2019op\u00e9ration de r\u00e9sorption des points noirs comprend notamment la remise \u00e0 niveau et le rev\u00eatement des routes en b\u00e9ton bitumineux. Il a \u00e9galement annonc\u00e9 qu\u2019une enveloppe financi\u00e8re suppl\u00e9mentaire sera d\u00e9gag\u00e9e afin d\u2019\u00e9tendre les op\u00e9rations d\u2019am\u00e9nagement \u00e0 d\u2019autres quartiers du tissu urbain de Tlemcen, notamment pour la r\u00e9habilitation des trottoirs et des routes, ainsi que l\u2019am\u00e9lioration de l\u2019\u00e9clairage public.<\/p>\n\n\n\n<p>Par ailleurs, les travaux d\u2019am\u00e9nagement du nouveau p\u00f4le urbain, qui s\u2019\u00e9tend sur une superficie estim\u00e9e \u00e0 500 hectares, se poursuivent par \u00e9tapes. Ce nouveau p\u00f4le devrait accueillir pr\u00e8s de 7 000 logements, toutes formules confondues, dont 4 550 logements en location-vente \u00ab\u00a0AADL\u00a0\u00bb, selon le m\u00eame responsable.<\/p>\n","protected":false},"excerpt":{"rendered":"<p>La Direction de l\u2019urbanisme, de l\u2019architecture et de la construction (DUC) de la wilaya de Tlemcen a entam\u00e9 la r\u00e9alisation de plusieurs projets d\u2019am\u00e9nagement des quartiers du centre-ville et de r\u00e9sorption des points noirs, a-t-on appris jeudi aupr\u00e8s du directeur de wilaya de cette structure, Rachid Belkadi. Dans une d\u00e9claration \u00e0 l\u2019APS, M. Belkadi a &hellip;<\/p>\n","protected":false},"author":9,"featured_media":67698,"comment_status":"open","ping_status":"open","sticky":false,"template":"","format":"standard","meta":{"footnotes":""},"categories":[50],"tags":[871],"class_list":["post-67696","post","type-post","status-publish","format-standard","has-post-thumbnail","hentry","category-region","tag-tlemcen"],"yoast_head":"<!-- This site is optimized with the Yoast SEO Premium plugin v22.6 (Yoast SEO v22.6) - https:\/\/yoast.com\/wordpress\/plugins\/seo\/ -->\n<title>Tlemcen : intensification des op\u00e9rations d\u2019am\u00e9nagement et de r\u00e9habilitation urbaine - El Mawkie<\/title>\n<meta name=\"robots\" content=\"index, follow, max-snippet:-1, max-image-preview:large, max-video-preview:-1\" \/>\n<link rel=\"canonical\" href=\"https:\/\/elmawkie.dz\/fr\/tlemcen-intensification-des-operations-damenagement-et-de-rehabilitation-urbaine\/\" \/>\n<meta property=\"og:locale\" content=\"fr_FR\" \/>\n<meta property=\"og:type\" content=\"article\" \/>\n<meta property=\"og:title\" content=\"Tlemcen : intensification des op\u00e9rations d\u2019am\u00e9nagement et de r\u00e9habilitation urbaine\" \/>\n<meta property=\"og:description\" content=\"La Direction de l\u2019urbanisme, de l\u2019architecture et de la construction (DUC) de la wilaya de Tlemcen a entam\u00e9 la r\u00e9alisation de plusieurs projets d\u2019am\u00e9nagement des quartiers du centre-ville et de r\u00e9sorption des points noirs, a-t-on appris jeudi aupr\u00e8s du directeur de wilaya de cette structure, Rachid Belkadi. Dans une d\u00e9claration \u00e0 l\u2019APS, M. Belkadi a &hellip;\" \/>\n<meta property=\"og:url\" content=\"https:\/\/elmawkie.dz\/fr\/tlemcen-intensification-des-operations-damenagement-et-de-rehabilitation-urbaine\/\" \/>\n<meta property=\"og:site_name\" content=\"El Mawkie\" \/>\n<meta property=\"article:publisher\" content=\"https:\/\/www.facebook.com\/profile.php?id=100088407094989&amp;locale=fr_FR\" \/>\n<meta property=\"article:published_time\" content=\"2026-08-27T12:27:21+00:00\" \/>\n<meta property=\"og:image\" content=\"https:\/\/elmawkie.dz\/fr\/wp-content\/uploads\/2026\/08\/IMG_9448.jpeg\" \/>\n\t<meta property=\"og:image:width\" content=\"588\" \/>\n\t<meta property=\"og:image:height\" content=\"348\" \/>\n\t<meta property=\"og:image:type\" content=\"image\/jpeg\" \/>\n<meta name=\"author\" content=\"R\u00e9daction\" \/>\n<meta name=\"twitter:card\" content=\"summary_large_image\" \/>\n<meta name=\"twitter:label1\" content=\"Written by\" \/>\n\t<meta name=\"twitter:data1\" content=\"R\u00e9daction\" \/>\n\t<meta name=\"twitter:label2\" content=\"Est. reading time\" \/>\n\t<meta name=\"twitter:data2\" content=\"3 minutes\" \/>\n<script type=\"application\/ld+json\" class=\"yoast-schema-graph\">{\"@context\":\"https:\/\/schema.org\",\"@graph\":[{\"@type\":\"Article\",\"@id\":\"https:\/\/elmawkie.dz\/fr\/tlemcen-intensification-des-operations-damenagement-et-de-rehabilitation-urbaine\/#article\",\"isPartOf\":{\"@id\":\"https:\/\/elmawkie.dz\/fr\/tlemcen-intensification-des-operations-damenagement-et-de-rehabilitation-urbaine\/\"},\"author\":{\"name\":\"R\u00e9daction\",\"@id\":\"https:\/\/elmawkie.dz\/fr\/#\/schema\/person\/e7bd59d6467874ba5c4723d8a9f0a63c\"},\"headline\":\"Tlemcen : intensification des op\u00e9rations d\u2019am\u00e9nagement et de r\u00e9habilitation urbaine\",\"datePublished\":\"2026-08-27T12:27:21+00:00\",\"dateModified\":\"2026-08-27T12:27:21+00:00\",\"mainEntityOfPage\":{\"@id\":\"https:\/\/elmawkie.dz\/fr\/tlemcen-intensification-des-operations-damenagement-et-de-rehabilitation-urbaine\/\"},\"wordCount\":463,\"commentCount\":0,\"publisher\":{\"@id\":\"https:\/\/elmawkie.dz\/fr\/#organization\"},\"image\":{\"@id\":\"https:\/\/elmawkie.dz\/fr\/tlemcen-intensification-des-operations-damenagement-et-de-rehabilitation-urbaine\/#primaryimage\"},\"thumbnailUrl\":\"https:\/\/elmawkie.dz\/fr\/wp-content\/uploads\/2026\/08\/IMG_9448.jpeg\",\"keywords\":[\"Tlemcen\"],\"articleSection\":[\"R\u00e9gion\"],\"inLanguage\":\"fr-FR\",\"potentialAction\":[{\"@type\":\"CommentAction\",\"name\":\"Comment\",\"target\":[\"https:\/\/elmawkie.dz\/fr\/tlemcen-intensification-des-operations-damenagement-et-de-rehabilitation-urbaine\/#respond\"]}]},{\"@type\":\"WebPage\",\"@id\":\"https:\/\/elmawkie.dz\/fr\/tlemcen-intensification-des-operations-damenagement-et-de-rehabilitation-urbaine\/\",\"url\":\"https:\/\/elmawkie.dz\/fr\/tlemcen-intensification-des-operations-damenagement-et-de-rehabilitation-urbaine\/\",\"name\":\"Tlemcen : intensification des op\u00e9rations d\u2019am\u00e9nagement et de r\u00e9habilitation urbaine - El Mawkie\",\"isPartOf\":{\"@id\":\"https:\/\/elmawkie.dz\/fr\/#website\"},\"primaryImageOfPage\":{\"@id\":\"https:\/\/elmawkie.dz\/fr\/tlemcen-intensification-des-operations-damenagement-et-de-rehabilitation-urbaine\/#primaryimage\"},\"image\":{\"@id\":\"https:\/\/elmawkie.dz\/fr\/tlemcen-intensification-des-operations-damenagement-et-de-rehabilitation-urbaine\/#primaryimage\"},\"thumbnailUrl\":\"https:\/\/elmawkie.dz\/fr\/wp-content\/uploads\/2026\/08\/IMG_9448.jpeg\",\"datePublished\":\"2026-08-27T12:27:21+00:00\",\"dateModified\":\"2026-08-27T12:27:21+00:00\",\"breadcrumb\":{\"@id\":\"https:\/\/elmawkie.dz\/fr\/tlemcen-intensification-des-operations-damenagement-et-de-rehabilitation-urbaine\/#breadcrumb\"},\"inLanguage\":\"fr-FR\",\"potentialAction\":[{\"@type\":\"ReadAction\",\"target\":[\"https:\/\/elmawkie.dz\/fr\/tlemcen-intensification-des-operations-damenagement-et-de-rehabilitation-urbaine\/\"]}]},{\"@type\":\"ImageObject\",\"inLanguage\":\"fr-FR\",\"@id\":\"https:\/\/elmawkie.dz\/fr\/tlemcen-intensification-des-operations-damenagement-et-de-rehabilitation-urbaine\/#primaryimage\",\"url\":\"https:\/\/elmawkie.dz\/fr\/wp-content\/uploads\/2026\/08\/IMG_9448.jpeg\",\"contentUrl\":\"https:\/\/elmawkie.dz\/fr\/wp-content\/uploads\/2026\/08\/IMG_9448.jpeg\",\"width\":588,\"height\":348},{\"@type\":\"BreadcrumbList\",\"@id\":\"https:\/\/elmawkie.dz\/fr\/tlemcen-intensification-des-operations-damenagement-et-de-rehabilitation-urbaine\/#breadcrumb\",\"itemListElement\":[{\"@type\":\"ListItem\",\"position\":1,\"name\":\"Home\",\"item\":\"https:\/\/elmawkie.dz\/fr\/\"},{\"@type\":\"ListItem\",\"position\":2,\"name\":\"Tlemcen : intensification des op\u00e9rations d\u2019am\u00e9nagement et de r\u00e9habilitation urbaine\"}]},{\"@type\":\"WebSite\",\"@id\":\"https:\/\/elmawkie.dz\/fr\/#website\",\"url\":\"https:\/\/elmawkie.dz\/fr\/\",\"name\":\"EL MAWKIE\",\"description\":\"Journal \u00c9lectronique Alg\u00e9rien\",\"publisher\":{\"@id\":\"https:\/\/elmawkie.dz\/fr\/#organization\"},\"potentialAction\":[{\"@type\":\"SearchAction\",\"target\":{\"@type\":\"EntryPoint\",\"urlTemplate\":\"https:\/\/elmawkie.dz\/fr\/?s={search_term_string}\"},\"query-input\":\"required name=search_term_string\"}],\"inLanguage\":\"fr-FR\"},{\"@type\":\"Organization\",\"@id\":\"https:\/\/elmawkie.dz\/fr\/#organization\",\"name\":\"EL MAWKIE\",\"url\":\"https:\/\/elmawkie.dz\/fr\/\",\"logo\":{\"@type\":\"ImageObject\",\"inLanguage\":\"fr-FR\",\"@id\":\"https:\/\/elmawkie.dz\/fr\/#\/schema\/logo\/image\/\",\"url\":\"https:\/\/elmawkie.dz\/fr\/wp-content\/uploads\/2024\/05\/logo1.png\",\"contentUrl\":\"https:\/\/elmawkie.dz\/fr\/wp-content\/uploads\/2024\/05\/logo1.png\",\"width\":1648,\"height\":652,\"caption\":\"EL MAWKIE\"},\"image\":{\"@id\":\"https:\/\/elmawkie.dz\/fr\/#\/schema\/logo\/image\/\"},\"sameAs\":[\"https:\/\/www.facebook.com\/profile.php?id=100088407094989&locale=fr_FR\"]},{\"@type\":\"Person\",\"@id\":\"https:\/\/elmawkie.dz\/fr\/#\/schema\/person\/e7bd59d6467874ba5c4723d8a9f0a63c\",\"name\":\"R\u00e9daction\",\"image\":{\"@type\":\"ImageObject\",\"inLanguage\":\"fr-FR\",\"@id\":\"https:\/\/elmawkie.dz\/fr\/#\/schema\/person\/image\/\",\"url\":\"https:\/\/secure.gravatar.com\/avatar\/f0f773456344da4d2788c054a3d30a0c?s=96&d=mm&r=g\",\"contentUrl\":\"https:\/\/secure.gravatar.com\/avatar\/f0f773456344da4d2788c054a3d30a0c?s=96&d=mm&r=g\",\"caption\":\"R\u00e9daction\"},\"url\":\"https:\/\/elmawkie.dz\/fr\/author\/redaction\/\"}]}<\/script>\n<!-- \/ Yoast SEO Premium plugin. -->","yoast_head_json":{"title":"Tlemcen : intensification des op\u00e9rations d\u2019am\u00e9nagement et de r\u00e9habilitation urbaine - El Mawkie","robots":{"index":"index","follow":"follow","max-snippet":"max-snippet:-1","max-image-preview":"max-image-preview:large","max-video-preview":"max-video-preview:-1"},"canonical":"https:\/\/elmawkie.dz\/fr\/tlemcen-intensification-des-operations-damenagement-et-de-rehabilitation-urbaine\/","og_locale":"fr_FR","og_type":"article","og_title":"Tlemcen : intensification des op\u00e9rations d\u2019am\u00e9nagement et de r\u00e9habilitation urbaine","og_description":"La Direction de l\u2019urbanisme, de l\u2019architecture et de la construction (DUC) de la wilaya de Tlemcen a entam\u00e9 la r\u00e9alisation de plusieurs projets d\u2019am\u00e9nagement des quartiers du centre-ville et de r\u00e9sorption des points noirs, a-t-on appris jeudi aupr\u00e8s du directeur de wilaya de cette structure, Rachid Belkadi. Dans une d\u00e9claration \u00e0 l\u2019APS, M. Belkadi a &hellip;","og_url":"https:\/\/elmawkie.dz\/fr\/tlemcen-intensification-des-operations-damenagement-et-de-rehabilitation-urbaine\/","og_site_name":"El Mawkie","article_publisher":"https:\/\/www.facebook.com\/profile.php?id=100088407094989&locale=fr_FR","article_published_time":"2026-08-27T12:27:21+00:00","og_image":[{"width":588,"height":348,"url":"https:\/\/elmawkie.dz\/fr\/wp-content\/uploads\/2026\/08\/IMG_9448.jpeg","type":"image\/jpeg"}],"author":"R\u00e9daction","twitter_card":"summary_large_image","twitter_misc":{"Written by":"R\u00e9daction","Est. reading time":"3 minutes"},"schema":{"@context":"https:\/\/schema.org","@graph":[{"@type":"Article","@id":"https:\/\/elmawkie.dz\/fr\/tlemcen-intensification-des-operations-damenagement-et-de-rehabilitation-urbaine\/#article","isPartOf":{"@id":"https:\/\/elmawkie.dz\/fr\/tlemcen-intensification-des-operations-damenagement-et-de-rehabilitation-urbaine\/"},"author":{"name":"R\u00e9daction","@id":"https:\/\/elmawkie.dz\/fr\/#\/schema\/person\/e7bd59d6467874ba5c4723d8a9f0a63c"},"headline":"Tlemcen : intensification des op\u00e9rations d\u2019am\u00e9nagement et de r\u00e9habilitation urbaine","datePublished":"2026-08-27T12:27:21+00:00","dateModified":"2026-08-27T12:27:21+00:00","mainEntityOfPage":{"@id":"https:\/\/elmawkie.dz\/fr\/tlemcen-intensification-des-operations-damenagement-et-de-rehabilitation-urbaine\/"},"wordCount":463,"commentCount":0,"publisher":{"@id":"https:\/\/elmawkie.dz\/fr\/#organization"},"image":{"@id":"https:\/\/elmawkie.dz\/fr\/tlemcen-intensification-des-operations-damenagement-et-de-rehabilitation-urbaine\/#primaryimage"},"thumbnailUrl":"https:\/\/elmawkie.dz\/fr\/wp-content\/uploads\/2026\/08\/IMG_9448.jpeg","keywords":["Tlemcen"],"articleSection":["R\u00e9gion"],"inLanguage":"fr-FR","potentialAction":[{"@type":"CommentAction","name":"Comment","target":["https:\/\/elmawkie.dz\/fr\/tlemcen-intensification-des-operations-damenagement-et-de-rehabilitation-urbaine\/#respond"]}]},{"@type":"WebPage","@id":"https:\/\/elmawkie.dz\/fr\/tlemcen-intensification-des-operations-damenagement-et-de-rehabilitation-urbaine\/","url":"https:\/\/elmawkie.dz\/fr\/tlemcen-intensification-des-operations-damenagement-et-de-rehabilitation-urbaine\/","name":"Tlemcen : intensification des op\u00e9rations d\u2019am\u00e9nagement et de r\u00e9habilitation urbaine - El Mawkie","isPartOf":{"@id":"https:\/\/elmawkie.dz\/fr\/#website"},"primaryImageOfPage":{"@id":"https:\/\/elmawkie.dz\/fr\/tlemcen-intensification-des-operations-damenagement-et-de-rehabilitation-urbaine\/#primaryimage"},"image":{"@id":"https:\/\/elmawkie.dz\/fr\/tlemcen-intensification-des-operations-damenagement-et-de-rehabilitation-urbaine\/#primaryimage"},"thumbnailUrl":"https:\/\/elmawkie.dz\/fr\/wp-content\/uploads\/2026\/08\/IMG_9448.jpeg","datePublished":"2026-08-27T12:27:21+00:00","dateModified":"2026-08-27T12:27:21+00:00","breadcrumb":{"@id":"https:\/\/elmawkie.dz\/fr\/tlemcen-intensification-des-operations-damenagement-et-de-rehabilitation-urbaine\/#breadcrumb"},"inLanguage":"fr-FR","potentialAction":[{"@type":"ReadAction","target":["https:\/\/elmawkie.dz\/fr\/tlemcen-intensification-des-operations-damenagement-et-de-rehabilitation-urbaine\/"]}]},{"@type":"ImageObject","inLanguage":"fr-FR","@id":"https:\/\/elmawkie.dz\/fr\/tlemcen-intensification-des-operations-damenagement-et-de-rehabilitation-urbaine\/#primaryimage","url":"https:\/\/elmawkie.dz\/fr\/wp-content\/uploads\/2026\/08\/IMG_9448.jpeg","contentUrl":"https:\/\/elmawkie.dz\/fr\/wp-content\/uploads\/2026\/08\/IMG_9448.jpeg","width":588,"height":348},{"@type":"BreadcrumbList","@id":"https:\/\/elmawkie.dz\/fr\/tlemcen-intensification-des-operations-damenagement-et-de-rehabilitation-urbaine\/#breadcrumb","itemListElement":[{"@type":"ListItem","position":1,"name":"Home","item":"https:\/\/elmawkie.dz\/fr\/"},{"@type":"ListItem","position":2,"name":"Tlemcen : intensification des op\u00e9rations d\u2019am\u00e9nagement et de r\u00e9habilitation urbaine"}]},{"@type":"WebSite","@id":"https:\/\/elmawkie.dz\/fr\/#website","url":"https:\/\/elmawkie.dz\/fr\/","name":"EL MAWKIE","description":"Journal \u00c9lectronique Alg\u00e9rien","publisher":{"@id":"https:\/\/elmawkie.dz\/fr\/#organization"},"potentialAction":[{"@type":"SearchAction","target":{"@type":"EntryPoint","urlTemplate":"https:\/\/elmawkie.dz\/fr\/?s={search_term_string}"},"query-input":"required name=search_term_string"}],"inLanguage":"fr-FR"},{"@type":"Organization","@id":"https:\/\/elmawkie.dz\/fr\/#organization","name":"EL MAWKIE","url":"https:\/\/elmawkie.dz\/fr\/","logo":{"@type":"ImageObject","inLanguage":"fr-FR","@id":"https:\/\/elmawkie.dz\/fr\/#\/schema\/logo\/image\/","url":"https:\/\/elmawkie.dz\/fr\/wp-content\/uploads\/2024\/05\/logo1.png","contentUrl":"https:\/\/elmawkie.dz\/fr\/wp-content\/uploads\/2024\/05\/logo1.png","width":1648,"height":652,"caption":"EL MAWKIE"},"image":{"@id":"https:\/\/elmawkie.dz\/fr\/#\/schema\/logo\/image\/"},"sameAs":["https:\/\/www.facebook.com\/profile.php?id=100088407094989&locale=fr_FR"]},{"@type":"Person","@id":"https:\/\/elmawkie.dz\/fr\/#\/schema\/person\/e7bd59d6467874ba5c4723d8a9f0a63c","name":"R\u00e9daction","image":{"@type":"ImageObject","inLanguage":"fr-FR","@id":"https:\/\/elmawkie.dz\/fr\/#\/schema\/person\/image\/","url":"https:\/\/secure.gravatar.com\/avatar\/f0f773456344da4d2788c054a3d30a0c?s=96&d=mm&r=g","contentUrl":"https:\/\/secure.gravatar.com\/avatar\/f0f773456344da4d2788c054a3d30a0c?s=96&d=mm&r=g","caption":"R\u00e9daction"},"url":"https:\/\/elmawkie.dz\/fr\/author\/redaction\/"}]}},"_links":{"self":[{"href":"https:\/\/elmawkie.dz\/fr\/wp-json\/wp\/v2\/posts\/67696","targetHints":{"allow":["GET"]}}],"collection":[{"href":"https:\/\/elmawkie.dz\/fr\/wp-json\/wp\/v2\/posts"}],"about":[{"href":"https:\/\/elmawkie.dz\/fr\/wp-json\/wp\/v2\/types\/post"}],"author":[{"embeddable":true,"href":"https:\/\/elmawkie.dz\/fr\/wp-json\/wp\/v2\/users\/9"}],"replies":[{"embeddable":true,"href":"https:\/\/elmawkie.dz\/fr\/wp-json\/wp\/v2\/comments?post=67696"}],"version-history":[{"count":1,"href":"https:\/\/elmawkie.dz\/fr\/wp-json\/wp\/v2\/posts\/67696\/revisions"}],"predecessor-version":[{"id":67699,"href":"https:\/\/elmawkie.dz\/fr\/wp-json\/wp\/v2\/posts\/67696\/revisions\/67699"}],"wp:featuredmedia":[{"embeddable":true,"href":"https:\/\/elmawkie.dz\/fr\/wp-json\/wp\/v2\/media\/67698"}],"wp:attachment":[{"href":"https:\/\/elmawkie.dz\/fr\/wp-json\/wp\/v2\/media?parent=67696"}],"wp:term":[{"taxonomy":"category","embeddable":true,"href":"https:\/\/elmawkie.dz\/fr\/wp-json\/wp\/v2\/categories?post=67696"},{"taxonomy":"post_tag","embeddable":true,"href":"https:\/\/elmawkie.dz\/fr\/wp-json\/wp\/v2\/tags?post=67696"}],"curies":[{"name":"wp","href":"https:\/\/api.w.org\/{rel}","templated":true}]}}