{"id":67680,"date":"2026-08-27T13:20:43","date_gmt":"2026-08-27T12:20:43","guid":{"rendered":"https:\/\/elmawkie.dz\/fr\/?p=67680"},"modified":"2026-08-27T13:20:43","modified_gmt":"2026-08-27T12:20:43","slug":"cloture-des-activites-du-mois-des-lumieres-a-djamaa-el-djazair","status":"publish","type":"post","link":"https:\/\/elmawkie.dz\/fr\/cloture-des-activites-du-mois-des-lumieres-a-djamaa-el-djazair\/","title":{"rendered":"Cl\u00f4ture des activit\u00e9s du \u00ab\u00a0Mois des lumi\u00e8res\u00a0\u00bb \u00e0 Djama\u00e2 El-Djaza\u00efr"},"content":{"rendered":"\n<p>Le recteur de Djama\u00e2 El-Djaza\u00efr, Cheikh Mohamed Ma\u00e2moun Al Kacimi Al Hoceini, a pr\u00e9sid\u00e9 la c\u00e9r\u00e9monie de cl\u00f4ture des activit\u00e9s du \u00ab\u00a0Mois des lumi\u00e8res\u00a0\u00bb, organis\u00e9 sous le slogan \u00ab\u00a0Des qualit\u00e9s \u00e0 m\u00e9diter et une guidance \u00e0 suivre\u00a0\u00bb.<\/p>\n\n\n\n<p>La c\u00e9r\u00e9monie s\u2019est d\u00e9roul\u00e9e, mercredi \u00e0 Djama\u00e2 El-Djaza\u00efr, en pr\u00e9sence du pr\u00e9sident du Conseil de la nation, M. Azouz Nasri, ainsi que de hauts cadres de l\u2019Etat, d\u2019imams, d\u2019oul\u00e9mas et de moudjahidine, en plus de membres du corps diplomatique accr\u00e9dit\u00e9 en Alg\u00e9rie.<\/p>\n\n\n\n<p>Dans son allocution, le recteur de Djama\u00e2 El-Djaza\u00efr a rappel\u00e9 le programme \u00e9tabli dans le cadre de cette manifestation consacr\u00e9e \u00e0 la c\u00e9l\u00e9bration de la Sira du Proph\u00e8te (QSSSL), en permettant aux participants de d\u00e9voiler leurs \u00ab\u00a0talents prometteurs\u00a0\u00bb.<\/p>\n\n\n\n<p>Il a, en outre, fait observer que les indicateurs r\u00e9v\u00e9l\u00e9s par cette manifestation \u00ab\u00a0sont porteurs d\u2019espoir quant \u00e0 l\u2019\u00e9mergence d\u2019une g\u00e9n\u00e9ration qui aspire \u00e0 l\u2019avenir avec confiance, puise ses valeurs dans sa religion et ses outils dans le savoir, et trouve dans sa patrie le cadre de son engagement et de ses responsabilit\u00e9s\u00a0\u00bb.<\/p>\n\n\n\n<p>Dans le m\u00eame contexte, il a affirm\u00e9 que Djama\u00e2 El-Djaza\u00efr \u00ab\u00a0poursuit sa mission au service de la science, de la culture et de l\u2019\u00e9ducation, en ouvrant ses espaces aux jeunes g\u00e9n\u00e9rations, en accompagnant les initiatives alliant savoir et valeurs, en renfor\u00e7ant chez les jeunes leur attachement aux fondements de leur identit\u00e9 et en les aident \u00e0 contribuer \u00e0 l\u2019\u00e9dification de leur pays\u00a0\u00bb.<\/p>\n\n\n\n<p>De son c\u00f4t\u00e9, le directeur g\u00e9n\u00e9ral du Centre culturel de Djama\u00e2 El-Djaza\u00efr, Yacine Benabid, a soulign\u00e9 que les activit\u00e9s organis\u00e9es dans le cadre du \u00ab\u00a0Mois des lumi\u00e8res\u00a0\u00bb avaient r\u00e9v\u00e9l\u00e9 \u00ab\u00a0une grande ma\u00eetrise et confiance en soi\u00a0\u00bb, confirmant ainsi que \u00ab\u00a0l\u2019avenir de l\u2019Alg\u00e9rie est assur\u00e9 gr\u00e2ce \u00e0 ses enfants ayant fait preuve d\u2019une forte pr\u00e9sence\u00a0\u00bb.<\/p>\n\n\n\n<p>A noter que cette c\u00e9r\u00e9monie de cl\u00f4ture a \u00e9t\u00e9 marqu\u00e9e par la distinction des laur\u00e9ats des deux concours \u00ab\u00a0Voyage de lumi\u00e8re\u00a0\u00bb et \u00ab\u00a0La lumi\u00e8re mohammadienne\u00a0\u00bb.<\/p>\n","protected":false},"excerpt":{"rendered":"<p>Le recteur de Djama\u00e2 El-Djaza\u00efr, Cheikh Mohamed Ma\u00e2moun Al Kacimi Al Hoceini, a pr\u00e9sid\u00e9 la c\u00e9r\u00e9monie de cl\u00f4ture des activit\u00e9s du \u00ab\u00a0Mois des lumi\u00e8res\u00a0\u00bb, organis\u00e9 sous le slogan \u00ab\u00a0Des qualit\u00e9s \u00e0 m\u00e9diter et une guidance \u00e0 suivre\u00a0\u00bb. La c\u00e9r\u00e9monie s\u2019est d\u00e9roul\u00e9e, mercredi \u00e0 Djama\u00e2 El-Djaza\u00efr, en pr\u00e9sence du pr\u00e9sident du Conseil de la nation, M. &hellip;<\/p>\n","protected":false},"author":9,"featured_media":67682,"comment_status":"open","ping_status":"open","sticky":false,"template":"","format":"standard","meta":{"footnotes":""},"categories":[47],"tags":[2646],"class_list":["post-67680","post","type-post","status-publish","format-standard","has-post-thumbnail","hentry","category-national","tag-djamaa-el-djazair"],"yoast_head":"<!-- This site is optimized with the Yoast SEO Premium plugin v22.6 (Yoast SEO v22.6) - https:\/\/yoast.com\/wordpress\/plugins\/seo\/ -->\n<title>Cl\u00f4ture des activit\u00e9s du &quot;Mois des lumi\u00e8res&quot; \u00e0 Djama\u00e2 El-Djaza\u00efr - El Mawkie<\/title>\n<meta name=\"robots\" content=\"index, follow, max-snippet:-1, max-image-preview:large, max-video-preview:-1\" \/>\n<link rel=\"canonical\" href=\"https:\/\/elmawkie.dz\/fr\/cloture-des-activites-du-mois-des-lumieres-a-djamaa-el-djazair\/\" \/>\n<meta property=\"og:locale\" content=\"fr_FR\" \/>\n<meta property=\"og:type\" content=\"article\" \/>\n<meta property=\"og:title\" content=\"Cl\u00f4ture des activit\u00e9s du &quot;Mois des lumi\u00e8res&quot; \u00e0 Djama\u00e2 El-Djaza\u00efr\" \/>\n<meta property=\"og:description\" content=\"Le recteur de Djama\u00e2 El-Djaza\u00efr, Cheikh Mohamed Ma\u00e2moun Al Kacimi Al Hoceini, a pr\u00e9sid\u00e9 la c\u00e9r\u00e9monie de cl\u00f4ture des activit\u00e9s du \u00ab\u00a0Mois des lumi\u00e8res\u00a0\u00bb, organis\u00e9 sous le slogan \u00ab\u00a0Des qualit\u00e9s \u00e0 m\u00e9diter et une guidance \u00e0 suivre\u00a0\u00bb. La c\u00e9r\u00e9monie s\u2019est d\u00e9roul\u00e9e, mercredi \u00e0 Djama\u00e2 El-Djaza\u00efr, en pr\u00e9sence du pr\u00e9sident du Conseil de la nation, M. &hellip;\" \/>\n<meta property=\"og:url\" content=\"https:\/\/elmawkie.dz\/fr\/cloture-des-activites-du-mois-des-lumieres-a-djamaa-el-djazair\/\" \/>\n<meta property=\"og:site_name\" content=\"El Mawkie\" \/>\n<meta property=\"article:publisher\" content=\"https:\/\/www.facebook.com\/profile.php?id=100088407094989&amp;locale=fr_FR\" \/>\n<meta property=\"article:published_time\" content=\"2026-08-27T12:20:43+00:00\" \/>\n<meta property=\"og:image\" content=\"https:\/\/elmawkie.dz\/fr\/wp-content\/uploads\/2026\/08\/IMG_9444.jpeg\" \/>\n\t<meta property=\"og:image:width\" content=\"1080\" \/>\n\t<meta property=\"og:image:height\" content=\"764\" \/>\n\t<meta property=\"og:image:type\" content=\"image\/jpeg\" \/>\n<meta name=\"author\" content=\"R\u00e9daction\" \/>\n<meta name=\"twitter:card\" content=\"summary_large_image\" \/>\n<meta name=\"twitter:label1\" content=\"Written by\" \/>\n\t<meta name=\"twitter:data1\" content=\"R\u00e9daction\" \/>\n\t<meta name=\"twitter:label2\" content=\"Est. reading time\" \/>\n\t<meta name=\"twitter:data2\" content=\"2 minutes\" \/>\n<script type=\"application\/ld+json\" class=\"yoast-schema-graph\">{\"@context\":\"https:\/\/schema.org\",\"@graph\":[{\"@type\":\"Article\",\"@id\":\"https:\/\/elmawkie.dz\/fr\/cloture-des-activites-du-mois-des-lumieres-a-djamaa-el-djazair\/#article\",\"isPartOf\":{\"@id\":\"https:\/\/elmawkie.dz\/fr\/cloture-des-activites-du-mois-des-lumieres-a-djamaa-el-djazair\/\"},\"author\":{\"name\":\"R\u00e9daction\",\"@id\":\"https:\/\/elmawkie.dz\/fr\/#\/schema\/person\/e7bd59d6467874ba5c4723d8a9f0a63c\"},\"headline\":\"Cl\u00f4ture des activit\u00e9s du \u00ab\u00a0Mois des lumi\u00e8res\u00a0\u00bb \u00e0 Djama\u00e2 El-Djaza\u00efr\",\"datePublished\":\"2026-08-27T12:20:43+00:00\",\"dateModified\":\"2026-08-27T12:20:43+00:00\",\"mainEntityOfPage\":{\"@id\":\"https:\/\/elmawkie.dz\/fr\/cloture-des-activites-du-mois-des-lumieres-a-djamaa-el-djazair\/\"},\"wordCount\":385,\"commentCount\":0,\"publisher\":{\"@id\":\"https:\/\/elmawkie.dz\/fr\/#organization\"},\"image\":{\"@id\":\"https:\/\/elmawkie.dz\/fr\/cloture-des-activites-du-mois-des-lumieres-a-djamaa-el-djazair\/#primaryimage\"},\"thumbnailUrl\":\"https:\/\/elmawkie.dz\/fr\/wp-content\/uploads\/2026\/08\/IMG_9444.jpeg\",\"keywords\":[\"Djama\u00e2 El-Djaza\u00efr\"],\"articleSection\":[\"National\"],\"inLanguage\":\"fr-FR\",\"potentialAction\":[{\"@type\":\"CommentAction\",\"name\":\"Comment\",\"target\":[\"https:\/\/elmawkie.dz\/fr\/cloture-des-activites-du-mois-des-lumieres-a-djamaa-el-djazair\/#respond\"]}]},{\"@type\":\"WebPage\",\"@id\":\"https:\/\/elmawkie.dz\/fr\/cloture-des-activites-du-mois-des-lumieres-a-djamaa-el-djazair\/\",\"url\":\"https:\/\/elmawkie.dz\/fr\/cloture-des-activites-du-mois-des-lumieres-a-djamaa-el-djazair\/\",\"name\":\"Cl\u00f4ture des activit\u00e9s du \\\"Mois des lumi\u00e8res\\\" \u00e0 Djama\u00e2 El-Djaza\u00efr - El Mawkie\",\"isPartOf\":{\"@id\":\"https:\/\/elmawkie.dz\/fr\/#website\"},\"primaryImageOfPage\":{\"@id\":\"https:\/\/elmawkie.dz\/fr\/cloture-des-activites-du-mois-des-lumieres-a-djamaa-el-djazair\/#primaryimage\"},\"image\":{\"@id\":\"https:\/\/elmawkie.dz\/fr\/cloture-des-activites-du-mois-des-lumieres-a-djamaa-el-djazair\/#primaryimage\"},\"thumbnailUrl\":\"https:\/\/elmawkie.dz\/fr\/wp-content\/uploads\/2026\/08\/IMG_9444.jpeg\",\"datePublished\":\"2026-08-27T12:20:43+00:00\",\"dateModified\":\"2026-08-27T12:20:43+00:00\",\"breadcrumb\":{\"@id\":\"https:\/\/elmawkie.dz\/fr\/cloture-des-activites-du-mois-des-lumieres-a-djamaa-el-djazair\/#breadcrumb\"},\"inLanguage\":\"fr-FR\",\"potentialAction\":[{\"@type\":\"ReadAction\",\"target\":[\"https:\/\/elmawkie.dz\/fr\/cloture-des-activites-du-mois-des-lumieres-a-djamaa-el-djazair\/\"]}]},{\"@type\":\"ImageObject\",\"inLanguage\":\"fr-FR\",\"@id\":\"https:\/\/elmawkie.dz\/fr\/cloture-des-activites-du-mois-des-lumieres-a-djamaa-el-djazair\/#primaryimage\",\"url\":\"https:\/\/elmawkie.dz\/fr\/wp-content\/uploads\/2026\/08\/IMG_9444.jpeg\",\"contentUrl\":\"https:\/\/elmawkie.dz\/fr\/wp-content\/uploads\/2026\/08\/IMG_9444.jpeg\",\"width\":1080,\"height\":764},{\"@type\":\"BreadcrumbList\",\"@id\":\"https:\/\/elmawkie.dz\/fr\/cloture-des-activites-du-mois-des-lumieres-a-djamaa-el-djazair\/#breadcrumb\",\"itemListElement\":[{\"@type\":\"ListItem\",\"position\":1,\"name\":\"Home\",\"item\":\"https:\/\/elmawkie.dz\/fr\/\"},{\"@type\":\"ListItem\",\"position\":2,\"name\":\"Cl\u00f4ture des activit\u00e9s du \u00ab\u00a0Mois des lumi\u00e8res\u00a0\u00bb \u00e0 Djama\u00e2 El-Djaza\u00efr\"}]},{\"@type\":\"WebSite\",\"@id\":\"https:\/\/elmawkie.dz\/fr\/#website\",\"url\":\"https:\/\/elmawkie.dz\/fr\/\",\"name\":\"EL MAWKIE\",\"description\":\"Journal \u00c9lectronique Alg\u00e9rien\",\"publisher\":{\"@id\":\"https:\/\/elmawkie.dz\/fr\/#organization\"},\"potentialAction\":[{\"@type\":\"SearchAction\",\"target\":{\"@type\":\"EntryPoint\",\"urlTemplate\":\"https:\/\/elmawkie.dz\/fr\/?s={search_term_string}\"},\"query-input\":\"required name=search_term_string\"}],\"inLanguage\":\"fr-FR\"},{\"@type\":\"Organization\",\"@id\":\"https:\/\/elmawkie.dz\/fr\/#organization\",\"name\":\"EL MAWKIE\",\"url\":\"https:\/\/elmawkie.dz\/fr\/\",\"logo\":{\"@type\":\"ImageObject\",\"inLanguage\":\"fr-FR\",\"@id\":\"https:\/\/elmawkie.dz\/fr\/#\/schema\/logo\/image\/\",\"url\":\"https:\/\/elmawkie.dz\/fr\/wp-content\/uploads\/2024\/05\/logo1.png\",\"contentUrl\":\"https:\/\/elmawkie.dz\/fr\/wp-content\/uploads\/2024\/05\/logo1.png\",\"width\":1648,\"height\":652,\"caption\":\"EL MAWKIE\"},\"image\":{\"@id\":\"https:\/\/elmawkie.dz\/fr\/#\/schema\/logo\/image\/\"},\"sameAs\":[\"https:\/\/www.facebook.com\/profile.php?id=100088407094989&locale=fr_FR\"]},{\"@type\":\"Person\",\"@id\":\"https:\/\/elmawkie.dz\/fr\/#\/schema\/person\/e7bd59d6467874ba5c4723d8a9f0a63c\",\"name\":\"R\u00e9daction\",\"image\":{\"@type\":\"ImageObject\",\"inLanguage\":\"fr-FR\",\"@id\":\"https:\/\/elmawkie.dz\/fr\/#\/schema\/person\/image\/\",\"url\":\"https:\/\/secure.gravatar.com\/avatar\/f0f773456344da4d2788c054a3d30a0c?s=96&d=mm&r=g\",\"contentUrl\":\"https:\/\/secure.gravatar.com\/avatar\/f0f773456344da4d2788c054a3d30a0c?s=96&d=mm&r=g\",\"caption\":\"R\u00e9daction\"},\"url\":\"https:\/\/elmawkie.dz\/fr\/author\/redaction\/\"}]}<\/script>\n<!-- \/ Yoast SEO Premium plugin. -->","yoast_head_json":{"title":"Cl\u00f4ture des activit\u00e9s du \"Mois des lumi\u00e8res\" \u00e0 Djama\u00e2 El-Djaza\u00efr - El Mawkie","robots":{"index":"index","follow":"follow","max-snippet":"max-snippet:-1","max-image-preview":"max-image-preview:large","max-video-preview":"max-video-preview:-1"},"canonical":"https:\/\/elmawkie.dz\/fr\/cloture-des-activites-du-mois-des-lumieres-a-djamaa-el-djazair\/","og_locale":"fr_FR","og_type":"article","og_title":"Cl\u00f4ture des activit\u00e9s du \"Mois des lumi\u00e8res\" \u00e0 Djama\u00e2 El-Djaza\u00efr","og_description":"Le recteur de Djama\u00e2 El-Djaza\u00efr, Cheikh Mohamed Ma\u00e2moun Al Kacimi Al Hoceini, a pr\u00e9sid\u00e9 la c\u00e9r\u00e9monie de cl\u00f4ture des activit\u00e9s du \u00ab\u00a0Mois des lumi\u00e8res\u00a0\u00bb, organis\u00e9 sous le slogan \u00ab\u00a0Des qualit\u00e9s \u00e0 m\u00e9diter et une guidance \u00e0 suivre\u00a0\u00bb. La c\u00e9r\u00e9monie s\u2019est d\u00e9roul\u00e9e, mercredi \u00e0 Djama\u00e2 El-Djaza\u00efr, en pr\u00e9sence du pr\u00e9sident du Conseil de la nation, M. &hellip;","og_url":"https:\/\/elmawkie.dz\/fr\/cloture-des-activites-du-mois-des-lumieres-a-djamaa-el-djazair\/","og_site_name":"El Mawkie","article_publisher":"https:\/\/www.facebook.com\/profile.php?id=100088407094989&locale=fr_FR","article_published_time":"2026-08-27T12:20:43+00:00","og_image":[{"width":1080,"height":764,"url":"https:\/\/elmawkie.dz\/fr\/wp-content\/uploads\/2026\/08\/IMG_9444.jpeg","type":"image\/jpeg"}],"author":"R\u00e9daction","twitter_card":"summary_large_image","twitter_misc":{"Written by":"R\u00e9daction","Est. reading time":"2 minutes"},"schema":{"@context":"https:\/\/schema.org","@graph":[{"@type":"Article","@id":"https:\/\/elmawkie.dz\/fr\/cloture-des-activites-du-mois-des-lumieres-a-djamaa-el-djazair\/#article","isPartOf":{"@id":"https:\/\/elmawkie.dz\/fr\/cloture-des-activites-du-mois-des-lumieres-a-djamaa-el-djazair\/"},"author":{"name":"R\u00e9daction","@id":"https:\/\/elmawkie.dz\/fr\/#\/schema\/person\/e7bd59d6467874ba5c4723d8a9f0a63c"},"headline":"Cl\u00f4ture des activit\u00e9s du \u00ab\u00a0Mois des lumi\u00e8res\u00a0\u00bb \u00e0 Djama\u00e2 El-Djaza\u00efr","datePublished":"2026-08-27T12:20:43+00:00","dateModified":"2026-08-27T12:20:43+00:00","mainEntityOfPage":{"@id":"https:\/\/elmawkie.dz\/fr\/cloture-des-activites-du-mois-des-lumieres-a-djamaa-el-djazair\/"},"wordCount":385,"commentCount":0,"publisher":{"@id":"https:\/\/elmawkie.dz\/fr\/#organization"},"image":{"@id":"https:\/\/elmawkie.dz\/fr\/cloture-des-activites-du-mois-des-lumieres-a-djamaa-el-djazair\/#primaryimage"},"thumbnailUrl":"https:\/\/elmawkie.dz\/fr\/wp-content\/uploads\/2026\/08\/IMG_9444.jpeg","keywords":["Djama\u00e2 El-Djaza\u00efr"],"articleSection":["National"],"inLanguage":"fr-FR","potentialAction":[{"@type":"CommentAction","name":"Comment","target":["https:\/\/elmawkie.dz\/fr\/cloture-des-activites-du-mois-des-lumieres-a-djamaa-el-djazair\/#respond"]}]},{"@type":"WebPage","@id":"https:\/\/elmawkie.dz\/fr\/cloture-des-activites-du-mois-des-lumieres-a-djamaa-el-djazair\/","url":"https:\/\/elmawkie.dz\/fr\/cloture-des-activites-du-mois-des-lumieres-a-djamaa-el-djazair\/","name":"Cl\u00f4ture des activit\u00e9s du \"Mois des lumi\u00e8res\" \u00e0 Djama\u00e2 El-Djaza\u00efr - El Mawkie","isPartOf":{"@id":"https:\/\/elmawkie.dz\/fr\/#website"},"primaryImageOfPage":{"@id":"https:\/\/elmawkie.dz\/fr\/cloture-des-activites-du-mois-des-lumieres-a-djamaa-el-djazair\/#primaryimage"},"image":{"@id":"https:\/\/elmawkie.dz\/fr\/cloture-des-activites-du-mois-des-lumieres-a-djamaa-el-djazair\/#primaryimage"},"thumbnailUrl":"https:\/\/elmawkie.dz\/fr\/wp-content\/uploads\/2026\/08\/IMG_9444.jpeg","datePublished":"2026-08-27T12:20:43+00:00","dateModified":"2026-08-27T12:20:43+00:00","breadcrumb":{"@id":"https:\/\/elmawkie.dz\/fr\/cloture-des-activites-du-mois-des-lumieres-a-djamaa-el-djazair\/#breadcrumb"},"inLanguage":"fr-FR","potentialAction":[{"@type":"ReadAction","target":["https:\/\/elmawkie.dz\/fr\/cloture-des-activites-du-mois-des-lumieres-a-djamaa-el-djazair\/"]}]},{"@type":"ImageObject","inLanguage":"fr-FR","@id":"https:\/\/elmawkie.dz\/fr\/cloture-des-activites-du-mois-des-lumieres-a-djamaa-el-djazair\/#primaryimage","url":"https:\/\/elmawkie.dz\/fr\/wp-content\/uploads\/2026\/08\/IMG_9444.jpeg","contentUrl":"https:\/\/elmawkie.dz\/fr\/wp-content\/uploads\/2026\/08\/IMG_9444.jpeg","width":1080,"height":764},{"@type":"BreadcrumbList","@id":"https:\/\/elmawkie.dz\/fr\/cloture-des-activites-du-mois-des-lumieres-a-djamaa-el-djazair\/#breadcrumb","itemListElement":[{"@type":"ListItem","position":1,"name":"Home","item":"https:\/\/elmawkie.dz\/fr\/"},{"@type":"ListItem","position":2,"name":"Cl\u00f4ture des activit\u00e9s du \u00ab\u00a0Mois des lumi\u00e8res\u00a0\u00bb \u00e0 Djama\u00e2 El-Djaza\u00efr"}]},{"@type":"WebSite","@id":"https:\/\/elmawkie.dz\/fr\/#website","url":"https:\/\/elmawkie.dz\/fr\/","name":"EL MAWKIE","description":"Journal \u00c9lectronique Alg\u00e9rien","publisher":{"@id":"https:\/\/elmawkie.dz\/fr\/#organization"},"potentialAction":[{"@type":"SearchAction","target":{"@type":"EntryPoint","urlTemplate":"https:\/\/elmawkie.dz\/fr\/?s={search_term_string}"},"query-input":"required name=search_term_string"}],"inLanguage":"fr-FR"},{"@type":"Organization","@id":"https:\/\/elmawkie.dz\/fr\/#organization","name":"EL MAWKIE","url":"https:\/\/elmawkie.dz\/fr\/","logo":{"@type":"ImageObject","inLanguage":"fr-FR","@id":"https:\/\/elmawkie.dz\/fr\/#\/schema\/logo\/image\/","url":"https:\/\/elmawkie.dz\/fr\/wp-content\/uploads\/2024\/05\/logo1.png","contentUrl":"https:\/\/elmawkie.dz\/fr\/wp-content\/uploads\/2024\/05\/logo1.png","width":1648,"height":652,"caption":"EL MAWKIE"},"image":{"@id":"https:\/\/elmawkie.dz\/fr\/#\/schema\/logo\/image\/"},"sameAs":["https:\/\/www.facebook.com\/profile.php?id=100088407094989&locale=fr_FR"]},{"@type":"Person","@id":"https:\/\/elmawkie.dz\/fr\/#\/schema\/person\/e7bd59d6467874ba5c4723d8a9f0a63c","name":"R\u00e9daction","image":{"@type":"ImageObject","inLanguage":"fr-FR","@id":"https:\/\/elmawkie.dz\/fr\/#\/schema\/person\/image\/","url":"https:\/\/secure.gravatar.com\/avatar\/f0f773456344da4d2788c054a3d30a0c?s=96&d=mm&r=g","contentUrl":"https:\/\/secure.gravatar.com\/avatar\/f0f773456344da4d2788c054a3d30a0c?s=96&d=mm&r=g","caption":"R\u00e9daction"},"url":"https:\/\/elmawkie.dz\/fr\/author\/redaction\/"}]}},"_links":{"self":[{"href":"https:\/\/elmawkie.dz\/fr\/wp-json\/wp\/v2\/posts\/67680","targetHints":{"allow":["GET"]}}],"collection":[{"href":"https:\/\/elmawkie.dz\/fr\/wp-json\/wp\/v2\/posts"}],"about":[{"href":"https:\/\/elmawkie.dz\/fr\/wp-json\/wp\/v2\/types\/post"}],"author":[{"embeddable":true,"href":"https:\/\/elmawkie.dz\/fr\/wp-json\/wp\/v2\/users\/9"}],"replies":[{"embeddable":true,"href":"https:\/\/elmawkie.dz\/fr\/wp-json\/wp\/v2\/comments?post=67680"}],"version-history":[{"count":1,"href":"https:\/\/elmawkie.dz\/fr\/wp-json\/wp\/v2\/posts\/67680\/revisions"}],"predecessor-version":[{"id":67683,"href":"https:\/\/elmawkie.dz\/fr\/wp-json\/wp\/v2\/posts\/67680\/revisions\/67683"}],"wp:featuredmedia":[{"embeddable":true,"href":"https:\/\/elmawkie.dz\/fr\/wp-json\/wp\/v2\/media\/67682"}],"wp:attachment":[{"href":"https:\/\/elmawkie.dz\/fr\/wp-json\/wp\/v2\/media?parent=67680"}],"wp:term":[{"taxonomy":"category","embeddable":true,"href":"https:\/\/elmawkie.dz\/fr\/wp-json\/wp\/v2\/categories?post=67680"},{"taxonomy":"post_tag","embeddable":true,"href":"https:\/\/elmawkie.dz\/fr\/wp-json\/wp\/v2\/tags?post=67680"}],"curies":[{"name":"wp","href":"https:\/\/api.w.org\/{rel}","templated":true}]}}