{"id":67672,"date":"2026-08-27T13:17:45","date_gmt":"2026-08-27T12:17:45","guid":{"rendered":"https:\/\/elmawkie.dz\/fr\/?p=67672"},"modified":"2026-08-27T13:17:46","modified_gmt":"2026-08-27T12:17:46","slug":"deces-de-citoyens-dans-les-incendies-survenus-dans-plusieurs-wilayas-le-president-de-la-republique-decrete-un-deuil-national-de-trois-jours","status":"publish","type":"post","link":"https:\/\/elmawkie.dz\/fr\/deces-de-citoyens-dans-les-incendies-survenus-dans-plusieurs-wilayas-le-president-de-la-republique-decrete-un-deuil-national-de-trois-jours\/","title":{"rendered":"D\u00e9c\u00e8s de citoyens dans les incendies survenus dans plusieurs wilayas : le pr\u00e9sident de la R\u00e9publique d\u00e9cr\u00e8te un deuil national de trois jours"},"content":{"rendered":"\n<p>Le pr\u00e9sident de la R\u00e9publique, M. Abdelmadjid Tebboune, a d\u00e9cr\u00e9t\u00e9 un deuil national de trois (3) jours, \u00e0 compter de jeudi, \u00e0 la suite du d\u00e9c\u00e8s de plusieurs citoyens dans les incendies qui se sont d\u00e9clar\u00e9s dans certaines wilayas du centre et de l&rsquo;est du pays.<\/p>\n\n\n\n<p>\u00ab\u00a0Suite \u00e0 cette douloureuse \u00e9preuve, je d\u00e9cr\u00e8te un deuil national de trois jours, avec mise en berne de l&#8217;embl\u00e8me national sur l&rsquo;ensemble du territoire national, et annulation de toutes les manifestations festives et comp\u00e9titions sportives nationales\u00a0\u00bb, lit-on dans le message de condol\u00e9ances adress\u00e9 par le pr\u00e9sident de la R\u00e9publique aux familles des victimes des incendies survenus dans certaines wilayas du centre et de l&rsquo;est du pays.<\/p>\n","protected":false},"excerpt":{"rendered":"<p>Le pr\u00e9sident de la R\u00e9publique, M. Abdelmadjid Tebboune, a d\u00e9cr\u00e9t\u00e9 un deuil national de trois (3) jours, \u00e0 compter de jeudi, \u00e0 la suite du d\u00e9c\u00e8s de plusieurs citoyens dans les incendies qui se sont d\u00e9clar\u00e9s dans certaines wilayas du centre et de l&rsquo;est du pays. \u00ab\u00a0Suite \u00e0 cette douloureuse \u00e9preuve, je d\u00e9cr\u00e8te un deuil &hellip;<\/p>\n","protected":false},"author":9,"featured_media":67674,"comment_status":"open","ping_status":"open","sticky":false,"template":"","format":"standard","meta":{"footnotes":""},"categories":[47],"tags":[213,596],"class_list":["post-67672","post","type-post","status-publish","format-standard","has-post-thumbnail","hentry","category-national","tag-abdelmadjid-tebboune","tag-le-president-de-la-republique"],"yoast_head":"<!-- This site is optimized with the Yoast SEO Premium plugin v22.6 (Yoast SEO v22.6) - https:\/\/yoast.com\/wordpress\/plugins\/seo\/ -->\n<title>D\u00e9c\u00e8s de citoyens dans les incendies survenus dans plusieurs wilayas : le pr\u00e9sident de la R\u00e9publique d\u00e9cr\u00e8te un deuil national de trois jours - El Mawkie<\/title>\n<meta name=\"robots\" content=\"index, follow, max-snippet:-1, max-image-preview:large, max-video-preview:-1\" \/>\n<link rel=\"canonical\" href=\"https:\/\/elmawkie.dz\/fr\/deces-de-citoyens-dans-les-incendies-survenus-dans-plusieurs-wilayas-le-president-de-la-republique-decrete-un-deuil-national-de-trois-jours\/\" \/>\n<meta property=\"og:locale\" content=\"fr_FR\" \/>\n<meta property=\"og:type\" content=\"article\" \/>\n<meta property=\"og:title\" content=\"D\u00e9c\u00e8s de citoyens dans les incendies survenus dans plusieurs wilayas : le pr\u00e9sident de la R\u00e9publique d\u00e9cr\u00e8te un deuil national de trois jours\" \/>\n<meta property=\"og:description\" content=\"Le pr\u00e9sident de la R\u00e9publique, M. Abdelmadjid Tebboune, a d\u00e9cr\u00e9t\u00e9 un deuil national de trois (3) jours, \u00e0 compter de jeudi, \u00e0 la suite du d\u00e9c\u00e8s de plusieurs citoyens dans les incendies qui se sont d\u00e9clar\u00e9s dans certaines wilayas du centre et de l&rsquo;est du pays. \u00ab\u00a0Suite \u00e0 cette douloureuse \u00e9preuve, je d\u00e9cr\u00e8te un deuil &hellip;\" \/>\n<meta property=\"og:url\" content=\"https:\/\/elmawkie.dz\/fr\/deces-de-citoyens-dans-les-incendies-survenus-dans-plusieurs-wilayas-le-president-de-la-republique-decrete-un-deuil-national-de-trois-jours\/\" \/>\n<meta property=\"og:site_name\" content=\"El Mawkie\" \/>\n<meta property=\"article:publisher\" content=\"https:\/\/www.facebook.com\/profile.php?id=100088407094989&amp;locale=fr_FR\" \/>\n<meta property=\"article:published_time\" content=\"2026-08-27T12:17:45+00:00\" \/>\n<meta property=\"article:modified_time\" content=\"2026-08-27T12:17:46+00:00\" \/>\n<meta property=\"og:image\" content=\"https:\/\/elmawkie.dz\/fr\/wp-content\/uploads\/2026\/08\/IMG_9422.jpeg\" \/>\n\t<meta property=\"og:image:width\" content=\"588\" \/>\n\t<meta property=\"og:image:height\" content=\"339\" \/>\n\t<meta property=\"og:image:type\" content=\"image\/jpeg\" \/>\n<meta name=\"author\" content=\"R\u00e9daction\" \/>\n<meta name=\"twitter:card\" content=\"summary_large_image\" \/>\n<meta name=\"twitter:label1\" content=\"Written by\" \/>\n\t<meta name=\"twitter:data1\" content=\"R\u00e9daction\" \/>\n\t<meta name=\"twitter:label2\" content=\"Est. reading time\" \/>\n\t<meta name=\"twitter:data2\" content=\"1 minute\" \/>\n<script type=\"application\/ld+json\" class=\"yoast-schema-graph\">{\"@context\":\"https:\/\/schema.org\",\"@graph\":[{\"@type\":\"Article\",\"@id\":\"https:\/\/elmawkie.dz\/fr\/deces-de-citoyens-dans-les-incendies-survenus-dans-plusieurs-wilayas-le-president-de-la-republique-decrete-un-deuil-national-de-trois-jours\/#article\",\"isPartOf\":{\"@id\":\"https:\/\/elmawkie.dz\/fr\/deces-de-citoyens-dans-les-incendies-survenus-dans-plusieurs-wilayas-le-president-de-la-republique-decrete-un-deuil-national-de-trois-jours\/\"},\"author\":{\"name\":\"R\u00e9daction\",\"@id\":\"https:\/\/elmawkie.dz\/fr\/#\/schema\/person\/e7bd59d6467874ba5c4723d8a9f0a63c\"},\"headline\":\"D\u00e9c\u00e8s de citoyens dans les incendies survenus dans plusieurs wilayas : le pr\u00e9sident de la R\u00e9publique d\u00e9cr\u00e8te un deuil national de trois jours\",\"datePublished\":\"2026-08-27T12:17:45+00:00\",\"dateModified\":\"2026-08-27T12:17:46+00:00\",\"mainEntityOfPage\":{\"@id\":\"https:\/\/elmawkie.dz\/fr\/deces-de-citoyens-dans-les-incendies-survenus-dans-plusieurs-wilayas-le-president-de-la-republique-decrete-un-deuil-national-de-trois-jours\/\"},\"wordCount\":155,\"commentCount\":0,\"publisher\":{\"@id\":\"https:\/\/elmawkie.dz\/fr\/#organization\"},\"image\":{\"@id\":\"https:\/\/elmawkie.dz\/fr\/deces-de-citoyens-dans-les-incendies-survenus-dans-plusieurs-wilayas-le-president-de-la-republique-decrete-un-deuil-national-de-trois-jours\/#primaryimage\"},\"thumbnailUrl\":\"https:\/\/elmawkie.dz\/fr\/wp-content\/uploads\/2026\/08\/IMG_9422.jpeg\",\"keywords\":[\"Abdelmadjid Tebboune\",\"le pr\u00e9sident de la R\u00e9publique\"],\"articleSection\":[\"National\"],\"inLanguage\":\"fr-FR\",\"potentialAction\":[{\"@type\":\"CommentAction\",\"name\":\"Comment\",\"target\":[\"https:\/\/elmawkie.dz\/fr\/deces-de-citoyens-dans-les-incendies-survenus-dans-plusieurs-wilayas-le-president-de-la-republique-decrete-un-deuil-national-de-trois-jours\/#respond\"]}]},{\"@type\":\"WebPage\",\"@id\":\"https:\/\/elmawkie.dz\/fr\/deces-de-citoyens-dans-les-incendies-survenus-dans-plusieurs-wilayas-le-president-de-la-republique-decrete-un-deuil-national-de-trois-jours\/\",\"url\":\"https:\/\/elmawkie.dz\/fr\/deces-de-citoyens-dans-les-incendies-survenus-dans-plusieurs-wilayas-le-president-de-la-republique-decrete-un-deuil-national-de-trois-jours\/\",\"name\":\"D\u00e9c\u00e8s de citoyens dans les incendies survenus dans plusieurs wilayas : le pr\u00e9sident de la R\u00e9publique d\u00e9cr\u00e8te un deuil national de trois jours - El Mawkie\",\"isPartOf\":{\"@id\":\"https:\/\/elmawkie.dz\/fr\/#website\"},\"primaryImageOfPage\":{\"@id\":\"https:\/\/elmawkie.dz\/fr\/deces-de-citoyens-dans-les-incendies-survenus-dans-plusieurs-wilayas-le-president-de-la-republique-decrete-un-deuil-national-de-trois-jours\/#primaryimage\"},\"image\":{\"@id\":\"https:\/\/elmawkie.dz\/fr\/deces-de-citoyens-dans-les-incendies-survenus-dans-plusieurs-wilayas-le-president-de-la-republique-decrete-un-deuil-national-de-trois-jours\/#primaryimage\"},\"thumbnailUrl\":\"https:\/\/elmawkie.dz\/fr\/wp-content\/uploads\/2026\/08\/IMG_9422.jpeg\",\"datePublished\":\"2026-08-27T12:17:45+00:00\",\"dateModified\":\"2026-08-27T12:17:46+00:00\",\"breadcrumb\":{\"@id\":\"https:\/\/elmawkie.dz\/fr\/deces-de-citoyens-dans-les-incendies-survenus-dans-plusieurs-wilayas-le-president-de-la-republique-decrete-un-deuil-national-de-trois-jours\/#breadcrumb\"},\"inLanguage\":\"fr-FR\",\"potentialAction\":[{\"@type\":\"ReadAction\",\"target\":[\"https:\/\/elmawkie.dz\/fr\/deces-de-citoyens-dans-les-incendies-survenus-dans-plusieurs-wilayas-le-president-de-la-republique-decrete-un-deuil-national-de-trois-jours\/\"]}]},{\"@type\":\"ImageObject\",\"inLanguage\":\"fr-FR\",\"@id\":\"https:\/\/elmawkie.dz\/fr\/deces-de-citoyens-dans-les-incendies-survenus-dans-plusieurs-wilayas-le-president-de-la-republique-decrete-un-deuil-national-de-trois-jours\/#primaryimage\",\"url\":\"https:\/\/elmawkie.dz\/fr\/wp-content\/uploads\/2026\/08\/IMG_9422.jpeg\",\"contentUrl\":\"https:\/\/elmawkie.dz\/fr\/wp-content\/uploads\/2026\/08\/IMG_9422.jpeg\",\"width\":588,\"height\":339},{\"@type\":\"BreadcrumbList\",\"@id\":\"https:\/\/elmawkie.dz\/fr\/deces-de-citoyens-dans-les-incendies-survenus-dans-plusieurs-wilayas-le-president-de-la-republique-decrete-un-deuil-national-de-trois-jours\/#breadcrumb\",\"itemListElement\":[{\"@type\":\"ListItem\",\"position\":1,\"name\":\"Home\",\"item\":\"https:\/\/elmawkie.dz\/fr\/\"},{\"@type\":\"ListItem\",\"position\":2,\"name\":\"D\u00e9c\u00e8s de citoyens dans les incendies survenus dans plusieurs wilayas : le pr\u00e9sident de la R\u00e9publique d\u00e9cr\u00e8te un deuil national de trois jours\"}]},{\"@type\":\"WebSite\",\"@id\":\"https:\/\/elmawkie.dz\/fr\/#website\",\"url\":\"https:\/\/elmawkie.dz\/fr\/\",\"name\":\"EL MAWKIE\",\"description\":\"Journal \u00c9lectronique Alg\u00e9rien\",\"publisher\":{\"@id\":\"https:\/\/elmawkie.dz\/fr\/#organization\"},\"potentialAction\":[{\"@type\":\"SearchAction\",\"target\":{\"@type\":\"EntryPoint\",\"urlTemplate\":\"https:\/\/elmawkie.dz\/fr\/?s={search_term_string}\"},\"query-input\":\"required name=search_term_string\"}],\"inLanguage\":\"fr-FR\"},{\"@type\":\"Organization\",\"@id\":\"https:\/\/elmawkie.dz\/fr\/#organization\",\"name\":\"EL MAWKIE\",\"url\":\"https:\/\/elmawkie.dz\/fr\/\",\"logo\":{\"@type\":\"ImageObject\",\"inLanguage\":\"fr-FR\",\"@id\":\"https:\/\/elmawkie.dz\/fr\/#\/schema\/logo\/image\/\",\"url\":\"https:\/\/elmawkie.dz\/fr\/wp-content\/uploads\/2024\/05\/logo1.png\",\"contentUrl\":\"https:\/\/elmawkie.dz\/fr\/wp-content\/uploads\/2024\/05\/logo1.png\",\"width\":1648,\"height\":652,\"caption\":\"EL MAWKIE\"},\"image\":{\"@id\":\"https:\/\/elmawkie.dz\/fr\/#\/schema\/logo\/image\/\"},\"sameAs\":[\"https:\/\/www.facebook.com\/profile.php?id=100088407094989&locale=fr_FR\"]},{\"@type\":\"Person\",\"@id\":\"https:\/\/elmawkie.dz\/fr\/#\/schema\/person\/e7bd59d6467874ba5c4723d8a9f0a63c\",\"name\":\"R\u00e9daction\",\"image\":{\"@type\":\"ImageObject\",\"inLanguage\":\"fr-FR\",\"@id\":\"https:\/\/elmawkie.dz\/fr\/#\/schema\/person\/image\/\",\"url\":\"https:\/\/secure.gravatar.com\/avatar\/f0f773456344da4d2788c054a3d30a0c?s=96&d=mm&r=g\",\"contentUrl\":\"https:\/\/secure.gravatar.com\/avatar\/f0f773456344da4d2788c054a3d30a0c?s=96&d=mm&r=g\",\"caption\":\"R\u00e9daction\"},\"url\":\"https:\/\/elmawkie.dz\/fr\/author\/redaction\/\"}]}<\/script>\n<!-- \/ Yoast SEO Premium plugin. -->","yoast_head_json":{"title":"D\u00e9c\u00e8s de citoyens dans les incendies survenus dans plusieurs wilayas : le pr\u00e9sident de la R\u00e9publique d\u00e9cr\u00e8te un deuil national de trois jours - El Mawkie","robots":{"index":"index","follow":"follow","max-snippet":"max-snippet:-1","max-image-preview":"max-image-preview:large","max-video-preview":"max-video-preview:-1"},"canonical":"https:\/\/elmawkie.dz\/fr\/deces-de-citoyens-dans-les-incendies-survenus-dans-plusieurs-wilayas-le-president-de-la-republique-decrete-un-deuil-national-de-trois-jours\/","og_locale":"fr_FR","og_type":"article","og_title":"D\u00e9c\u00e8s de citoyens dans les incendies survenus dans plusieurs wilayas : le pr\u00e9sident de la R\u00e9publique d\u00e9cr\u00e8te un deuil national de trois jours","og_description":"Le pr\u00e9sident de la R\u00e9publique, M. Abdelmadjid Tebboune, a d\u00e9cr\u00e9t\u00e9 un deuil national de trois (3) jours, \u00e0 compter de jeudi, \u00e0 la suite du d\u00e9c\u00e8s de plusieurs citoyens dans les incendies qui se sont d\u00e9clar\u00e9s dans certaines wilayas du centre et de l&rsquo;est du pays. \u00ab\u00a0Suite \u00e0 cette douloureuse \u00e9preuve, je d\u00e9cr\u00e8te un deuil &hellip;","og_url":"https:\/\/elmawkie.dz\/fr\/deces-de-citoyens-dans-les-incendies-survenus-dans-plusieurs-wilayas-le-president-de-la-republique-decrete-un-deuil-national-de-trois-jours\/","og_site_name":"El Mawkie","article_publisher":"https:\/\/www.facebook.com\/profile.php?id=100088407094989&locale=fr_FR","article_published_time":"2026-08-27T12:17:45+00:00","article_modified_time":"2026-08-27T12:17:46+00:00","og_image":[{"width":588,"height":339,"url":"https:\/\/elmawkie.dz\/fr\/wp-content\/uploads\/2026\/08\/IMG_9422.jpeg","type":"image\/jpeg"}],"author":"R\u00e9daction","twitter_card":"summary_large_image","twitter_misc":{"Written by":"R\u00e9daction","Est. reading time":"1 minute"},"schema":{"@context":"https:\/\/schema.org","@graph":[{"@type":"Article","@id":"https:\/\/elmawkie.dz\/fr\/deces-de-citoyens-dans-les-incendies-survenus-dans-plusieurs-wilayas-le-president-de-la-republique-decrete-un-deuil-national-de-trois-jours\/#article","isPartOf":{"@id":"https:\/\/elmawkie.dz\/fr\/deces-de-citoyens-dans-les-incendies-survenus-dans-plusieurs-wilayas-le-president-de-la-republique-decrete-un-deuil-national-de-trois-jours\/"},"author":{"name":"R\u00e9daction","@id":"https:\/\/elmawkie.dz\/fr\/#\/schema\/person\/e7bd59d6467874ba5c4723d8a9f0a63c"},"headline":"D\u00e9c\u00e8s de citoyens dans les incendies survenus dans plusieurs wilayas : le pr\u00e9sident de la R\u00e9publique d\u00e9cr\u00e8te un deuil national de trois jours","datePublished":"2026-08-27T12:17:45+00:00","dateModified":"2026-08-27T12:17:46+00:00","mainEntityOfPage":{"@id":"https:\/\/elmawkie.dz\/fr\/deces-de-citoyens-dans-les-incendies-survenus-dans-plusieurs-wilayas-le-president-de-la-republique-decrete-un-deuil-national-de-trois-jours\/"},"wordCount":155,"commentCount":0,"publisher":{"@id":"https:\/\/elmawkie.dz\/fr\/#organization"},"image":{"@id":"https:\/\/elmawkie.dz\/fr\/deces-de-citoyens-dans-les-incendies-survenus-dans-plusieurs-wilayas-le-president-de-la-republique-decrete-un-deuil-national-de-trois-jours\/#primaryimage"},"thumbnailUrl":"https:\/\/elmawkie.dz\/fr\/wp-content\/uploads\/2026\/08\/IMG_9422.jpeg","keywords":["Abdelmadjid Tebboune","le pr\u00e9sident de la R\u00e9publique"],"articleSection":["National"],"inLanguage":"fr-FR","potentialAction":[{"@type":"CommentAction","name":"Comment","target":["https:\/\/elmawkie.dz\/fr\/deces-de-citoyens-dans-les-incendies-survenus-dans-plusieurs-wilayas-le-president-de-la-republique-decrete-un-deuil-national-de-trois-jours\/#respond"]}]},{"@type":"WebPage","@id":"https:\/\/elmawkie.dz\/fr\/deces-de-citoyens-dans-les-incendies-survenus-dans-plusieurs-wilayas-le-president-de-la-republique-decrete-un-deuil-national-de-trois-jours\/","url":"https:\/\/elmawkie.dz\/fr\/deces-de-citoyens-dans-les-incendies-survenus-dans-plusieurs-wilayas-le-president-de-la-republique-decrete-un-deuil-national-de-trois-jours\/","name":"D\u00e9c\u00e8s de citoyens dans les incendies survenus dans plusieurs wilayas : le pr\u00e9sident de la R\u00e9publique d\u00e9cr\u00e8te un deuil national de trois jours - El Mawkie","isPartOf":{"@id":"https:\/\/elmawkie.dz\/fr\/#website"},"primaryImageOfPage":{"@id":"https:\/\/elmawkie.dz\/fr\/deces-de-citoyens-dans-les-incendies-survenus-dans-plusieurs-wilayas-le-president-de-la-republique-decrete-un-deuil-national-de-trois-jours\/#primaryimage"},"image":{"@id":"https:\/\/elmawkie.dz\/fr\/deces-de-citoyens-dans-les-incendies-survenus-dans-plusieurs-wilayas-le-president-de-la-republique-decrete-un-deuil-national-de-trois-jours\/#primaryimage"},"thumbnailUrl":"https:\/\/elmawkie.dz\/fr\/wp-content\/uploads\/2026\/08\/IMG_9422.jpeg","datePublished":"2026-08-27T12:17:45+00:00","dateModified":"2026-08-27T12:17:46+00:00","breadcrumb":{"@id":"https:\/\/elmawkie.dz\/fr\/deces-de-citoyens-dans-les-incendies-survenus-dans-plusieurs-wilayas-le-president-de-la-republique-decrete-un-deuil-national-de-trois-jours\/#breadcrumb"},"inLanguage":"fr-FR","potentialAction":[{"@type":"ReadAction","target":["https:\/\/elmawkie.dz\/fr\/deces-de-citoyens-dans-les-incendies-survenus-dans-plusieurs-wilayas-le-president-de-la-republique-decrete-un-deuil-national-de-trois-jours\/"]}]},{"@type":"ImageObject","inLanguage":"fr-FR","@id":"https:\/\/elmawkie.dz\/fr\/deces-de-citoyens-dans-les-incendies-survenus-dans-plusieurs-wilayas-le-president-de-la-republique-decrete-un-deuil-national-de-trois-jours\/#primaryimage","url":"https:\/\/elmawkie.dz\/fr\/wp-content\/uploads\/2026\/08\/IMG_9422.jpeg","contentUrl":"https:\/\/elmawkie.dz\/fr\/wp-content\/uploads\/2026\/08\/IMG_9422.jpeg","width":588,"height":339},{"@type":"BreadcrumbList","@id":"https:\/\/elmawkie.dz\/fr\/deces-de-citoyens-dans-les-incendies-survenus-dans-plusieurs-wilayas-le-president-de-la-republique-decrete-un-deuil-national-de-trois-jours\/#breadcrumb","itemListElement":[{"@type":"ListItem","position":1,"name":"Home","item":"https:\/\/elmawkie.dz\/fr\/"},{"@type":"ListItem","position":2,"name":"D\u00e9c\u00e8s de citoyens dans les incendies survenus dans plusieurs wilayas : le pr\u00e9sident de la R\u00e9publique d\u00e9cr\u00e8te un deuil national de trois jours"}]},{"@type":"WebSite","@id":"https:\/\/elmawkie.dz\/fr\/#website","url":"https:\/\/elmawkie.dz\/fr\/","name":"EL MAWKIE","description":"Journal \u00c9lectronique Alg\u00e9rien","publisher":{"@id":"https:\/\/elmawkie.dz\/fr\/#organization"},"potentialAction":[{"@type":"SearchAction","target":{"@type":"EntryPoint","urlTemplate":"https:\/\/elmawkie.dz\/fr\/?s={search_term_string}"},"query-input":"required name=search_term_string"}],"inLanguage":"fr-FR"},{"@type":"Organization","@id":"https:\/\/elmawkie.dz\/fr\/#organization","name":"EL MAWKIE","url":"https:\/\/elmawkie.dz\/fr\/","logo":{"@type":"ImageObject","inLanguage":"fr-FR","@id":"https:\/\/elmawkie.dz\/fr\/#\/schema\/logo\/image\/","url":"https:\/\/elmawkie.dz\/fr\/wp-content\/uploads\/2024\/05\/logo1.png","contentUrl":"https:\/\/elmawkie.dz\/fr\/wp-content\/uploads\/2024\/05\/logo1.png","width":1648,"height":652,"caption":"EL MAWKIE"},"image":{"@id":"https:\/\/elmawkie.dz\/fr\/#\/schema\/logo\/image\/"},"sameAs":["https:\/\/www.facebook.com\/profile.php?id=100088407094989&locale=fr_FR"]},{"@type":"Person","@id":"https:\/\/elmawkie.dz\/fr\/#\/schema\/person\/e7bd59d6467874ba5c4723d8a9f0a63c","name":"R\u00e9daction","image":{"@type":"ImageObject","inLanguage":"fr-FR","@id":"https:\/\/elmawkie.dz\/fr\/#\/schema\/person\/image\/","url":"https:\/\/secure.gravatar.com\/avatar\/f0f773456344da4d2788c054a3d30a0c?s=96&d=mm&r=g","contentUrl":"https:\/\/secure.gravatar.com\/avatar\/f0f773456344da4d2788c054a3d30a0c?s=96&d=mm&r=g","caption":"R\u00e9daction"},"url":"https:\/\/elmawkie.dz\/fr\/author\/redaction\/"}]}},"_links":{"self":[{"href":"https:\/\/elmawkie.dz\/fr\/wp-json\/wp\/v2\/posts\/67672","targetHints":{"allow":["GET"]}}],"collection":[{"href":"https:\/\/elmawkie.dz\/fr\/wp-json\/wp\/v2\/posts"}],"about":[{"href":"https:\/\/elmawkie.dz\/fr\/wp-json\/wp\/v2\/types\/post"}],"author":[{"embeddable":true,"href":"https:\/\/elmawkie.dz\/fr\/wp-json\/wp\/v2\/users\/9"}],"replies":[{"embeddable":true,"href":"https:\/\/elmawkie.dz\/fr\/wp-json\/wp\/v2\/comments?post=67672"}],"version-history":[{"count":1,"href":"https:\/\/elmawkie.dz\/fr\/wp-json\/wp\/v2\/posts\/67672\/revisions"}],"predecessor-version":[{"id":67675,"href":"https:\/\/elmawkie.dz\/fr\/wp-json\/wp\/v2\/posts\/67672\/revisions\/67675"}],"wp:featuredmedia":[{"embeddable":true,"href":"https:\/\/elmawkie.dz\/fr\/wp-json\/wp\/v2\/media\/67674"}],"wp:attachment":[{"href":"https:\/\/elmawkie.dz\/fr\/wp-json\/wp\/v2\/media?parent=67672"}],"wp:term":[{"taxonomy":"category","embeddable":true,"href":"https:\/\/elmawkie.dz\/fr\/wp-json\/wp\/v2\/categories?post=67672"},{"taxonomy":"post_tag","embeddable":true,"href":"https:\/\/elmawkie.dz\/fr\/wp-json\/wp\/v2\/tags?post=67672"}],"curies":[{"name":"wp","href":"https:\/\/api.w.org\/{rel}","templated":true}]}}