{"id":6723,"date":"2024-11-18T18:35:17","date_gmt":"2024-11-18T17:35:17","guid":{"rendered":"https:\/\/elmawkie.dz\/fr\/?p=6723"},"modified":"2024-11-18T18:43:21","modified_gmt":"2024-11-18T17:43:21","slug":"remaniement-voici-la-liste-du-nouveau-gouvernement","status":"publish","type":"post","link":"https:\/\/elmawkie.dz\/fr\/remaniement-voici-la-liste-du-nouveau-gouvernement\/","title":{"rendered":"Remaniement : Voici la liste du nouveau Gouvernement"},"content":{"rendered":"<p><em><strong>Le pr\u00e9sident de la R\u00e9publique, chef supr\u00eame des forces arm\u00e9es et ministre de la D\u00e9fense nationale, Abdelmadjid Tebboune, a proc\u00e9d\u00e9, ce lundi, \u00e0 un remaniement minist\u00e9riel. C\u2019est ce qu\u2019a indiqu\u00e9 le porte-parole de la pr\u00e9sidence de la R\u00e9publique, Samir Aggoune.<\/strong><\/em><\/p>\n<p><strong><em>En effet, le nouveau Gouvernement est compos\u00e9 de\u00a0:<\/em><\/strong><\/p>\n<p><em><strong>*\u00a0 Nadir Larbaoui : Premier ministre<\/strong><\/em><\/p>\n<p><strong><em>* Sa\u00efd Chengriha : Ministre d\u00e9l\u00e9gu\u00e9 aupr\u00e8s du ministre de la D\u00e9fense nationale, Chef d&rsquo;\u00e9tat-major de l&rsquo;Arm\u00e9e nationale populaire<\/em><\/strong><\/p>\n<p><strong><em>* Ahmed Attaf : Ministre d&rsquo;\u00c9tat, ministre des Affaires \u00e9trang\u00e8res, de la communaut\u00e9 nationale \u00e0 l&rsquo;\u00e9tranger et des Affaires africaines<\/em><\/strong><\/p>\n<p><strong><em>*\u00a0 Mohamed Arkab : Ministre d&rsquo;\u00c9tat, ministre de l&rsquo;\u00c9nergie, des Mines et des \u00c9nergies renouvelables<\/em><\/strong><\/p>\n<p><strong><em>*\u00a0 brahim Merad : Ministre de l&rsquo;Int\u00e9rieur, des Collectivit\u00e9s locales et de l&rsquo;Am\u00e9nagement du territoire<\/em><\/strong><\/p>\n<p><strong><em>*\u00a0 Lotfi Boujma\u00e2 : Ministre de la Justice, Garde des Sceaux, en remplacement de M. Rachid Tabi, appel\u00e9 \u00e0 d&rsquo;autres fonctions<\/em><\/strong><\/p>\n<p><strong><em>* Laziz Faid : Ministre des Finances<\/em><\/strong><\/p>\n<p><strong>*\u00a0 El-A\u00efd Rebiga : Ministre des Moudjahidine et des Ayants droit<\/strong><\/p>\n<p><strong><em>* Youcef Belmehdi : Ministre des Affaires religieuses et des Wakfs<\/em><\/strong><\/p>\n<p><strong><em>*\u00a0 Kamel Beddari : Ministre de l&rsquo;Enseignement sup\u00e9rieur et de la Recherche scientifique<\/em><\/strong><\/p>\n<p><strong><em>*\u00a0 Mohamed El-Sghir Sa\u00e2dawi : Ministre de l&rsquo;\u00c9ducation nationale<\/em><\/strong><\/p>\n<p><strong><em>*\u00a0 Yacine Mahdi Walid : Ministre de la Formation et de l&rsquo;Enseignement professionnels<\/em><\/strong><\/p>\n<p><strong><em>*\u00a0 Zohir Bellelou : Ministre de la Culture et des Arts<\/em><\/strong><\/p>\n<p><strong><em>* Mustapha Hidaoui \u00a0: Ministre de la Jeunesse, charg\u00e9 du Conseil sup\u00e9rieur de la Jeunesse<\/em><\/strong><\/p>\n<p><strong><em>*\u00a0 Walid Sadi : Ministre des Sports<\/em><\/strong><\/p>\n<p><strong><em>*\u00a0 Said Ali Zerouki : Ministre de la Poste et des T\u00e9l\u00e9communications<\/em><\/strong><\/p>\n<p><strong><em>*\u00a0 Souria Mouloudji : Ministre de la Solidarit\u00e9 nationale, de la Famille et des Droits de la Femme<\/em><\/strong><\/p>\n<p><strong><em>*\u00a0 Sefi Ghrib : Ministre de l&rsquo;Industrie<\/em><\/strong><\/p>\n<p><strong><em>*\u00a0 Youcef Cherfa : Ministre de l&rsquo;Agriculture, du D\u00e9veloppement rural et de la P\u00eache<\/em><\/strong><\/p>\n<p><strong><em>*\u00a0 Mohamed Tarek Belaribi : Ministre de l&rsquo;Habitat, de l&rsquo;Urbanisme et de la Ville<\/em><\/strong><\/p>\n<p><strong><em>*\u00a0 Mohamed Boukhari : Ministre du Commerce ext\u00e9rieur et de la Promotion des exportations<\/em><\/strong><\/p>\n<p><strong><em>*\u00a0 Tayeb Zitouni : Ministre du Commerce int\u00e9rieur et de la R\u00e9gulation du march\u00e9 national<\/em><\/strong><\/p>\n<p><strong><em>*\u00a0 Mohamed Meziane : Ministre de la Communication<\/em><\/strong><\/p>\n<p><strong><em>*\u00a0 Lakhdar Rakhroukh : Ministre des Travaux publics et des Infrastructures de base<\/em><\/strong><\/p>\n<p><strong><em>*\u00a0 Tahar Derbal : Ministre des Ressources en eau<\/em><\/strong><\/p>\n<p><strong><em>*\u00a0 Said Sayoud : Ministre des Transports, en remplacement de M. Mohamed Habib Zahana, nomm\u00e9 \u00e0 d&rsquo;autres fonctions<\/em><\/strong><\/p>\n<p><strong><em>*\u00a0 Houria Meddahi : Ministre du Tourisme et de l&rsquo;Artisanat<\/em><\/strong><\/p>\n<p><strong><em>*\u00a0 Abdelhak Sa\u00efhi : Ministre de la Sant\u00e9<\/em><\/strong><\/p>\n<p><strong><em>*\u00a0 Fay\u00e7al Ben Taleb : Ministre du Travail, de l&rsquo;Emploi et de la S\u00e9curit\u00e9 sociale<\/em><\/strong><\/p>\n<p><strong><em>*\u00a0 Kawthar Kriko : Ministre des Relations avec le Parlement<\/em><\/strong><\/p>\n<p><strong><em>*\u00a0 Nadjiba Djilali : Ministre de l&rsquo;Environnement et de la Qualit\u00e9 de la vie<\/em><\/strong><\/p>\n<p><strong><em>*\u00a0 Noureddine Ouaddah : Ministre de l&rsquo;\u00c9conomie de la connaissance, des Start-ups et des Petites et Moyennes entreprises<\/em><\/strong><\/p>\n<p><strong><em>*\u00a0 Fouad hadji : Ministre d\u00e9l\u00e9gu\u00e9 aupr\u00e8s du ministre de l&rsquo;Industrie, charg\u00e9 de la production pharmaceutique<\/em><\/strong><\/p>\n<p><strong><em>*\u00a0 Sofiane Cha\u00efb : Secr\u00e9taire d&rsquo;\u00c9tat aupr\u00e8s du ministre des Affaires \u00e9trang\u00e8res, charg\u00e9 de la communaut\u00e9 nationale \u00e0 l&rsquo;\u00e9tranger<\/em><\/strong><\/p>\n<p><strong><em>*\u00a0 Salma bakhta Mansouri : Secr\u00e9taire d&rsquo;\u00c9tat aupr\u00e8s du ministre des Affaires \u00e9trang\u00e8res, charg\u00e9e des Affaires africaines<\/em><\/strong><\/p>\n<p><strong><em>*\u00a0 Karima Tafair : Secr\u00e9taire d&rsquo;\u00c9tat aupr\u00e8s du ministre de l&rsquo;\u00c9nergie, charg\u00e9e des Mines<\/em><\/strong><\/p>\n<p><strong><em>*\u00a0 Noureddine Yassaa : Secr\u00e9taire d&rsquo;\u00c9tat aupr\u00e8s du ministre de l&rsquo;\u00c9nergie, charg\u00e9 des \u00c9nergies renouvelables<\/em><\/strong><\/p>\n<p><strong><em>*\u00a0 Yahia Boukhari : Secr\u00e9taire g\u00e9n\u00e9ral du gouvernement<\/em><\/strong><\/p>\n","protected":false},"excerpt":{"rendered":"<p>Le pr\u00e9sident de la R\u00e9publique, chef supr\u00eame des forces arm\u00e9es et ministre de la D\u00e9fense nationale, Abdelmadjid Tebboune, a proc\u00e9d\u00e9, ce lundi, \u00e0 un remaniement minist\u00e9riel. C\u2019est ce qu\u2019a indiqu\u00e9 le porte-parole de la pr\u00e9sidence de la R\u00e9publique, Samir Aggoune. En effet, le nouveau Gouvernement est compos\u00e9 de\u00a0: *\u00a0 Nadir Larbaoui : Premier ministre * &hellip;<\/p>\n","protected":false},"author":8,"featured_media":6725,"comment_status":"open","ping_status":"open","sticky":false,"template":"","format":"standard","meta":{"footnotes":""},"categories":[47],"tags":[1414,624,1417,1194,1416,1415],"class_list":["post-6723","post","type-post","status-publish","format-standard","has-post-thumbnail","hentry","category-national","tag-abdelamdjid-teboune","tag-gouvernement","tag-liste","tag-ministres","tag-nouveau","tag-remaniement-ministeriel"],"yoast_head":"<!-- This site is optimized with the Yoast SEO Premium plugin v22.6 (Yoast SEO v22.6) - https:\/\/yoast.com\/wordpress\/plugins\/seo\/ -->\n<title>Remaniement : Voici la liste du nouveau Gouvernement - El Mawkie<\/title>\n<meta name=\"robots\" content=\"index, follow, max-snippet:-1, max-image-preview:large, max-video-preview:-1\" \/>\n<link rel=\"canonical\" href=\"https:\/\/elmawkie.dz\/fr\/remaniement-voici-la-liste-du-nouveau-gouvernement\/\" \/>\n<meta property=\"og:locale\" content=\"fr_FR\" \/>\n<meta property=\"og:type\" content=\"article\" \/>\n<meta property=\"og:title\" content=\"Remaniement : Voici la liste du nouveau Gouvernement\" \/>\n<meta property=\"og:description\" content=\"Le pr\u00e9sident de la R\u00e9publique, chef supr\u00eame des forces arm\u00e9es et ministre de la D\u00e9fense nationale, Abdelmadjid Tebboune, a proc\u00e9d\u00e9, ce lundi, \u00e0 un remaniement minist\u00e9riel. C\u2019est ce qu\u2019a indiqu\u00e9 le porte-parole de la pr\u00e9sidence de la R\u00e9publique, Samir Aggoune. En effet, le nouveau Gouvernement est compos\u00e9 de\u00a0: *\u00a0 Nadir Larbaoui : Premier ministre * &hellip;\" \/>\n<meta property=\"og:url\" content=\"https:\/\/elmawkie.dz\/fr\/remaniement-voici-la-liste-du-nouveau-gouvernement\/\" \/>\n<meta property=\"og:site_name\" content=\"El Mawkie\" \/>\n<meta property=\"article:publisher\" content=\"https:\/\/www.facebook.com\/profile.php?id=100088407094989&amp;locale=fr_FR\" \/>\n<meta property=\"article:published_time\" content=\"2024-11-18T17:35:17+00:00\" \/>\n<meta property=\"article:modified_time\" content=\"2024-11-18T17:43:21+00:00\" \/>\n<meta property=\"og:image\" content=\"https:\/\/elmawkie.dz\/fr\/wp-content\/uploads\/2024\/11\/cb154c00-70e1-4050-8033-e484031a4b64.jpeg\" \/>\n\t<meta property=\"og:image:width\" content=\"900\" \/>\n\t<meta property=\"og:image:height\" content=\"508\" \/>\n\t<meta property=\"og:image:type\" content=\"image\/jpeg\" \/>\n<meta name=\"author\" content=\"khayro\" \/>\n<meta name=\"twitter:card\" content=\"summary_large_image\" \/>\n<meta name=\"twitter:label1\" content=\"Written by\" \/>\n\t<meta name=\"twitter:data1\" content=\"khayro\" \/>\n\t<meta name=\"twitter:label2\" content=\"Est. reading time\" \/>\n\t<meta name=\"twitter:data2\" content=\"3 minutes\" \/>\n<script type=\"application\/ld+json\" class=\"yoast-schema-graph\">{\"@context\":\"https:\/\/schema.org\",\"@graph\":[{\"@type\":\"Article\",\"@id\":\"https:\/\/elmawkie.dz\/fr\/remaniement-voici-la-liste-du-nouveau-gouvernement\/#article\",\"isPartOf\":{\"@id\":\"https:\/\/elmawkie.dz\/fr\/remaniement-voici-la-liste-du-nouveau-gouvernement\/\"},\"author\":{\"name\":\"khayro\",\"@id\":\"https:\/\/elmawkie.dz\/fr\/#\/schema\/person\/15cb7eba76e08e2d2d0ad4b4c4fbb6cb\"},\"headline\":\"Remaniement : Voici la liste du nouveau Gouvernement\",\"datePublished\":\"2024-11-18T17:35:17+00:00\",\"dateModified\":\"2024-11-18T17:43:21+00:00\",\"mainEntityOfPage\":{\"@id\":\"https:\/\/elmawkie.dz\/fr\/remaniement-voici-la-liste-du-nouveau-gouvernement\/\"},\"wordCount\":556,\"commentCount\":0,\"publisher\":{\"@id\":\"https:\/\/elmawkie.dz\/fr\/#organization\"},\"image\":{\"@id\":\"https:\/\/elmawkie.dz\/fr\/remaniement-voici-la-liste-du-nouveau-gouvernement\/#primaryimage\"},\"thumbnailUrl\":\"https:\/\/elmawkie.dz\/fr\/wp-content\/uploads\/2024\/11\/cb154c00-70e1-4050-8033-e484031a4b64.jpeg\",\"keywords\":[\"Abdelamdjid Teboune\",\"gouvernement\",\"Liste\",\"ministres\",\"nouveau\",\"Remaniement minist\u00e9riel\"],\"articleSection\":[\"National\"],\"inLanguage\":\"fr-FR\",\"potentialAction\":[{\"@type\":\"CommentAction\",\"name\":\"Comment\",\"target\":[\"https:\/\/elmawkie.dz\/fr\/remaniement-voici-la-liste-du-nouveau-gouvernement\/#respond\"]}]},{\"@type\":\"WebPage\",\"@id\":\"https:\/\/elmawkie.dz\/fr\/remaniement-voici-la-liste-du-nouveau-gouvernement\/\",\"url\":\"https:\/\/elmawkie.dz\/fr\/remaniement-voici-la-liste-du-nouveau-gouvernement\/\",\"name\":\"Remaniement : Voici la liste du nouveau Gouvernement - El Mawkie\",\"isPartOf\":{\"@id\":\"https:\/\/elmawkie.dz\/fr\/#website\"},\"primaryImageOfPage\":{\"@id\":\"https:\/\/elmawkie.dz\/fr\/remaniement-voici-la-liste-du-nouveau-gouvernement\/#primaryimage\"},\"image\":{\"@id\":\"https:\/\/elmawkie.dz\/fr\/remaniement-voici-la-liste-du-nouveau-gouvernement\/#primaryimage\"},\"thumbnailUrl\":\"https:\/\/elmawkie.dz\/fr\/wp-content\/uploads\/2024\/11\/cb154c00-70e1-4050-8033-e484031a4b64.jpeg\",\"datePublished\":\"2024-11-18T17:35:17+00:00\",\"dateModified\":\"2024-11-18T17:43:21+00:00\",\"breadcrumb\":{\"@id\":\"https:\/\/elmawkie.dz\/fr\/remaniement-voici-la-liste-du-nouveau-gouvernement\/#breadcrumb\"},\"inLanguage\":\"fr-FR\",\"potentialAction\":[{\"@type\":\"ReadAction\",\"target\":[\"https:\/\/elmawkie.dz\/fr\/remaniement-voici-la-liste-du-nouveau-gouvernement\/\"]}]},{\"@type\":\"ImageObject\",\"inLanguage\":\"fr-FR\",\"@id\":\"https:\/\/elmawkie.dz\/fr\/remaniement-voici-la-liste-du-nouveau-gouvernement\/#primaryimage\",\"url\":\"https:\/\/elmawkie.dz\/fr\/wp-content\/uploads\/2024\/11\/cb154c00-70e1-4050-8033-e484031a4b64.jpeg\",\"contentUrl\":\"https:\/\/elmawkie.dz\/fr\/wp-content\/uploads\/2024\/11\/cb154c00-70e1-4050-8033-e484031a4b64.jpeg\",\"width\":900,\"height\":508},{\"@type\":\"BreadcrumbList\",\"@id\":\"https:\/\/elmawkie.dz\/fr\/remaniement-voici-la-liste-du-nouveau-gouvernement\/#breadcrumb\",\"itemListElement\":[{\"@type\":\"ListItem\",\"position\":1,\"name\":\"Home\",\"item\":\"https:\/\/elmawkie.dz\/fr\/\"},{\"@type\":\"ListItem\",\"position\":2,\"name\":\"Remaniement : Voici la liste du nouveau Gouvernement\"}]},{\"@type\":\"WebSite\",\"@id\":\"https:\/\/elmawkie.dz\/fr\/#website\",\"url\":\"https:\/\/elmawkie.dz\/fr\/\",\"name\":\"EL MAWKIE\",\"description\":\"Journal \u00c9lectronique Alg\u00e9rien\",\"publisher\":{\"@id\":\"https:\/\/elmawkie.dz\/fr\/#organization\"},\"potentialAction\":[{\"@type\":\"SearchAction\",\"target\":{\"@type\":\"EntryPoint\",\"urlTemplate\":\"https:\/\/elmawkie.dz\/fr\/?s={search_term_string}\"},\"query-input\":\"required name=search_term_string\"}],\"inLanguage\":\"fr-FR\"},{\"@type\":\"Organization\",\"@id\":\"https:\/\/elmawkie.dz\/fr\/#organization\",\"name\":\"EL MAWKIE\",\"url\":\"https:\/\/elmawkie.dz\/fr\/\",\"logo\":{\"@type\":\"ImageObject\",\"inLanguage\":\"fr-FR\",\"@id\":\"https:\/\/elmawkie.dz\/fr\/#\/schema\/logo\/image\/\",\"url\":\"https:\/\/elmawkie.dz\/fr\/wp-content\/uploads\/2024\/05\/logo1.png\",\"contentUrl\":\"https:\/\/elmawkie.dz\/fr\/wp-content\/uploads\/2024\/05\/logo1.png\",\"width\":1648,\"height\":652,\"caption\":\"EL MAWKIE\"},\"image\":{\"@id\":\"https:\/\/elmawkie.dz\/fr\/#\/schema\/logo\/image\/\"},\"sameAs\":[\"https:\/\/www.facebook.com\/profile.php?id=100088407094989&locale=fr_FR\"]},{\"@type\":\"Person\",\"@id\":\"https:\/\/elmawkie.dz\/fr\/#\/schema\/person\/15cb7eba76e08e2d2d0ad4b4c4fbb6cb\",\"name\":\"khayro\",\"image\":{\"@type\":\"ImageObject\",\"inLanguage\":\"fr-FR\",\"@id\":\"https:\/\/elmawkie.dz\/fr\/#\/schema\/person\/image\/\",\"url\":\"https:\/\/secure.gravatar.com\/avatar\/5d609f726f02f77f0ff2a1483fc81992?s=96&d=mm&r=g\",\"contentUrl\":\"https:\/\/secure.gravatar.com\/avatar\/5d609f726f02f77f0ff2a1483fc81992?s=96&d=mm&r=g\",\"caption\":\"khayro\"},\"url\":\"https:\/\/elmawkie.dz\/fr\/author\/khayro\/\"}]}<\/script>\n<!-- \/ Yoast SEO Premium plugin. -->","yoast_head_json":{"title":"Remaniement : Voici la liste du nouveau Gouvernement - El Mawkie","robots":{"index":"index","follow":"follow","max-snippet":"max-snippet:-1","max-image-preview":"max-image-preview:large","max-video-preview":"max-video-preview:-1"},"canonical":"https:\/\/elmawkie.dz\/fr\/remaniement-voici-la-liste-du-nouveau-gouvernement\/","og_locale":"fr_FR","og_type":"article","og_title":"Remaniement : Voici la liste du nouveau Gouvernement","og_description":"Le pr\u00e9sident de la R\u00e9publique, chef supr\u00eame des forces arm\u00e9es et ministre de la D\u00e9fense nationale, Abdelmadjid Tebboune, a proc\u00e9d\u00e9, ce lundi, \u00e0 un remaniement minist\u00e9riel. C\u2019est ce qu\u2019a indiqu\u00e9 le porte-parole de la pr\u00e9sidence de la R\u00e9publique, Samir Aggoune. En effet, le nouveau Gouvernement est compos\u00e9 de\u00a0: *\u00a0 Nadir Larbaoui : Premier ministre * &hellip;","og_url":"https:\/\/elmawkie.dz\/fr\/remaniement-voici-la-liste-du-nouveau-gouvernement\/","og_site_name":"El Mawkie","article_publisher":"https:\/\/www.facebook.com\/profile.php?id=100088407094989&locale=fr_FR","article_published_time":"2024-11-18T17:35:17+00:00","article_modified_time":"2024-11-18T17:43:21+00:00","og_image":[{"width":900,"height":508,"url":"https:\/\/elmawkie.dz\/fr\/wp-content\/uploads\/2024\/11\/cb154c00-70e1-4050-8033-e484031a4b64.jpeg","type":"image\/jpeg"}],"author":"khayro","twitter_card":"summary_large_image","twitter_misc":{"Written by":"khayro","Est. reading time":"3 minutes"},"schema":{"@context":"https:\/\/schema.org","@graph":[{"@type":"Article","@id":"https:\/\/elmawkie.dz\/fr\/remaniement-voici-la-liste-du-nouveau-gouvernement\/#article","isPartOf":{"@id":"https:\/\/elmawkie.dz\/fr\/remaniement-voici-la-liste-du-nouveau-gouvernement\/"},"author":{"name":"khayro","@id":"https:\/\/elmawkie.dz\/fr\/#\/schema\/person\/15cb7eba76e08e2d2d0ad4b4c4fbb6cb"},"headline":"Remaniement : Voici la liste du nouveau Gouvernement","datePublished":"2024-11-18T17:35:17+00:00","dateModified":"2024-11-18T17:43:21+00:00","mainEntityOfPage":{"@id":"https:\/\/elmawkie.dz\/fr\/remaniement-voici-la-liste-du-nouveau-gouvernement\/"},"wordCount":556,"commentCount":0,"publisher":{"@id":"https:\/\/elmawkie.dz\/fr\/#organization"},"image":{"@id":"https:\/\/elmawkie.dz\/fr\/remaniement-voici-la-liste-du-nouveau-gouvernement\/#primaryimage"},"thumbnailUrl":"https:\/\/elmawkie.dz\/fr\/wp-content\/uploads\/2024\/11\/cb154c00-70e1-4050-8033-e484031a4b64.jpeg","keywords":["Abdelamdjid Teboune","gouvernement","Liste","ministres","nouveau","Remaniement minist\u00e9riel"],"articleSection":["National"],"inLanguage":"fr-FR","potentialAction":[{"@type":"CommentAction","name":"Comment","target":["https:\/\/elmawkie.dz\/fr\/remaniement-voici-la-liste-du-nouveau-gouvernement\/#respond"]}]},{"@type":"WebPage","@id":"https:\/\/elmawkie.dz\/fr\/remaniement-voici-la-liste-du-nouveau-gouvernement\/","url":"https:\/\/elmawkie.dz\/fr\/remaniement-voici-la-liste-du-nouveau-gouvernement\/","name":"Remaniement : Voici la liste du nouveau Gouvernement - El Mawkie","isPartOf":{"@id":"https:\/\/elmawkie.dz\/fr\/#website"},"primaryImageOfPage":{"@id":"https:\/\/elmawkie.dz\/fr\/remaniement-voici-la-liste-du-nouveau-gouvernement\/#primaryimage"},"image":{"@id":"https:\/\/elmawkie.dz\/fr\/remaniement-voici-la-liste-du-nouveau-gouvernement\/#primaryimage"},"thumbnailUrl":"https:\/\/elmawkie.dz\/fr\/wp-content\/uploads\/2024\/11\/cb154c00-70e1-4050-8033-e484031a4b64.jpeg","datePublished":"2024-11-18T17:35:17+00:00","dateModified":"2024-11-18T17:43:21+00:00","breadcrumb":{"@id":"https:\/\/elmawkie.dz\/fr\/remaniement-voici-la-liste-du-nouveau-gouvernement\/#breadcrumb"},"inLanguage":"fr-FR","potentialAction":[{"@type":"ReadAction","target":["https:\/\/elmawkie.dz\/fr\/remaniement-voici-la-liste-du-nouveau-gouvernement\/"]}]},{"@type":"ImageObject","inLanguage":"fr-FR","@id":"https:\/\/elmawkie.dz\/fr\/remaniement-voici-la-liste-du-nouveau-gouvernement\/#primaryimage","url":"https:\/\/elmawkie.dz\/fr\/wp-content\/uploads\/2024\/11\/cb154c00-70e1-4050-8033-e484031a4b64.jpeg","contentUrl":"https:\/\/elmawkie.dz\/fr\/wp-content\/uploads\/2024\/11\/cb154c00-70e1-4050-8033-e484031a4b64.jpeg","width":900,"height":508},{"@type":"BreadcrumbList","@id":"https:\/\/elmawkie.dz\/fr\/remaniement-voici-la-liste-du-nouveau-gouvernement\/#breadcrumb","itemListElement":[{"@type":"ListItem","position":1,"name":"Home","item":"https:\/\/elmawkie.dz\/fr\/"},{"@type":"ListItem","position":2,"name":"Remaniement : Voici la liste du nouveau Gouvernement"}]},{"@type":"WebSite","@id":"https:\/\/elmawkie.dz\/fr\/#website","url":"https:\/\/elmawkie.dz\/fr\/","name":"EL MAWKIE","description":"Journal \u00c9lectronique Alg\u00e9rien","publisher":{"@id":"https:\/\/elmawkie.dz\/fr\/#organization"},"potentialAction":[{"@type":"SearchAction","target":{"@type":"EntryPoint","urlTemplate":"https:\/\/elmawkie.dz\/fr\/?s={search_term_string}"},"query-input":"required name=search_term_string"}],"inLanguage":"fr-FR"},{"@type":"Organization","@id":"https:\/\/elmawkie.dz\/fr\/#organization","name":"EL MAWKIE","url":"https:\/\/elmawkie.dz\/fr\/","logo":{"@type":"ImageObject","inLanguage":"fr-FR","@id":"https:\/\/elmawkie.dz\/fr\/#\/schema\/logo\/image\/","url":"https:\/\/elmawkie.dz\/fr\/wp-content\/uploads\/2024\/05\/logo1.png","contentUrl":"https:\/\/elmawkie.dz\/fr\/wp-content\/uploads\/2024\/05\/logo1.png","width":1648,"height":652,"caption":"EL MAWKIE"},"image":{"@id":"https:\/\/elmawkie.dz\/fr\/#\/schema\/logo\/image\/"},"sameAs":["https:\/\/www.facebook.com\/profile.php?id=100088407094989&locale=fr_FR"]},{"@type":"Person","@id":"https:\/\/elmawkie.dz\/fr\/#\/schema\/person\/15cb7eba76e08e2d2d0ad4b4c4fbb6cb","name":"khayro","image":{"@type":"ImageObject","inLanguage":"fr-FR","@id":"https:\/\/elmawkie.dz\/fr\/#\/schema\/person\/image\/","url":"https:\/\/secure.gravatar.com\/avatar\/5d609f726f02f77f0ff2a1483fc81992?s=96&d=mm&r=g","contentUrl":"https:\/\/secure.gravatar.com\/avatar\/5d609f726f02f77f0ff2a1483fc81992?s=96&d=mm&r=g","caption":"khayro"},"url":"https:\/\/elmawkie.dz\/fr\/author\/khayro\/"}]}},"_links":{"self":[{"href":"https:\/\/elmawkie.dz\/fr\/wp-json\/wp\/v2\/posts\/6723","targetHints":{"allow":["GET"]}}],"collection":[{"href":"https:\/\/elmawkie.dz\/fr\/wp-json\/wp\/v2\/posts"}],"about":[{"href":"https:\/\/elmawkie.dz\/fr\/wp-json\/wp\/v2\/types\/post"}],"author":[{"embeddable":true,"href":"https:\/\/elmawkie.dz\/fr\/wp-json\/wp\/v2\/users\/8"}],"replies":[{"embeddable":true,"href":"https:\/\/elmawkie.dz\/fr\/wp-json\/wp\/v2\/comments?post=6723"}],"version-history":[{"count":0,"href":"https:\/\/elmawkie.dz\/fr\/wp-json\/wp\/v2\/posts\/6723\/revisions"}],"wp:featuredmedia":[{"embeddable":true,"href":"https:\/\/elmawkie.dz\/fr\/wp-json\/wp\/v2\/media\/6725"}],"wp:attachment":[{"href":"https:\/\/elmawkie.dz\/fr\/wp-json\/wp\/v2\/media?parent=6723"}],"wp:term":[{"taxonomy":"category","embeddable":true,"href":"https:\/\/elmawkie.dz\/fr\/wp-json\/wp\/v2\/categories?post=6723"},{"taxonomy":"post_tag","embeddable":true,"href":"https:\/\/elmawkie.dz\/fr\/wp-json\/wp\/v2\/tags?post=6723"}],"curies":[{"name":"wp","href":"https:\/\/api.w.org\/{rel}","templated":true}]}}