{"id":6620,"date":"2024-11-16T14:45:16","date_gmt":"2024-11-16T13:45:16","guid":{"rendered":"https:\/\/elmawkie.dz\/fr\/?p=6620"},"modified":"2024-11-16T16:41:36","modified_gmt":"2024-11-16T15:41:36","slug":"relogement-a-oran-des-logements-neufs-pour-19-familles","status":"publish","type":"post","link":"https:\/\/elmawkie.dz\/fr\/relogement-a-oran-des-logements-neufs-pour-19-familles\/","title":{"rendered":"Relogement \u00e0 Oran : Des logements neufs pour 19 familles"},"content":{"rendered":"<p><strong><em>Dix-neuf familles vivant dans des immeubles pr\u00e9caires \u00e0 Oran ont \u00e9t\u00e9 relog\u00e9es, ce samedi, dans des logements d\u00e9cents situ\u00e9s dans la commune de Bir El-Djir, selon les services de la wilaya.<\/em><\/strong><\/p>\n<p><strong><em>Cette op\u00e9ration, men\u00e9e sous la supervision du wali d\u2019Oran, M. Sa\u00efd Sayoud, concerne des habitants du quartier \u201cFellaoucen\u201d (ex El-Barki), ces familles r\u00e9sidaient dans des immeubles anciens et ont d\u00e9sormais int\u00e9gr\u00e9 le site de 1 201 logements publics locatifs (LPL) situ\u00e9 dans le quartier \u201cP\u00e9pini\u00e8re\u201d \u00e0 Bir El-Djir.<\/em><\/strong><\/p>\n<p><strong><em>Des moyens humains et mat\u00e9riels \u00a0cons\u00e9quents ont \u00e9t\u00e9 mobilis\u00e9s pour garantir le bon d\u00e9roulement de cette op\u00e9ration, organis\u00e9e en pr\u00e9sence des autorit\u00e9s locales, qui s\u2019inscrit dans le cadre du programme de relogement visant \u00e0 reloger les habitants des immeubles \u00e0 structure m\u00e9tallique ou pr\u00e9fabriqu\u00e9e, jug\u00e9s insalubres. notant que ces immeubles seront d\u00e9molis apr\u00e8s le transfert des habitants, note la m\u00eame source.<\/em><\/strong><\/p>\n<p><strong><em>En effet, il s\u2019agit de la deuxi\u00e8me op\u00e9ration de relogement r\u00e9alis\u00e9e r\u00e9cemment \u00e0 Oran, a la fin du mois d\u2019octobre, 20 familles du quartier \u201cEl Othmania\u201d avaient \u00e9galement \u00e9t\u00e9 relog\u00e9es sur le m\u00eame site du quartier \u201cP\u00e9pini\u00e8re\u201d, dans des logements neufs et adapt\u00e9s \u00e0 leurs besoins.<\/em><\/strong><\/p>\n<p><em><strong>Cette op\u00e9ration illustrent l\u2019engagement des autorit\u00e9s locales \u00e0 am\u00e9liorer les conditions de vie des citoyens tout en restructurant les zones urbaines.<\/strong><\/em><\/p>\n","protected":false},"excerpt":{"rendered":"<p>Dix-neuf familles vivant dans des immeubles pr\u00e9caires \u00e0 Oran ont \u00e9t\u00e9 relog\u00e9es, ce samedi, dans des logements d\u00e9cents situ\u00e9s dans la commune de Bir El-Djir, selon les services de la wilaya. Cette op\u00e9ration, men\u00e9e sous la supervision du wali d\u2019Oran, M. Sa\u00efd Sayoud, concerne des habitants du quartier \u201cFellaoucen\u201d (ex El-Barki), ces familles r\u00e9sidaient dans &hellip;<\/p>\n","protected":false},"author":3,"featured_media":6621,"comment_status":"open","ping_status":"open","sticky":false,"template":"","format":"standard","meta":{"footnotes":""},"categories":[50],"tags":[1362,1363,1361,75,1360],"class_list":["post-6620","post","type-post","status-publish","format-standard","has-post-thumbnail","hentry","category-region","tag-1362","tag-des-logements-neufs","tag-familles","tag-oran","tag-relogement"],"yoast_head":"<!-- This site is optimized with the Yoast SEO Premium plugin v22.6 (Yoast SEO v22.6) - https:\/\/yoast.com\/wordpress\/plugins\/seo\/ -->\n<title>Relogement \u00e0 Oran : Des logements neufs pour 19 familles - El Mawkie<\/title>\n<meta name=\"robots\" content=\"index, follow, max-snippet:-1, max-image-preview:large, max-video-preview:-1\" \/>\n<link rel=\"canonical\" href=\"https:\/\/elmawkie.dz\/fr\/relogement-a-oran-des-logements-neufs-pour-19-familles\/\" \/>\n<meta property=\"og:locale\" content=\"fr_FR\" \/>\n<meta property=\"og:type\" content=\"article\" \/>\n<meta property=\"og:title\" content=\"Relogement \u00e0 Oran : Des logements neufs pour 19 familles\" \/>\n<meta property=\"og:description\" content=\"Dix-neuf familles vivant dans des immeubles pr\u00e9caires \u00e0 Oran ont \u00e9t\u00e9 relog\u00e9es, ce samedi, dans des logements d\u00e9cents situ\u00e9s dans la commune de Bir El-Djir, selon les services de la wilaya. Cette op\u00e9ration, men\u00e9e sous la supervision du wali d\u2019Oran, M. Sa\u00efd Sayoud, concerne des habitants du quartier \u201cFellaoucen\u201d (ex El-Barki), ces familles r\u00e9sidaient dans &hellip;\" \/>\n<meta property=\"og:url\" content=\"https:\/\/elmawkie.dz\/fr\/relogement-a-oran-des-logements-neufs-pour-19-familles\/\" \/>\n<meta property=\"og:site_name\" content=\"El Mawkie\" \/>\n<meta property=\"article:publisher\" content=\"https:\/\/www.facebook.com\/profile.php?id=100088407094989&amp;locale=fr_FR\" \/>\n<meta property=\"article:published_time\" content=\"2024-11-16T13:45:16+00:00\" \/>\n<meta property=\"article:modified_time\" content=\"2024-11-16T15:41:36+00:00\" \/>\n<meta property=\"og:image\" content=\"https:\/\/elmawkie.dz\/fr\/wp-content\/uploads\/2024\/11\/IMG_4872.jpeg\" \/>\n\t<meta property=\"og:image:width\" content=\"960\" \/>\n\t<meta property=\"og:image:height\" content=\"720\" \/>\n\t<meta property=\"og:image:type\" content=\"image\/jpeg\" \/>\n<meta name=\"author\" content=\"Hamra Fouzia\" \/>\n<meta name=\"twitter:card\" content=\"summary_large_image\" \/>\n<meta name=\"twitter:label1\" content=\"Written by\" \/>\n\t<meta name=\"twitter:data1\" content=\"Hamra Fouzia\" \/>\n\t<meta name=\"twitter:label2\" content=\"Est. reading time\" \/>\n\t<meta name=\"twitter:data2\" content=\"1 minute\" \/>\n<script type=\"application\/ld+json\" class=\"yoast-schema-graph\">{\"@context\":\"https:\/\/schema.org\",\"@graph\":[{\"@type\":\"Article\",\"@id\":\"https:\/\/elmawkie.dz\/fr\/relogement-a-oran-des-logements-neufs-pour-19-familles\/#article\",\"isPartOf\":{\"@id\":\"https:\/\/elmawkie.dz\/fr\/relogement-a-oran-des-logements-neufs-pour-19-familles\/\"},\"author\":{\"name\":\"Hamra Fouzia\",\"@id\":\"https:\/\/elmawkie.dz\/fr\/#\/schema\/person\/4ed8433201bc23634185d8dd37097c64\"},\"headline\":\"Relogement \u00e0 Oran : Des logements neufs pour 19 familles\",\"datePublished\":\"2024-11-16T13:45:16+00:00\",\"dateModified\":\"2024-11-16T15:41:36+00:00\",\"mainEntityOfPage\":{\"@id\":\"https:\/\/elmawkie.dz\/fr\/relogement-a-oran-des-logements-neufs-pour-19-familles\/\"},\"wordCount\":249,\"commentCount\":0,\"publisher\":{\"@id\":\"https:\/\/elmawkie.dz\/fr\/#organization\"},\"image\":{\"@id\":\"https:\/\/elmawkie.dz\/fr\/relogement-a-oran-des-logements-neufs-pour-19-familles\/#primaryimage\"},\"thumbnailUrl\":\"https:\/\/elmawkie.dz\/fr\/wp-content\/uploads\/2024\/11\/IMG_4872.jpeg\",\"keywords\":[\"19\",\"Des logements neufs\",\"familles\",\"Oran\",\"Relogement\"],\"articleSection\":[\"R\u00e9gion\"],\"inLanguage\":\"fr-FR\",\"potentialAction\":[{\"@type\":\"CommentAction\",\"name\":\"Comment\",\"target\":[\"https:\/\/elmawkie.dz\/fr\/relogement-a-oran-des-logements-neufs-pour-19-familles\/#respond\"]}]},{\"@type\":\"WebPage\",\"@id\":\"https:\/\/elmawkie.dz\/fr\/relogement-a-oran-des-logements-neufs-pour-19-familles\/\",\"url\":\"https:\/\/elmawkie.dz\/fr\/relogement-a-oran-des-logements-neufs-pour-19-familles\/\",\"name\":\"Relogement \u00e0 Oran : Des logements neufs pour 19 familles - El Mawkie\",\"isPartOf\":{\"@id\":\"https:\/\/elmawkie.dz\/fr\/#website\"},\"primaryImageOfPage\":{\"@id\":\"https:\/\/elmawkie.dz\/fr\/relogement-a-oran-des-logements-neufs-pour-19-familles\/#primaryimage\"},\"image\":{\"@id\":\"https:\/\/elmawkie.dz\/fr\/relogement-a-oran-des-logements-neufs-pour-19-familles\/#primaryimage\"},\"thumbnailUrl\":\"https:\/\/elmawkie.dz\/fr\/wp-content\/uploads\/2024\/11\/IMG_4872.jpeg\",\"datePublished\":\"2024-11-16T13:45:16+00:00\",\"dateModified\":\"2024-11-16T15:41:36+00:00\",\"breadcrumb\":{\"@id\":\"https:\/\/elmawkie.dz\/fr\/relogement-a-oran-des-logements-neufs-pour-19-familles\/#breadcrumb\"},\"inLanguage\":\"fr-FR\",\"potentialAction\":[{\"@type\":\"ReadAction\",\"target\":[\"https:\/\/elmawkie.dz\/fr\/relogement-a-oran-des-logements-neufs-pour-19-familles\/\"]}]},{\"@type\":\"ImageObject\",\"inLanguage\":\"fr-FR\",\"@id\":\"https:\/\/elmawkie.dz\/fr\/relogement-a-oran-des-logements-neufs-pour-19-familles\/#primaryimage\",\"url\":\"https:\/\/elmawkie.dz\/fr\/wp-content\/uploads\/2024\/11\/IMG_4872.jpeg\",\"contentUrl\":\"https:\/\/elmawkie.dz\/fr\/wp-content\/uploads\/2024\/11\/IMG_4872.jpeg\",\"width\":960,\"height\":720},{\"@type\":\"BreadcrumbList\",\"@id\":\"https:\/\/elmawkie.dz\/fr\/relogement-a-oran-des-logements-neufs-pour-19-familles\/#breadcrumb\",\"itemListElement\":[{\"@type\":\"ListItem\",\"position\":1,\"name\":\"Home\",\"item\":\"https:\/\/elmawkie.dz\/fr\/\"},{\"@type\":\"ListItem\",\"position\":2,\"name\":\"Relogement \u00e0 Oran : Des logements neufs pour 19 familles\"}]},{\"@type\":\"WebSite\",\"@id\":\"https:\/\/elmawkie.dz\/fr\/#website\",\"url\":\"https:\/\/elmawkie.dz\/fr\/\",\"name\":\"EL MAWKIE\",\"description\":\"Journal \u00c9lectronique Alg\u00e9rien\",\"publisher\":{\"@id\":\"https:\/\/elmawkie.dz\/fr\/#organization\"},\"potentialAction\":[{\"@type\":\"SearchAction\",\"target\":{\"@type\":\"EntryPoint\",\"urlTemplate\":\"https:\/\/elmawkie.dz\/fr\/?s={search_term_string}\"},\"query-input\":\"required name=search_term_string\"}],\"inLanguage\":\"fr-FR\"},{\"@type\":\"Organization\",\"@id\":\"https:\/\/elmawkie.dz\/fr\/#organization\",\"name\":\"EL MAWKIE\",\"url\":\"https:\/\/elmawkie.dz\/fr\/\",\"logo\":{\"@type\":\"ImageObject\",\"inLanguage\":\"fr-FR\",\"@id\":\"https:\/\/elmawkie.dz\/fr\/#\/schema\/logo\/image\/\",\"url\":\"https:\/\/elmawkie.dz\/fr\/wp-content\/uploads\/2024\/05\/logo1.png\",\"contentUrl\":\"https:\/\/elmawkie.dz\/fr\/wp-content\/uploads\/2024\/05\/logo1.png\",\"width\":1648,\"height\":652,\"caption\":\"EL MAWKIE\"},\"image\":{\"@id\":\"https:\/\/elmawkie.dz\/fr\/#\/schema\/logo\/image\/\"},\"sameAs\":[\"https:\/\/www.facebook.com\/profile.php?id=100088407094989&locale=fr_FR\"]},{\"@type\":\"Person\",\"@id\":\"https:\/\/elmawkie.dz\/fr\/#\/schema\/person\/4ed8433201bc23634185d8dd37097c64\",\"name\":\"Hamra Fouzia\",\"image\":{\"@type\":\"ImageObject\",\"inLanguage\":\"fr-FR\",\"@id\":\"https:\/\/elmawkie.dz\/fr\/#\/schema\/person\/image\/\",\"url\":\"https:\/\/secure.gravatar.com\/avatar\/ea215268aad51f3219f9a59227db6fa1?s=96&d=mm&r=g\",\"contentUrl\":\"https:\/\/secure.gravatar.com\/avatar\/ea215268aad51f3219f9a59227db6fa1?s=96&d=mm&r=g\",\"caption\":\"Hamra Fouzia\"},\"sameAs\":[\"https:\/\/elmawkie.dz\/fr\"],\"url\":\"https:\/\/elmawkie.dz\/fr\/author\/elmawkie\/\"}]}<\/script>\n<!-- \/ Yoast SEO Premium plugin. -->","yoast_head_json":{"title":"Relogement \u00e0 Oran : Des logements neufs pour 19 familles - El Mawkie","robots":{"index":"index","follow":"follow","max-snippet":"max-snippet:-1","max-image-preview":"max-image-preview:large","max-video-preview":"max-video-preview:-1"},"canonical":"https:\/\/elmawkie.dz\/fr\/relogement-a-oran-des-logements-neufs-pour-19-familles\/","og_locale":"fr_FR","og_type":"article","og_title":"Relogement \u00e0 Oran : Des logements neufs pour 19 familles","og_description":"Dix-neuf familles vivant dans des immeubles pr\u00e9caires \u00e0 Oran ont \u00e9t\u00e9 relog\u00e9es, ce samedi, dans des logements d\u00e9cents situ\u00e9s dans la commune de Bir El-Djir, selon les services de la wilaya. Cette op\u00e9ration, men\u00e9e sous la supervision du wali d\u2019Oran, M. Sa\u00efd Sayoud, concerne des habitants du quartier \u201cFellaoucen\u201d (ex El-Barki), ces familles r\u00e9sidaient dans &hellip;","og_url":"https:\/\/elmawkie.dz\/fr\/relogement-a-oran-des-logements-neufs-pour-19-familles\/","og_site_name":"El Mawkie","article_publisher":"https:\/\/www.facebook.com\/profile.php?id=100088407094989&locale=fr_FR","article_published_time":"2024-11-16T13:45:16+00:00","article_modified_time":"2024-11-16T15:41:36+00:00","og_image":[{"width":960,"height":720,"url":"https:\/\/elmawkie.dz\/fr\/wp-content\/uploads\/2024\/11\/IMG_4872.jpeg","type":"image\/jpeg"}],"author":"Hamra Fouzia","twitter_card":"summary_large_image","twitter_misc":{"Written by":"Hamra Fouzia","Est. reading time":"1 minute"},"schema":{"@context":"https:\/\/schema.org","@graph":[{"@type":"Article","@id":"https:\/\/elmawkie.dz\/fr\/relogement-a-oran-des-logements-neufs-pour-19-familles\/#article","isPartOf":{"@id":"https:\/\/elmawkie.dz\/fr\/relogement-a-oran-des-logements-neufs-pour-19-familles\/"},"author":{"name":"Hamra Fouzia","@id":"https:\/\/elmawkie.dz\/fr\/#\/schema\/person\/4ed8433201bc23634185d8dd37097c64"},"headline":"Relogement \u00e0 Oran : Des logements neufs pour 19 familles","datePublished":"2024-11-16T13:45:16+00:00","dateModified":"2024-11-16T15:41:36+00:00","mainEntityOfPage":{"@id":"https:\/\/elmawkie.dz\/fr\/relogement-a-oran-des-logements-neufs-pour-19-familles\/"},"wordCount":249,"commentCount":0,"publisher":{"@id":"https:\/\/elmawkie.dz\/fr\/#organization"},"image":{"@id":"https:\/\/elmawkie.dz\/fr\/relogement-a-oran-des-logements-neufs-pour-19-familles\/#primaryimage"},"thumbnailUrl":"https:\/\/elmawkie.dz\/fr\/wp-content\/uploads\/2024\/11\/IMG_4872.jpeg","keywords":["19","Des logements neufs","familles","Oran","Relogement"],"articleSection":["R\u00e9gion"],"inLanguage":"fr-FR","potentialAction":[{"@type":"CommentAction","name":"Comment","target":["https:\/\/elmawkie.dz\/fr\/relogement-a-oran-des-logements-neufs-pour-19-familles\/#respond"]}]},{"@type":"WebPage","@id":"https:\/\/elmawkie.dz\/fr\/relogement-a-oran-des-logements-neufs-pour-19-familles\/","url":"https:\/\/elmawkie.dz\/fr\/relogement-a-oran-des-logements-neufs-pour-19-familles\/","name":"Relogement \u00e0 Oran : Des logements neufs pour 19 familles - El Mawkie","isPartOf":{"@id":"https:\/\/elmawkie.dz\/fr\/#website"},"primaryImageOfPage":{"@id":"https:\/\/elmawkie.dz\/fr\/relogement-a-oran-des-logements-neufs-pour-19-familles\/#primaryimage"},"image":{"@id":"https:\/\/elmawkie.dz\/fr\/relogement-a-oran-des-logements-neufs-pour-19-familles\/#primaryimage"},"thumbnailUrl":"https:\/\/elmawkie.dz\/fr\/wp-content\/uploads\/2024\/11\/IMG_4872.jpeg","datePublished":"2024-11-16T13:45:16+00:00","dateModified":"2024-11-16T15:41:36+00:00","breadcrumb":{"@id":"https:\/\/elmawkie.dz\/fr\/relogement-a-oran-des-logements-neufs-pour-19-familles\/#breadcrumb"},"inLanguage":"fr-FR","potentialAction":[{"@type":"ReadAction","target":["https:\/\/elmawkie.dz\/fr\/relogement-a-oran-des-logements-neufs-pour-19-familles\/"]}]},{"@type":"ImageObject","inLanguage":"fr-FR","@id":"https:\/\/elmawkie.dz\/fr\/relogement-a-oran-des-logements-neufs-pour-19-familles\/#primaryimage","url":"https:\/\/elmawkie.dz\/fr\/wp-content\/uploads\/2024\/11\/IMG_4872.jpeg","contentUrl":"https:\/\/elmawkie.dz\/fr\/wp-content\/uploads\/2024\/11\/IMG_4872.jpeg","width":960,"height":720},{"@type":"BreadcrumbList","@id":"https:\/\/elmawkie.dz\/fr\/relogement-a-oran-des-logements-neufs-pour-19-familles\/#breadcrumb","itemListElement":[{"@type":"ListItem","position":1,"name":"Home","item":"https:\/\/elmawkie.dz\/fr\/"},{"@type":"ListItem","position":2,"name":"Relogement \u00e0 Oran : Des logements neufs pour 19 familles"}]},{"@type":"WebSite","@id":"https:\/\/elmawkie.dz\/fr\/#website","url":"https:\/\/elmawkie.dz\/fr\/","name":"EL MAWKIE","description":"Journal \u00c9lectronique Alg\u00e9rien","publisher":{"@id":"https:\/\/elmawkie.dz\/fr\/#organization"},"potentialAction":[{"@type":"SearchAction","target":{"@type":"EntryPoint","urlTemplate":"https:\/\/elmawkie.dz\/fr\/?s={search_term_string}"},"query-input":"required name=search_term_string"}],"inLanguage":"fr-FR"},{"@type":"Organization","@id":"https:\/\/elmawkie.dz\/fr\/#organization","name":"EL MAWKIE","url":"https:\/\/elmawkie.dz\/fr\/","logo":{"@type":"ImageObject","inLanguage":"fr-FR","@id":"https:\/\/elmawkie.dz\/fr\/#\/schema\/logo\/image\/","url":"https:\/\/elmawkie.dz\/fr\/wp-content\/uploads\/2024\/05\/logo1.png","contentUrl":"https:\/\/elmawkie.dz\/fr\/wp-content\/uploads\/2024\/05\/logo1.png","width":1648,"height":652,"caption":"EL MAWKIE"},"image":{"@id":"https:\/\/elmawkie.dz\/fr\/#\/schema\/logo\/image\/"},"sameAs":["https:\/\/www.facebook.com\/profile.php?id=100088407094989&locale=fr_FR"]},{"@type":"Person","@id":"https:\/\/elmawkie.dz\/fr\/#\/schema\/person\/4ed8433201bc23634185d8dd37097c64","name":"Hamra Fouzia","image":{"@type":"ImageObject","inLanguage":"fr-FR","@id":"https:\/\/elmawkie.dz\/fr\/#\/schema\/person\/image\/","url":"https:\/\/secure.gravatar.com\/avatar\/ea215268aad51f3219f9a59227db6fa1?s=96&d=mm&r=g","contentUrl":"https:\/\/secure.gravatar.com\/avatar\/ea215268aad51f3219f9a59227db6fa1?s=96&d=mm&r=g","caption":"Hamra Fouzia"},"sameAs":["https:\/\/elmawkie.dz\/fr"],"url":"https:\/\/elmawkie.dz\/fr\/author\/elmawkie\/"}]}},"_links":{"self":[{"href":"https:\/\/elmawkie.dz\/fr\/wp-json\/wp\/v2\/posts\/6620","targetHints":{"allow":["GET"]}}],"collection":[{"href":"https:\/\/elmawkie.dz\/fr\/wp-json\/wp\/v2\/posts"}],"about":[{"href":"https:\/\/elmawkie.dz\/fr\/wp-json\/wp\/v2\/types\/post"}],"author":[{"embeddable":true,"href":"https:\/\/elmawkie.dz\/fr\/wp-json\/wp\/v2\/users\/3"}],"replies":[{"embeddable":true,"href":"https:\/\/elmawkie.dz\/fr\/wp-json\/wp\/v2\/comments?post=6620"}],"version-history":[{"count":0,"href":"https:\/\/elmawkie.dz\/fr\/wp-json\/wp\/v2\/posts\/6620\/revisions"}],"wp:featuredmedia":[{"embeddable":true,"href":"https:\/\/elmawkie.dz\/fr\/wp-json\/wp\/v2\/media\/6621"}],"wp:attachment":[{"href":"https:\/\/elmawkie.dz\/fr\/wp-json\/wp\/v2\/media?parent=6620"}],"wp:term":[{"taxonomy":"category","embeddable":true,"href":"https:\/\/elmawkie.dz\/fr\/wp-json\/wp\/v2\/categories?post=6620"},{"taxonomy":"post_tag","embeddable":true,"href":"https:\/\/elmawkie.dz\/fr\/wp-json\/wp\/v2\/tags?post=6620"}],"curies":[{"name":"wp","href":"https:\/\/api.w.org\/{rel}","templated":true}]}}