{"id":6530,"date":"2024-11-12T19:02:03","date_gmt":"2024-11-12T18:02:03","guid":{"rendered":"https:\/\/elmawkie.dz\/fr\/?p=6530"},"modified":"2024-11-12T19:02:03","modified_gmt":"2024-11-12T18:02:03","slug":"la-protection-civile-lance-une-campagne-nationale-de-don-de-sang","status":"publish","type":"post","link":"https:\/\/elmawkie.dz\/fr\/la-protection-civile-lance-une-campagne-nationale-de-don-de-sang\/","title":{"rendered":"la Protection civile lance une campagne nationale de don de sang"},"content":{"rendered":"<p><strong><em>La Direction g\u00e9n\u00e9rale de la Protection civile (DGPC) a organis\u00e9, mardi, une campagne de don de sang \u00e0 travers ses diff\u00e9rentes structures r\u00e9parties sur le territoire national, et ce, en coordination avec l&rsquo;Agence nationale du sang (ANS). Le coup d&rsquo;envoi de cette campagne, qui s&rsquo;\u00e9tale sur trois jours, et qui vise \u00e0 alimenter les banques de sang nationales et \u00e0 garantir un approvisionnement continu des h\u00f4pitaux et des cliniques, a \u00e9t\u00e9 donn\u00e9 par le Directeur g\u00e9n\u00e9ral de la Protection civile, le Colonel Boualem Bourelaf, qui a \u00e9t\u00e9 le premier \u00e0 faire un don de sang. Dans une d\u00e9claration \u00e0 la presse \u00e0 cette occasion, l&rsquo;inspecteur \u00e0 la DGPC, le colonel Farouk Achour, a fait savoir que l&rsquo;objectif de cette campagne de solidarit\u00e9 \u00e9tait de \u00ab\u00a0contribuer efficacement \u00e0 l&rsquo;effort national de soutien \u00e0 l&rsquo;Agence nationale du sang\u00a0\u00bb. Cette op\u00e9ration touchera \u00ab\u00a0plus de 60.000 agents de diff\u00e9rents grades ainsi que l&rsquo;ensemble des employ\u00e9s relevant de ce corps\u00a0\u00bb, a-t-il expliqu\u00e9, estimant que de telles initiatives permettaient de sensibiliser les citoyens \u00e0 l&rsquo;importance du don de sang. Pour sa part, la Directrice g\u00e9n\u00e9rale de l&rsquo;ANS, Houria Touafdit, a indiqu\u00e9 que cette op\u00e9ration organis\u00e9e par la Protection civile contribuera \u00e0 alimenter les centres de transfusion sanguine dont de nombreux patients ont besoin. Apr\u00e8s avoir rappel\u00e9 l&rsquo;existence de 256 centres de transfusion sanguine \u00e0 travers le territoire national, Mme Touafdit a pr\u00e9cis\u00e9 que plus de 350.000 poches de sang avaient \u00e9t\u00e9 collect\u00e9es au cours du premier semestre de cette ann\u00e9e, soit +6,75% par rapport \u00e0 la m\u00eame p\u00e9riode de 2023, ce qui est, a-t-elle dit, \u00ab\u00a0un indicateur positif\u00a0\u00bb.<\/em><\/strong><\/p>\n","protected":false},"excerpt":{"rendered":"<p>La Direction g\u00e9n\u00e9rale de la Protection civile (DGPC) a organis\u00e9, mardi, une campagne de don de sang \u00e0 travers ses diff\u00e9rentes structures r\u00e9parties sur le territoire national, et ce, en coordination avec l&rsquo;Agence nationale du sang (ANS). Le coup d&rsquo;envoi de cette campagne, qui s&rsquo;\u00e9tale sur trois jours, et qui vise \u00e0 alimenter les banques &hellip;<\/p>\n","protected":false},"author":9,"featured_media":6531,"comment_status":"open","ping_status":"open","sticky":false,"template":"","format":"standard","meta":{"footnotes":""},"categories":[47],"tags":[1312,771,1313],"class_list":["post-6530","post","type-post","status-publish","format-standard","has-post-thumbnail","hentry","category-national","tag-de-don-de-sang","tag-la-protection-civile","tag-une-campagne-nationale"],"yoast_head":"<!-- This site is optimized with the Yoast SEO Premium plugin v22.6 (Yoast SEO v22.6) - https:\/\/yoast.com\/wordpress\/plugins\/seo\/ -->\n<title>la Protection civile lance une campagne nationale de don de sang - El Mawkie<\/title>\n<meta name=\"robots\" content=\"index, follow, max-snippet:-1, max-image-preview:large, max-video-preview:-1\" \/>\n<link rel=\"canonical\" href=\"https:\/\/elmawkie.dz\/fr\/la-protection-civile-lance-une-campagne-nationale-de-don-de-sang\/\" \/>\n<meta property=\"og:locale\" content=\"fr_FR\" \/>\n<meta property=\"og:type\" content=\"article\" \/>\n<meta property=\"og:title\" content=\"la Protection civile lance une campagne nationale de don de sang\" \/>\n<meta property=\"og:description\" content=\"La Direction g\u00e9n\u00e9rale de la Protection civile (DGPC) a organis\u00e9, mardi, une campagne de don de sang \u00e0 travers ses diff\u00e9rentes structures r\u00e9parties sur le territoire national, et ce, en coordination avec l&rsquo;Agence nationale du sang (ANS). Le coup d&rsquo;envoi de cette campagne, qui s&rsquo;\u00e9tale sur trois jours, et qui vise \u00e0 alimenter les banques &hellip;\" \/>\n<meta property=\"og:url\" content=\"https:\/\/elmawkie.dz\/fr\/la-protection-civile-lance-une-campagne-nationale-de-don-de-sang\/\" \/>\n<meta property=\"og:site_name\" content=\"El Mawkie\" \/>\n<meta property=\"article:publisher\" content=\"https:\/\/www.facebook.com\/profile.php?id=100088407094989&amp;locale=fr_FR\" \/>\n<meta property=\"article:published_time\" content=\"2024-11-12T18:02:03+00:00\" \/>\n<meta property=\"og:image\" content=\"https:\/\/elmawkie.dz\/fr\/wp-content\/uploads\/2024\/11\/IMG_4722.jpeg\" \/>\n\t<meta property=\"og:image:width\" content=\"1080\" \/>\n\t<meta property=\"og:image:height\" content=\"720\" \/>\n\t<meta property=\"og:image:type\" content=\"image\/jpeg\" \/>\n<meta name=\"author\" content=\"R\u00e9daction\" \/>\n<meta name=\"twitter:card\" content=\"summary_large_image\" \/>\n<meta name=\"twitter:label1\" content=\"Written by\" \/>\n\t<meta name=\"twitter:data1\" content=\"R\u00e9daction\" \/>\n\t<meta name=\"twitter:label2\" content=\"Est. reading time\" \/>\n\t<meta name=\"twitter:data2\" content=\"1 minute\" \/>\n<script type=\"application\/ld+json\" class=\"yoast-schema-graph\">{\"@context\":\"https:\/\/schema.org\",\"@graph\":[{\"@type\":\"Article\",\"@id\":\"https:\/\/elmawkie.dz\/fr\/la-protection-civile-lance-une-campagne-nationale-de-don-de-sang\/#article\",\"isPartOf\":{\"@id\":\"https:\/\/elmawkie.dz\/fr\/la-protection-civile-lance-une-campagne-nationale-de-don-de-sang\/\"},\"author\":{\"name\":\"R\u00e9daction\",\"@id\":\"https:\/\/elmawkie.dz\/fr\/#\/schema\/person\/e7bd59d6467874ba5c4723d8a9f0a63c\"},\"headline\":\"la Protection civile lance une campagne nationale de don de sang\",\"datePublished\":\"2024-11-12T18:02:03+00:00\",\"dateModified\":\"2024-11-12T18:02:03+00:00\",\"mainEntityOfPage\":{\"@id\":\"https:\/\/elmawkie.dz\/fr\/la-protection-civile-lance-une-campagne-nationale-de-don-de-sang\/\"},\"wordCount\":287,\"commentCount\":0,\"publisher\":{\"@id\":\"https:\/\/elmawkie.dz\/fr\/#organization\"},\"image\":{\"@id\":\"https:\/\/elmawkie.dz\/fr\/la-protection-civile-lance-une-campagne-nationale-de-don-de-sang\/#primaryimage\"},\"thumbnailUrl\":\"https:\/\/elmawkie.dz\/fr\/wp-content\/uploads\/2024\/11\/IMG_4722.jpeg\",\"keywords\":[\"de don de sang\",\"La protection civile\",\"une campagne nationale\"],\"articleSection\":[\"National\"],\"inLanguage\":\"fr-FR\",\"potentialAction\":[{\"@type\":\"CommentAction\",\"name\":\"Comment\",\"target\":[\"https:\/\/elmawkie.dz\/fr\/la-protection-civile-lance-une-campagne-nationale-de-don-de-sang\/#respond\"]}]},{\"@type\":\"WebPage\",\"@id\":\"https:\/\/elmawkie.dz\/fr\/la-protection-civile-lance-une-campagne-nationale-de-don-de-sang\/\",\"url\":\"https:\/\/elmawkie.dz\/fr\/la-protection-civile-lance-une-campagne-nationale-de-don-de-sang\/\",\"name\":\"la Protection civile lance une campagne nationale de don de sang - El Mawkie\",\"isPartOf\":{\"@id\":\"https:\/\/elmawkie.dz\/fr\/#website\"},\"primaryImageOfPage\":{\"@id\":\"https:\/\/elmawkie.dz\/fr\/la-protection-civile-lance-une-campagne-nationale-de-don-de-sang\/#primaryimage\"},\"image\":{\"@id\":\"https:\/\/elmawkie.dz\/fr\/la-protection-civile-lance-une-campagne-nationale-de-don-de-sang\/#primaryimage\"},\"thumbnailUrl\":\"https:\/\/elmawkie.dz\/fr\/wp-content\/uploads\/2024\/11\/IMG_4722.jpeg\",\"datePublished\":\"2024-11-12T18:02:03+00:00\",\"dateModified\":\"2024-11-12T18:02:03+00:00\",\"breadcrumb\":{\"@id\":\"https:\/\/elmawkie.dz\/fr\/la-protection-civile-lance-une-campagne-nationale-de-don-de-sang\/#breadcrumb\"},\"inLanguage\":\"fr-FR\",\"potentialAction\":[{\"@type\":\"ReadAction\",\"target\":[\"https:\/\/elmawkie.dz\/fr\/la-protection-civile-lance-une-campagne-nationale-de-don-de-sang\/\"]}]},{\"@type\":\"ImageObject\",\"inLanguage\":\"fr-FR\",\"@id\":\"https:\/\/elmawkie.dz\/fr\/la-protection-civile-lance-une-campagne-nationale-de-don-de-sang\/#primaryimage\",\"url\":\"https:\/\/elmawkie.dz\/fr\/wp-content\/uploads\/2024\/11\/IMG_4722.jpeg\",\"contentUrl\":\"https:\/\/elmawkie.dz\/fr\/wp-content\/uploads\/2024\/11\/IMG_4722.jpeg\",\"width\":1080,\"height\":720},{\"@type\":\"BreadcrumbList\",\"@id\":\"https:\/\/elmawkie.dz\/fr\/la-protection-civile-lance-une-campagne-nationale-de-don-de-sang\/#breadcrumb\",\"itemListElement\":[{\"@type\":\"ListItem\",\"position\":1,\"name\":\"Home\",\"item\":\"https:\/\/elmawkie.dz\/fr\/\"},{\"@type\":\"ListItem\",\"position\":2,\"name\":\"la Protection civile lance une campagne nationale de don de sang\"}]},{\"@type\":\"WebSite\",\"@id\":\"https:\/\/elmawkie.dz\/fr\/#website\",\"url\":\"https:\/\/elmawkie.dz\/fr\/\",\"name\":\"EL MAWKIE\",\"description\":\"Journal \u00c9lectronique Alg\u00e9rien\",\"publisher\":{\"@id\":\"https:\/\/elmawkie.dz\/fr\/#organization\"},\"potentialAction\":[{\"@type\":\"SearchAction\",\"target\":{\"@type\":\"EntryPoint\",\"urlTemplate\":\"https:\/\/elmawkie.dz\/fr\/?s={search_term_string}\"},\"query-input\":\"required name=search_term_string\"}],\"inLanguage\":\"fr-FR\"},{\"@type\":\"Organization\",\"@id\":\"https:\/\/elmawkie.dz\/fr\/#organization\",\"name\":\"EL MAWKIE\",\"url\":\"https:\/\/elmawkie.dz\/fr\/\",\"logo\":{\"@type\":\"ImageObject\",\"inLanguage\":\"fr-FR\",\"@id\":\"https:\/\/elmawkie.dz\/fr\/#\/schema\/logo\/image\/\",\"url\":\"https:\/\/elmawkie.dz\/fr\/wp-content\/uploads\/2024\/05\/logo1.png\",\"contentUrl\":\"https:\/\/elmawkie.dz\/fr\/wp-content\/uploads\/2024\/05\/logo1.png\",\"width\":1648,\"height\":652,\"caption\":\"EL MAWKIE\"},\"image\":{\"@id\":\"https:\/\/elmawkie.dz\/fr\/#\/schema\/logo\/image\/\"},\"sameAs\":[\"https:\/\/www.facebook.com\/profile.php?id=100088407094989&locale=fr_FR\"]},{\"@type\":\"Person\",\"@id\":\"https:\/\/elmawkie.dz\/fr\/#\/schema\/person\/e7bd59d6467874ba5c4723d8a9f0a63c\",\"name\":\"R\u00e9daction\",\"image\":{\"@type\":\"ImageObject\",\"inLanguage\":\"fr-FR\",\"@id\":\"https:\/\/elmawkie.dz\/fr\/#\/schema\/person\/image\/\",\"url\":\"https:\/\/secure.gravatar.com\/avatar\/f0f773456344da4d2788c054a3d30a0c?s=96&d=mm&r=g\",\"contentUrl\":\"https:\/\/secure.gravatar.com\/avatar\/f0f773456344da4d2788c054a3d30a0c?s=96&d=mm&r=g\",\"caption\":\"R\u00e9daction\"},\"url\":\"https:\/\/elmawkie.dz\/fr\/author\/redaction\/\"}]}<\/script>\n<!-- \/ Yoast SEO Premium plugin. -->","yoast_head_json":{"title":"la Protection civile lance une campagne nationale de don de sang - El Mawkie","robots":{"index":"index","follow":"follow","max-snippet":"max-snippet:-1","max-image-preview":"max-image-preview:large","max-video-preview":"max-video-preview:-1"},"canonical":"https:\/\/elmawkie.dz\/fr\/la-protection-civile-lance-une-campagne-nationale-de-don-de-sang\/","og_locale":"fr_FR","og_type":"article","og_title":"la Protection civile lance une campagne nationale de don de sang","og_description":"La Direction g\u00e9n\u00e9rale de la Protection civile (DGPC) a organis\u00e9, mardi, une campagne de don de sang \u00e0 travers ses diff\u00e9rentes structures r\u00e9parties sur le territoire national, et ce, en coordination avec l&rsquo;Agence nationale du sang (ANS). Le coup d&rsquo;envoi de cette campagne, qui s&rsquo;\u00e9tale sur trois jours, et qui vise \u00e0 alimenter les banques &hellip;","og_url":"https:\/\/elmawkie.dz\/fr\/la-protection-civile-lance-une-campagne-nationale-de-don-de-sang\/","og_site_name":"El Mawkie","article_publisher":"https:\/\/www.facebook.com\/profile.php?id=100088407094989&locale=fr_FR","article_published_time":"2024-11-12T18:02:03+00:00","og_image":[{"width":1080,"height":720,"url":"https:\/\/elmawkie.dz\/fr\/wp-content\/uploads\/2024\/11\/IMG_4722.jpeg","type":"image\/jpeg"}],"author":"R\u00e9daction","twitter_card":"summary_large_image","twitter_misc":{"Written by":"R\u00e9daction","Est. reading time":"1 minute"},"schema":{"@context":"https:\/\/schema.org","@graph":[{"@type":"Article","@id":"https:\/\/elmawkie.dz\/fr\/la-protection-civile-lance-une-campagne-nationale-de-don-de-sang\/#article","isPartOf":{"@id":"https:\/\/elmawkie.dz\/fr\/la-protection-civile-lance-une-campagne-nationale-de-don-de-sang\/"},"author":{"name":"R\u00e9daction","@id":"https:\/\/elmawkie.dz\/fr\/#\/schema\/person\/e7bd59d6467874ba5c4723d8a9f0a63c"},"headline":"la Protection civile lance une campagne nationale de don de sang","datePublished":"2024-11-12T18:02:03+00:00","dateModified":"2024-11-12T18:02:03+00:00","mainEntityOfPage":{"@id":"https:\/\/elmawkie.dz\/fr\/la-protection-civile-lance-une-campagne-nationale-de-don-de-sang\/"},"wordCount":287,"commentCount":0,"publisher":{"@id":"https:\/\/elmawkie.dz\/fr\/#organization"},"image":{"@id":"https:\/\/elmawkie.dz\/fr\/la-protection-civile-lance-une-campagne-nationale-de-don-de-sang\/#primaryimage"},"thumbnailUrl":"https:\/\/elmawkie.dz\/fr\/wp-content\/uploads\/2024\/11\/IMG_4722.jpeg","keywords":["de don de sang","La protection civile","une campagne nationale"],"articleSection":["National"],"inLanguage":"fr-FR","potentialAction":[{"@type":"CommentAction","name":"Comment","target":["https:\/\/elmawkie.dz\/fr\/la-protection-civile-lance-une-campagne-nationale-de-don-de-sang\/#respond"]}]},{"@type":"WebPage","@id":"https:\/\/elmawkie.dz\/fr\/la-protection-civile-lance-une-campagne-nationale-de-don-de-sang\/","url":"https:\/\/elmawkie.dz\/fr\/la-protection-civile-lance-une-campagne-nationale-de-don-de-sang\/","name":"la Protection civile lance une campagne nationale de don de sang - El Mawkie","isPartOf":{"@id":"https:\/\/elmawkie.dz\/fr\/#website"},"primaryImageOfPage":{"@id":"https:\/\/elmawkie.dz\/fr\/la-protection-civile-lance-une-campagne-nationale-de-don-de-sang\/#primaryimage"},"image":{"@id":"https:\/\/elmawkie.dz\/fr\/la-protection-civile-lance-une-campagne-nationale-de-don-de-sang\/#primaryimage"},"thumbnailUrl":"https:\/\/elmawkie.dz\/fr\/wp-content\/uploads\/2024\/11\/IMG_4722.jpeg","datePublished":"2024-11-12T18:02:03+00:00","dateModified":"2024-11-12T18:02:03+00:00","breadcrumb":{"@id":"https:\/\/elmawkie.dz\/fr\/la-protection-civile-lance-une-campagne-nationale-de-don-de-sang\/#breadcrumb"},"inLanguage":"fr-FR","potentialAction":[{"@type":"ReadAction","target":["https:\/\/elmawkie.dz\/fr\/la-protection-civile-lance-une-campagne-nationale-de-don-de-sang\/"]}]},{"@type":"ImageObject","inLanguage":"fr-FR","@id":"https:\/\/elmawkie.dz\/fr\/la-protection-civile-lance-une-campagne-nationale-de-don-de-sang\/#primaryimage","url":"https:\/\/elmawkie.dz\/fr\/wp-content\/uploads\/2024\/11\/IMG_4722.jpeg","contentUrl":"https:\/\/elmawkie.dz\/fr\/wp-content\/uploads\/2024\/11\/IMG_4722.jpeg","width":1080,"height":720},{"@type":"BreadcrumbList","@id":"https:\/\/elmawkie.dz\/fr\/la-protection-civile-lance-une-campagne-nationale-de-don-de-sang\/#breadcrumb","itemListElement":[{"@type":"ListItem","position":1,"name":"Home","item":"https:\/\/elmawkie.dz\/fr\/"},{"@type":"ListItem","position":2,"name":"la Protection civile lance une campagne nationale de don de sang"}]},{"@type":"WebSite","@id":"https:\/\/elmawkie.dz\/fr\/#website","url":"https:\/\/elmawkie.dz\/fr\/","name":"EL MAWKIE","description":"Journal \u00c9lectronique Alg\u00e9rien","publisher":{"@id":"https:\/\/elmawkie.dz\/fr\/#organization"},"potentialAction":[{"@type":"SearchAction","target":{"@type":"EntryPoint","urlTemplate":"https:\/\/elmawkie.dz\/fr\/?s={search_term_string}"},"query-input":"required name=search_term_string"}],"inLanguage":"fr-FR"},{"@type":"Organization","@id":"https:\/\/elmawkie.dz\/fr\/#organization","name":"EL MAWKIE","url":"https:\/\/elmawkie.dz\/fr\/","logo":{"@type":"ImageObject","inLanguage":"fr-FR","@id":"https:\/\/elmawkie.dz\/fr\/#\/schema\/logo\/image\/","url":"https:\/\/elmawkie.dz\/fr\/wp-content\/uploads\/2024\/05\/logo1.png","contentUrl":"https:\/\/elmawkie.dz\/fr\/wp-content\/uploads\/2024\/05\/logo1.png","width":1648,"height":652,"caption":"EL MAWKIE"},"image":{"@id":"https:\/\/elmawkie.dz\/fr\/#\/schema\/logo\/image\/"},"sameAs":["https:\/\/www.facebook.com\/profile.php?id=100088407094989&locale=fr_FR"]},{"@type":"Person","@id":"https:\/\/elmawkie.dz\/fr\/#\/schema\/person\/e7bd59d6467874ba5c4723d8a9f0a63c","name":"R\u00e9daction","image":{"@type":"ImageObject","inLanguage":"fr-FR","@id":"https:\/\/elmawkie.dz\/fr\/#\/schema\/person\/image\/","url":"https:\/\/secure.gravatar.com\/avatar\/f0f773456344da4d2788c054a3d30a0c?s=96&d=mm&r=g","contentUrl":"https:\/\/secure.gravatar.com\/avatar\/f0f773456344da4d2788c054a3d30a0c?s=96&d=mm&r=g","caption":"R\u00e9daction"},"url":"https:\/\/elmawkie.dz\/fr\/author\/redaction\/"}]}},"_links":{"self":[{"href":"https:\/\/elmawkie.dz\/fr\/wp-json\/wp\/v2\/posts\/6530","targetHints":{"allow":["GET"]}}],"collection":[{"href":"https:\/\/elmawkie.dz\/fr\/wp-json\/wp\/v2\/posts"}],"about":[{"href":"https:\/\/elmawkie.dz\/fr\/wp-json\/wp\/v2\/types\/post"}],"author":[{"embeddable":true,"href":"https:\/\/elmawkie.dz\/fr\/wp-json\/wp\/v2\/users\/9"}],"replies":[{"embeddable":true,"href":"https:\/\/elmawkie.dz\/fr\/wp-json\/wp\/v2\/comments?post=6530"}],"version-history":[{"count":0,"href":"https:\/\/elmawkie.dz\/fr\/wp-json\/wp\/v2\/posts\/6530\/revisions"}],"wp:featuredmedia":[{"embeddable":true,"href":"https:\/\/elmawkie.dz\/fr\/wp-json\/wp\/v2\/media\/6531"}],"wp:attachment":[{"href":"https:\/\/elmawkie.dz\/fr\/wp-json\/wp\/v2\/media?parent=6530"}],"wp:term":[{"taxonomy":"category","embeddable":true,"href":"https:\/\/elmawkie.dz\/fr\/wp-json\/wp\/v2\/categories?post=6530"},{"taxonomy":"post_tag","embeddable":true,"href":"https:\/\/elmawkie.dz\/fr\/wp-json\/wp\/v2\/tags?post=6530"}],"curies":[{"name":"wp","href":"https:\/\/api.w.org\/{rel}","templated":true}]}}