{"id":6519,"date":"2024-11-12T17:36:50","date_gmt":"2024-11-12T16:36:50","guid":{"rendered":"https:\/\/elmawkie.dz\/fr\/?p=6519"},"modified":"2024-11-12T17:36:50","modified_gmt":"2024-11-12T16:36:50","slug":"conseil-de-la-nation-le-projet-de-loi-de-finances-2025-sera-soumis-au-vote-final-le-16-novembre","status":"publish","type":"post","link":"https:\/\/elmawkie.dz\/fr\/conseil-de-la-nation-le-projet-de-loi-de-finances-2025-sera-soumis-au-vote-final-le-16-novembre\/","title":{"rendered":"Conseil de la Nation : Le projet de loi de finances 2025 sera soumis au vote final le 16 novembre"},"content":{"rendered":"<p><strong><em>Le pr\u00e9sident du Conseil de la Nation, Salah Goudjil, a pr\u00e9sid\u00e9, ce mardi, une r\u00e9union du bureau du Conseil, \u00e9largie aux pr\u00e9sidents des groupes parlementaires, au pr\u00e9sident de la commission des affaires \u00e9conomiques et financi\u00e8res et au contr\u00f4leur parlementaire.<\/em><\/strong><\/p>\n<p><strong><em>En effet, d&rsquo;apr\u00e8s un communiqu\u00e9 du Conseil, publi\u00e9 ce mardi, la r\u00e9union a port\u00e9 sur le calendrier de travail du Conseil de la Nation pour la p\u00e9riode du 13 au 16 novembre 2024, durant laquelle sera examin\u00e9 le projet de loi de finances pour l&rsquo;ann\u00e9e 2025. Elle a \u00e9galement \u00e9t\u00e9 l&rsquo;occasion de pr\u00e9senter le projet de budget du Conseil de la Nation pour l&rsquo;ann\u00e9e 2025.<\/em><\/strong><\/p>\n<p><strong><em>Ainsi, le bureau \u00e9largi du Conseil de la Nation a soulign\u00e9 que l&rsquo;objectif principal de ce projet est avant tout de pr\u00e9server le pouvoir d&rsquo;achat des citoyens.<\/em><\/strong><\/p>\n<p><strong><em>\u00c0 cette occasion, le pr\u00e9sident du Conseil de la Nation a encourag\u00e9 les pr\u00e9sidents des groupes parlementaires et les membres du Conseil \u00e0 orienter leurs interventions vers une lecture politique du texte, plut\u00f4t que de se concentrer sur d&rsquo;autres aspects.<\/em><\/strong><\/p>\n<p><strong><em>Apr\u00e8s des \u00e9changes de points de vue, le bureau du Conseil de la Nation a d\u00e9cid\u00e9 de soumettre le projet de loi de finances pour l&rsquo;ann\u00e9e 2025 \u00e0 la commission des affaires \u00e9conomiques et financi\u00e8res, imm\u00e9diatement apr\u00e8s le vote du texte \u00e0 la Chambre basse du Parlement (Assembl\u00e9e Populaire Nationale) pr\u00e9vu pour demain, mercredi 13 novembre. Lors de l&rsquo;examen du texte, cette commission entendra une pr\u00e9sentation du ministre des Finances, repr\u00e9sentant le gouvernement, sur le sujet.<\/em><\/strong><\/p>\n<p><strong><em>Les sessions pl\u00e9ni\u00e8res reprendront jeudi matin pour la pr\u00e9sentation et la discussion du projet de loi de finances pour l&rsquo;ann\u00e9e 2025. La discussion se poursuivra vendredi 15 novembre, suivie des interventions des pr\u00e9sidents des groupes parlementaires.<\/em><\/strong><\/p>\n<p><strong><em>Le ministre des Finances r\u00e9pondra, dans l&rsquo;apr\u00e8s-midi de ce m\u00eame jour, aux interventions et pr\u00e9occupations des membres du Conseil. Le projet de loi sera enfin soumis \u00e0 un vote en s\u00e9ance pl\u00e9ni\u00e8re le samedi matin 16 novembre 2024.<\/em><\/strong><\/p>\n<p><strong><em>En ce qui concerne le projet de budget du Conseil de la Nation pour 2025, le bureau du Conseil a d\u00e9cid\u00e9 de le transmettre \u00e0 la commission des affaires \u00e9conomiques et financi\u00e8res, conform\u00e9ment \u00e0 l&rsquo;article 130 du r\u00e8glement int\u00e9rieur du Conseil.<\/em><\/strong><\/p>\n","protected":false},"excerpt":{"rendered":"<p>Le pr\u00e9sident du Conseil de la Nation, Salah Goudjil, a pr\u00e9sid\u00e9, ce mardi, une r\u00e9union du bureau du Conseil, \u00e9largie aux pr\u00e9sidents des groupes parlementaires, au pr\u00e9sident de la commission des affaires \u00e9conomiques et financi\u00e8res et au contr\u00f4leur parlementaire. En effet, d&rsquo;apr\u00e8s un communiqu\u00e9 du Conseil, publi\u00e9 ce mardi, la r\u00e9union a port\u00e9 sur le &hellip;<\/p>\n","protected":false},"author":8,"featured_media":6525,"comment_status":"open","ping_status":"open","sticky":false,"template":"","format":"standard","meta":{"footnotes":""},"categories":[47],"tags":[709,951,1310,1309],"class_list":["post-6519","post","type-post","status-publish","format-standard","has-post-thumbnail","hentry","category-national","tag-conseil-de-la-nation","tag-loi-de-finances-2025","tag-plf","tag-salah-goudjil"],"yoast_head":"<!-- This site is optimized with the Yoast SEO Premium plugin v22.6 (Yoast SEO v22.6) - https:\/\/yoast.com\/wordpress\/plugins\/seo\/ -->\n<title>Conseil de la Nation : Le projet de loi de finances 2025 sera soumis au vote final le 16 novembre - El Mawkie<\/title>\n<meta name=\"robots\" content=\"index, follow, max-snippet:-1, max-image-preview:large, max-video-preview:-1\" \/>\n<link rel=\"canonical\" href=\"https:\/\/elmawkie.dz\/fr\/conseil-de-la-nation-le-projet-de-loi-de-finances-2025-sera-soumis-au-vote-final-le-16-novembre\/\" \/>\n<meta property=\"og:locale\" content=\"fr_FR\" \/>\n<meta property=\"og:type\" content=\"article\" \/>\n<meta property=\"og:title\" content=\"Conseil de la Nation : Le projet de loi de finances 2025 sera soumis au vote final le 16 novembre\" \/>\n<meta property=\"og:description\" content=\"Le pr\u00e9sident du Conseil de la Nation, Salah Goudjil, a pr\u00e9sid\u00e9, ce mardi, une r\u00e9union du bureau du Conseil, \u00e9largie aux pr\u00e9sidents des groupes parlementaires, au pr\u00e9sident de la commission des affaires \u00e9conomiques et financi\u00e8res et au contr\u00f4leur parlementaire. En effet, d&rsquo;apr\u00e8s un communiqu\u00e9 du Conseil, publi\u00e9 ce mardi, la r\u00e9union a port\u00e9 sur le &hellip;\" \/>\n<meta property=\"og:url\" content=\"https:\/\/elmawkie.dz\/fr\/conseil-de-la-nation-le-projet-de-loi-de-finances-2025-sera-soumis-au-vote-final-le-16-novembre\/\" \/>\n<meta property=\"og:site_name\" content=\"El Mawkie\" \/>\n<meta property=\"article:publisher\" content=\"https:\/\/www.facebook.com\/profile.php?id=100088407094989&amp;locale=fr_FR\" \/>\n<meta property=\"article:published_time\" content=\"2024-11-12T16:36:50+00:00\" \/>\n<meta property=\"og:image\" content=\"https:\/\/elmawkie.dz\/fr\/wp-content\/uploads\/2024\/11\/520ac38c-eaba-48ff-bd9a-fc20d7f4140d.jpeg\" \/>\n\t<meta property=\"og:image:width\" content=\"678\" \/>\n\t<meta property=\"og:image:height\" content=\"381\" \/>\n\t<meta property=\"og:image:type\" content=\"image\/jpeg\" \/>\n<meta name=\"author\" content=\"khayro\" \/>\n<meta name=\"twitter:card\" content=\"summary_large_image\" \/>\n<meta name=\"twitter:label1\" content=\"Written by\" \/>\n\t<meta name=\"twitter:data1\" content=\"khayro\" \/>\n\t<meta name=\"twitter:label2\" content=\"Est. reading time\" \/>\n\t<meta name=\"twitter:data2\" content=\"2 minutes\" \/>\n<script type=\"application\/ld+json\" class=\"yoast-schema-graph\">{\"@context\":\"https:\/\/schema.org\",\"@graph\":[{\"@type\":\"Article\",\"@id\":\"https:\/\/elmawkie.dz\/fr\/conseil-de-la-nation-le-projet-de-loi-de-finances-2025-sera-soumis-au-vote-final-le-16-novembre\/#article\",\"isPartOf\":{\"@id\":\"https:\/\/elmawkie.dz\/fr\/conseil-de-la-nation-le-projet-de-loi-de-finances-2025-sera-soumis-au-vote-final-le-16-novembre\/\"},\"author\":{\"name\":\"khayro\",\"@id\":\"https:\/\/elmawkie.dz\/fr\/#\/schema\/person\/15cb7eba76e08e2d2d0ad4b4c4fbb6cb\"},\"headline\":\"Conseil de la Nation : Le projet de loi de finances 2025 sera soumis au vote final le 16 novembre\",\"datePublished\":\"2024-11-12T16:36:50+00:00\",\"dateModified\":\"2024-11-12T16:36:50+00:00\",\"mainEntityOfPage\":{\"@id\":\"https:\/\/elmawkie.dz\/fr\/conseil-de-la-nation-le-projet-de-loi-de-finances-2025-sera-soumis-au-vote-final-le-16-novembre\/\"},\"wordCount\":415,\"commentCount\":0,\"publisher\":{\"@id\":\"https:\/\/elmawkie.dz\/fr\/#organization\"},\"image\":{\"@id\":\"https:\/\/elmawkie.dz\/fr\/conseil-de-la-nation-le-projet-de-loi-de-finances-2025-sera-soumis-au-vote-final-le-16-novembre\/#primaryimage\"},\"thumbnailUrl\":\"https:\/\/elmawkie.dz\/fr\/wp-content\/uploads\/2024\/11\/520ac38c-eaba-48ff-bd9a-fc20d7f4140d.jpeg\",\"keywords\":[\"Conseil de la Nation\",\"loi de finances 2025\",\"PLF\",\"Salah Goudjil\"],\"articleSection\":[\"National\"],\"inLanguage\":\"fr-FR\",\"potentialAction\":[{\"@type\":\"CommentAction\",\"name\":\"Comment\",\"target\":[\"https:\/\/elmawkie.dz\/fr\/conseil-de-la-nation-le-projet-de-loi-de-finances-2025-sera-soumis-au-vote-final-le-16-novembre\/#respond\"]}]},{\"@type\":\"WebPage\",\"@id\":\"https:\/\/elmawkie.dz\/fr\/conseil-de-la-nation-le-projet-de-loi-de-finances-2025-sera-soumis-au-vote-final-le-16-novembre\/\",\"url\":\"https:\/\/elmawkie.dz\/fr\/conseil-de-la-nation-le-projet-de-loi-de-finances-2025-sera-soumis-au-vote-final-le-16-novembre\/\",\"name\":\"Conseil de la Nation : Le projet de loi de finances 2025 sera soumis au vote final le 16 novembre - El Mawkie\",\"isPartOf\":{\"@id\":\"https:\/\/elmawkie.dz\/fr\/#website\"},\"primaryImageOfPage\":{\"@id\":\"https:\/\/elmawkie.dz\/fr\/conseil-de-la-nation-le-projet-de-loi-de-finances-2025-sera-soumis-au-vote-final-le-16-novembre\/#primaryimage\"},\"image\":{\"@id\":\"https:\/\/elmawkie.dz\/fr\/conseil-de-la-nation-le-projet-de-loi-de-finances-2025-sera-soumis-au-vote-final-le-16-novembre\/#primaryimage\"},\"thumbnailUrl\":\"https:\/\/elmawkie.dz\/fr\/wp-content\/uploads\/2024\/11\/520ac38c-eaba-48ff-bd9a-fc20d7f4140d.jpeg\",\"datePublished\":\"2024-11-12T16:36:50+00:00\",\"dateModified\":\"2024-11-12T16:36:50+00:00\",\"breadcrumb\":{\"@id\":\"https:\/\/elmawkie.dz\/fr\/conseil-de-la-nation-le-projet-de-loi-de-finances-2025-sera-soumis-au-vote-final-le-16-novembre\/#breadcrumb\"},\"inLanguage\":\"fr-FR\",\"potentialAction\":[{\"@type\":\"ReadAction\",\"target\":[\"https:\/\/elmawkie.dz\/fr\/conseil-de-la-nation-le-projet-de-loi-de-finances-2025-sera-soumis-au-vote-final-le-16-novembre\/\"]}]},{\"@type\":\"ImageObject\",\"inLanguage\":\"fr-FR\",\"@id\":\"https:\/\/elmawkie.dz\/fr\/conseil-de-la-nation-le-projet-de-loi-de-finances-2025-sera-soumis-au-vote-final-le-16-novembre\/#primaryimage\",\"url\":\"https:\/\/elmawkie.dz\/fr\/wp-content\/uploads\/2024\/11\/520ac38c-eaba-48ff-bd9a-fc20d7f4140d.jpeg\",\"contentUrl\":\"https:\/\/elmawkie.dz\/fr\/wp-content\/uploads\/2024\/11\/520ac38c-eaba-48ff-bd9a-fc20d7f4140d.jpeg\",\"width\":678,\"height\":381},{\"@type\":\"BreadcrumbList\",\"@id\":\"https:\/\/elmawkie.dz\/fr\/conseil-de-la-nation-le-projet-de-loi-de-finances-2025-sera-soumis-au-vote-final-le-16-novembre\/#breadcrumb\",\"itemListElement\":[{\"@type\":\"ListItem\",\"position\":1,\"name\":\"Home\",\"item\":\"https:\/\/elmawkie.dz\/fr\/\"},{\"@type\":\"ListItem\",\"position\":2,\"name\":\"Conseil de la Nation : Le projet de loi de finances 2025 sera soumis au vote final le 16 novembre\"}]},{\"@type\":\"WebSite\",\"@id\":\"https:\/\/elmawkie.dz\/fr\/#website\",\"url\":\"https:\/\/elmawkie.dz\/fr\/\",\"name\":\"EL MAWKIE\",\"description\":\"Journal \u00c9lectronique Alg\u00e9rien\",\"publisher\":{\"@id\":\"https:\/\/elmawkie.dz\/fr\/#organization\"},\"potentialAction\":[{\"@type\":\"SearchAction\",\"target\":{\"@type\":\"EntryPoint\",\"urlTemplate\":\"https:\/\/elmawkie.dz\/fr\/?s={search_term_string}\"},\"query-input\":\"required name=search_term_string\"}],\"inLanguage\":\"fr-FR\"},{\"@type\":\"Organization\",\"@id\":\"https:\/\/elmawkie.dz\/fr\/#organization\",\"name\":\"EL MAWKIE\",\"url\":\"https:\/\/elmawkie.dz\/fr\/\",\"logo\":{\"@type\":\"ImageObject\",\"inLanguage\":\"fr-FR\",\"@id\":\"https:\/\/elmawkie.dz\/fr\/#\/schema\/logo\/image\/\",\"url\":\"https:\/\/elmawkie.dz\/fr\/wp-content\/uploads\/2024\/05\/logo1.png\",\"contentUrl\":\"https:\/\/elmawkie.dz\/fr\/wp-content\/uploads\/2024\/05\/logo1.png\",\"width\":1648,\"height\":652,\"caption\":\"EL MAWKIE\"},\"image\":{\"@id\":\"https:\/\/elmawkie.dz\/fr\/#\/schema\/logo\/image\/\"},\"sameAs\":[\"https:\/\/www.facebook.com\/profile.php?id=100088407094989&locale=fr_FR\"]},{\"@type\":\"Person\",\"@id\":\"https:\/\/elmawkie.dz\/fr\/#\/schema\/person\/15cb7eba76e08e2d2d0ad4b4c4fbb6cb\",\"name\":\"khayro\",\"image\":{\"@type\":\"ImageObject\",\"inLanguage\":\"fr-FR\",\"@id\":\"https:\/\/elmawkie.dz\/fr\/#\/schema\/person\/image\/\",\"url\":\"https:\/\/secure.gravatar.com\/avatar\/5d609f726f02f77f0ff2a1483fc81992?s=96&d=mm&r=g\",\"contentUrl\":\"https:\/\/secure.gravatar.com\/avatar\/5d609f726f02f77f0ff2a1483fc81992?s=96&d=mm&r=g\",\"caption\":\"khayro\"},\"url\":\"https:\/\/elmawkie.dz\/fr\/author\/khayro\/\"}]}<\/script>\n<!-- \/ Yoast SEO Premium plugin. -->","yoast_head_json":{"title":"Conseil de la Nation : Le projet de loi de finances 2025 sera soumis au vote final le 16 novembre - El Mawkie","robots":{"index":"index","follow":"follow","max-snippet":"max-snippet:-1","max-image-preview":"max-image-preview:large","max-video-preview":"max-video-preview:-1"},"canonical":"https:\/\/elmawkie.dz\/fr\/conseil-de-la-nation-le-projet-de-loi-de-finances-2025-sera-soumis-au-vote-final-le-16-novembre\/","og_locale":"fr_FR","og_type":"article","og_title":"Conseil de la Nation : Le projet de loi de finances 2025 sera soumis au vote final le 16 novembre","og_description":"Le pr\u00e9sident du Conseil de la Nation, Salah Goudjil, a pr\u00e9sid\u00e9, ce mardi, une r\u00e9union du bureau du Conseil, \u00e9largie aux pr\u00e9sidents des groupes parlementaires, au pr\u00e9sident de la commission des affaires \u00e9conomiques et financi\u00e8res et au contr\u00f4leur parlementaire. En effet, d&rsquo;apr\u00e8s un communiqu\u00e9 du Conseil, publi\u00e9 ce mardi, la r\u00e9union a port\u00e9 sur le &hellip;","og_url":"https:\/\/elmawkie.dz\/fr\/conseil-de-la-nation-le-projet-de-loi-de-finances-2025-sera-soumis-au-vote-final-le-16-novembre\/","og_site_name":"El Mawkie","article_publisher":"https:\/\/www.facebook.com\/profile.php?id=100088407094989&locale=fr_FR","article_published_time":"2024-11-12T16:36:50+00:00","og_image":[{"width":678,"height":381,"url":"https:\/\/elmawkie.dz\/fr\/wp-content\/uploads\/2024\/11\/520ac38c-eaba-48ff-bd9a-fc20d7f4140d.jpeg","type":"image\/jpeg"}],"author":"khayro","twitter_card":"summary_large_image","twitter_misc":{"Written by":"khayro","Est. reading time":"2 minutes"},"schema":{"@context":"https:\/\/schema.org","@graph":[{"@type":"Article","@id":"https:\/\/elmawkie.dz\/fr\/conseil-de-la-nation-le-projet-de-loi-de-finances-2025-sera-soumis-au-vote-final-le-16-novembre\/#article","isPartOf":{"@id":"https:\/\/elmawkie.dz\/fr\/conseil-de-la-nation-le-projet-de-loi-de-finances-2025-sera-soumis-au-vote-final-le-16-novembre\/"},"author":{"name":"khayro","@id":"https:\/\/elmawkie.dz\/fr\/#\/schema\/person\/15cb7eba76e08e2d2d0ad4b4c4fbb6cb"},"headline":"Conseil de la Nation : Le projet de loi de finances 2025 sera soumis au vote final le 16 novembre","datePublished":"2024-11-12T16:36:50+00:00","dateModified":"2024-11-12T16:36:50+00:00","mainEntityOfPage":{"@id":"https:\/\/elmawkie.dz\/fr\/conseil-de-la-nation-le-projet-de-loi-de-finances-2025-sera-soumis-au-vote-final-le-16-novembre\/"},"wordCount":415,"commentCount":0,"publisher":{"@id":"https:\/\/elmawkie.dz\/fr\/#organization"},"image":{"@id":"https:\/\/elmawkie.dz\/fr\/conseil-de-la-nation-le-projet-de-loi-de-finances-2025-sera-soumis-au-vote-final-le-16-novembre\/#primaryimage"},"thumbnailUrl":"https:\/\/elmawkie.dz\/fr\/wp-content\/uploads\/2024\/11\/520ac38c-eaba-48ff-bd9a-fc20d7f4140d.jpeg","keywords":["Conseil de la Nation","loi de finances 2025","PLF","Salah Goudjil"],"articleSection":["National"],"inLanguage":"fr-FR","potentialAction":[{"@type":"CommentAction","name":"Comment","target":["https:\/\/elmawkie.dz\/fr\/conseil-de-la-nation-le-projet-de-loi-de-finances-2025-sera-soumis-au-vote-final-le-16-novembre\/#respond"]}]},{"@type":"WebPage","@id":"https:\/\/elmawkie.dz\/fr\/conseil-de-la-nation-le-projet-de-loi-de-finances-2025-sera-soumis-au-vote-final-le-16-novembre\/","url":"https:\/\/elmawkie.dz\/fr\/conseil-de-la-nation-le-projet-de-loi-de-finances-2025-sera-soumis-au-vote-final-le-16-novembre\/","name":"Conseil de la Nation : Le projet de loi de finances 2025 sera soumis au vote final le 16 novembre - El Mawkie","isPartOf":{"@id":"https:\/\/elmawkie.dz\/fr\/#website"},"primaryImageOfPage":{"@id":"https:\/\/elmawkie.dz\/fr\/conseil-de-la-nation-le-projet-de-loi-de-finances-2025-sera-soumis-au-vote-final-le-16-novembre\/#primaryimage"},"image":{"@id":"https:\/\/elmawkie.dz\/fr\/conseil-de-la-nation-le-projet-de-loi-de-finances-2025-sera-soumis-au-vote-final-le-16-novembre\/#primaryimage"},"thumbnailUrl":"https:\/\/elmawkie.dz\/fr\/wp-content\/uploads\/2024\/11\/520ac38c-eaba-48ff-bd9a-fc20d7f4140d.jpeg","datePublished":"2024-11-12T16:36:50+00:00","dateModified":"2024-11-12T16:36:50+00:00","breadcrumb":{"@id":"https:\/\/elmawkie.dz\/fr\/conseil-de-la-nation-le-projet-de-loi-de-finances-2025-sera-soumis-au-vote-final-le-16-novembre\/#breadcrumb"},"inLanguage":"fr-FR","potentialAction":[{"@type":"ReadAction","target":["https:\/\/elmawkie.dz\/fr\/conseil-de-la-nation-le-projet-de-loi-de-finances-2025-sera-soumis-au-vote-final-le-16-novembre\/"]}]},{"@type":"ImageObject","inLanguage":"fr-FR","@id":"https:\/\/elmawkie.dz\/fr\/conseil-de-la-nation-le-projet-de-loi-de-finances-2025-sera-soumis-au-vote-final-le-16-novembre\/#primaryimage","url":"https:\/\/elmawkie.dz\/fr\/wp-content\/uploads\/2024\/11\/520ac38c-eaba-48ff-bd9a-fc20d7f4140d.jpeg","contentUrl":"https:\/\/elmawkie.dz\/fr\/wp-content\/uploads\/2024\/11\/520ac38c-eaba-48ff-bd9a-fc20d7f4140d.jpeg","width":678,"height":381},{"@type":"BreadcrumbList","@id":"https:\/\/elmawkie.dz\/fr\/conseil-de-la-nation-le-projet-de-loi-de-finances-2025-sera-soumis-au-vote-final-le-16-novembre\/#breadcrumb","itemListElement":[{"@type":"ListItem","position":1,"name":"Home","item":"https:\/\/elmawkie.dz\/fr\/"},{"@type":"ListItem","position":2,"name":"Conseil de la Nation : Le projet de loi de finances 2025 sera soumis au vote final le 16 novembre"}]},{"@type":"WebSite","@id":"https:\/\/elmawkie.dz\/fr\/#website","url":"https:\/\/elmawkie.dz\/fr\/","name":"EL MAWKIE","description":"Journal \u00c9lectronique Alg\u00e9rien","publisher":{"@id":"https:\/\/elmawkie.dz\/fr\/#organization"},"potentialAction":[{"@type":"SearchAction","target":{"@type":"EntryPoint","urlTemplate":"https:\/\/elmawkie.dz\/fr\/?s={search_term_string}"},"query-input":"required name=search_term_string"}],"inLanguage":"fr-FR"},{"@type":"Organization","@id":"https:\/\/elmawkie.dz\/fr\/#organization","name":"EL MAWKIE","url":"https:\/\/elmawkie.dz\/fr\/","logo":{"@type":"ImageObject","inLanguage":"fr-FR","@id":"https:\/\/elmawkie.dz\/fr\/#\/schema\/logo\/image\/","url":"https:\/\/elmawkie.dz\/fr\/wp-content\/uploads\/2024\/05\/logo1.png","contentUrl":"https:\/\/elmawkie.dz\/fr\/wp-content\/uploads\/2024\/05\/logo1.png","width":1648,"height":652,"caption":"EL MAWKIE"},"image":{"@id":"https:\/\/elmawkie.dz\/fr\/#\/schema\/logo\/image\/"},"sameAs":["https:\/\/www.facebook.com\/profile.php?id=100088407094989&locale=fr_FR"]},{"@type":"Person","@id":"https:\/\/elmawkie.dz\/fr\/#\/schema\/person\/15cb7eba76e08e2d2d0ad4b4c4fbb6cb","name":"khayro","image":{"@type":"ImageObject","inLanguage":"fr-FR","@id":"https:\/\/elmawkie.dz\/fr\/#\/schema\/person\/image\/","url":"https:\/\/secure.gravatar.com\/avatar\/5d609f726f02f77f0ff2a1483fc81992?s=96&d=mm&r=g","contentUrl":"https:\/\/secure.gravatar.com\/avatar\/5d609f726f02f77f0ff2a1483fc81992?s=96&d=mm&r=g","caption":"khayro"},"url":"https:\/\/elmawkie.dz\/fr\/author\/khayro\/"}]}},"_links":{"self":[{"href":"https:\/\/elmawkie.dz\/fr\/wp-json\/wp\/v2\/posts\/6519","targetHints":{"allow":["GET"]}}],"collection":[{"href":"https:\/\/elmawkie.dz\/fr\/wp-json\/wp\/v2\/posts"}],"about":[{"href":"https:\/\/elmawkie.dz\/fr\/wp-json\/wp\/v2\/types\/post"}],"author":[{"embeddable":true,"href":"https:\/\/elmawkie.dz\/fr\/wp-json\/wp\/v2\/users\/8"}],"replies":[{"embeddable":true,"href":"https:\/\/elmawkie.dz\/fr\/wp-json\/wp\/v2\/comments?post=6519"}],"version-history":[{"count":0,"href":"https:\/\/elmawkie.dz\/fr\/wp-json\/wp\/v2\/posts\/6519\/revisions"}],"wp:featuredmedia":[{"embeddable":true,"href":"https:\/\/elmawkie.dz\/fr\/wp-json\/wp\/v2\/media\/6525"}],"wp:attachment":[{"href":"https:\/\/elmawkie.dz\/fr\/wp-json\/wp\/v2\/media?parent=6519"}],"wp:term":[{"taxonomy":"category","embeddable":true,"href":"https:\/\/elmawkie.dz\/fr\/wp-json\/wp\/v2\/categories?post=6519"},{"taxonomy":"post_tag","embeddable":true,"href":"https:\/\/elmawkie.dz\/fr\/wp-json\/wp\/v2\/tags?post=6519"}],"curies":[{"name":"wp","href":"https:\/\/api.w.org\/{rel}","templated":true}]}}