{"id":65085,"date":"2026-05-01T23:11:29","date_gmt":"2026-05-01T22:11:29","guid":{"rendered":"https:\/\/elmawkie.dz\/fr\/?p=65085"},"modified":"2026-05-01T23:11:30","modified_gmt":"2026-05-01T22:11:30","slug":"constantine-le-duo-ulrike-mayer-peter-kreutz-anime-un-prestigieux-concert-symphonique","status":"publish","type":"post","link":"https:\/\/elmawkie.dz\/fr\/constantine-le-duo-ulrike-mayer-peter-kreutz-anime-un-prestigieux-concert-symphonique\/","title":{"rendered":"Constantine : le duo Ulrike Mayer-Peter Kreutz anime un prestigieux concert symphonique"},"content":{"rendered":"\n<p>Le duo Ulrike Mayer &#8211; Peter Kreutz a anim\u00e9, vendredi soir au Th\u00e9\u00e2tre r\u00e9gional Mohamed-Tahar-Fergani de Constantine, un prestigieux concert symphonique dans le cadre de la 15e \u00e9dition du Festival culturel international de musique symphonique, ouverte jeudi \u00e0 l\u2019Op\u00e9ra d\u2019Alger Boualem-Bessa\u00efh.<\/p>\n\n\n\n<p>Les deux musiciens, Peter Kreutz au piano et la chanteuse Ulrike Mayer, ont transport\u00e9 le public dans l\u2019univers de la musique mondiale \u00e0 travers l\u2019interpr\u00e9tation d\u2019oeuvres de grands compositeurs internationaux, \u00e0 l\u2019image de Schumann et Mozart.<\/p>\n\n\n\n<p>La prestation s\u2019est distingu\u00e9e par une parfaite harmonie entre la voix suave de Mme Mayer et les touches raffin\u00e9es du professeur Kreutz, conf\u00e9rant une atmosph\u00e8re artistique empreinte d\u2019\u00e9l\u00e9gance \u00e0 la sc\u00e8ne du th\u00e9\u00e2tre.<\/p>\n\n\n\n<p>Dans une d\u00e9claration \u00e0 la presse en marge du concert, l\u2019artiste allemande Ulrike Mayer a exprim\u00e9 sa joie face \u00e0 l\u2019accueil chaleureux et \u00e0 l\u2019interaction remarquable du public constantinois, qu\u2019elle a qualifi\u00e9 de m\u00e9lomane et d\u2019amateur de musique universelle.<\/p>\n\n\n\n<p>Elle a ajout\u00e9 que la musique symphonique constitue \u00ab\u00a0un langage universel qui transcende les fronti\u00e8res g\u00e9ographiques pour rapprocher les peuples\u00a0\u00bb.<\/p>\n\n\n\n<p>Le Th\u00e9\u00e2tre r\u00e9gional Mohamed-Tahar-Fergani accueillera samedi une repr\u00e9sentation de l\u2019orchestre du Festival de la f\u00e9d\u00e9ration russe, qui pr\u00e9sentera un bouquet de chefs-d\u2019oeuvre classiques russes, tandis que le public sera au rendez-vous dimanche avec l\u2019orchestre symphonique de Carthage (Tunisie), lors d\u2019une soir\u00e9e artistique illustrant la profondeur des liens culturels entre les deux pays.<\/p>\n\n\n\n<p>Pour rappel, la 15e \u00e9dition du Festival culturel international de musique symphonique a \u00e9t\u00e9 inaugur\u00e9e jeudi soir \u00e0 l\u2019Op\u00e9ra d\u2019Alger Boualem-Bessa\u00efh, avec un spectacle musical raffin\u00e9 m\u00ealant les \u00e9coles artistiques alg\u00e9rienne et tch\u00e8que.<\/p>\n\n\n\n<p>La R\u00e9publique tch\u00e8que est l\u2019invit\u00e9e d\u2019honneur de cette \u00e9dition, marqu\u00e9e par la participation de 21 pays.&nbsp;<\/p>\n\n\n\n<figure class=\"wp-block-image size-large\"><img decoding=\"async\" width=\"1024\" height=\"682\" src=\"https:\/\/elmawkie.dz\/fr\/wp-content\/uploads\/2026\/05\/IMG_7634-1024x682.jpeg\" alt=\"\" class=\"wp-image-65088\" srcset=\"https:\/\/elmawkie.dz\/fr\/wp-content\/uploads\/2026\/05\/IMG_7634-1024x682.jpeg 1024w, https:\/\/elmawkie.dz\/fr\/wp-content\/uploads\/2026\/05\/IMG_7634-300x200.jpeg 300w, https:\/\/elmawkie.dz\/fr\/wp-content\/uploads\/2026\/05\/IMG_7634-768x512.jpeg 768w, https:\/\/elmawkie.dz\/fr\/wp-content\/uploads\/2026\/05\/IMG_7634-1536x1024.jpeg 1536w, https:\/\/elmawkie.dz\/fr\/wp-content\/uploads\/2026\/05\/IMG_7634.jpeg 2000w\" sizes=\"(max-width: 1024px) 100vw, 1024px\" \/><\/figure>\n","protected":false},"excerpt":{"rendered":"<p>Le duo Ulrike Mayer &#8211; Peter Kreutz a anim\u00e9, vendredi soir au Th\u00e9\u00e2tre r\u00e9gional Mohamed-Tahar-Fergani de Constantine, un prestigieux concert symphonique dans le cadre de la 15e \u00e9dition du Festival culturel international de musique symphonique, ouverte jeudi \u00e0 l\u2019Op\u00e9ra d\u2019Alger Boualem-Bessa\u00efh. Les deux musiciens, Peter Kreutz au piano et la chanteuse Ulrike Mayer, ont transport\u00e9 &hellip;<\/p>\n","protected":false},"author":9,"featured_media":65087,"comment_status":"open","ping_status":"open","sticky":false,"template":"","format":"standard","meta":{"footnotes":""},"categories":[3],"tags":[],"class_list":["post-65085","post","type-post","status-publish","format-standard","has-post-thumbnail","hentry","category-bs-culture"],"yoast_head":"<!-- This site is optimized with the Yoast SEO Premium plugin v22.6 (Yoast SEO v22.6) - https:\/\/yoast.com\/wordpress\/plugins\/seo\/ -->\n<title>Constantine : le duo Ulrike Mayer-Peter Kreutz anime un prestigieux concert symphonique - El Mawkie<\/title>\n<meta name=\"robots\" content=\"index, follow, max-snippet:-1, max-image-preview:large, max-video-preview:-1\" \/>\n<link rel=\"canonical\" href=\"https:\/\/elmawkie.dz\/fr\/constantine-le-duo-ulrike-mayer-peter-kreutz-anime-un-prestigieux-concert-symphonique\/\" \/>\n<meta property=\"og:locale\" content=\"fr_FR\" \/>\n<meta property=\"og:type\" content=\"article\" \/>\n<meta property=\"og:title\" content=\"Constantine : le duo Ulrike Mayer-Peter Kreutz anime un prestigieux concert symphonique\" \/>\n<meta property=\"og:description\" content=\"Le duo Ulrike Mayer &#8211; Peter Kreutz a anim\u00e9, vendredi soir au Th\u00e9\u00e2tre r\u00e9gional Mohamed-Tahar-Fergani de Constantine, un prestigieux concert symphonique dans le cadre de la 15e \u00e9dition du Festival culturel international de musique symphonique, ouverte jeudi \u00e0 l\u2019Op\u00e9ra d\u2019Alger Boualem-Bessa\u00efh. Les deux musiciens, Peter Kreutz au piano et la chanteuse Ulrike Mayer, ont transport\u00e9 &hellip;\" \/>\n<meta property=\"og:url\" content=\"https:\/\/elmawkie.dz\/fr\/constantine-le-duo-ulrike-mayer-peter-kreutz-anime-un-prestigieux-concert-symphonique\/\" \/>\n<meta property=\"og:site_name\" content=\"El Mawkie\" \/>\n<meta property=\"article:publisher\" content=\"https:\/\/www.facebook.com\/profile.php?id=100088407094989&amp;locale=fr_FR\" \/>\n<meta property=\"article:published_time\" content=\"2026-05-01T22:11:29+00:00\" \/>\n<meta property=\"article:modified_time\" content=\"2026-05-01T22:11:30+00:00\" \/>\n<meta property=\"og:image\" content=\"https:\/\/elmawkie.dz\/fr\/wp-content\/uploads\/2026\/05\/IMG_7633.jpeg\" \/>\n\t<meta property=\"og:image:width\" content=\"1029\" \/>\n\t<meta property=\"og:image:height\" content=\"668\" \/>\n\t<meta property=\"og:image:type\" content=\"image\/jpeg\" \/>\n<meta name=\"author\" content=\"R\u00e9daction\" \/>\n<meta name=\"twitter:card\" content=\"summary_large_image\" \/>\n<meta name=\"twitter:label1\" content=\"Written by\" \/>\n\t<meta name=\"twitter:data1\" content=\"R\u00e9daction\" \/>\n\t<meta name=\"twitter:label2\" content=\"Est. reading time\" \/>\n\t<meta name=\"twitter:data2\" content=\"2 minutes\" \/>\n<script type=\"application\/ld+json\" class=\"yoast-schema-graph\">{\"@context\":\"https:\/\/schema.org\",\"@graph\":[{\"@type\":\"Article\",\"@id\":\"https:\/\/elmawkie.dz\/fr\/constantine-le-duo-ulrike-mayer-peter-kreutz-anime-un-prestigieux-concert-symphonique\/#article\",\"isPartOf\":{\"@id\":\"https:\/\/elmawkie.dz\/fr\/constantine-le-duo-ulrike-mayer-peter-kreutz-anime-un-prestigieux-concert-symphonique\/\"},\"author\":{\"name\":\"R\u00e9daction\",\"@id\":\"https:\/\/elmawkie.dz\/fr\/#\/schema\/person\/e7bd59d6467874ba5c4723d8a9f0a63c\"},\"headline\":\"Constantine : le duo Ulrike Mayer-Peter Kreutz anime un prestigieux concert symphonique\",\"datePublished\":\"2026-05-01T22:11:29+00:00\",\"dateModified\":\"2026-05-01T22:11:30+00:00\",\"mainEntityOfPage\":{\"@id\":\"https:\/\/elmawkie.dz\/fr\/constantine-le-duo-ulrike-mayer-peter-kreutz-anime-un-prestigieux-concert-symphonique\/\"},\"wordCount\":327,\"commentCount\":0,\"publisher\":{\"@id\":\"https:\/\/elmawkie.dz\/fr\/#organization\"},\"image\":{\"@id\":\"https:\/\/elmawkie.dz\/fr\/constantine-le-duo-ulrike-mayer-peter-kreutz-anime-un-prestigieux-concert-symphonique\/#primaryimage\"},\"thumbnailUrl\":\"https:\/\/elmawkie.dz\/fr\/wp-content\/uploads\/2026\/05\/IMG_7633.jpeg\",\"articleSection\":[\"Culture\"],\"inLanguage\":\"fr-FR\",\"potentialAction\":[{\"@type\":\"CommentAction\",\"name\":\"Comment\",\"target\":[\"https:\/\/elmawkie.dz\/fr\/constantine-le-duo-ulrike-mayer-peter-kreutz-anime-un-prestigieux-concert-symphonique\/#respond\"]}]},{\"@type\":\"WebPage\",\"@id\":\"https:\/\/elmawkie.dz\/fr\/constantine-le-duo-ulrike-mayer-peter-kreutz-anime-un-prestigieux-concert-symphonique\/\",\"url\":\"https:\/\/elmawkie.dz\/fr\/constantine-le-duo-ulrike-mayer-peter-kreutz-anime-un-prestigieux-concert-symphonique\/\",\"name\":\"Constantine : le duo Ulrike Mayer-Peter Kreutz anime un prestigieux concert symphonique - El Mawkie\",\"isPartOf\":{\"@id\":\"https:\/\/elmawkie.dz\/fr\/#website\"},\"primaryImageOfPage\":{\"@id\":\"https:\/\/elmawkie.dz\/fr\/constantine-le-duo-ulrike-mayer-peter-kreutz-anime-un-prestigieux-concert-symphonique\/#primaryimage\"},\"image\":{\"@id\":\"https:\/\/elmawkie.dz\/fr\/constantine-le-duo-ulrike-mayer-peter-kreutz-anime-un-prestigieux-concert-symphonique\/#primaryimage\"},\"thumbnailUrl\":\"https:\/\/elmawkie.dz\/fr\/wp-content\/uploads\/2026\/05\/IMG_7633.jpeg\",\"datePublished\":\"2026-05-01T22:11:29+00:00\",\"dateModified\":\"2026-05-01T22:11:30+00:00\",\"breadcrumb\":{\"@id\":\"https:\/\/elmawkie.dz\/fr\/constantine-le-duo-ulrike-mayer-peter-kreutz-anime-un-prestigieux-concert-symphonique\/#breadcrumb\"},\"inLanguage\":\"fr-FR\",\"potentialAction\":[{\"@type\":\"ReadAction\",\"target\":[\"https:\/\/elmawkie.dz\/fr\/constantine-le-duo-ulrike-mayer-peter-kreutz-anime-un-prestigieux-concert-symphonique\/\"]}]},{\"@type\":\"ImageObject\",\"inLanguage\":\"fr-FR\",\"@id\":\"https:\/\/elmawkie.dz\/fr\/constantine-le-duo-ulrike-mayer-peter-kreutz-anime-un-prestigieux-concert-symphonique\/#primaryimage\",\"url\":\"https:\/\/elmawkie.dz\/fr\/wp-content\/uploads\/2026\/05\/IMG_7633.jpeg\",\"contentUrl\":\"https:\/\/elmawkie.dz\/fr\/wp-content\/uploads\/2026\/05\/IMG_7633.jpeg\",\"width\":1029,\"height\":668,\"caption\":\"Screenshot\"},{\"@type\":\"BreadcrumbList\",\"@id\":\"https:\/\/elmawkie.dz\/fr\/constantine-le-duo-ulrike-mayer-peter-kreutz-anime-un-prestigieux-concert-symphonique\/#breadcrumb\",\"itemListElement\":[{\"@type\":\"ListItem\",\"position\":1,\"name\":\"Home\",\"item\":\"https:\/\/elmawkie.dz\/fr\/\"},{\"@type\":\"ListItem\",\"position\":2,\"name\":\"Constantine : le duo Ulrike Mayer-Peter Kreutz anime un prestigieux concert symphonique\"}]},{\"@type\":\"WebSite\",\"@id\":\"https:\/\/elmawkie.dz\/fr\/#website\",\"url\":\"https:\/\/elmawkie.dz\/fr\/\",\"name\":\"EL MAWKIE\",\"description\":\"Journal \u00c9lectronique Alg\u00e9rien\",\"publisher\":{\"@id\":\"https:\/\/elmawkie.dz\/fr\/#organization\"},\"potentialAction\":[{\"@type\":\"SearchAction\",\"target\":{\"@type\":\"EntryPoint\",\"urlTemplate\":\"https:\/\/elmawkie.dz\/fr\/?s={search_term_string}\"},\"query-input\":\"required name=search_term_string\"}],\"inLanguage\":\"fr-FR\"},{\"@type\":\"Organization\",\"@id\":\"https:\/\/elmawkie.dz\/fr\/#organization\",\"name\":\"EL MAWKIE\",\"url\":\"https:\/\/elmawkie.dz\/fr\/\",\"logo\":{\"@type\":\"ImageObject\",\"inLanguage\":\"fr-FR\",\"@id\":\"https:\/\/elmawkie.dz\/fr\/#\/schema\/logo\/image\/\",\"url\":\"https:\/\/elmawkie.dz\/fr\/wp-content\/uploads\/2024\/05\/logo1.png\",\"contentUrl\":\"https:\/\/elmawkie.dz\/fr\/wp-content\/uploads\/2024\/05\/logo1.png\",\"width\":1648,\"height\":652,\"caption\":\"EL MAWKIE\"},\"image\":{\"@id\":\"https:\/\/elmawkie.dz\/fr\/#\/schema\/logo\/image\/\"},\"sameAs\":[\"https:\/\/www.facebook.com\/profile.php?id=100088407094989&locale=fr_FR\"]},{\"@type\":\"Person\",\"@id\":\"https:\/\/elmawkie.dz\/fr\/#\/schema\/person\/e7bd59d6467874ba5c4723d8a9f0a63c\",\"name\":\"R\u00e9daction\",\"image\":{\"@type\":\"ImageObject\",\"inLanguage\":\"fr-FR\",\"@id\":\"https:\/\/elmawkie.dz\/fr\/#\/schema\/person\/image\/\",\"url\":\"https:\/\/secure.gravatar.com\/avatar\/f0f773456344da4d2788c054a3d30a0c?s=96&d=mm&r=g\",\"contentUrl\":\"https:\/\/secure.gravatar.com\/avatar\/f0f773456344da4d2788c054a3d30a0c?s=96&d=mm&r=g\",\"caption\":\"R\u00e9daction\"},\"url\":\"https:\/\/elmawkie.dz\/fr\/author\/redaction\/\"}]}<\/script>\n<!-- \/ Yoast SEO Premium plugin. -->","yoast_head_json":{"title":"Constantine : le duo Ulrike Mayer-Peter Kreutz anime un prestigieux concert symphonique - El Mawkie","robots":{"index":"index","follow":"follow","max-snippet":"max-snippet:-1","max-image-preview":"max-image-preview:large","max-video-preview":"max-video-preview:-1"},"canonical":"https:\/\/elmawkie.dz\/fr\/constantine-le-duo-ulrike-mayer-peter-kreutz-anime-un-prestigieux-concert-symphonique\/","og_locale":"fr_FR","og_type":"article","og_title":"Constantine : le duo Ulrike Mayer-Peter Kreutz anime un prestigieux concert symphonique","og_description":"Le duo Ulrike Mayer &#8211; Peter Kreutz a anim\u00e9, vendredi soir au Th\u00e9\u00e2tre r\u00e9gional Mohamed-Tahar-Fergani de Constantine, un prestigieux concert symphonique dans le cadre de la 15e \u00e9dition du Festival culturel international de musique symphonique, ouverte jeudi \u00e0 l\u2019Op\u00e9ra d\u2019Alger Boualem-Bessa\u00efh. Les deux musiciens, Peter Kreutz au piano et la chanteuse Ulrike Mayer, ont transport\u00e9 &hellip;","og_url":"https:\/\/elmawkie.dz\/fr\/constantine-le-duo-ulrike-mayer-peter-kreutz-anime-un-prestigieux-concert-symphonique\/","og_site_name":"El Mawkie","article_publisher":"https:\/\/www.facebook.com\/profile.php?id=100088407094989&locale=fr_FR","article_published_time":"2026-05-01T22:11:29+00:00","article_modified_time":"2026-05-01T22:11:30+00:00","og_image":[{"width":1029,"height":668,"url":"https:\/\/elmawkie.dz\/fr\/wp-content\/uploads\/2026\/05\/IMG_7633.jpeg","type":"image\/jpeg"}],"author":"R\u00e9daction","twitter_card":"summary_large_image","twitter_misc":{"Written by":"R\u00e9daction","Est. reading time":"2 minutes"},"schema":{"@context":"https:\/\/schema.org","@graph":[{"@type":"Article","@id":"https:\/\/elmawkie.dz\/fr\/constantine-le-duo-ulrike-mayer-peter-kreutz-anime-un-prestigieux-concert-symphonique\/#article","isPartOf":{"@id":"https:\/\/elmawkie.dz\/fr\/constantine-le-duo-ulrike-mayer-peter-kreutz-anime-un-prestigieux-concert-symphonique\/"},"author":{"name":"R\u00e9daction","@id":"https:\/\/elmawkie.dz\/fr\/#\/schema\/person\/e7bd59d6467874ba5c4723d8a9f0a63c"},"headline":"Constantine : le duo Ulrike Mayer-Peter Kreutz anime un prestigieux concert symphonique","datePublished":"2026-05-01T22:11:29+00:00","dateModified":"2026-05-01T22:11:30+00:00","mainEntityOfPage":{"@id":"https:\/\/elmawkie.dz\/fr\/constantine-le-duo-ulrike-mayer-peter-kreutz-anime-un-prestigieux-concert-symphonique\/"},"wordCount":327,"commentCount":0,"publisher":{"@id":"https:\/\/elmawkie.dz\/fr\/#organization"},"image":{"@id":"https:\/\/elmawkie.dz\/fr\/constantine-le-duo-ulrike-mayer-peter-kreutz-anime-un-prestigieux-concert-symphonique\/#primaryimage"},"thumbnailUrl":"https:\/\/elmawkie.dz\/fr\/wp-content\/uploads\/2026\/05\/IMG_7633.jpeg","articleSection":["Culture"],"inLanguage":"fr-FR","potentialAction":[{"@type":"CommentAction","name":"Comment","target":["https:\/\/elmawkie.dz\/fr\/constantine-le-duo-ulrike-mayer-peter-kreutz-anime-un-prestigieux-concert-symphonique\/#respond"]}]},{"@type":"WebPage","@id":"https:\/\/elmawkie.dz\/fr\/constantine-le-duo-ulrike-mayer-peter-kreutz-anime-un-prestigieux-concert-symphonique\/","url":"https:\/\/elmawkie.dz\/fr\/constantine-le-duo-ulrike-mayer-peter-kreutz-anime-un-prestigieux-concert-symphonique\/","name":"Constantine : le duo Ulrike Mayer-Peter Kreutz anime un prestigieux concert symphonique - El Mawkie","isPartOf":{"@id":"https:\/\/elmawkie.dz\/fr\/#website"},"primaryImageOfPage":{"@id":"https:\/\/elmawkie.dz\/fr\/constantine-le-duo-ulrike-mayer-peter-kreutz-anime-un-prestigieux-concert-symphonique\/#primaryimage"},"image":{"@id":"https:\/\/elmawkie.dz\/fr\/constantine-le-duo-ulrike-mayer-peter-kreutz-anime-un-prestigieux-concert-symphonique\/#primaryimage"},"thumbnailUrl":"https:\/\/elmawkie.dz\/fr\/wp-content\/uploads\/2026\/05\/IMG_7633.jpeg","datePublished":"2026-05-01T22:11:29+00:00","dateModified":"2026-05-01T22:11:30+00:00","breadcrumb":{"@id":"https:\/\/elmawkie.dz\/fr\/constantine-le-duo-ulrike-mayer-peter-kreutz-anime-un-prestigieux-concert-symphonique\/#breadcrumb"},"inLanguage":"fr-FR","potentialAction":[{"@type":"ReadAction","target":["https:\/\/elmawkie.dz\/fr\/constantine-le-duo-ulrike-mayer-peter-kreutz-anime-un-prestigieux-concert-symphonique\/"]}]},{"@type":"ImageObject","inLanguage":"fr-FR","@id":"https:\/\/elmawkie.dz\/fr\/constantine-le-duo-ulrike-mayer-peter-kreutz-anime-un-prestigieux-concert-symphonique\/#primaryimage","url":"https:\/\/elmawkie.dz\/fr\/wp-content\/uploads\/2026\/05\/IMG_7633.jpeg","contentUrl":"https:\/\/elmawkie.dz\/fr\/wp-content\/uploads\/2026\/05\/IMG_7633.jpeg","width":1029,"height":668,"caption":"Screenshot"},{"@type":"BreadcrumbList","@id":"https:\/\/elmawkie.dz\/fr\/constantine-le-duo-ulrike-mayer-peter-kreutz-anime-un-prestigieux-concert-symphonique\/#breadcrumb","itemListElement":[{"@type":"ListItem","position":1,"name":"Home","item":"https:\/\/elmawkie.dz\/fr\/"},{"@type":"ListItem","position":2,"name":"Constantine : le duo Ulrike Mayer-Peter Kreutz anime un prestigieux concert symphonique"}]},{"@type":"WebSite","@id":"https:\/\/elmawkie.dz\/fr\/#website","url":"https:\/\/elmawkie.dz\/fr\/","name":"EL MAWKIE","description":"Journal \u00c9lectronique Alg\u00e9rien","publisher":{"@id":"https:\/\/elmawkie.dz\/fr\/#organization"},"potentialAction":[{"@type":"SearchAction","target":{"@type":"EntryPoint","urlTemplate":"https:\/\/elmawkie.dz\/fr\/?s={search_term_string}"},"query-input":"required name=search_term_string"}],"inLanguage":"fr-FR"},{"@type":"Organization","@id":"https:\/\/elmawkie.dz\/fr\/#organization","name":"EL MAWKIE","url":"https:\/\/elmawkie.dz\/fr\/","logo":{"@type":"ImageObject","inLanguage":"fr-FR","@id":"https:\/\/elmawkie.dz\/fr\/#\/schema\/logo\/image\/","url":"https:\/\/elmawkie.dz\/fr\/wp-content\/uploads\/2024\/05\/logo1.png","contentUrl":"https:\/\/elmawkie.dz\/fr\/wp-content\/uploads\/2024\/05\/logo1.png","width":1648,"height":652,"caption":"EL MAWKIE"},"image":{"@id":"https:\/\/elmawkie.dz\/fr\/#\/schema\/logo\/image\/"},"sameAs":["https:\/\/www.facebook.com\/profile.php?id=100088407094989&locale=fr_FR"]},{"@type":"Person","@id":"https:\/\/elmawkie.dz\/fr\/#\/schema\/person\/e7bd59d6467874ba5c4723d8a9f0a63c","name":"R\u00e9daction","image":{"@type":"ImageObject","inLanguage":"fr-FR","@id":"https:\/\/elmawkie.dz\/fr\/#\/schema\/person\/image\/","url":"https:\/\/secure.gravatar.com\/avatar\/f0f773456344da4d2788c054a3d30a0c?s=96&d=mm&r=g","contentUrl":"https:\/\/secure.gravatar.com\/avatar\/f0f773456344da4d2788c054a3d30a0c?s=96&d=mm&r=g","caption":"R\u00e9daction"},"url":"https:\/\/elmawkie.dz\/fr\/author\/redaction\/"}]}},"_links":{"self":[{"href":"https:\/\/elmawkie.dz\/fr\/wp-json\/wp\/v2\/posts\/65085","targetHints":{"allow":["GET"]}}],"collection":[{"href":"https:\/\/elmawkie.dz\/fr\/wp-json\/wp\/v2\/posts"}],"about":[{"href":"https:\/\/elmawkie.dz\/fr\/wp-json\/wp\/v2\/types\/post"}],"author":[{"embeddable":true,"href":"https:\/\/elmawkie.dz\/fr\/wp-json\/wp\/v2\/users\/9"}],"replies":[{"embeddable":true,"href":"https:\/\/elmawkie.dz\/fr\/wp-json\/wp\/v2\/comments?post=65085"}],"version-history":[{"count":1,"href":"https:\/\/elmawkie.dz\/fr\/wp-json\/wp\/v2\/posts\/65085\/revisions"}],"predecessor-version":[{"id":65089,"href":"https:\/\/elmawkie.dz\/fr\/wp-json\/wp\/v2\/posts\/65085\/revisions\/65089"}],"wp:featuredmedia":[{"embeddable":true,"href":"https:\/\/elmawkie.dz\/fr\/wp-json\/wp\/v2\/media\/65087"}],"wp:attachment":[{"href":"https:\/\/elmawkie.dz\/fr\/wp-json\/wp\/v2\/media?parent=65085"}],"wp:term":[{"taxonomy":"category","embeddable":true,"href":"https:\/\/elmawkie.dz\/fr\/wp-json\/wp\/v2\/categories?post=65085"},{"taxonomy":"post_tag","embeddable":true,"href":"https:\/\/elmawkie.dz\/fr\/wp-json\/wp\/v2\/tags?post=65085"}],"curies":[{"name":"wp","href":"https:\/\/api.w.org\/{rel}","templated":true}]}}