{"id":65077,"date":"2026-05-01T23:07:06","date_gmt":"2026-05-01T22:07:06","guid":{"rendered":"https:\/\/elmawkie.dz\/fr\/?p=65077"},"modified":"2026-05-01T23:07:07","modified_gmt":"2026-05-01T22:07:07","slug":"hadj-2026-preparatifs-intensifs-pour-laccueil-des-pelerins-algeriens","status":"publish","type":"post","link":"https:\/\/elmawkie.dz\/fr\/hadj-2026-preparatifs-intensifs-pour-laccueil-des-pelerins-algeriens\/","title":{"rendered":"Hadj 2026: pr\u00e9paratifs intensifs pour l&rsquo;accueil des p\u00e8lerins alg\u00e9riens"},"content":{"rendered":"\n<p>La mission alg\u00e9rienne du Hadj poursuit ses pr\u00e9paratifs intensifs en vue de l&rsquo;accueil des groupes de p\u00e8lerins alg\u00e9riens qui arrivent progressivement aux Lieux saints pour accomplir les rites du Hadj 1447H\/2026.<\/p>\n\n\n\n<p>Dans le cadre du suivi sur le terrain des pr\u00e9paratifs de la saison du Hadj, le consul g\u00e9n\u00e9ral d&rsquo;Alg\u00e9rie \u00e0 Djeddah, Mohamed El Habib Zahana, a effectu\u00e9 une visite au centre de M\u00e9dine de la mission alg\u00e9rienne du Hadj, o\u00f9 il s&rsquo;est enquis des conditions d&rsquo;accueil des p\u00e8lerins.<\/p>\n\n\n\n<p>Accompagn\u00e9 du chef du centre de M\u00e9dine, Belkhir Boudraa, ainsi que des membres de la mission, M. Zahana a \u00e9galement effectu\u00e9 une tourn\u00e9e d&rsquo;inspection des h\u00f4tels r\u00e9serv\u00e9s \u00e0 l&rsquo;h\u00e9bergement des Hadjis, afin de s&rsquo;assurer de leur disponibilit\u00e9 et du niveau des services propos\u00e9s, notamment en mati\u00e8re d&rsquo;accueil, d&rsquo;h\u00e9bergement et de restauration.<\/p>\n\n\n\n<p>Par ailleurs, les r\u00e9unions de coordination entre les diff\u00e9rentes branches de la mission (Sant\u00e9, Consulat, Protection civile et Affaires religieuses) se poursuivent \u00e0 M\u00e9dine en vue d&rsquo;\u00e9laborer un programme de travail pour la prochaine p\u00e9riode, tout en renfor\u00e7ant les canaux de communication et de coordination entre les diff\u00e9rentes \u00e9quipes et commissions, afin d&rsquo;assurer un accompagnement optimal des p\u00e8lerins et de leur fournir des services \u00e0 la hauteur des attentes.<\/p>\n\n\n\n<p>Dans une d\u00e9claration \u00e0 l&rsquo;APS, le chef de la d\u00e9l\u00e9gation m\u00e9diatique de la mission, Mohamed Dif, a affirm\u00e9 que toutes les dispositions \u00ab\u00a0ont \u00e9t\u00e9 finalis\u00e9es pour accueillir l&rsquo;ensemble des p\u00e8lerins et assurer leur accompagnement durant toute la p\u00e9riode d&rsquo;accomplissement des rites du Hadj, en veillant pleinement \u00e0 leur confort physique et spirituel, aussi bien \u00e0 la Mecque qu&rsquo;\u00e0 M\u00e9dine, conform\u00e9ment aux orientations de l&rsquo;Etat alg\u00e9rien\u00a0\u00bb.<\/p>\n\n\n\n<p>M. Dif a tenu \u00e0 rassurer les p\u00e8lerins et leurs familles en affirmant que la mission \u00ab\u00a0veille au bien-\u00eatre des p\u00e8lerins, en assurant leur accompagnement et leur orientation religieuse par l&rsquo;interm\u00e9diaire des guides et des membres de l&rsquo;instance de la fatwa, ainsi que la prise en charge sanitaire par la mission m\u00e9dicale\u00a0\u00bb.<\/p>\n\n\n\n<p>L&rsquo;intervenant a appel\u00e9 les p\u00e8lerins alg\u00e9riens \u00e0 \u00ab\u00a0conserver la carte Nusuk qui leur est d\u00e9livr\u00e9e \u00e0 leur arriv\u00e9e aux Lieux saints, et qui fait office d&rsquo;autorisation leur facilitant l&rsquo;accomplissement des rites du Hadj en toute s\u00e9r\u00e9nit\u00e9 et l&rsquo;acc\u00e8s au Haram de La Mecque\u00a0\u00bb.<\/p>\n\n\n\n<p>Il a soulign\u00e9 que \u00ab\u00a0le p\u00e8lerin doit se munir en permanence de cette carte, et ne doit la remettre \u00e0 personne, ni la pr\u00eater, ni la laisser entre les mains d&rsquo;autrui, elle doit imp\u00e9rativement rester en sa possession\u00a0\u00bb.<\/p>\n\n\n\n<p>Pour rappel, le quota des p\u00e8lerins alg\u00e9riens pour la saison du Hadj 2026 (1447 H) s&rsquo;\u00e9l\u00e8ve \u00e0 41.300, le premier vol ayant d\u00e9coll\u00e9 le 29 avril dernier.<\/p>\n","protected":false},"excerpt":{"rendered":"<p>La mission alg\u00e9rienne du Hadj poursuit ses pr\u00e9paratifs intensifs en vue de l&rsquo;accueil des groupes de p\u00e8lerins alg\u00e9riens qui arrivent progressivement aux Lieux saints pour accomplir les rites du Hadj 1447H\/2026. Dans le cadre du suivi sur le terrain des pr\u00e9paratifs de la saison du Hadj, le consul g\u00e9n\u00e9ral d&rsquo;Alg\u00e9rie \u00e0 Djeddah, Mohamed El Habib &hellip;<\/p>\n","protected":false},"author":9,"featured_media":65079,"comment_status":"open","ping_status":"open","sticky":false,"template":"","format":"standard","meta":{"footnotes":""},"categories":[47],"tags":[],"class_list":["post-65077","post","type-post","status-publish","format-standard","has-post-thumbnail","hentry","category-national"],"yoast_head":"<!-- This site is optimized with the Yoast SEO Premium plugin v22.6 (Yoast SEO v22.6) - https:\/\/yoast.com\/wordpress\/plugins\/seo\/ -->\n<title>Hadj 2026: pr\u00e9paratifs intensifs pour l&#039;accueil des p\u00e8lerins alg\u00e9riens - El Mawkie<\/title>\n<meta name=\"robots\" content=\"index, follow, max-snippet:-1, max-image-preview:large, max-video-preview:-1\" \/>\n<link rel=\"canonical\" href=\"https:\/\/elmawkie.dz\/fr\/hadj-2026-preparatifs-intensifs-pour-laccueil-des-pelerins-algeriens\/\" \/>\n<meta property=\"og:locale\" content=\"fr_FR\" \/>\n<meta property=\"og:type\" content=\"article\" \/>\n<meta property=\"og:title\" content=\"Hadj 2026: pr\u00e9paratifs intensifs pour l&#039;accueil des p\u00e8lerins alg\u00e9riens\" \/>\n<meta property=\"og:description\" content=\"La mission alg\u00e9rienne du Hadj poursuit ses pr\u00e9paratifs intensifs en vue de l&rsquo;accueil des groupes de p\u00e8lerins alg\u00e9riens qui arrivent progressivement aux Lieux saints pour accomplir les rites du Hadj 1447H\/2026. Dans le cadre du suivi sur le terrain des pr\u00e9paratifs de la saison du Hadj, le consul g\u00e9n\u00e9ral d&rsquo;Alg\u00e9rie \u00e0 Djeddah, Mohamed El Habib &hellip;\" \/>\n<meta property=\"og:url\" content=\"https:\/\/elmawkie.dz\/fr\/hadj-2026-preparatifs-intensifs-pour-laccueil-des-pelerins-algeriens\/\" \/>\n<meta property=\"og:site_name\" content=\"El Mawkie\" \/>\n<meta property=\"article:publisher\" content=\"https:\/\/www.facebook.com\/profile.php?id=100088407094989&amp;locale=fr_FR\" \/>\n<meta property=\"article:published_time\" content=\"2026-05-01T22:07:06+00:00\" \/>\n<meta property=\"article:modified_time\" content=\"2026-05-01T22:07:07+00:00\" \/>\n<meta property=\"og:image\" content=\"https:\/\/elmawkie.dz\/fr\/wp-content\/uploads\/2026\/05\/IMG_7630.jpeg\" \/>\n\t<meta property=\"og:image:width\" content=\"1920\" \/>\n\t<meta property=\"og:image:height\" content=\"1158\" \/>\n\t<meta property=\"og:image:type\" content=\"image\/jpeg\" \/>\n<meta name=\"author\" content=\"R\u00e9daction\" \/>\n<meta name=\"twitter:card\" content=\"summary_large_image\" \/>\n<meta name=\"twitter:label1\" content=\"Written by\" \/>\n\t<meta name=\"twitter:data1\" content=\"R\u00e9daction\" \/>\n\t<meta name=\"twitter:label2\" content=\"Est. reading time\" \/>\n\t<meta name=\"twitter:data2\" content=\"3 minutes\" \/>\n<script type=\"application\/ld+json\" class=\"yoast-schema-graph\">{\"@context\":\"https:\/\/schema.org\",\"@graph\":[{\"@type\":\"Article\",\"@id\":\"https:\/\/elmawkie.dz\/fr\/hadj-2026-preparatifs-intensifs-pour-laccueil-des-pelerins-algeriens\/#article\",\"isPartOf\":{\"@id\":\"https:\/\/elmawkie.dz\/fr\/hadj-2026-preparatifs-intensifs-pour-laccueil-des-pelerins-algeriens\/\"},\"author\":{\"name\":\"R\u00e9daction\",\"@id\":\"https:\/\/elmawkie.dz\/fr\/#\/schema\/person\/e7bd59d6467874ba5c4723d8a9f0a63c\"},\"headline\":\"Hadj 2026: pr\u00e9paratifs intensifs pour l&rsquo;accueil des p\u00e8lerins alg\u00e9riens\",\"datePublished\":\"2026-05-01T22:07:06+00:00\",\"dateModified\":\"2026-05-01T22:07:07+00:00\",\"mainEntityOfPage\":{\"@id\":\"https:\/\/elmawkie.dz\/fr\/hadj-2026-preparatifs-intensifs-pour-laccueil-des-pelerins-algeriens\/\"},\"wordCount\":500,\"commentCount\":0,\"publisher\":{\"@id\":\"https:\/\/elmawkie.dz\/fr\/#organization\"},\"image\":{\"@id\":\"https:\/\/elmawkie.dz\/fr\/hadj-2026-preparatifs-intensifs-pour-laccueil-des-pelerins-algeriens\/#primaryimage\"},\"thumbnailUrl\":\"https:\/\/elmawkie.dz\/fr\/wp-content\/uploads\/2026\/05\/IMG_7630.jpeg\",\"articleSection\":[\"National\"],\"inLanguage\":\"fr-FR\",\"potentialAction\":[{\"@type\":\"CommentAction\",\"name\":\"Comment\",\"target\":[\"https:\/\/elmawkie.dz\/fr\/hadj-2026-preparatifs-intensifs-pour-laccueil-des-pelerins-algeriens\/#respond\"]}]},{\"@type\":\"WebPage\",\"@id\":\"https:\/\/elmawkie.dz\/fr\/hadj-2026-preparatifs-intensifs-pour-laccueil-des-pelerins-algeriens\/\",\"url\":\"https:\/\/elmawkie.dz\/fr\/hadj-2026-preparatifs-intensifs-pour-laccueil-des-pelerins-algeriens\/\",\"name\":\"Hadj 2026: pr\u00e9paratifs intensifs pour l'accueil des p\u00e8lerins alg\u00e9riens - El Mawkie\",\"isPartOf\":{\"@id\":\"https:\/\/elmawkie.dz\/fr\/#website\"},\"primaryImageOfPage\":{\"@id\":\"https:\/\/elmawkie.dz\/fr\/hadj-2026-preparatifs-intensifs-pour-laccueil-des-pelerins-algeriens\/#primaryimage\"},\"image\":{\"@id\":\"https:\/\/elmawkie.dz\/fr\/hadj-2026-preparatifs-intensifs-pour-laccueil-des-pelerins-algeriens\/#primaryimage\"},\"thumbnailUrl\":\"https:\/\/elmawkie.dz\/fr\/wp-content\/uploads\/2026\/05\/IMG_7630.jpeg\",\"datePublished\":\"2026-05-01T22:07:06+00:00\",\"dateModified\":\"2026-05-01T22:07:07+00:00\",\"breadcrumb\":{\"@id\":\"https:\/\/elmawkie.dz\/fr\/hadj-2026-preparatifs-intensifs-pour-laccueil-des-pelerins-algeriens\/#breadcrumb\"},\"inLanguage\":\"fr-FR\",\"potentialAction\":[{\"@type\":\"ReadAction\",\"target\":[\"https:\/\/elmawkie.dz\/fr\/hadj-2026-preparatifs-intensifs-pour-laccueil-des-pelerins-algeriens\/\"]}]},{\"@type\":\"ImageObject\",\"inLanguage\":\"fr-FR\",\"@id\":\"https:\/\/elmawkie.dz\/fr\/hadj-2026-preparatifs-intensifs-pour-laccueil-des-pelerins-algeriens\/#primaryimage\",\"url\":\"https:\/\/elmawkie.dz\/fr\/wp-content\/uploads\/2026\/05\/IMG_7630.jpeg\",\"contentUrl\":\"https:\/\/elmawkie.dz\/fr\/wp-content\/uploads\/2026\/05\/IMG_7630.jpeg\",\"width\":1920,\"height\":1158},{\"@type\":\"BreadcrumbList\",\"@id\":\"https:\/\/elmawkie.dz\/fr\/hadj-2026-preparatifs-intensifs-pour-laccueil-des-pelerins-algeriens\/#breadcrumb\",\"itemListElement\":[{\"@type\":\"ListItem\",\"position\":1,\"name\":\"Home\",\"item\":\"https:\/\/elmawkie.dz\/fr\/\"},{\"@type\":\"ListItem\",\"position\":2,\"name\":\"Hadj 2026: pr\u00e9paratifs intensifs pour l&rsquo;accueil des p\u00e8lerins alg\u00e9riens\"}]},{\"@type\":\"WebSite\",\"@id\":\"https:\/\/elmawkie.dz\/fr\/#website\",\"url\":\"https:\/\/elmawkie.dz\/fr\/\",\"name\":\"EL MAWKIE\",\"description\":\"Journal \u00c9lectronique Alg\u00e9rien\",\"publisher\":{\"@id\":\"https:\/\/elmawkie.dz\/fr\/#organization\"},\"potentialAction\":[{\"@type\":\"SearchAction\",\"target\":{\"@type\":\"EntryPoint\",\"urlTemplate\":\"https:\/\/elmawkie.dz\/fr\/?s={search_term_string}\"},\"query-input\":\"required name=search_term_string\"}],\"inLanguage\":\"fr-FR\"},{\"@type\":\"Organization\",\"@id\":\"https:\/\/elmawkie.dz\/fr\/#organization\",\"name\":\"EL MAWKIE\",\"url\":\"https:\/\/elmawkie.dz\/fr\/\",\"logo\":{\"@type\":\"ImageObject\",\"inLanguage\":\"fr-FR\",\"@id\":\"https:\/\/elmawkie.dz\/fr\/#\/schema\/logo\/image\/\",\"url\":\"https:\/\/elmawkie.dz\/fr\/wp-content\/uploads\/2024\/05\/logo1.png\",\"contentUrl\":\"https:\/\/elmawkie.dz\/fr\/wp-content\/uploads\/2024\/05\/logo1.png\",\"width\":1648,\"height\":652,\"caption\":\"EL MAWKIE\"},\"image\":{\"@id\":\"https:\/\/elmawkie.dz\/fr\/#\/schema\/logo\/image\/\"},\"sameAs\":[\"https:\/\/www.facebook.com\/profile.php?id=100088407094989&locale=fr_FR\"]},{\"@type\":\"Person\",\"@id\":\"https:\/\/elmawkie.dz\/fr\/#\/schema\/person\/e7bd59d6467874ba5c4723d8a9f0a63c\",\"name\":\"R\u00e9daction\",\"image\":{\"@type\":\"ImageObject\",\"inLanguage\":\"fr-FR\",\"@id\":\"https:\/\/elmawkie.dz\/fr\/#\/schema\/person\/image\/\",\"url\":\"https:\/\/secure.gravatar.com\/avatar\/f0f773456344da4d2788c054a3d30a0c?s=96&d=mm&r=g\",\"contentUrl\":\"https:\/\/secure.gravatar.com\/avatar\/f0f773456344da4d2788c054a3d30a0c?s=96&d=mm&r=g\",\"caption\":\"R\u00e9daction\"},\"url\":\"https:\/\/elmawkie.dz\/fr\/author\/redaction\/\"}]}<\/script>\n<!-- \/ Yoast SEO Premium plugin. -->","yoast_head_json":{"title":"Hadj 2026: pr\u00e9paratifs intensifs pour l'accueil des p\u00e8lerins alg\u00e9riens - El Mawkie","robots":{"index":"index","follow":"follow","max-snippet":"max-snippet:-1","max-image-preview":"max-image-preview:large","max-video-preview":"max-video-preview:-1"},"canonical":"https:\/\/elmawkie.dz\/fr\/hadj-2026-preparatifs-intensifs-pour-laccueil-des-pelerins-algeriens\/","og_locale":"fr_FR","og_type":"article","og_title":"Hadj 2026: pr\u00e9paratifs intensifs pour l'accueil des p\u00e8lerins alg\u00e9riens","og_description":"La mission alg\u00e9rienne du Hadj poursuit ses pr\u00e9paratifs intensifs en vue de l&rsquo;accueil des groupes de p\u00e8lerins alg\u00e9riens qui arrivent progressivement aux Lieux saints pour accomplir les rites du Hadj 1447H\/2026. Dans le cadre du suivi sur le terrain des pr\u00e9paratifs de la saison du Hadj, le consul g\u00e9n\u00e9ral d&rsquo;Alg\u00e9rie \u00e0 Djeddah, Mohamed El Habib &hellip;","og_url":"https:\/\/elmawkie.dz\/fr\/hadj-2026-preparatifs-intensifs-pour-laccueil-des-pelerins-algeriens\/","og_site_name":"El Mawkie","article_publisher":"https:\/\/www.facebook.com\/profile.php?id=100088407094989&locale=fr_FR","article_published_time":"2026-05-01T22:07:06+00:00","article_modified_time":"2026-05-01T22:07:07+00:00","og_image":[{"width":1920,"height":1158,"url":"https:\/\/elmawkie.dz\/fr\/wp-content\/uploads\/2026\/05\/IMG_7630.jpeg","type":"image\/jpeg"}],"author":"R\u00e9daction","twitter_card":"summary_large_image","twitter_misc":{"Written by":"R\u00e9daction","Est. reading time":"3 minutes"},"schema":{"@context":"https:\/\/schema.org","@graph":[{"@type":"Article","@id":"https:\/\/elmawkie.dz\/fr\/hadj-2026-preparatifs-intensifs-pour-laccueil-des-pelerins-algeriens\/#article","isPartOf":{"@id":"https:\/\/elmawkie.dz\/fr\/hadj-2026-preparatifs-intensifs-pour-laccueil-des-pelerins-algeriens\/"},"author":{"name":"R\u00e9daction","@id":"https:\/\/elmawkie.dz\/fr\/#\/schema\/person\/e7bd59d6467874ba5c4723d8a9f0a63c"},"headline":"Hadj 2026: pr\u00e9paratifs intensifs pour l&rsquo;accueil des p\u00e8lerins alg\u00e9riens","datePublished":"2026-05-01T22:07:06+00:00","dateModified":"2026-05-01T22:07:07+00:00","mainEntityOfPage":{"@id":"https:\/\/elmawkie.dz\/fr\/hadj-2026-preparatifs-intensifs-pour-laccueil-des-pelerins-algeriens\/"},"wordCount":500,"commentCount":0,"publisher":{"@id":"https:\/\/elmawkie.dz\/fr\/#organization"},"image":{"@id":"https:\/\/elmawkie.dz\/fr\/hadj-2026-preparatifs-intensifs-pour-laccueil-des-pelerins-algeriens\/#primaryimage"},"thumbnailUrl":"https:\/\/elmawkie.dz\/fr\/wp-content\/uploads\/2026\/05\/IMG_7630.jpeg","articleSection":["National"],"inLanguage":"fr-FR","potentialAction":[{"@type":"CommentAction","name":"Comment","target":["https:\/\/elmawkie.dz\/fr\/hadj-2026-preparatifs-intensifs-pour-laccueil-des-pelerins-algeriens\/#respond"]}]},{"@type":"WebPage","@id":"https:\/\/elmawkie.dz\/fr\/hadj-2026-preparatifs-intensifs-pour-laccueil-des-pelerins-algeriens\/","url":"https:\/\/elmawkie.dz\/fr\/hadj-2026-preparatifs-intensifs-pour-laccueil-des-pelerins-algeriens\/","name":"Hadj 2026: pr\u00e9paratifs intensifs pour l'accueil des p\u00e8lerins alg\u00e9riens - El Mawkie","isPartOf":{"@id":"https:\/\/elmawkie.dz\/fr\/#website"},"primaryImageOfPage":{"@id":"https:\/\/elmawkie.dz\/fr\/hadj-2026-preparatifs-intensifs-pour-laccueil-des-pelerins-algeriens\/#primaryimage"},"image":{"@id":"https:\/\/elmawkie.dz\/fr\/hadj-2026-preparatifs-intensifs-pour-laccueil-des-pelerins-algeriens\/#primaryimage"},"thumbnailUrl":"https:\/\/elmawkie.dz\/fr\/wp-content\/uploads\/2026\/05\/IMG_7630.jpeg","datePublished":"2026-05-01T22:07:06+00:00","dateModified":"2026-05-01T22:07:07+00:00","breadcrumb":{"@id":"https:\/\/elmawkie.dz\/fr\/hadj-2026-preparatifs-intensifs-pour-laccueil-des-pelerins-algeriens\/#breadcrumb"},"inLanguage":"fr-FR","potentialAction":[{"@type":"ReadAction","target":["https:\/\/elmawkie.dz\/fr\/hadj-2026-preparatifs-intensifs-pour-laccueil-des-pelerins-algeriens\/"]}]},{"@type":"ImageObject","inLanguage":"fr-FR","@id":"https:\/\/elmawkie.dz\/fr\/hadj-2026-preparatifs-intensifs-pour-laccueil-des-pelerins-algeriens\/#primaryimage","url":"https:\/\/elmawkie.dz\/fr\/wp-content\/uploads\/2026\/05\/IMG_7630.jpeg","contentUrl":"https:\/\/elmawkie.dz\/fr\/wp-content\/uploads\/2026\/05\/IMG_7630.jpeg","width":1920,"height":1158},{"@type":"BreadcrumbList","@id":"https:\/\/elmawkie.dz\/fr\/hadj-2026-preparatifs-intensifs-pour-laccueil-des-pelerins-algeriens\/#breadcrumb","itemListElement":[{"@type":"ListItem","position":1,"name":"Home","item":"https:\/\/elmawkie.dz\/fr\/"},{"@type":"ListItem","position":2,"name":"Hadj 2026: pr\u00e9paratifs intensifs pour l&rsquo;accueil des p\u00e8lerins alg\u00e9riens"}]},{"@type":"WebSite","@id":"https:\/\/elmawkie.dz\/fr\/#website","url":"https:\/\/elmawkie.dz\/fr\/","name":"EL MAWKIE","description":"Journal \u00c9lectronique Alg\u00e9rien","publisher":{"@id":"https:\/\/elmawkie.dz\/fr\/#organization"},"potentialAction":[{"@type":"SearchAction","target":{"@type":"EntryPoint","urlTemplate":"https:\/\/elmawkie.dz\/fr\/?s={search_term_string}"},"query-input":"required name=search_term_string"}],"inLanguage":"fr-FR"},{"@type":"Organization","@id":"https:\/\/elmawkie.dz\/fr\/#organization","name":"EL MAWKIE","url":"https:\/\/elmawkie.dz\/fr\/","logo":{"@type":"ImageObject","inLanguage":"fr-FR","@id":"https:\/\/elmawkie.dz\/fr\/#\/schema\/logo\/image\/","url":"https:\/\/elmawkie.dz\/fr\/wp-content\/uploads\/2024\/05\/logo1.png","contentUrl":"https:\/\/elmawkie.dz\/fr\/wp-content\/uploads\/2024\/05\/logo1.png","width":1648,"height":652,"caption":"EL MAWKIE"},"image":{"@id":"https:\/\/elmawkie.dz\/fr\/#\/schema\/logo\/image\/"},"sameAs":["https:\/\/www.facebook.com\/profile.php?id=100088407094989&locale=fr_FR"]},{"@type":"Person","@id":"https:\/\/elmawkie.dz\/fr\/#\/schema\/person\/e7bd59d6467874ba5c4723d8a9f0a63c","name":"R\u00e9daction","image":{"@type":"ImageObject","inLanguage":"fr-FR","@id":"https:\/\/elmawkie.dz\/fr\/#\/schema\/person\/image\/","url":"https:\/\/secure.gravatar.com\/avatar\/f0f773456344da4d2788c054a3d30a0c?s=96&d=mm&r=g","contentUrl":"https:\/\/secure.gravatar.com\/avatar\/f0f773456344da4d2788c054a3d30a0c?s=96&d=mm&r=g","caption":"R\u00e9daction"},"url":"https:\/\/elmawkie.dz\/fr\/author\/redaction\/"}]}},"_links":{"self":[{"href":"https:\/\/elmawkie.dz\/fr\/wp-json\/wp\/v2\/posts\/65077","targetHints":{"allow":["GET"]}}],"collection":[{"href":"https:\/\/elmawkie.dz\/fr\/wp-json\/wp\/v2\/posts"}],"about":[{"href":"https:\/\/elmawkie.dz\/fr\/wp-json\/wp\/v2\/types\/post"}],"author":[{"embeddable":true,"href":"https:\/\/elmawkie.dz\/fr\/wp-json\/wp\/v2\/users\/9"}],"replies":[{"embeddable":true,"href":"https:\/\/elmawkie.dz\/fr\/wp-json\/wp\/v2\/comments?post=65077"}],"version-history":[{"count":1,"href":"https:\/\/elmawkie.dz\/fr\/wp-json\/wp\/v2\/posts\/65077\/revisions"}],"predecessor-version":[{"id":65080,"href":"https:\/\/elmawkie.dz\/fr\/wp-json\/wp\/v2\/posts\/65077\/revisions\/65080"}],"wp:featuredmedia":[{"embeddable":true,"href":"https:\/\/elmawkie.dz\/fr\/wp-json\/wp\/v2\/media\/65079"}],"wp:attachment":[{"href":"https:\/\/elmawkie.dz\/fr\/wp-json\/wp\/v2\/media?parent=65077"}],"wp:term":[{"taxonomy":"category","embeddable":true,"href":"https:\/\/elmawkie.dz\/fr\/wp-json\/wp\/v2\/categories?post=65077"},{"taxonomy":"post_tag","embeddable":true,"href":"https:\/\/elmawkie.dz\/fr\/wp-json\/wp\/v2\/tags?post=65077"}],"curies":[{"name":"wp","href":"https:\/\/api.w.org\/{rel}","templated":true}]}}