{"id":65069,"date":"2026-05-01T22:34:54","date_gmt":"2026-05-01T21:34:54","guid":{"rendered":"https:\/\/elmawkie.dz\/fr\/?p=65069"},"modified":"2026-05-01T23:11:54","modified_gmt":"2026-05-01T22:11:54","slug":"le-president-de-la-republique-ordonne-levacuation-des-victimes-du-derapage-dun-bus-touristique-algerien-en-tunisie","status":"publish","type":"post","link":"https:\/\/elmawkie.dz\/fr\/le-president-de-la-republique-ordonne-levacuation-des-victimes-du-derapage-dun-bus-touristique-algerien-en-tunisie\/","title":{"rendered":"Le pr\u00e9sident de la R\u00e9publique ordonne l&rsquo;\u00e9vacuation des victimes du d\u00e9rapage d&rsquo;un bus touristique alg\u00e9rien en Tunisie"},"content":{"rendered":"\n<p>Le minist\u00e8re de la Sant\u00e9 a annonc\u00e9, vendredi dans un communiqu\u00e9, qu&rsquo;en application des instructions du pr\u00e9sident de la R\u00e9publique, M. Abdelmadjid Tebboune, un certain nombre de victimes de l&rsquo;accident de d\u00e9rapage d&rsquo;un bus touristique alg\u00e9rien survenu dans la r\u00e9gion de Medjez El Bab (Tunisie), ayant fait un mort et 41 bless\u00e9s, seront \u00e9vacu\u00e9es dans les prochaines heures, exprimant sa gratitude aux autorit\u00e9s tunisiennes pour leur intervention rapide et la bonne prise en charge des bless\u00e9s.<\/p>\n\n\n\n<p>\u00ab\u00a0Suite \u00e0 l&rsquo;accident de la circulation survenu ce vendredi 1er mai 2026 \u00e0 05h50 en R\u00e9publique tunisienne, consistant en le d\u00e9rapage d&rsquo;un bus touristique alg\u00e9rien au niveau de la r\u00e9gion de Medjez El Bab, un bilan provisoire fait \u00e9tat de 42 victimes, dont un d\u00e9c\u00e8s et 41 bless\u00e9s, toutes de nationalit\u00e9 alg\u00e9rienne\u00a0\u00bb, lit-on dans le communiqu\u00e9.<\/p>\n\n\n\n<p>\u00ab\u00a0Les bless\u00e9s ont \u00e9t\u00e9 pris en charge au niveau du Centre hospitalo-universitaire La Rabta, de l&rsquo;h\u00f4pital r\u00e9gional de B\u00e9ja et du CHU H\u00e9di Ra\u00efs, ainsi que par le service des urgences de l&rsquo;h\u00f4pital de Medjez El Bab, o\u00f9 les examens m\u00e9dicaux et le suivi sanitaire n\u00e9cessaire se poursuivent\u00a0\u00bb, selon la m\u00eame source.<\/p>\n\n\n\n<p>Conform\u00e9ment aux instructions du pr\u00e9sident de la R\u00e9publique, M. Abdelmadjid Tebboune, \u00ab\u00a0plusieurs victimes de cet accident seront \u00e9vacu\u00e9es dans les meilleures conditions dans les prochaines heures vers l&rsquo;Alg\u00e9rie. Un premier convoi d&rsquo;ambulances m\u00e9dicalis\u00e9es, appuy\u00e9 par des \u00e9quipes m\u00e9dicales et param\u00e9dicales, a d\u00e9j\u00e0 \u00e9t\u00e9 d\u00e9p\u00each\u00e9 vers le territoire tunisien afin d&rsquo;entamer l&rsquo;op\u00e9ration de transfert des bless\u00e9s\u00a0\u00bb, a-t-on indiqu\u00e9.<\/p>\n\n\n\n<p>Dans ce contexte, \u00ab\u00a0une cellule de crise suit de pr\u00e8s, depuis les premi\u00e8res heures et de mani\u00e8re intensive, tous les d\u00e9tails de cet accident tragique ainsi que l&rsquo;\u00e9volution de l&rsquo;\u00e9tat de sant\u00e9 des bless\u00e9s, le minist\u00e8re de la Sant\u00e9 demeurant en \u00e9tat d&rsquo;alerte maximale afin d&rsquo;assurer l&rsquo;accueil et l&rsquo;orientation des bless\u00e9s au niveau des \u00e9tablissements hospitaliers alg\u00e9riens\u00a0\u00bb, ajoute la m\u00eame source.<\/p>\n\n\n\n<p>Dans ce cadre, \u00ab\u00a0le minist\u00e8re de la Sant\u00e9 adresse ses sinc\u00e8res remerciements et sa profonde gratitude aux autorit\u00e9s tunisiennes pour la rapidit\u00e9 de leur intervention et la bonne prise en charge des bless\u00e9s, ce qui refl\u00e8te la profondeur des liens de fraternit\u00e9 et de solidarit\u00e9 entre les deux pays\u00a0\u00bb, conclut le texte.<\/p>\n","protected":false},"excerpt":{"rendered":"<p>Le minist\u00e8re de la Sant\u00e9 a annonc\u00e9, vendredi dans un communiqu\u00e9, qu&rsquo;en application des instructions du pr\u00e9sident de la R\u00e9publique, M. Abdelmadjid Tebboune, un certain nombre de victimes de l&rsquo;accident de d\u00e9rapage d&rsquo;un bus touristique alg\u00e9rien survenu dans la r\u00e9gion de Medjez El Bab (Tunisie), ayant fait un mort et 41 bless\u00e9s, seront \u00e9vacu\u00e9es dans &hellip;<\/p>\n","protected":false},"author":9,"featured_media":65090,"comment_status":"open","ping_status":"open","sticky":false,"template":"","format":"standard","meta":{"footnotes":""},"categories":[47],"tags":[213,596],"class_list":["post-65069","post","type-post","status-publish","format-standard","has-post-thumbnail","hentry","category-national","tag-abdelmadjid-tebboune","tag-le-president-de-la-republique"],"yoast_head":"<!-- This site is optimized with the Yoast SEO Premium plugin v22.6 (Yoast SEO v22.6) - https:\/\/yoast.com\/wordpress\/plugins\/seo\/ -->\n<title>Le pr\u00e9sident de la R\u00e9publique ordonne l&#039;\u00e9vacuation des victimes du d\u00e9rapage d&#039;un bus touristique alg\u00e9rien en Tunisie - El Mawkie<\/title>\n<meta name=\"robots\" content=\"index, follow, max-snippet:-1, max-image-preview:large, max-video-preview:-1\" \/>\n<link rel=\"canonical\" href=\"https:\/\/elmawkie.dz\/fr\/le-president-de-la-republique-ordonne-levacuation-des-victimes-du-derapage-dun-bus-touristique-algerien-en-tunisie\/\" \/>\n<meta property=\"og:locale\" content=\"fr_FR\" \/>\n<meta property=\"og:type\" content=\"article\" \/>\n<meta property=\"og:title\" content=\"Le pr\u00e9sident de la R\u00e9publique ordonne l&#039;\u00e9vacuation des victimes du d\u00e9rapage d&#039;un bus touristique alg\u00e9rien en Tunisie\" \/>\n<meta property=\"og:description\" content=\"Le minist\u00e8re de la Sant\u00e9 a annonc\u00e9, vendredi dans un communiqu\u00e9, qu&rsquo;en application des instructions du pr\u00e9sident de la R\u00e9publique, M. Abdelmadjid Tebboune, un certain nombre de victimes de l&rsquo;accident de d\u00e9rapage d&rsquo;un bus touristique alg\u00e9rien survenu dans la r\u00e9gion de Medjez El Bab (Tunisie), ayant fait un mort et 41 bless\u00e9s, seront \u00e9vacu\u00e9es dans &hellip;\" \/>\n<meta property=\"og:url\" content=\"https:\/\/elmawkie.dz\/fr\/le-president-de-la-republique-ordonne-levacuation-des-victimes-du-derapage-dun-bus-touristique-algerien-en-tunisie\/\" \/>\n<meta property=\"og:site_name\" content=\"El Mawkie\" \/>\n<meta property=\"article:publisher\" content=\"https:\/\/www.facebook.com\/profile.php?id=100088407094989&amp;locale=fr_FR\" \/>\n<meta property=\"article:published_time\" content=\"2026-05-01T21:34:54+00:00\" \/>\n<meta property=\"article:modified_time\" content=\"2026-05-01T22:11:54+00:00\" \/>\n<meta property=\"og:image\" content=\"https:\/\/elmawkie.dz\/fr\/wp-content\/uploads\/2026\/05\/IMG_7617.jpeg\" \/>\n\t<meta property=\"og:image:width\" content=\"1152\" \/>\n\t<meta property=\"og:image:height\" content=\"864\" \/>\n\t<meta property=\"og:image:type\" content=\"image\/jpeg\" \/>\n<meta name=\"author\" content=\"R\u00e9daction\" \/>\n<meta name=\"twitter:card\" content=\"summary_large_image\" \/>\n<meta name=\"twitter:label1\" content=\"Written by\" \/>\n\t<meta name=\"twitter:data1\" content=\"R\u00e9daction\" \/>\n\t<meta name=\"twitter:label2\" content=\"Est. reading time\" \/>\n\t<meta name=\"twitter:data2\" content=\"3 minutes\" \/>\n<script type=\"application\/ld+json\" class=\"yoast-schema-graph\">{\"@context\":\"https:\/\/schema.org\",\"@graph\":[{\"@type\":\"Article\",\"@id\":\"https:\/\/elmawkie.dz\/fr\/le-president-de-la-republique-ordonne-levacuation-des-victimes-du-derapage-dun-bus-touristique-algerien-en-tunisie\/#article\",\"isPartOf\":{\"@id\":\"https:\/\/elmawkie.dz\/fr\/le-president-de-la-republique-ordonne-levacuation-des-victimes-du-derapage-dun-bus-touristique-algerien-en-tunisie\/\"},\"author\":{\"name\":\"R\u00e9daction\",\"@id\":\"https:\/\/elmawkie.dz\/fr\/#\/schema\/person\/e7bd59d6467874ba5c4723d8a9f0a63c\"},\"headline\":\"Le pr\u00e9sident de la R\u00e9publique ordonne l&rsquo;\u00e9vacuation des victimes du d\u00e9rapage d&rsquo;un bus touristique alg\u00e9rien en Tunisie\",\"datePublished\":\"2026-05-01T21:34:54+00:00\",\"dateModified\":\"2026-05-01T22:11:54+00:00\",\"mainEntityOfPage\":{\"@id\":\"https:\/\/elmawkie.dz\/fr\/le-president-de-la-republique-ordonne-levacuation-des-victimes-du-derapage-dun-bus-touristique-algerien-en-tunisie\/\"},\"wordCount\":444,\"commentCount\":0,\"publisher\":{\"@id\":\"https:\/\/elmawkie.dz\/fr\/#organization\"},\"image\":{\"@id\":\"https:\/\/elmawkie.dz\/fr\/le-president-de-la-republique-ordonne-levacuation-des-victimes-du-derapage-dun-bus-touristique-algerien-en-tunisie\/#primaryimage\"},\"thumbnailUrl\":\"https:\/\/elmawkie.dz\/fr\/wp-content\/uploads\/2026\/05\/IMG_7617.jpeg\",\"keywords\":[\"Abdelmadjid Tebboune\",\"le pr\u00e9sident de la R\u00e9publique\"],\"articleSection\":[\"National\"],\"inLanguage\":\"fr-FR\",\"potentialAction\":[{\"@type\":\"CommentAction\",\"name\":\"Comment\",\"target\":[\"https:\/\/elmawkie.dz\/fr\/le-president-de-la-republique-ordonne-levacuation-des-victimes-du-derapage-dun-bus-touristique-algerien-en-tunisie\/#respond\"]}]},{\"@type\":\"WebPage\",\"@id\":\"https:\/\/elmawkie.dz\/fr\/le-president-de-la-republique-ordonne-levacuation-des-victimes-du-derapage-dun-bus-touristique-algerien-en-tunisie\/\",\"url\":\"https:\/\/elmawkie.dz\/fr\/le-president-de-la-republique-ordonne-levacuation-des-victimes-du-derapage-dun-bus-touristique-algerien-en-tunisie\/\",\"name\":\"Le pr\u00e9sident de la R\u00e9publique ordonne l'\u00e9vacuation des victimes du d\u00e9rapage d'un bus touristique alg\u00e9rien en Tunisie - El Mawkie\",\"isPartOf\":{\"@id\":\"https:\/\/elmawkie.dz\/fr\/#website\"},\"primaryImageOfPage\":{\"@id\":\"https:\/\/elmawkie.dz\/fr\/le-president-de-la-republique-ordonne-levacuation-des-victimes-du-derapage-dun-bus-touristique-algerien-en-tunisie\/#primaryimage\"},\"image\":{\"@id\":\"https:\/\/elmawkie.dz\/fr\/le-president-de-la-republique-ordonne-levacuation-des-victimes-du-derapage-dun-bus-touristique-algerien-en-tunisie\/#primaryimage\"},\"thumbnailUrl\":\"https:\/\/elmawkie.dz\/fr\/wp-content\/uploads\/2026\/05\/IMG_7617.jpeg\",\"datePublished\":\"2026-05-01T21:34:54+00:00\",\"dateModified\":\"2026-05-01T22:11:54+00:00\",\"breadcrumb\":{\"@id\":\"https:\/\/elmawkie.dz\/fr\/le-president-de-la-republique-ordonne-levacuation-des-victimes-du-derapage-dun-bus-touristique-algerien-en-tunisie\/#breadcrumb\"},\"inLanguage\":\"fr-FR\",\"potentialAction\":[{\"@type\":\"ReadAction\",\"target\":[\"https:\/\/elmawkie.dz\/fr\/le-president-de-la-republique-ordonne-levacuation-des-victimes-du-derapage-dun-bus-touristique-algerien-en-tunisie\/\"]}]},{\"@type\":\"ImageObject\",\"inLanguage\":\"fr-FR\",\"@id\":\"https:\/\/elmawkie.dz\/fr\/le-president-de-la-republique-ordonne-levacuation-des-victimes-du-derapage-dun-bus-touristique-algerien-en-tunisie\/#primaryimage\",\"url\":\"https:\/\/elmawkie.dz\/fr\/wp-content\/uploads\/2026\/05\/IMG_7617.jpeg\",\"contentUrl\":\"https:\/\/elmawkie.dz\/fr\/wp-content\/uploads\/2026\/05\/IMG_7617.jpeg\",\"width\":1152,\"height\":864},{\"@type\":\"BreadcrumbList\",\"@id\":\"https:\/\/elmawkie.dz\/fr\/le-president-de-la-republique-ordonne-levacuation-des-victimes-du-derapage-dun-bus-touristique-algerien-en-tunisie\/#breadcrumb\",\"itemListElement\":[{\"@type\":\"ListItem\",\"position\":1,\"name\":\"Home\",\"item\":\"https:\/\/elmawkie.dz\/fr\/\"},{\"@type\":\"ListItem\",\"position\":2,\"name\":\"Le pr\u00e9sident de la R\u00e9publique ordonne l&rsquo;\u00e9vacuation des victimes du d\u00e9rapage d&rsquo;un bus touristique alg\u00e9rien en Tunisie\"}]},{\"@type\":\"WebSite\",\"@id\":\"https:\/\/elmawkie.dz\/fr\/#website\",\"url\":\"https:\/\/elmawkie.dz\/fr\/\",\"name\":\"EL MAWKIE\",\"description\":\"Journal \u00c9lectronique Alg\u00e9rien\",\"publisher\":{\"@id\":\"https:\/\/elmawkie.dz\/fr\/#organization\"},\"potentialAction\":[{\"@type\":\"SearchAction\",\"target\":{\"@type\":\"EntryPoint\",\"urlTemplate\":\"https:\/\/elmawkie.dz\/fr\/?s={search_term_string}\"},\"query-input\":\"required name=search_term_string\"}],\"inLanguage\":\"fr-FR\"},{\"@type\":\"Organization\",\"@id\":\"https:\/\/elmawkie.dz\/fr\/#organization\",\"name\":\"EL MAWKIE\",\"url\":\"https:\/\/elmawkie.dz\/fr\/\",\"logo\":{\"@type\":\"ImageObject\",\"inLanguage\":\"fr-FR\",\"@id\":\"https:\/\/elmawkie.dz\/fr\/#\/schema\/logo\/image\/\",\"url\":\"https:\/\/elmawkie.dz\/fr\/wp-content\/uploads\/2024\/05\/logo1.png\",\"contentUrl\":\"https:\/\/elmawkie.dz\/fr\/wp-content\/uploads\/2024\/05\/logo1.png\",\"width\":1648,\"height\":652,\"caption\":\"EL MAWKIE\"},\"image\":{\"@id\":\"https:\/\/elmawkie.dz\/fr\/#\/schema\/logo\/image\/\"},\"sameAs\":[\"https:\/\/www.facebook.com\/profile.php?id=100088407094989&locale=fr_FR\"]},{\"@type\":\"Person\",\"@id\":\"https:\/\/elmawkie.dz\/fr\/#\/schema\/person\/e7bd59d6467874ba5c4723d8a9f0a63c\",\"name\":\"R\u00e9daction\",\"image\":{\"@type\":\"ImageObject\",\"inLanguage\":\"fr-FR\",\"@id\":\"https:\/\/elmawkie.dz\/fr\/#\/schema\/person\/image\/\",\"url\":\"https:\/\/secure.gravatar.com\/avatar\/f0f773456344da4d2788c054a3d30a0c?s=96&d=mm&r=g\",\"contentUrl\":\"https:\/\/secure.gravatar.com\/avatar\/f0f773456344da4d2788c054a3d30a0c?s=96&d=mm&r=g\",\"caption\":\"R\u00e9daction\"},\"url\":\"https:\/\/elmawkie.dz\/fr\/author\/redaction\/\"}]}<\/script>\n<!-- \/ Yoast SEO Premium plugin. -->","yoast_head_json":{"title":"Le pr\u00e9sident de la R\u00e9publique ordonne l'\u00e9vacuation des victimes du d\u00e9rapage d'un bus touristique alg\u00e9rien en Tunisie - El Mawkie","robots":{"index":"index","follow":"follow","max-snippet":"max-snippet:-1","max-image-preview":"max-image-preview:large","max-video-preview":"max-video-preview:-1"},"canonical":"https:\/\/elmawkie.dz\/fr\/le-president-de-la-republique-ordonne-levacuation-des-victimes-du-derapage-dun-bus-touristique-algerien-en-tunisie\/","og_locale":"fr_FR","og_type":"article","og_title":"Le pr\u00e9sident de la R\u00e9publique ordonne l'\u00e9vacuation des victimes du d\u00e9rapage d'un bus touristique alg\u00e9rien en Tunisie","og_description":"Le minist\u00e8re de la Sant\u00e9 a annonc\u00e9, vendredi dans un communiqu\u00e9, qu&rsquo;en application des instructions du pr\u00e9sident de la R\u00e9publique, M. Abdelmadjid Tebboune, un certain nombre de victimes de l&rsquo;accident de d\u00e9rapage d&rsquo;un bus touristique alg\u00e9rien survenu dans la r\u00e9gion de Medjez El Bab (Tunisie), ayant fait un mort et 41 bless\u00e9s, seront \u00e9vacu\u00e9es dans &hellip;","og_url":"https:\/\/elmawkie.dz\/fr\/le-president-de-la-republique-ordonne-levacuation-des-victimes-du-derapage-dun-bus-touristique-algerien-en-tunisie\/","og_site_name":"El Mawkie","article_publisher":"https:\/\/www.facebook.com\/profile.php?id=100088407094989&locale=fr_FR","article_published_time":"2026-05-01T21:34:54+00:00","article_modified_time":"2026-05-01T22:11:54+00:00","og_image":[{"width":1152,"height":864,"url":"https:\/\/elmawkie.dz\/fr\/wp-content\/uploads\/2026\/05\/IMG_7617.jpeg","type":"image\/jpeg"}],"author":"R\u00e9daction","twitter_card":"summary_large_image","twitter_misc":{"Written by":"R\u00e9daction","Est. reading time":"3 minutes"},"schema":{"@context":"https:\/\/schema.org","@graph":[{"@type":"Article","@id":"https:\/\/elmawkie.dz\/fr\/le-president-de-la-republique-ordonne-levacuation-des-victimes-du-derapage-dun-bus-touristique-algerien-en-tunisie\/#article","isPartOf":{"@id":"https:\/\/elmawkie.dz\/fr\/le-president-de-la-republique-ordonne-levacuation-des-victimes-du-derapage-dun-bus-touristique-algerien-en-tunisie\/"},"author":{"name":"R\u00e9daction","@id":"https:\/\/elmawkie.dz\/fr\/#\/schema\/person\/e7bd59d6467874ba5c4723d8a9f0a63c"},"headline":"Le pr\u00e9sident de la R\u00e9publique ordonne l&rsquo;\u00e9vacuation des victimes du d\u00e9rapage d&rsquo;un bus touristique alg\u00e9rien en Tunisie","datePublished":"2026-05-01T21:34:54+00:00","dateModified":"2026-05-01T22:11:54+00:00","mainEntityOfPage":{"@id":"https:\/\/elmawkie.dz\/fr\/le-president-de-la-republique-ordonne-levacuation-des-victimes-du-derapage-dun-bus-touristique-algerien-en-tunisie\/"},"wordCount":444,"commentCount":0,"publisher":{"@id":"https:\/\/elmawkie.dz\/fr\/#organization"},"image":{"@id":"https:\/\/elmawkie.dz\/fr\/le-president-de-la-republique-ordonne-levacuation-des-victimes-du-derapage-dun-bus-touristique-algerien-en-tunisie\/#primaryimage"},"thumbnailUrl":"https:\/\/elmawkie.dz\/fr\/wp-content\/uploads\/2026\/05\/IMG_7617.jpeg","keywords":["Abdelmadjid Tebboune","le pr\u00e9sident de la R\u00e9publique"],"articleSection":["National"],"inLanguage":"fr-FR","potentialAction":[{"@type":"CommentAction","name":"Comment","target":["https:\/\/elmawkie.dz\/fr\/le-president-de-la-republique-ordonne-levacuation-des-victimes-du-derapage-dun-bus-touristique-algerien-en-tunisie\/#respond"]}]},{"@type":"WebPage","@id":"https:\/\/elmawkie.dz\/fr\/le-president-de-la-republique-ordonne-levacuation-des-victimes-du-derapage-dun-bus-touristique-algerien-en-tunisie\/","url":"https:\/\/elmawkie.dz\/fr\/le-president-de-la-republique-ordonne-levacuation-des-victimes-du-derapage-dun-bus-touristique-algerien-en-tunisie\/","name":"Le pr\u00e9sident de la R\u00e9publique ordonne l'\u00e9vacuation des victimes du d\u00e9rapage d'un bus touristique alg\u00e9rien en Tunisie - El Mawkie","isPartOf":{"@id":"https:\/\/elmawkie.dz\/fr\/#website"},"primaryImageOfPage":{"@id":"https:\/\/elmawkie.dz\/fr\/le-president-de-la-republique-ordonne-levacuation-des-victimes-du-derapage-dun-bus-touristique-algerien-en-tunisie\/#primaryimage"},"image":{"@id":"https:\/\/elmawkie.dz\/fr\/le-president-de-la-republique-ordonne-levacuation-des-victimes-du-derapage-dun-bus-touristique-algerien-en-tunisie\/#primaryimage"},"thumbnailUrl":"https:\/\/elmawkie.dz\/fr\/wp-content\/uploads\/2026\/05\/IMG_7617.jpeg","datePublished":"2026-05-01T21:34:54+00:00","dateModified":"2026-05-01T22:11:54+00:00","breadcrumb":{"@id":"https:\/\/elmawkie.dz\/fr\/le-president-de-la-republique-ordonne-levacuation-des-victimes-du-derapage-dun-bus-touristique-algerien-en-tunisie\/#breadcrumb"},"inLanguage":"fr-FR","potentialAction":[{"@type":"ReadAction","target":["https:\/\/elmawkie.dz\/fr\/le-president-de-la-republique-ordonne-levacuation-des-victimes-du-derapage-dun-bus-touristique-algerien-en-tunisie\/"]}]},{"@type":"ImageObject","inLanguage":"fr-FR","@id":"https:\/\/elmawkie.dz\/fr\/le-president-de-la-republique-ordonne-levacuation-des-victimes-du-derapage-dun-bus-touristique-algerien-en-tunisie\/#primaryimage","url":"https:\/\/elmawkie.dz\/fr\/wp-content\/uploads\/2026\/05\/IMG_7617.jpeg","contentUrl":"https:\/\/elmawkie.dz\/fr\/wp-content\/uploads\/2026\/05\/IMG_7617.jpeg","width":1152,"height":864},{"@type":"BreadcrumbList","@id":"https:\/\/elmawkie.dz\/fr\/le-president-de-la-republique-ordonne-levacuation-des-victimes-du-derapage-dun-bus-touristique-algerien-en-tunisie\/#breadcrumb","itemListElement":[{"@type":"ListItem","position":1,"name":"Home","item":"https:\/\/elmawkie.dz\/fr\/"},{"@type":"ListItem","position":2,"name":"Le pr\u00e9sident de la R\u00e9publique ordonne l&rsquo;\u00e9vacuation des victimes du d\u00e9rapage d&rsquo;un bus touristique alg\u00e9rien en Tunisie"}]},{"@type":"WebSite","@id":"https:\/\/elmawkie.dz\/fr\/#website","url":"https:\/\/elmawkie.dz\/fr\/","name":"EL MAWKIE","description":"Journal \u00c9lectronique Alg\u00e9rien","publisher":{"@id":"https:\/\/elmawkie.dz\/fr\/#organization"},"potentialAction":[{"@type":"SearchAction","target":{"@type":"EntryPoint","urlTemplate":"https:\/\/elmawkie.dz\/fr\/?s={search_term_string}"},"query-input":"required name=search_term_string"}],"inLanguage":"fr-FR"},{"@type":"Organization","@id":"https:\/\/elmawkie.dz\/fr\/#organization","name":"EL MAWKIE","url":"https:\/\/elmawkie.dz\/fr\/","logo":{"@type":"ImageObject","inLanguage":"fr-FR","@id":"https:\/\/elmawkie.dz\/fr\/#\/schema\/logo\/image\/","url":"https:\/\/elmawkie.dz\/fr\/wp-content\/uploads\/2024\/05\/logo1.png","contentUrl":"https:\/\/elmawkie.dz\/fr\/wp-content\/uploads\/2024\/05\/logo1.png","width":1648,"height":652,"caption":"EL MAWKIE"},"image":{"@id":"https:\/\/elmawkie.dz\/fr\/#\/schema\/logo\/image\/"},"sameAs":["https:\/\/www.facebook.com\/profile.php?id=100088407094989&locale=fr_FR"]},{"@type":"Person","@id":"https:\/\/elmawkie.dz\/fr\/#\/schema\/person\/e7bd59d6467874ba5c4723d8a9f0a63c","name":"R\u00e9daction","image":{"@type":"ImageObject","inLanguage":"fr-FR","@id":"https:\/\/elmawkie.dz\/fr\/#\/schema\/person\/image\/","url":"https:\/\/secure.gravatar.com\/avatar\/f0f773456344da4d2788c054a3d30a0c?s=96&d=mm&r=g","contentUrl":"https:\/\/secure.gravatar.com\/avatar\/f0f773456344da4d2788c054a3d30a0c?s=96&d=mm&r=g","caption":"R\u00e9daction"},"url":"https:\/\/elmawkie.dz\/fr\/author\/redaction\/"}]}},"_links":{"self":[{"href":"https:\/\/elmawkie.dz\/fr\/wp-json\/wp\/v2\/posts\/65069","targetHints":{"allow":["GET"]}}],"collection":[{"href":"https:\/\/elmawkie.dz\/fr\/wp-json\/wp\/v2\/posts"}],"about":[{"href":"https:\/\/elmawkie.dz\/fr\/wp-json\/wp\/v2\/types\/post"}],"author":[{"embeddable":true,"href":"https:\/\/elmawkie.dz\/fr\/wp-json\/wp\/v2\/users\/9"}],"replies":[{"embeddable":true,"href":"https:\/\/elmawkie.dz\/fr\/wp-json\/wp\/v2\/comments?post=65069"}],"version-history":[{"count":1,"href":"https:\/\/elmawkie.dz\/fr\/wp-json\/wp\/v2\/posts\/65069\/revisions"}],"predecessor-version":[{"id":65076,"href":"https:\/\/elmawkie.dz\/fr\/wp-json\/wp\/v2\/posts\/65069\/revisions\/65076"}],"wp:featuredmedia":[{"embeddable":true,"href":"https:\/\/elmawkie.dz\/fr\/wp-json\/wp\/v2\/media\/65090"}],"wp:attachment":[{"href":"https:\/\/elmawkie.dz\/fr\/wp-json\/wp\/v2\/media?parent=65069"}],"wp:term":[{"taxonomy":"category","embeddable":true,"href":"https:\/\/elmawkie.dz\/fr\/wp-json\/wp\/v2\/categories?post=65069"},{"taxonomy":"post_tag","embeddable":true,"href":"https:\/\/elmawkie.dz\/fr\/wp-json\/wp\/v2\/tags?post=65069"}],"curies":[{"name":"wp","href":"https:\/\/api.w.org\/{rel}","templated":true}]}}