{"id":65065,"date":"2026-05-01T22:23:24","date_gmt":"2026-05-01T21:23:24","guid":{"rendered":"https:\/\/elmawkie.dz\/fr\/?p=65065"},"modified":"2026-05-01T22:23:25","modified_gmt":"2026-05-01T21:23:25","slug":"m-chaib-rencontre-a-madrid-des-membres-de-la-communaute-nationale","status":"publish","type":"post","link":"https:\/\/elmawkie.dz\/fr\/m-chaib-rencontre-a-madrid-des-membres-de-la-communaute-nationale\/","title":{"rendered":"M. Chaib rencontre \u00e0 Madrid des membres de la communaut\u00e9 nationale"},"content":{"rendered":"\n<p>Le secr\u00e9taire d&rsquo;Etat aupr\u00e8s du ministre des Affaires \u00e9trang\u00e8res, charg\u00e9 de la Communaut\u00e9 nationale \u00e0 l&rsquo;\u00e9tranger, Sofiane Chaib, a tenu une rencontre avec les membres de la communaut\u00e9 nationale relevant de la circonscription consulaire de Madrid, dans le cadre de sa visite de travail en Espagne, a indiqu\u00e9 vendredi un communiqu\u00e9 du minist\u00e8re.<\/p>\n\n\n\n<p>\u00ab\u00a0Dans le cadre de la poursuite de la s\u00e9rie de rencontres programm\u00e9es avec les membres de notre communaut\u00e9 nationale \u00e9tablie au Royaume d&rsquo;Espagne, et \u00e0 l&rsquo;occasion de la visite de travail qu&rsquo;il effectue dans ce pays, le secr\u00e9taire d&rsquo;Etat aupr\u00e8s du ministre des Affaires \u00e9trang\u00e8res, charg\u00e9 de la Communaut\u00e9 nationale \u00e0 l&rsquo;\u00e9tranger, M. Sofiane Chaib, a rencontr\u00e9 des membres de la communaut\u00e9 nationale relevant de la circonscription consulaire de Madrid, en pr\u00e9sence de l&rsquo;ambassadeur d&rsquo;Alg\u00e9rie aupr\u00e8s du Royaume d&rsquo;Espagne\u00a0\u00bb, lit-on dans le communiqu\u00e9. Cette rencontre s&rsquo;est d\u00e9roul\u00e9e \u00ab\u00a0dans une ambiance conviviale et fraternelle, marqu\u00e9e par un dialogue ouvert et des discussions constructives et riches, ayant permis d&rsquo;aborder diverses questions et pr\u00e9occupations int\u00e9ressant les membres de notre communaut\u00e9 nationale \u00e0 l&rsquo;\u00e9tranger\u00a0\u00bb, selon le texte.<\/p>\n\n\n\n<p>Dans une allocution prononc\u00e9e \u00e0 cette occasion, le secr\u00e9taire d&rsquo;Etat a soulign\u00e9 l'\u00a0\u00bbint\u00e9r\u00eat particulier accord\u00e9 par les hautes autorit\u00e9s du pays aux membres de notre communaut\u00e9 nationale \u00e0 l&rsquo;\u00e9tranger\u00a0\u00bb, r\u00e9affirmant \u00ab\u00a0leur engagement ferme \u00e0 assurer une prise en charge efficace et rapide de leurs pr\u00e9occupations et \u00e0 renforcer les canaux de communication permanente et directe avec eux\u00a0\u00bb, ajoute la m\u00eame source.<\/p>\n\n\n\n<p>M. Chaib a \u00e9galement \u00ab\u00a0pass\u00e9 en revue les efforts continus d\u00e9ploy\u00e9s par l&rsquo;Etat en mati\u00e8re de modernisation et de num\u00e9risation des services consulaires, ainsi que de simplification de leurs proc\u00e9dures afin de r\u00e9pondre aux aspirations de notre communaut\u00e9 \u00e0 l&rsquo;\u00e9tranger, outre les pr\u00e9paratifs en cours en pr\u00e9vision de la saison estivale, notamment pour ce qui est de la facilitation du retour de nos concitoyens au pays, et la garantie des meilleures conditions d&rsquo;accueil et de mobilit\u00e9\u00a0\u00bb, conclut le communiqu\u00e9.<\/p>\n","protected":false},"excerpt":{"rendered":"<p>Le secr\u00e9taire d&rsquo;Etat aupr\u00e8s du ministre des Affaires \u00e9trang\u00e8res, charg\u00e9 de la Communaut\u00e9 nationale \u00e0 l&rsquo;\u00e9tranger, Sofiane Chaib, a tenu une rencontre avec les membres de la communaut\u00e9 nationale relevant de la circonscription consulaire de Madrid, dans le cadre de sa visite de travail en Espagne, a indiqu\u00e9 vendredi un communiqu\u00e9 du minist\u00e8re. \u00ab\u00a0Dans le &hellip;<\/p>\n","protected":false},"author":9,"featured_media":65067,"comment_status":"open","ping_status":"open","sticky":false,"template":"","format":"standard","meta":{"footnotes":""},"categories":[35,47],"tags":[],"class_list":["post-65065","post","type-post","status-publish","format-standard","has-post-thumbnail","hentry","category-diplomatie","category-national"],"yoast_head":"<!-- This site is optimized with the Yoast SEO Premium plugin v22.6 (Yoast SEO v22.6) - https:\/\/yoast.com\/wordpress\/plugins\/seo\/ -->\n<title>M. Chaib rencontre \u00e0 Madrid des membres de la communaut\u00e9 nationale - El Mawkie<\/title>\n<meta name=\"robots\" content=\"index, follow, max-snippet:-1, max-image-preview:large, max-video-preview:-1\" \/>\n<link rel=\"canonical\" href=\"https:\/\/elmawkie.dz\/fr\/m-chaib-rencontre-a-madrid-des-membres-de-la-communaute-nationale\/\" \/>\n<meta property=\"og:locale\" content=\"fr_FR\" \/>\n<meta property=\"og:type\" content=\"article\" \/>\n<meta property=\"og:title\" content=\"M. Chaib rencontre \u00e0 Madrid des membres de la communaut\u00e9 nationale\" \/>\n<meta property=\"og:description\" content=\"Le secr\u00e9taire d&rsquo;Etat aupr\u00e8s du ministre des Affaires \u00e9trang\u00e8res, charg\u00e9 de la Communaut\u00e9 nationale \u00e0 l&rsquo;\u00e9tranger, Sofiane Chaib, a tenu une rencontre avec les membres de la communaut\u00e9 nationale relevant de la circonscription consulaire de Madrid, dans le cadre de sa visite de travail en Espagne, a indiqu\u00e9 vendredi un communiqu\u00e9 du minist\u00e8re. \u00ab\u00a0Dans le &hellip;\" \/>\n<meta property=\"og:url\" content=\"https:\/\/elmawkie.dz\/fr\/m-chaib-rencontre-a-madrid-des-membres-de-la-communaute-nationale\/\" \/>\n<meta property=\"og:site_name\" content=\"El Mawkie\" \/>\n<meta property=\"article:publisher\" content=\"https:\/\/www.facebook.com\/profile.php?id=100088407094989&amp;locale=fr_FR\" \/>\n<meta property=\"article:published_time\" content=\"2026-05-01T21:23:24+00:00\" \/>\n<meta property=\"article:modified_time\" content=\"2026-05-01T21:23:25+00:00\" \/>\n<meta property=\"og:image\" content=\"https:\/\/elmawkie.dz\/fr\/wp-content\/uploads\/2026\/05\/IMG_7587.jpeg\" \/>\n\t<meta property=\"og:image:width\" content=\"1600\" \/>\n\t<meta property=\"og:image:height\" content=\"1066\" \/>\n\t<meta property=\"og:image:type\" content=\"image\/jpeg\" \/>\n<meta name=\"author\" content=\"R\u00e9daction\" \/>\n<meta name=\"twitter:card\" content=\"summary_large_image\" \/>\n<meta name=\"twitter:label1\" content=\"Written by\" \/>\n\t<meta name=\"twitter:data1\" content=\"R\u00e9daction\" \/>\n\t<meta name=\"twitter:label2\" content=\"Est. reading time\" \/>\n\t<meta name=\"twitter:data2\" content=\"2 minutes\" \/>\n<script type=\"application\/ld+json\" class=\"yoast-schema-graph\">{\"@context\":\"https:\/\/schema.org\",\"@graph\":[{\"@type\":\"Article\",\"@id\":\"https:\/\/elmawkie.dz\/fr\/m-chaib-rencontre-a-madrid-des-membres-de-la-communaute-nationale\/#article\",\"isPartOf\":{\"@id\":\"https:\/\/elmawkie.dz\/fr\/m-chaib-rencontre-a-madrid-des-membres-de-la-communaute-nationale\/\"},\"author\":{\"name\":\"R\u00e9daction\",\"@id\":\"https:\/\/elmawkie.dz\/fr\/#\/schema\/person\/e7bd59d6467874ba5c4723d8a9f0a63c\"},\"headline\":\"M. Chaib rencontre \u00e0 Madrid des membres de la communaut\u00e9 nationale\",\"datePublished\":\"2026-05-01T21:23:24+00:00\",\"dateModified\":\"2026-05-01T21:23:25+00:00\",\"mainEntityOfPage\":{\"@id\":\"https:\/\/elmawkie.dz\/fr\/m-chaib-rencontre-a-madrid-des-membres-de-la-communaute-nationale\/\"},\"wordCount\":369,\"commentCount\":0,\"publisher\":{\"@id\":\"https:\/\/elmawkie.dz\/fr\/#organization\"},\"image\":{\"@id\":\"https:\/\/elmawkie.dz\/fr\/m-chaib-rencontre-a-madrid-des-membres-de-la-communaute-nationale\/#primaryimage\"},\"thumbnailUrl\":\"https:\/\/elmawkie.dz\/fr\/wp-content\/uploads\/2026\/05\/IMG_7587.jpeg\",\"articleSection\":[\"Diplomatie\",\"National\"],\"inLanguage\":\"fr-FR\",\"potentialAction\":[{\"@type\":\"CommentAction\",\"name\":\"Comment\",\"target\":[\"https:\/\/elmawkie.dz\/fr\/m-chaib-rencontre-a-madrid-des-membres-de-la-communaute-nationale\/#respond\"]}]},{\"@type\":\"WebPage\",\"@id\":\"https:\/\/elmawkie.dz\/fr\/m-chaib-rencontre-a-madrid-des-membres-de-la-communaute-nationale\/\",\"url\":\"https:\/\/elmawkie.dz\/fr\/m-chaib-rencontre-a-madrid-des-membres-de-la-communaute-nationale\/\",\"name\":\"M. Chaib rencontre \u00e0 Madrid des membres de la communaut\u00e9 nationale - El Mawkie\",\"isPartOf\":{\"@id\":\"https:\/\/elmawkie.dz\/fr\/#website\"},\"primaryImageOfPage\":{\"@id\":\"https:\/\/elmawkie.dz\/fr\/m-chaib-rencontre-a-madrid-des-membres-de-la-communaute-nationale\/#primaryimage\"},\"image\":{\"@id\":\"https:\/\/elmawkie.dz\/fr\/m-chaib-rencontre-a-madrid-des-membres-de-la-communaute-nationale\/#primaryimage\"},\"thumbnailUrl\":\"https:\/\/elmawkie.dz\/fr\/wp-content\/uploads\/2026\/05\/IMG_7587.jpeg\",\"datePublished\":\"2026-05-01T21:23:24+00:00\",\"dateModified\":\"2026-05-01T21:23:25+00:00\",\"breadcrumb\":{\"@id\":\"https:\/\/elmawkie.dz\/fr\/m-chaib-rencontre-a-madrid-des-membres-de-la-communaute-nationale\/#breadcrumb\"},\"inLanguage\":\"fr-FR\",\"potentialAction\":[{\"@type\":\"ReadAction\",\"target\":[\"https:\/\/elmawkie.dz\/fr\/m-chaib-rencontre-a-madrid-des-membres-de-la-communaute-nationale\/\"]}]},{\"@type\":\"ImageObject\",\"inLanguage\":\"fr-FR\",\"@id\":\"https:\/\/elmawkie.dz\/fr\/m-chaib-rencontre-a-madrid-des-membres-de-la-communaute-nationale\/#primaryimage\",\"url\":\"https:\/\/elmawkie.dz\/fr\/wp-content\/uploads\/2026\/05\/IMG_7587.jpeg\",\"contentUrl\":\"https:\/\/elmawkie.dz\/fr\/wp-content\/uploads\/2026\/05\/IMG_7587.jpeg\",\"width\":1600,\"height\":1066},{\"@type\":\"BreadcrumbList\",\"@id\":\"https:\/\/elmawkie.dz\/fr\/m-chaib-rencontre-a-madrid-des-membres-de-la-communaute-nationale\/#breadcrumb\",\"itemListElement\":[{\"@type\":\"ListItem\",\"position\":1,\"name\":\"Home\",\"item\":\"https:\/\/elmawkie.dz\/fr\/\"},{\"@type\":\"ListItem\",\"position\":2,\"name\":\"M. Chaib rencontre \u00e0 Madrid des membres de la communaut\u00e9 nationale\"}]},{\"@type\":\"WebSite\",\"@id\":\"https:\/\/elmawkie.dz\/fr\/#website\",\"url\":\"https:\/\/elmawkie.dz\/fr\/\",\"name\":\"EL MAWKIE\",\"description\":\"Journal \u00c9lectronique Alg\u00e9rien\",\"publisher\":{\"@id\":\"https:\/\/elmawkie.dz\/fr\/#organization\"},\"potentialAction\":[{\"@type\":\"SearchAction\",\"target\":{\"@type\":\"EntryPoint\",\"urlTemplate\":\"https:\/\/elmawkie.dz\/fr\/?s={search_term_string}\"},\"query-input\":\"required name=search_term_string\"}],\"inLanguage\":\"fr-FR\"},{\"@type\":\"Organization\",\"@id\":\"https:\/\/elmawkie.dz\/fr\/#organization\",\"name\":\"EL MAWKIE\",\"url\":\"https:\/\/elmawkie.dz\/fr\/\",\"logo\":{\"@type\":\"ImageObject\",\"inLanguage\":\"fr-FR\",\"@id\":\"https:\/\/elmawkie.dz\/fr\/#\/schema\/logo\/image\/\",\"url\":\"https:\/\/elmawkie.dz\/fr\/wp-content\/uploads\/2024\/05\/logo1.png\",\"contentUrl\":\"https:\/\/elmawkie.dz\/fr\/wp-content\/uploads\/2024\/05\/logo1.png\",\"width\":1648,\"height\":652,\"caption\":\"EL MAWKIE\"},\"image\":{\"@id\":\"https:\/\/elmawkie.dz\/fr\/#\/schema\/logo\/image\/\"},\"sameAs\":[\"https:\/\/www.facebook.com\/profile.php?id=100088407094989&locale=fr_FR\"]},{\"@type\":\"Person\",\"@id\":\"https:\/\/elmawkie.dz\/fr\/#\/schema\/person\/e7bd59d6467874ba5c4723d8a9f0a63c\",\"name\":\"R\u00e9daction\",\"image\":{\"@type\":\"ImageObject\",\"inLanguage\":\"fr-FR\",\"@id\":\"https:\/\/elmawkie.dz\/fr\/#\/schema\/person\/image\/\",\"url\":\"https:\/\/secure.gravatar.com\/avatar\/f0f773456344da4d2788c054a3d30a0c?s=96&d=mm&r=g\",\"contentUrl\":\"https:\/\/secure.gravatar.com\/avatar\/f0f773456344da4d2788c054a3d30a0c?s=96&d=mm&r=g\",\"caption\":\"R\u00e9daction\"},\"url\":\"https:\/\/elmawkie.dz\/fr\/author\/redaction\/\"}]}<\/script>\n<!-- \/ Yoast SEO Premium plugin. -->","yoast_head_json":{"title":"M. Chaib rencontre \u00e0 Madrid des membres de la communaut\u00e9 nationale - El Mawkie","robots":{"index":"index","follow":"follow","max-snippet":"max-snippet:-1","max-image-preview":"max-image-preview:large","max-video-preview":"max-video-preview:-1"},"canonical":"https:\/\/elmawkie.dz\/fr\/m-chaib-rencontre-a-madrid-des-membres-de-la-communaute-nationale\/","og_locale":"fr_FR","og_type":"article","og_title":"M. Chaib rencontre \u00e0 Madrid des membres de la communaut\u00e9 nationale","og_description":"Le secr\u00e9taire d&rsquo;Etat aupr\u00e8s du ministre des Affaires \u00e9trang\u00e8res, charg\u00e9 de la Communaut\u00e9 nationale \u00e0 l&rsquo;\u00e9tranger, Sofiane Chaib, a tenu une rencontre avec les membres de la communaut\u00e9 nationale relevant de la circonscription consulaire de Madrid, dans le cadre de sa visite de travail en Espagne, a indiqu\u00e9 vendredi un communiqu\u00e9 du minist\u00e8re. \u00ab\u00a0Dans le &hellip;","og_url":"https:\/\/elmawkie.dz\/fr\/m-chaib-rencontre-a-madrid-des-membres-de-la-communaute-nationale\/","og_site_name":"El Mawkie","article_publisher":"https:\/\/www.facebook.com\/profile.php?id=100088407094989&locale=fr_FR","article_published_time":"2026-05-01T21:23:24+00:00","article_modified_time":"2026-05-01T21:23:25+00:00","og_image":[{"width":1600,"height":1066,"url":"https:\/\/elmawkie.dz\/fr\/wp-content\/uploads\/2026\/05\/IMG_7587.jpeg","type":"image\/jpeg"}],"author":"R\u00e9daction","twitter_card":"summary_large_image","twitter_misc":{"Written by":"R\u00e9daction","Est. reading time":"2 minutes"},"schema":{"@context":"https:\/\/schema.org","@graph":[{"@type":"Article","@id":"https:\/\/elmawkie.dz\/fr\/m-chaib-rencontre-a-madrid-des-membres-de-la-communaute-nationale\/#article","isPartOf":{"@id":"https:\/\/elmawkie.dz\/fr\/m-chaib-rencontre-a-madrid-des-membres-de-la-communaute-nationale\/"},"author":{"name":"R\u00e9daction","@id":"https:\/\/elmawkie.dz\/fr\/#\/schema\/person\/e7bd59d6467874ba5c4723d8a9f0a63c"},"headline":"M. Chaib rencontre \u00e0 Madrid des membres de la communaut\u00e9 nationale","datePublished":"2026-05-01T21:23:24+00:00","dateModified":"2026-05-01T21:23:25+00:00","mainEntityOfPage":{"@id":"https:\/\/elmawkie.dz\/fr\/m-chaib-rencontre-a-madrid-des-membres-de-la-communaute-nationale\/"},"wordCount":369,"commentCount":0,"publisher":{"@id":"https:\/\/elmawkie.dz\/fr\/#organization"},"image":{"@id":"https:\/\/elmawkie.dz\/fr\/m-chaib-rencontre-a-madrid-des-membres-de-la-communaute-nationale\/#primaryimage"},"thumbnailUrl":"https:\/\/elmawkie.dz\/fr\/wp-content\/uploads\/2026\/05\/IMG_7587.jpeg","articleSection":["Diplomatie","National"],"inLanguage":"fr-FR","potentialAction":[{"@type":"CommentAction","name":"Comment","target":["https:\/\/elmawkie.dz\/fr\/m-chaib-rencontre-a-madrid-des-membres-de-la-communaute-nationale\/#respond"]}]},{"@type":"WebPage","@id":"https:\/\/elmawkie.dz\/fr\/m-chaib-rencontre-a-madrid-des-membres-de-la-communaute-nationale\/","url":"https:\/\/elmawkie.dz\/fr\/m-chaib-rencontre-a-madrid-des-membres-de-la-communaute-nationale\/","name":"M. Chaib rencontre \u00e0 Madrid des membres de la communaut\u00e9 nationale - El Mawkie","isPartOf":{"@id":"https:\/\/elmawkie.dz\/fr\/#website"},"primaryImageOfPage":{"@id":"https:\/\/elmawkie.dz\/fr\/m-chaib-rencontre-a-madrid-des-membres-de-la-communaute-nationale\/#primaryimage"},"image":{"@id":"https:\/\/elmawkie.dz\/fr\/m-chaib-rencontre-a-madrid-des-membres-de-la-communaute-nationale\/#primaryimage"},"thumbnailUrl":"https:\/\/elmawkie.dz\/fr\/wp-content\/uploads\/2026\/05\/IMG_7587.jpeg","datePublished":"2026-05-01T21:23:24+00:00","dateModified":"2026-05-01T21:23:25+00:00","breadcrumb":{"@id":"https:\/\/elmawkie.dz\/fr\/m-chaib-rencontre-a-madrid-des-membres-de-la-communaute-nationale\/#breadcrumb"},"inLanguage":"fr-FR","potentialAction":[{"@type":"ReadAction","target":["https:\/\/elmawkie.dz\/fr\/m-chaib-rencontre-a-madrid-des-membres-de-la-communaute-nationale\/"]}]},{"@type":"ImageObject","inLanguage":"fr-FR","@id":"https:\/\/elmawkie.dz\/fr\/m-chaib-rencontre-a-madrid-des-membres-de-la-communaute-nationale\/#primaryimage","url":"https:\/\/elmawkie.dz\/fr\/wp-content\/uploads\/2026\/05\/IMG_7587.jpeg","contentUrl":"https:\/\/elmawkie.dz\/fr\/wp-content\/uploads\/2026\/05\/IMG_7587.jpeg","width":1600,"height":1066},{"@type":"BreadcrumbList","@id":"https:\/\/elmawkie.dz\/fr\/m-chaib-rencontre-a-madrid-des-membres-de-la-communaute-nationale\/#breadcrumb","itemListElement":[{"@type":"ListItem","position":1,"name":"Home","item":"https:\/\/elmawkie.dz\/fr\/"},{"@type":"ListItem","position":2,"name":"M. Chaib rencontre \u00e0 Madrid des membres de la communaut\u00e9 nationale"}]},{"@type":"WebSite","@id":"https:\/\/elmawkie.dz\/fr\/#website","url":"https:\/\/elmawkie.dz\/fr\/","name":"EL MAWKIE","description":"Journal \u00c9lectronique Alg\u00e9rien","publisher":{"@id":"https:\/\/elmawkie.dz\/fr\/#organization"},"potentialAction":[{"@type":"SearchAction","target":{"@type":"EntryPoint","urlTemplate":"https:\/\/elmawkie.dz\/fr\/?s={search_term_string}"},"query-input":"required name=search_term_string"}],"inLanguage":"fr-FR"},{"@type":"Organization","@id":"https:\/\/elmawkie.dz\/fr\/#organization","name":"EL MAWKIE","url":"https:\/\/elmawkie.dz\/fr\/","logo":{"@type":"ImageObject","inLanguage":"fr-FR","@id":"https:\/\/elmawkie.dz\/fr\/#\/schema\/logo\/image\/","url":"https:\/\/elmawkie.dz\/fr\/wp-content\/uploads\/2024\/05\/logo1.png","contentUrl":"https:\/\/elmawkie.dz\/fr\/wp-content\/uploads\/2024\/05\/logo1.png","width":1648,"height":652,"caption":"EL MAWKIE"},"image":{"@id":"https:\/\/elmawkie.dz\/fr\/#\/schema\/logo\/image\/"},"sameAs":["https:\/\/www.facebook.com\/profile.php?id=100088407094989&locale=fr_FR"]},{"@type":"Person","@id":"https:\/\/elmawkie.dz\/fr\/#\/schema\/person\/e7bd59d6467874ba5c4723d8a9f0a63c","name":"R\u00e9daction","image":{"@type":"ImageObject","inLanguage":"fr-FR","@id":"https:\/\/elmawkie.dz\/fr\/#\/schema\/person\/image\/","url":"https:\/\/secure.gravatar.com\/avatar\/f0f773456344da4d2788c054a3d30a0c?s=96&d=mm&r=g","contentUrl":"https:\/\/secure.gravatar.com\/avatar\/f0f773456344da4d2788c054a3d30a0c?s=96&d=mm&r=g","caption":"R\u00e9daction"},"url":"https:\/\/elmawkie.dz\/fr\/author\/redaction\/"}]}},"_links":{"self":[{"href":"https:\/\/elmawkie.dz\/fr\/wp-json\/wp\/v2\/posts\/65065","targetHints":{"allow":["GET"]}}],"collection":[{"href":"https:\/\/elmawkie.dz\/fr\/wp-json\/wp\/v2\/posts"}],"about":[{"href":"https:\/\/elmawkie.dz\/fr\/wp-json\/wp\/v2\/types\/post"}],"author":[{"embeddable":true,"href":"https:\/\/elmawkie.dz\/fr\/wp-json\/wp\/v2\/users\/9"}],"replies":[{"embeddable":true,"href":"https:\/\/elmawkie.dz\/fr\/wp-json\/wp\/v2\/comments?post=65065"}],"version-history":[{"count":1,"href":"https:\/\/elmawkie.dz\/fr\/wp-json\/wp\/v2\/posts\/65065\/revisions"}],"predecessor-version":[{"id":65068,"href":"https:\/\/elmawkie.dz\/fr\/wp-json\/wp\/v2\/posts\/65065\/revisions\/65068"}],"wp:featuredmedia":[{"embeddable":true,"href":"https:\/\/elmawkie.dz\/fr\/wp-json\/wp\/v2\/media\/65067"}],"wp:attachment":[{"href":"https:\/\/elmawkie.dz\/fr\/wp-json\/wp\/v2\/media?parent=65065"}],"wp:term":[{"taxonomy":"category","embeddable":true,"href":"https:\/\/elmawkie.dz\/fr\/wp-json\/wp\/v2\/categories?post=65065"},{"taxonomy":"post_tag","embeddable":true,"href":"https:\/\/elmawkie.dz\/fr\/wp-json\/wp\/v2\/tags?post=65065"}],"curies":[{"name":"wp","href":"https:\/\/api.w.org\/{rel}","templated":true}]}}