{"id":65061,"date":"2026-05-01T22:22:13","date_gmt":"2026-05-01T21:22:13","guid":{"rendered":"https:\/\/elmawkie.dz\/fr\/?p=65061"},"modified":"2026-05-01T22:22:14","modified_gmt":"2026-05-01T21:22:14","slug":"le-president-du-parlement-arabe-felicite-m-boutbig-pour-son-election-a-la-presidence-du-pap","status":"publish","type":"post","link":"https:\/\/elmawkie.dz\/fr\/le-president-du-parlement-arabe-felicite-m-boutbig-pour-son-election-a-la-presidence-du-pap\/","title":{"rendered":"Le pr\u00e9sident du Parlement arabe f\u00e9licite M. Boutbig pour son \u00e9lection \u00e0 la pr\u00e9sidence du PAP"},"content":{"rendered":"\n<p>Le pr\u00e9sident du Parlement arabe, Mohamed Ahmed Alyammahi, a adress\u00e9 ses f\u00e9licitations \u00e0 Fateh Boutbig, membre du Conseil de la nation, \u00e0 l&rsquo;occasion de son \u00e9lection \u00e0 la pr\u00e9sidence du Parlement panafricain (PAP) pour la l\u00e9gislature 2026-2029, qualifiant cette victoire d'\u00a0\u00bbacquis important\u00a0\u00bb pour la diplomatie parlementaire arabe, indique vendredi un communiqu\u00e9 du Conseil de la nation.<\/p>\n\n\n\n<p>Le pr\u00e9sident du Parlement arabe a affirm\u00e9 que l&rsquo;\u00e9lection de M. Boutbig \u00e0 la t\u00eate du Parlement panafricain constitue \u00ab\u00a0un acquis important pour la diplomatie parlementaire arabe et renforce sa pr\u00e9sence active et influente au sein de la plus importante instance parlementaire africaine, ce qui est \u00e0 m\u00eame de soutenir le processus de l&rsquo;action arabo-africaine commune\u00a0\u00bb.<\/p>\n\n\n\n<p>Il s&rsquo;est dit \u00ab\u00a0confiant que les relations entre le Parlement arabe et le PAP conna\u00eetront davantage de d\u00e9veloppement durant le mandat de M. Fateh Boutbig, notamment au regard des d\u00e9fis complexes auxquels sont confront\u00e9s les pays arabes et africains, et partant de la conviction ferme du Parlement arabe que les pays africains sont la v\u00e9ritable profondeur strat\u00e9gique des pays arabes, outre les liens civilisationnels, culturels et historiques \u00e9troits qui unissent les peuples arabes et africains\u00a0\u00bb.<\/p>\n\n\n\n<p>Le pr\u00e9sident du Parlement arabe a conclu son message de f\u00e9licitations en adressant ses voeux sinc\u00e8res de succ\u00e8s \u00e0 M. Boutbig, dans l&rsquo;accomplissement de ses missions, \u00ab\u00a0afin de r\u00e9aliser les aspirations des peuples du continent africain et de renforcer le processus d&rsquo;int\u00e9gration et de coop\u00e9ration arabo-africaine\u00a0\u00bb, selon la m\u00eame source.<\/p>\n","protected":false},"excerpt":{"rendered":"<p>Le pr\u00e9sident du Parlement arabe, Mohamed Ahmed Alyammahi, a adress\u00e9 ses f\u00e9licitations \u00e0 Fateh Boutbig, membre du Conseil de la nation, \u00e0 l&rsquo;occasion de son \u00e9lection \u00e0 la pr\u00e9sidence du Parlement panafricain (PAP) pour la l\u00e9gislature 2026-2029, qualifiant cette victoire d&rsquo;\u00a0\u00bbacquis important\u00a0\u00bb pour la diplomatie parlementaire arabe, indique vendredi un communiqu\u00e9 du Conseil de la &hellip;<\/p>\n","protected":false},"author":9,"featured_media":65063,"comment_status":"open","ping_status":"open","sticky":false,"template":"","format":"standard","meta":{"footnotes":""},"categories":[47],"tags":[],"class_list":["post-65061","post","type-post","status-publish","format-standard","has-post-thumbnail","hentry","category-national"],"yoast_head":"<!-- This site is optimized with the Yoast SEO Premium plugin v22.6 (Yoast SEO v22.6) - https:\/\/yoast.com\/wordpress\/plugins\/seo\/ -->\n<title>Le pr\u00e9sident du Parlement arabe f\u00e9licite M. Boutbig pour son \u00e9lection \u00e0 la pr\u00e9sidence du PAP - El Mawkie<\/title>\n<meta name=\"robots\" content=\"index, follow, max-snippet:-1, max-image-preview:large, max-video-preview:-1\" \/>\n<link rel=\"canonical\" href=\"https:\/\/elmawkie.dz\/fr\/le-president-du-parlement-arabe-felicite-m-boutbig-pour-son-election-a-la-presidence-du-pap\/\" \/>\n<meta property=\"og:locale\" content=\"fr_FR\" \/>\n<meta property=\"og:type\" content=\"article\" \/>\n<meta property=\"og:title\" content=\"Le pr\u00e9sident du Parlement arabe f\u00e9licite M. Boutbig pour son \u00e9lection \u00e0 la pr\u00e9sidence du PAP\" \/>\n<meta property=\"og:description\" content=\"Le pr\u00e9sident du Parlement arabe, Mohamed Ahmed Alyammahi, a adress\u00e9 ses f\u00e9licitations \u00e0 Fateh Boutbig, membre du Conseil de la nation, \u00e0 l&rsquo;occasion de son \u00e9lection \u00e0 la pr\u00e9sidence du Parlement panafricain (PAP) pour la l\u00e9gislature 2026-2029, qualifiant cette victoire d&#039;\u00a0\u00bbacquis important\u00a0\u00bb pour la diplomatie parlementaire arabe, indique vendredi un communiqu\u00e9 du Conseil de la &hellip;\" \/>\n<meta property=\"og:url\" content=\"https:\/\/elmawkie.dz\/fr\/le-president-du-parlement-arabe-felicite-m-boutbig-pour-son-election-a-la-presidence-du-pap\/\" \/>\n<meta property=\"og:site_name\" content=\"El Mawkie\" \/>\n<meta property=\"article:publisher\" content=\"https:\/\/www.facebook.com\/profile.php?id=100088407094989&amp;locale=fr_FR\" \/>\n<meta property=\"article:published_time\" content=\"2026-05-01T21:22:13+00:00\" \/>\n<meta property=\"article:modified_time\" content=\"2026-05-01T21:22:14+00:00\" \/>\n<meta property=\"og:image\" content=\"https:\/\/elmawkie.dz\/fr\/wp-content\/uploads\/2026\/05\/IMG_7620.jpeg\" \/>\n\t<meta property=\"og:image:width\" content=\"1005\" \/>\n\t<meta property=\"og:image:height\" content=\"628\" \/>\n\t<meta property=\"og:image:type\" content=\"image\/jpeg\" \/>\n<meta name=\"author\" content=\"R\u00e9daction\" \/>\n<meta name=\"twitter:card\" content=\"summary_large_image\" \/>\n<meta name=\"twitter:label1\" content=\"Written by\" \/>\n\t<meta name=\"twitter:data1\" content=\"R\u00e9daction\" \/>\n\t<meta name=\"twitter:label2\" content=\"Est. reading time\" \/>\n\t<meta name=\"twitter:data2\" content=\"2 minutes\" \/>\n<script type=\"application\/ld+json\" class=\"yoast-schema-graph\">{\"@context\":\"https:\/\/schema.org\",\"@graph\":[{\"@type\":\"Article\",\"@id\":\"https:\/\/elmawkie.dz\/fr\/le-president-du-parlement-arabe-felicite-m-boutbig-pour-son-election-a-la-presidence-du-pap\/#article\",\"isPartOf\":{\"@id\":\"https:\/\/elmawkie.dz\/fr\/le-president-du-parlement-arabe-felicite-m-boutbig-pour-son-election-a-la-presidence-du-pap\/\"},\"author\":{\"name\":\"R\u00e9daction\",\"@id\":\"https:\/\/elmawkie.dz\/fr\/#\/schema\/person\/e7bd59d6467874ba5c4723d8a9f0a63c\"},\"headline\":\"Le pr\u00e9sident du Parlement arabe f\u00e9licite M. Boutbig pour son \u00e9lection \u00e0 la pr\u00e9sidence du PAP\",\"datePublished\":\"2026-05-01T21:22:13+00:00\",\"dateModified\":\"2026-05-01T21:22:14+00:00\",\"mainEntityOfPage\":{\"@id\":\"https:\/\/elmawkie.dz\/fr\/le-president-du-parlement-arabe-felicite-m-boutbig-pour-son-election-a-la-presidence-du-pap\/\"},\"wordCount\":278,\"commentCount\":0,\"publisher\":{\"@id\":\"https:\/\/elmawkie.dz\/fr\/#organization\"},\"image\":{\"@id\":\"https:\/\/elmawkie.dz\/fr\/le-president-du-parlement-arabe-felicite-m-boutbig-pour-son-election-a-la-presidence-du-pap\/#primaryimage\"},\"thumbnailUrl\":\"https:\/\/elmawkie.dz\/fr\/wp-content\/uploads\/2026\/05\/IMG_7620.jpeg\",\"articleSection\":[\"National\"],\"inLanguage\":\"fr-FR\",\"potentialAction\":[{\"@type\":\"CommentAction\",\"name\":\"Comment\",\"target\":[\"https:\/\/elmawkie.dz\/fr\/le-president-du-parlement-arabe-felicite-m-boutbig-pour-son-election-a-la-presidence-du-pap\/#respond\"]}]},{\"@type\":\"WebPage\",\"@id\":\"https:\/\/elmawkie.dz\/fr\/le-president-du-parlement-arabe-felicite-m-boutbig-pour-son-election-a-la-presidence-du-pap\/\",\"url\":\"https:\/\/elmawkie.dz\/fr\/le-president-du-parlement-arabe-felicite-m-boutbig-pour-son-election-a-la-presidence-du-pap\/\",\"name\":\"Le pr\u00e9sident du Parlement arabe f\u00e9licite M. Boutbig pour son \u00e9lection \u00e0 la pr\u00e9sidence du PAP - El Mawkie\",\"isPartOf\":{\"@id\":\"https:\/\/elmawkie.dz\/fr\/#website\"},\"primaryImageOfPage\":{\"@id\":\"https:\/\/elmawkie.dz\/fr\/le-president-du-parlement-arabe-felicite-m-boutbig-pour-son-election-a-la-presidence-du-pap\/#primaryimage\"},\"image\":{\"@id\":\"https:\/\/elmawkie.dz\/fr\/le-president-du-parlement-arabe-felicite-m-boutbig-pour-son-election-a-la-presidence-du-pap\/#primaryimage\"},\"thumbnailUrl\":\"https:\/\/elmawkie.dz\/fr\/wp-content\/uploads\/2026\/05\/IMG_7620.jpeg\",\"datePublished\":\"2026-05-01T21:22:13+00:00\",\"dateModified\":\"2026-05-01T21:22:14+00:00\",\"breadcrumb\":{\"@id\":\"https:\/\/elmawkie.dz\/fr\/le-president-du-parlement-arabe-felicite-m-boutbig-pour-son-election-a-la-presidence-du-pap\/#breadcrumb\"},\"inLanguage\":\"fr-FR\",\"potentialAction\":[{\"@type\":\"ReadAction\",\"target\":[\"https:\/\/elmawkie.dz\/fr\/le-president-du-parlement-arabe-felicite-m-boutbig-pour-son-election-a-la-presidence-du-pap\/\"]}]},{\"@type\":\"ImageObject\",\"inLanguage\":\"fr-FR\",\"@id\":\"https:\/\/elmawkie.dz\/fr\/le-president-du-parlement-arabe-felicite-m-boutbig-pour-son-election-a-la-presidence-du-pap\/#primaryimage\",\"url\":\"https:\/\/elmawkie.dz\/fr\/wp-content\/uploads\/2026\/05\/IMG_7620.jpeg\",\"contentUrl\":\"https:\/\/elmawkie.dz\/fr\/wp-content\/uploads\/2026\/05\/IMG_7620.jpeg\",\"width\":1005,\"height\":628},{\"@type\":\"BreadcrumbList\",\"@id\":\"https:\/\/elmawkie.dz\/fr\/le-president-du-parlement-arabe-felicite-m-boutbig-pour-son-election-a-la-presidence-du-pap\/#breadcrumb\",\"itemListElement\":[{\"@type\":\"ListItem\",\"position\":1,\"name\":\"Home\",\"item\":\"https:\/\/elmawkie.dz\/fr\/\"},{\"@type\":\"ListItem\",\"position\":2,\"name\":\"Le pr\u00e9sident du Parlement arabe f\u00e9licite M. Boutbig pour son \u00e9lection \u00e0 la pr\u00e9sidence du PAP\"}]},{\"@type\":\"WebSite\",\"@id\":\"https:\/\/elmawkie.dz\/fr\/#website\",\"url\":\"https:\/\/elmawkie.dz\/fr\/\",\"name\":\"EL MAWKIE\",\"description\":\"Journal \u00c9lectronique Alg\u00e9rien\",\"publisher\":{\"@id\":\"https:\/\/elmawkie.dz\/fr\/#organization\"},\"potentialAction\":[{\"@type\":\"SearchAction\",\"target\":{\"@type\":\"EntryPoint\",\"urlTemplate\":\"https:\/\/elmawkie.dz\/fr\/?s={search_term_string}\"},\"query-input\":\"required name=search_term_string\"}],\"inLanguage\":\"fr-FR\"},{\"@type\":\"Organization\",\"@id\":\"https:\/\/elmawkie.dz\/fr\/#organization\",\"name\":\"EL MAWKIE\",\"url\":\"https:\/\/elmawkie.dz\/fr\/\",\"logo\":{\"@type\":\"ImageObject\",\"inLanguage\":\"fr-FR\",\"@id\":\"https:\/\/elmawkie.dz\/fr\/#\/schema\/logo\/image\/\",\"url\":\"https:\/\/elmawkie.dz\/fr\/wp-content\/uploads\/2024\/05\/logo1.png\",\"contentUrl\":\"https:\/\/elmawkie.dz\/fr\/wp-content\/uploads\/2024\/05\/logo1.png\",\"width\":1648,\"height\":652,\"caption\":\"EL MAWKIE\"},\"image\":{\"@id\":\"https:\/\/elmawkie.dz\/fr\/#\/schema\/logo\/image\/\"},\"sameAs\":[\"https:\/\/www.facebook.com\/profile.php?id=100088407094989&locale=fr_FR\"]},{\"@type\":\"Person\",\"@id\":\"https:\/\/elmawkie.dz\/fr\/#\/schema\/person\/e7bd59d6467874ba5c4723d8a9f0a63c\",\"name\":\"R\u00e9daction\",\"image\":{\"@type\":\"ImageObject\",\"inLanguage\":\"fr-FR\",\"@id\":\"https:\/\/elmawkie.dz\/fr\/#\/schema\/person\/image\/\",\"url\":\"https:\/\/secure.gravatar.com\/avatar\/f0f773456344da4d2788c054a3d30a0c?s=96&d=mm&r=g\",\"contentUrl\":\"https:\/\/secure.gravatar.com\/avatar\/f0f773456344da4d2788c054a3d30a0c?s=96&d=mm&r=g\",\"caption\":\"R\u00e9daction\"},\"url\":\"https:\/\/elmawkie.dz\/fr\/author\/redaction\/\"}]}<\/script>\n<!-- \/ Yoast SEO Premium plugin. -->","yoast_head_json":{"title":"Le pr\u00e9sident du Parlement arabe f\u00e9licite M. Boutbig pour son \u00e9lection \u00e0 la pr\u00e9sidence du PAP - El Mawkie","robots":{"index":"index","follow":"follow","max-snippet":"max-snippet:-1","max-image-preview":"max-image-preview:large","max-video-preview":"max-video-preview:-1"},"canonical":"https:\/\/elmawkie.dz\/fr\/le-president-du-parlement-arabe-felicite-m-boutbig-pour-son-election-a-la-presidence-du-pap\/","og_locale":"fr_FR","og_type":"article","og_title":"Le pr\u00e9sident du Parlement arabe f\u00e9licite M. Boutbig pour son \u00e9lection \u00e0 la pr\u00e9sidence du PAP","og_description":"Le pr\u00e9sident du Parlement arabe, Mohamed Ahmed Alyammahi, a adress\u00e9 ses f\u00e9licitations \u00e0 Fateh Boutbig, membre du Conseil de la nation, \u00e0 l&rsquo;occasion de son \u00e9lection \u00e0 la pr\u00e9sidence du Parlement panafricain (PAP) pour la l\u00e9gislature 2026-2029, qualifiant cette victoire d'\u00a0\u00bbacquis important\u00a0\u00bb pour la diplomatie parlementaire arabe, indique vendredi un communiqu\u00e9 du Conseil de la &hellip;","og_url":"https:\/\/elmawkie.dz\/fr\/le-president-du-parlement-arabe-felicite-m-boutbig-pour-son-election-a-la-presidence-du-pap\/","og_site_name":"El Mawkie","article_publisher":"https:\/\/www.facebook.com\/profile.php?id=100088407094989&locale=fr_FR","article_published_time":"2026-05-01T21:22:13+00:00","article_modified_time":"2026-05-01T21:22:14+00:00","og_image":[{"width":1005,"height":628,"url":"https:\/\/elmawkie.dz\/fr\/wp-content\/uploads\/2026\/05\/IMG_7620.jpeg","type":"image\/jpeg"}],"author":"R\u00e9daction","twitter_card":"summary_large_image","twitter_misc":{"Written by":"R\u00e9daction","Est. reading time":"2 minutes"},"schema":{"@context":"https:\/\/schema.org","@graph":[{"@type":"Article","@id":"https:\/\/elmawkie.dz\/fr\/le-president-du-parlement-arabe-felicite-m-boutbig-pour-son-election-a-la-presidence-du-pap\/#article","isPartOf":{"@id":"https:\/\/elmawkie.dz\/fr\/le-president-du-parlement-arabe-felicite-m-boutbig-pour-son-election-a-la-presidence-du-pap\/"},"author":{"name":"R\u00e9daction","@id":"https:\/\/elmawkie.dz\/fr\/#\/schema\/person\/e7bd59d6467874ba5c4723d8a9f0a63c"},"headline":"Le pr\u00e9sident du Parlement arabe f\u00e9licite M. Boutbig pour son \u00e9lection \u00e0 la pr\u00e9sidence du PAP","datePublished":"2026-05-01T21:22:13+00:00","dateModified":"2026-05-01T21:22:14+00:00","mainEntityOfPage":{"@id":"https:\/\/elmawkie.dz\/fr\/le-president-du-parlement-arabe-felicite-m-boutbig-pour-son-election-a-la-presidence-du-pap\/"},"wordCount":278,"commentCount":0,"publisher":{"@id":"https:\/\/elmawkie.dz\/fr\/#organization"},"image":{"@id":"https:\/\/elmawkie.dz\/fr\/le-president-du-parlement-arabe-felicite-m-boutbig-pour-son-election-a-la-presidence-du-pap\/#primaryimage"},"thumbnailUrl":"https:\/\/elmawkie.dz\/fr\/wp-content\/uploads\/2026\/05\/IMG_7620.jpeg","articleSection":["National"],"inLanguage":"fr-FR","potentialAction":[{"@type":"CommentAction","name":"Comment","target":["https:\/\/elmawkie.dz\/fr\/le-president-du-parlement-arabe-felicite-m-boutbig-pour-son-election-a-la-presidence-du-pap\/#respond"]}]},{"@type":"WebPage","@id":"https:\/\/elmawkie.dz\/fr\/le-president-du-parlement-arabe-felicite-m-boutbig-pour-son-election-a-la-presidence-du-pap\/","url":"https:\/\/elmawkie.dz\/fr\/le-president-du-parlement-arabe-felicite-m-boutbig-pour-son-election-a-la-presidence-du-pap\/","name":"Le pr\u00e9sident du Parlement arabe f\u00e9licite M. Boutbig pour son \u00e9lection \u00e0 la pr\u00e9sidence du PAP - El Mawkie","isPartOf":{"@id":"https:\/\/elmawkie.dz\/fr\/#website"},"primaryImageOfPage":{"@id":"https:\/\/elmawkie.dz\/fr\/le-president-du-parlement-arabe-felicite-m-boutbig-pour-son-election-a-la-presidence-du-pap\/#primaryimage"},"image":{"@id":"https:\/\/elmawkie.dz\/fr\/le-president-du-parlement-arabe-felicite-m-boutbig-pour-son-election-a-la-presidence-du-pap\/#primaryimage"},"thumbnailUrl":"https:\/\/elmawkie.dz\/fr\/wp-content\/uploads\/2026\/05\/IMG_7620.jpeg","datePublished":"2026-05-01T21:22:13+00:00","dateModified":"2026-05-01T21:22:14+00:00","breadcrumb":{"@id":"https:\/\/elmawkie.dz\/fr\/le-president-du-parlement-arabe-felicite-m-boutbig-pour-son-election-a-la-presidence-du-pap\/#breadcrumb"},"inLanguage":"fr-FR","potentialAction":[{"@type":"ReadAction","target":["https:\/\/elmawkie.dz\/fr\/le-president-du-parlement-arabe-felicite-m-boutbig-pour-son-election-a-la-presidence-du-pap\/"]}]},{"@type":"ImageObject","inLanguage":"fr-FR","@id":"https:\/\/elmawkie.dz\/fr\/le-president-du-parlement-arabe-felicite-m-boutbig-pour-son-election-a-la-presidence-du-pap\/#primaryimage","url":"https:\/\/elmawkie.dz\/fr\/wp-content\/uploads\/2026\/05\/IMG_7620.jpeg","contentUrl":"https:\/\/elmawkie.dz\/fr\/wp-content\/uploads\/2026\/05\/IMG_7620.jpeg","width":1005,"height":628},{"@type":"BreadcrumbList","@id":"https:\/\/elmawkie.dz\/fr\/le-president-du-parlement-arabe-felicite-m-boutbig-pour-son-election-a-la-presidence-du-pap\/#breadcrumb","itemListElement":[{"@type":"ListItem","position":1,"name":"Home","item":"https:\/\/elmawkie.dz\/fr\/"},{"@type":"ListItem","position":2,"name":"Le pr\u00e9sident du Parlement arabe f\u00e9licite M. Boutbig pour son \u00e9lection \u00e0 la pr\u00e9sidence du PAP"}]},{"@type":"WebSite","@id":"https:\/\/elmawkie.dz\/fr\/#website","url":"https:\/\/elmawkie.dz\/fr\/","name":"EL MAWKIE","description":"Journal \u00c9lectronique Alg\u00e9rien","publisher":{"@id":"https:\/\/elmawkie.dz\/fr\/#organization"},"potentialAction":[{"@type":"SearchAction","target":{"@type":"EntryPoint","urlTemplate":"https:\/\/elmawkie.dz\/fr\/?s={search_term_string}"},"query-input":"required name=search_term_string"}],"inLanguage":"fr-FR"},{"@type":"Organization","@id":"https:\/\/elmawkie.dz\/fr\/#organization","name":"EL MAWKIE","url":"https:\/\/elmawkie.dz\/fr\/","logo":{"@type":"ImageObject","inLanguage":"fr-FR","@id":"https:\/\/elmawkie.dz\/fr\/#\/schema\/logo\/image\/","url":"https:\/\/elmawkie.dz\/fr\/wp-content\/uploads\/2024\/05\/logo1.png","contentUrl":"https:\/\/elmawkie.dz\/fr\/wp-content\/uploads\/2024\/05\/logo1.png","width":1648,"height":652,"caption":"EL MAWKIE"},"image":{"@id":"https:\/\/elmawkie.dz\/fr\/#\/schema\/logo\/image\/"},"sameAs":["https:\/\/www.facebook.com\/profile.php?id=100088407094989&locale=fr_FR"]},{"@type":"Person","@id":"https:\/\/elmawkie.dz\/fr\/#\/schema\/person\/e7bd59d6467874ba5c4723d8a9f0a63c","name":"R\u00e9daction","image":{"@type":"ImageObject","inLanguage":"fr-FR","@id":"https:\/\/elmawkie.dz\/fr\/#\/schema\/person\/image\/","url":"https:\/\/secure.gravatar.com\/avatar\/f0f773456344da4d2788c054a3d30a0c?s=96&d=mm&r=g","contentUrl":"https:\/\/secure.gravatar.com\/avatar\/f0f773456344da4d2788c054a3d30a0c?s=96&d=mm&r=g","caption":"R\u00e9daction"},"url":"https:\/\/elmawkie.dz\/fr\/author\/redaction\/"}]}},"_links":{"self":[{"href":"https:\/\/elmawkie.dz\/fr\/wp-json\/wp\/v2\/posts\/65061","targetHints":{"allow":["GET"]}}],"collection":[{"href":"https:\/\/elmawkie.dz\/fr\/wp-json\/wp\/v2\/posts"}],"about":[{"href":"https:\/\/elmawkie.dz\/fr\/wp-json\/wp\/v2\/types\/post"}],"author":[{"embeddable":true,"href":"https:\/\/elmawkie.dz\/fr\/wp-json\/wp\/v2\/users\/9"}],"replies":[{"embeddable":true,"href":"https:\/\/elmawkie.dz\/fr\/wp-json\/wp\/v2\/comments?post=65061"}],"version-history":[{"count":1,"href":"https:\/\/elmawkie.dz\/fr\/wp-json\/wp\/v2\/posts\/65061\/revisions"}],"predecessor-version":[{"id":65064,"href":"https:\/\/elmawkie.dz\/fr\/wp-json\/wp\/v2\/posts\/65061\/revisions\/65064"}],"wp:featuredmedia":[{"embeddable":true,"href":"https:\/\/elmawkie.dz\/fr\/wp-json\/wp\/v2\/media\/65063"}],"wp:attachment":[{"href":"https:\/\/elmawkie.dz\/fr\/wp-json\/wp\/v2\/media?parent=65061"}],"wp:term":[{"taxonomy":"category","embeddable":true,"href":"https:\/\/elmawkie.dz\/fr\/wp-json\/wp\/v2\/categories?post=65061"},{"taxonomy":"post_tag","embeddable":true,"href":"https:\/\/elmawkie.dz\/fr\/wp-json\/wp\/v2\/tags?post=65061"}],"curies":[{"name":"wp","href":"https:\/\/api.w.org\/{rel}","templated":true}]}}