{"id":65050,"date":"2026-04-30T15:25:33","date_gmt":"2026-04-30T14:25:33","guid":{"rendered":"https:\/\/elmawkie.dz\/fr\/?p=65050"},"modified":"2026-04-30T15:29:12","modified_gmt":"2026-04-30T14:29:12","slug":"lalgerie-a-la-tete-du-parlement-panafricain","status":"publish","type":"post","link":"https:\/\/elmawkie.dz\/fr\/lalgerie-a-la-tete-du-parlement-panafricain\/","title":{"rendered":"L\u2019Alg\u00e9rie \u00e0 la t\u00eate du Parlement panafricain"},"content":{"rendered":"\n<p><strong><em>Le membre du Conseil de la nation, Fateh Boutbig, a \u00e9t\u00e9 \u00e9lu jeudi \u00e0 la pr\u00e9sidence du Parlement panafricain pour la l\u00e9gislature 2026-2029, lors d&rsquo;une session extraordinaire tenue \u00e0 Midrand. Le candidat de l&rsquo;Alg\u00e9rie a obtenu une majorit\u00e9 \u00e9crasante de 119 voix sur les 152 suffrages exprim\u00e9s, confirmant ainsi son assise au sein de l&rsquo;institution continentale.<\/em><\/strong><\/p>\n\n\n\n<p><strong><em>Cette cons\u00e9cration fait suite aux primaires du groupe g\u00e9opolitique de l&rsquo;Afrique du Nord organis\u00e9es mercredi soir, o\u00f9 M. Boutbig s&rsquo;\u00e9tait impos\u00e9 avec 19 voix contre 4 pour ses concurrents.<\/em><\/strong><\/p>\n\n\n\n<p><em><strong>L&rsquo;\u00e9lection de Fateh Boutbig \u00e0 la t\u00eate de cette organisation parlementaire traduit la reconnaissance de la diplomatie parlementaire alg\u00e9rienne et son r\u00f4le actif dans le renforcement de l&rsquo;int\u00e9gration africaine. Cette victoire permet \u00e0 l&rsquo;Alg\u00e9rie de piloter l&rsquo;organe l\u00e9gislatif de l&rsquo;Union africaine pour les trois prochaines<\/strong><\/em> <strong><em>ann\u00e9es<\/em><\/strong>.<\/p>\n\n\n\n<p><strong>K.F<\/strong><\/p>\n","protected":false},"excerpt":{"rendered":"<p>Le membre du Conseil de la nation, Fateh Boutbig, a \u00e9t\u00e9 \u00e9lu jeudi \u00e0 la pr\u00e9sidence du Parlement panafricain pour la l\u00e9gislature 2026-2029, lors d&rsquo;une session extraordinaire tenue \u00e0 Midrand. Le candidat de l&rsquo;Alg\u00e9rie a obtenu une majorit\u00e9 \u00e9crasante de 119 voix sur les 152 suffrages exprim\u00e9s, confirmant ainsi son assise au sein de l&rsquo;institution &hellip;<\/p>\n","protected":false},"author":9,"featured_media":65052,"comment_status":"open","ping_status":"open","sticky":false,"template":"","format":"standard","meta":{"footnotes":""},"categories":[47],"tags":[],"class_list":["post-65050","post","type-post","status-publish","format-standard","has-post-thumbnail","hentry","category-national"],"yoast_head":"<!-- This site is optimized with the Yoast SEO Premium plugin v22.6 (Yoast SEO v22.6) - https:\/\/yoast.com\/wordpress\/plugins\/seo\/ -->\n<title>L\u2019Alg\u00e9rie \u00e0 la t\u00eate du Parlement panafricain - El Mawkie<\/title>\n<meta name=\"robots\" content=\"index, follow, max-snippet:-1, max-image-preview:large, max-video-preview:-1\" \/>\n<link rel=\"canonical\" href=\"https:\/\/elmawkie.dz\/fr\/lalgerie-a-la-tete-du-parlement-panafricain\/\" \/>\n<meta property=\"og:locale\" content=\"fr_FR\" \/>\n<meta property=\"og:type\" content=\"article\" \/>\n<meta property=\"og:title\" content=\"L\u2019Alg\u00e9rie \u00e0 la t\u00eate du Parlement panafricain\" \/>\n<meta property=\"og:description\" content=\"Le membre du Conseil de la nation, Fateh Boutbig, a \u00e9t\u00e9 \u00e9lu jeudi \u00e0 la pr\u00e9sidence du Parlement panafricain pour la l\u00e9gislature 2026-2029, lors d&rsquo;une session extraordinaire tenue \u00e0 Midrand. Le candidat de l&rsquo;Alg\u00e9rie a obtenu une majorit\u00e9 \u00e9crasante de 119 voix sur les 152 suffrages exprim\u00e9s, confirmant ainsi son assise au sein de l&rsquo;institution &hellip;\" \/>\n<meta property=\"og:url\" content=\"https:\/\/elmawkie.dz\/fr\/lalgerie-a-la-tete-du-parlement-panafricain\/\" \/>\n<meta property=\"og:site_name\" content=\"El Mawkie\" \/>\n<meta property=\"article:publisher\" content=\"https:\/\/www.facebook.com\/profile.php?id=100088407094989&amp;locale=fr_FR\" \/>\n<meta property=\"article:published_time\" content=\"2026-04-30T14:25:33+00:00\" \/>\n<meta property=\"article:modified_time\" content=\"2026-04-30T14:29:12+00:00\" \/>\n<meta property=\"og:image\" content=\"https:\/\/elmawkie.dz\/fr\/wp-content\/uploads\/2026\/04\/IMG_7340.webp\" \/>\n\t<meta property=\"og:image:width\" content=\"705\" \/>\n\t<meta property=\"og:image:height\" content=\"460\" \/>\n\t<meta property=\"og:image:type\" content=\"image\/webp\" \/>\n<meta name=\"author\" content=\"R\u00e9daction\" \/>\n<meta name=\"twitter:card\" content=\"summary_large_image\" \/>\n<meta name=\"twitter:label1\" content=\"Written by\" \/>\n\t<meta name=\"twitter:data1\" content=\"R\u00e9daction\" \/>\n\t<meta name=\"twitter:label2\" content=\"Est. reading time\" \/>\n\t<meta name=\"twitter:data2\" content=\"1 minute\" \/>\n<script type=\"application\/ld+json\" class=\"yoast-schema-graph\">{\"@context\":\"https:\/\/schema.org\",\"@graph\":[{\"@type\":\"Article\",\"@id\":\"https:\/\/elmawkie.dz\/fr\/lalgerie-a-la-tete-du-parlement-panafricain\/#article\",\"isPartOf\":{\"@id\":\"https:\/\/elmawkie.dz\/fr\/lalgerie-a-la-tete-du-parlement-panafricain\/\"},\"author\":{\"name\":\"R\u00e9daction\",\"@id\":\"https:\/\/elmawkie.dz\/fr\/#\/schema\/person\/e7bd59d6467874ba5c4723d8a9f0a63c\"},\"headline\":\"L\u2019Alg\u00e9rie \u00e0 la t\u00eate du Parlement panafricain\",\"datePublished\":\"2026-04-30T14:25:33+00:00\",\"dateModified\":\"2026-04-30T14:29:12+00:00\",\"mainEntityOfPage\":{\"@id\":\"https:\/\/elmawkie.dz\/fr\/lalgerie-a-la-tete-du-parlement-panafricain\/\"},\"wordCount\":158,\"commentCount\":0,\"publisher\":{\"@id\":\"https:\/\/elmawkie.dz\/fr\/#organization\"},\"image\":{\"@id\":\"https:\/\/elmawkie.dz\/fr\/lalgerie-a-la-tete-du-parlement-panafricain\/#primaryimage\"},\"thumbnailUrl\":\"https:\/\/elmawkie.dz\/fr\/wp-content\/uploads\/2026\/04\/IMG_7340.webp\",\"articleSection\":[\"National\"],\"inLanguage\":\"fr-FR\",\"potentialAction\":[{\"@type\":\"CommentAction\",\"name\":\"Comment\",\"target\":[\"https:\/\/elmawkie.dz\/fr\/lalgerie-a-la-tete-du-parlement-panafricain\/#respond\"]}]},{\"@type\":\"WebPage\",\"@id\":\"https:\/\/elmawkie.dz\/fr\/lalgerie-a-la-tete-du-parlement-panafricain\/\",\"url\":\"https:\/\/elmawkie.dz\/fr\/lalgerie-a-la-tete-du-parlement-panafricain\/\",\"name\":\"L\u2019Alg\u00e9rie \u00e0 la t\u00eate du Parlement panafricain - El Mawkie\",\"isPartOf\":{\"@id\":\"https:\/\/elmawkie.dz\/fr\/#website\"},\"primaryImageOfPage\":{\"@id\":\"https:\/\/elmawkie.dz\/fr\/lalgerie-a-la-tete-du-parlement-panafricain\/#primaryimage\"},\"image\":{\"@id\":\"https:\/\/elmawkie.dz\/fr\/lalgerie-a-la-tete-du-parlement-panafricain\/#primaryimage\"},\"thumbnailUrl\":\"https:\/\/elmawkie.dz\/fr\/wp-content\/uploads\/2026\/04\/IMG_7340.webp\",\"datePublished\":\"2026-04-30T14:25:33+00:00\",\"dateModified\":\"2026-04-30T14:29:12+00:00\",\"breadcrumb\":{\"@id\":\"https:\/\/elmawkie.dz\/fr\/lalgerie-a-la-tete-du-parlement-panafricain\/#breadcrumb\"},\"inLanguage\":\"fr-FR\",\"potentialAction\":[{\"@type\":\"ReadAction\",\"target\":[\"https:\/\/elmawkie.dz\/fr\/lalgerie-a-la-tete-du-parlement-panafricain\/\"]}]},{\"@type\":\"ImageObject\",\"inLanguage\":\"fr-FR\",\"@id\":\"https:\/\/elmawkie.dz\/fr\/lalgerie-a-la-tete-du-parlement-panafricain\/#primaryimage\",\"url\":\"https:\/\/elmawkie.dz\/fr\/wp-content\/uploads\/2026\/04\/IMG_7340.webp\",\"contentUrl\":\"https:\/\/elmawkie.dz\/fr\/wp-content\/uploads\/2026\/04\/IMG_7340.webp\",\"width\":705,\"height\":460},{\"@type\":\"BreadcrumbList\",\"@id\":\"https:\/\/elmawkie.dz\/fr\/lalgerie-a-la-tete-du-parlement-panafricain\/#breadcrumb\",\"itemListElement\":[{\"@type\":\"ListItem\",\"position\":1,\"name\":\"Home\",\"item\":\"https:\/\/elmawkie.dz\/fr\/\"},{\"@type\":\"ListItem\",\"position\":2,\"name\":\"L\u2019Alg\u00e9rie \u00e0 la t\u00eate du Parlement panafricain\"}]},{\"@type\":\"WebSite\",\"@id\":\"https:\/\/elmawkie.dz\/fr\/#website\",\"url\":\"https:\/\/elmawkie.dz\/fr\/\",\"name\":\"EL MAWKIE\",\"description\":\"Journal \u00c9lectronique Alg\u00e9rien\",\"publisher\":{\"@id\":\"https:\/\/elmawkie.dz\/fr\/#organization\"},\"potentialAction\":[{\"@type\":\"SearchAction\",\"target\":{\"@type\":\"EntryPoint\",\"urlTemplate\":\"https:\/\/elmawkie.dz\/fr\/?s={search_term_string}\"},\"query-input\":\"required name=search_term_string\"}],\"inLanguage\":\"fr-FR\"},{\"@type\":\"Organization\",\"@id\":\"https:\/\/elmawkie.dz\/fr\/#organization\",\"name\":\"EL MAWKIE\",\"url\":\"https:\/\/elmawkie.dz\/fr\/\",\"logo\":{\"@type\":\"ImageObject\",\"inLanguage\":\"fr-FR\",\"@id\":\"https:\/\/elmawkie.dz\/fr\/#\/schema\/logo\/image\/\",\"url\":\"https:\/\/elmawkie.dz\/fr\/wp-content\/uploads\/2024\/05\/logo1.png\",\"contentUrl\":\"https:\/\/elmawkie.dz\/fr\/wp-content\/uploads\/2024\/05\/logo1.png\",\"width\":1648,\"height\":652,\"caption\":\"EL MAWKIE\"},\"image\":{\"@id\":\"https:\/\/elmawkie.dz\/fr\/#\/schema\/logo\/image\/\"},\"sameAs\":[\"https:\/\/www.facebook.com\/profile.php?id=100088407094989&locale=fr_FR\"]},{\"@type\":\"Person\",\"@id\":\"https:\/\/elmawkie.dz\/fr\/#\/schema\/person\/e7bd59d6467874ba5c4723d8a9f0a63c\",\"name\":\"R\u00e9daction\",\"image\":{\"@type\":\"ImageObject\",\"inLanguage\":\"fr-FR\",\"@id\":\"https:\/\/elmawkie.dz\/fr\/#\/schema\/person\/image\/\",\"url\":\"https:\/\/secure.gravatar.com\/avatar\/f0f773456344da4d2788c054a3d30a0c?s=96&d=mm&r=g\",\"contentUrl\":\"https:\/\/secure.gravatar.com\/avatar\/f0f773456344da4d2788c054a3d30a0c?s=96&d=mm&r=g\",\"caption\":\"R\u00e9daction\"},\"url\":\"https:\/\/elmawkie.dz\/fr\/author\/redaction\/\"}]}<\/script>\n<!-- \/ Yoast SEO Premium plugin. -->","yoast_head_json":{"title":"L\u2019Alg\u00e9rie \u00e0 la t\u00eate du Parlement panafricain - El Mawkie","robots":{"index":"index","follow":"follow","max-snippet":"max-snippet:-1","max-image-preview":"max-image-preview:large","max-video-preview":"max-video-preview:-1"},"canonical":"https:\/\/elmawkie.dz\/fr\/lalgerie-a-la-tete-du-parlement-panafricain\/","og_locale":"fr_FR","og_type":"article","og_title":"L\u2019Alg\u00e9rie \u00e0 la t\u00eate du Parlement panafricain","og_description":"Le membre du Conseil de la nation, Fateh Boutbig, a \u00e9t\u00e9 \u00e9lu jeudi \u00e0 la pr\u00e9sidence du Parlement panafricain pour la l\u00e9gislature 2026-2029, lors d&rsquo;une session extraordinaire tenue \u00e0 Midrand. Le candidat de l&rsquo;Alg\u00e9rie a obtenu une majorit\u00e9 \u00e9crasante de 119 voix sur les 152 suffrages exprim\u00e9s, confirmant ainsi son assise au sein de l&rsquo;institution &hellip;","og_url":"https:\/\/elmawkie.dz\/fr\/lalgerie-a-la-tete-du-parlement-panafricain\/","og_site_name":"El Mawkie","article_publisher":"https:\/\/www.facebook.com\/profile.php?id=100088407094989&locale=fr_FR","article_published_time":"2026-04-30T14:25:33+00:00","article_modified_time":"2026-04-30T14:29:12+00:00","og_image":[{"width":705,"height":460,"url":"https:\/\/elmawkie.dz\/fr\/wp-content\/uploads\/2026\/04\/IMG_7340.webp","type":"image\/webp"}],"author":"R\u00e9daction","twitter_card":"summary_large_image","twitter_misc":{"Written by":"R\u00e9daction","Est. reading time":"1 minute"},"schema":{"@context":"https:\/\/schema.org","@graph":[{"@type":"Article","@id":"https:\/\/elmawkie.dz\/fr\/lalgerie-a-la-tete-du-parlement-panafricain\/#article","isPartOf":{"@id":"https:\/\/elmawkie.dz\/fr\/lalgerie-a-la-tete-du-parlement-panafricain\/"},"author":{"name":"R\u00e9daction","@id":"https:\/\/elmawkie.dz\/fr\/#\/schema\/person\/e7bd59d6467874ba5c4723d8a9f0a63c"},"headline":"L\u2019Alg\u00e9rie \u00e0 la t\u00eate du Parlement panafricain","datePublished":"2026-04-30T14:25:33+00:00","dateModified":"2026-04-30T14:29:12+00:00","mainEntityOfPage":{"@id":"https:\/\/elmawkie.dz\/fr\/lalgerie-a-la-tete-du-parlement-panafricain\/"},"wordCount":158,"commentCount":0,"publisher":{"@id":"https:\/\/elmawkie.dz\/fr\/#organization"},"image":{"@id":"https:\/\/elmawkie.dz\/fr\/lalgerie-a-la-tete-du-parlement-panafricain\/#primaryimage"},"thumbnailUrl":"https:\/\/elmawkie.dz\/fr\/wp-content\/uploads\/2026\/04\/IMG_7340.webp","articleSection":["National"],"inLanguage":"fr-FR","potentialAction":[{"@type":"CommentAction","name":"Comment","target":["https:\/\/elmawkie.dz\/fr\/lalgerie-a-la-tete-du-parlement-panafricain\/#respond"]}]},{"@type":"WebPage","@id":"https:\/\/elmawkie.dz\/fr\/lalgerie-a-la-tete-du-parlement-panafricain\/","url":"https:\/\/elmawkie.dz\/fr\/lalgerie-a-la-tete-du-parlement-panafricain\/","name":"L\u2019Alg\u00e9rie \u00e0 la t\u00eate du Parlement panafricain - El Mawkie","isPartOf":{"@id":"https:\/\/elmawkie.dz\/fr\/#website"},"primaryImageOfPage":{"@id":"https:\/\/elmawkie.dz\/fr\/lalgerie-a-la-tete-du-parlement-panafricain\/#primaryimage"},"image":{"@id":"https:\/\/elmawkie.dz\/fr\/lalgerie-a-la-tete-du-parlement-panafricain\/#primaryimage"},"thumbnailUrl":"https:\/\/elmawkie.dz\/fr\/wp-content\/uploads\/2026\/04\/IMG_7340.webp","datePublished":"2026-04-30T14:25:33+00:00","dateModified":"2026-04-30T14:29:12+00:00","breadcrumb":{"@id":"https:\/\/elmawkie.dz\/fr\/lalgerie-a-la-tete-du-parlement-panafricain\/#breadcrumb"},"inLanguage":"fr-FR","potentialAction":[{"@type":"ReadAction","target":["https:\/\/elmawkie.dz\/fr\/lalgerie-a-la-tete-du-parlement-panafricain\/"]}]},{"@type":"ImageObject","inLanguage":"fr-FR","@id":"https:\/\/elmawkie.dz\/fr\/lalgerie-a-la-tete-du-parlement-panafricain\/#primaryimage","url":"https:\/\/elmawkie.dz\/fr\/wp-content\/uploads\/2026\/04\/IMG_7340.webp","contentUrl":"https:\/\/elmawkie.dz\/fr\/wp-content\/uploads\/2026\/04\/IMG_7340.webp","width":705,"height":460},{"@type":"BreadcrumbList","@id":"https:\/\/elmawkie.dz\/fr\/lalgerie-a-la-tete-du-parlement-panafricain\/#breadcrumb","itemListElement":[{"@type":"ListItem","position":1,"name":"Home","item":"https:\/\/elmawkie.dz\/fr\/"},{"@type":"ListItem","position":2,"name":"L\u2019Alg\u00e9rie \u00e0 la t\u00eate du Parlement panafricain"}]},{"@type":"WebSite","@id":"https:\/\/elmawkie.dz\/fr\/#website","url":"https:\/\/elmawkie.dz\/fr\/","name":"EL MAWKIE","description":"Journal \u00c9lectronique Alg\u00e9rien","publisher":{"@id":"https:\/\/elmawkie.dz\/fr\/#organization"},"potentialAction":[{"@type":"SearchAction","target":{"@type":"EntryPoint","urlTemplate":"https:\/\/elmawkie.dz\/fr\/?s={search_term_string}"},"query-input":"required name=search_term_string"}],"inLanguage":"fr-FR"},{"@type":"Organization","@id":"https:\/\/elmawkie.dz\/fr\/#organization","name":"EL MAWKIE","url":"https:\/\/elmawkie.dz\/fr\/","logo":{"@type":"ImageObject","inLanguage":"fr-FR","@id":"https:\/\/elmawkie.dz\/fr\/#\/schema\/logo\/image\/","url":"https:\/\/elmawkie.dz\/fr\/wp-content\/uploads\/2024\/05\/logo1.png","contentUrl":"https:\/\/elmawkie.dz\/fr\/wp-content\/uploads\/2024\/05\/logo1.png","width":1648,"height":652,"caption":"EL MAWKIE"},"image":{"@id":"https:\/\/elmawkie.dz\/fr\/#\/schema\/logo\/image\/"},"sameAs":["https:\/\/www.facebook.com\/profile.php?id=100088407094989&locale=fr_FR"]},{"@type":"Person","@id":"https:\/\/elmawkie.dz\/fr\/#\/schema\/person\/e7bd59d6467874ba5c4723d8a9f0a63c","name":"R\u00e9daction","image":{"@type":"ImageObject","inLanguage":"fr-FR","@id":"https:\/\/elmawkie.dz\/fr\/#\/schema\/person\/image\/","url":"https:\/\/secure.gravatar.com\/avatar\/f0f773456344da4d2788c054a3d30a0c?s=96&d=mm&r=g","contentUrl":"https:\/\/secure.gravatar.com\/avatar\/f0f773456344da4d2788c054a3d30a0c?s=96&d=mm&r=g","caption":"R\u00e9daction"},"url":"https:\/\/elmawkie.dz\/fr\/author\/redaction\/"}]}},"_links":{"self":[{"href":"https:\/\/elmawkie.dz\/fr\/wp-json\/wp\/v2\/posts\/65050","targetHints":{"allow":["GET"]}}],"collection":[{"href":"https:\/\/elmawkie.dz\/fr\/wp-json\/wp\/v2\/posts"}],"about":[{"href":"https:\/\/elmawkie.dz\/fr\/wp-json\/wp\/v2\/types\/post"}],"author":[{"embeddable":true,"href":"https:\/\/elmawkie.dz\/fr\/wp-json\/wp\/v2\/users\/9"}],"replies":[{"embeddable":true,"href":"https:\/\/elmawkie.dz\/fr\/wp-json\/wp\/v2\/comments?post=65050"}],"version-history":[{"count":2,"href":"https:\/\/elmawkie.dz\/fr\/wp-json\/wp\/v2\/posts\/65050\/revisions"}],"predecessor-version":[{"id":65055,"href":"https:\/\/elmawkie.dz\/fr\/wp-json\/wp\/v2\/posts\/65050\/revisions\/65055"}],"wp:featuredmedia":[{"embeddable":true,"href":"https:\/\/elmawkie.dz\/fr\/wp-json\/wp\/v2\/media\/65052"}],"wp:attachment":[{"href":"https:\/\/elmawkie.dz\/fr\/wp-json\/wp\/v2\/media?parent=65050"}],"wp:term":[{"taxonomy":"category","embeddable":true,"href":"https:\/\/elmawkie.dz\/fr\/wp-json\/wp\/v2\/categories?post=65050"},{"taxonomy":"post_tag","embeddable":true,"href":"https:\/\/elmawkie.dz\/fr\/wp-json\/wp\/v2\/tags?post=65050"}],"curies":[{"name":"wp","href":"https:\/\/api.w.org\/{rel}","templated":true}]}}