{"id":65035,"date":"2026-04-29T14:38:55","date_gmt":"2026-04-29T13:38:55","guid":{"rendered":"https:\/\/elmawkie.dz\/fr\/?p=65035"},"modified":"2026-04-29T14:38:56","modified_gmt":"2026-04-29T13:38:56","slug":"mascara-inauguration-dune-exposition-consacree-a-la-vie-et-au-parcours-du-cheikh-abou-ras-ennaciri","status":"publish","type":"post","link":"https:\/\/elmawkie.dz\/fr\/mascara-inauguration-dune-exposition-consacree-a-la-vie-et-au-parcours-du-cheikh-abou-ras-ennaciri\/","title":{"rendered":"Mascara : inauguration d&rsquo;une exposition consacr\u00e9e \u00e0 la vie et au parcours du cheikh Abou Ras Ennaciri"},"content":{"rendered":"\n<p>La premi\u00e8re \u00e9dition de l&rsquo;exposition intitul\u00e9e : \u00ab\u00a0Vie et parcours du cheikh Abou Ras Ennaciri\u00a0\u00bb a \u00e9t\u00e9 inaugur\u00e9e, mercredi dans le hall de la biblioth\u00e8que centrale de l&rsquo;Universit\u00e9 \u00ab\u00a0Mustapha Stambouli\u00a0\u00bb de Mascara, dans le cadre de la comm\u00e9moration du 203e anniversaire de la disparition de l&rsquo;\u00e9rudit<\/p>\n\n\n\n<p>Cette exposition, organis\u00e9e \u00e0 l&rsquo;initiative du club culturel \u00ab\u00a0El Irtiqaa\u00a0\u00bb relevant de la Facult\u00e9 des lettres et des langues de l&rsquo;universit\u00e9, comprend une pr\u00e9sentation d&rsquo;affiches retra\u00e7ant la biographie scientifique et intellectuelle du cheikh Abou Ras Ennaciri, ainsi que des exemplaires de certains de ses ouvrages, tels que \u00ab\u00a0Les versets explicites dans l&rsquo;explication des Dal\u00e2&rsquo;il al-Khayr\u00e2t\u00a0\u00bb et \u00ab\u00a0El-Qawl al-J\u00e2mi\u00a0\u00bb dans l&rsquo;explication de \u00ab\u00a0Jam&rsquo; al-Jaw\u00e2mi\u00a0\u00bb.<\/p>\n\n\n\n<p>La manifestation propose \u00e9galement une exposition de manuscrits anciens de la wilaya de Mascara, mettant en lumi\u00e8re la vie et les r\u00e9alisations du cheikh Abou Ras Ennaciri, ainsi que des ouvrages alg\u00e9riens consacr\u00e9s \u00e0 ce savant.<\/p>\n\n\n\n<p>La premi\u00e8re journ\u00e9e de cette exposition, qui se poursuit sur deux jours, a enregistr\u00e9 une affluence notable d&rsquo;\u00e9tudiants du d\u00e9partement des lettres de l&rsquo;Universit\u00e9 \u00ab\u00a0Mustapha Stambouli\u00a0\u00bb de Mascara, ainsi que la pr\u00e9sence de chercheurs et d&rsquo;\u00e9tudiants en doctorat.<\/p>\n\n\n\n<p>Le doctorant de la m\u00eame universit\u00e9, Mohamed Mansouri, a indiqu\u00e9 que cette manifestation permet aux chercheurs, notamment aux \u00e9tudiants pr\u00e9parant des th\u00e8ses de doctorat en biographies de savants, d&rsquo;acqu\u00e9rir de nombreuses informations sur la personnalit\u00e9 du cheikh Abou Ras Ennaciri.<\/p>\n\n\n\n<p>En marge de cet \u00e9v\u00e9nement, un atelier scientifique consacr\u00e9 au patrimoine litt\u00e9raire du cheikh Abou Ras Ennaciri est \u00e9galement pr\u00e9vu. Il sera destin\u00e9 aux \u00e9tudiants en fin de cycle du d\u00e9partement des lettres et encadr\u00e9 par des enseignants du m\u00eame d\u00e9partement, selon les organisateurs.<\/p>\n\n\n\n<p>L&rsquo;objectif de cette exposition est de faire conna\u00eetre aux \u00e9tudiants le parcours scientifique du cheikh Abou Ras Ennaciri et d&rsquo;encourager les chercheurs \u00e0 approfondir leurs travaux sur cette figure scientifique et historique, selon la m\u00eame source.<\/p>\n","protected":false},"excerpt":{"rendered":"<p>La premi\u00e8re \u00e9dition de l&rsquo;exposition intitul\u00e9e : \u00ab\u00a0Vie et parcours du cheikh Abou Ras Ennaciri\u00a0\u00bb a \u00e9t\u00e9 inaugur\u00e9e, mercredi dans le hall de la biblioth\u00e8que centrale de l&rsquo;Universit\u00e9 \u00ab\u00a0Mustapha Stambouli\u00a0\u00bb de Mascara, dans le cadre de la comm\u00e9moration du 203e anniversaire de la disparition de l&rsquo;\u00e9rudit Cette exposition, organis\u00e9e \u00e0 l&rsquo;initiative du club culturel \u00ab\u00a0El &hellip;<\/p>\n","protected":false},"author":9,"featured_media":65037,"comment_status":"open","ping_status":"open","sticky":false,"template":"","format":"standard","meta":{"footnotes":""},"categories":[3],"tags":[],"class_list":["post-65035","post","type-post","status-publish","format-standard","has-post-thumbnail","hentry","category-bs-culture"],"yoast_head":"<!-- This site is optimized with the Yoast SEO Premium plugin v22.6 (Yoast SEO v22.6) - https:\/\/yoast.com\/wordpress\/plugins\/seo\/ -->\n<title>Mascara : inauguration d&#039;une exposition consacr\u00e9e \u00e0 la vie et au parcours du cheikh Abou Ras Ennaciri - El Mawkie<\/title>\n<meta name=\"robots\" content=\"index, follow, max-snippet:-1, max-image-preview:large, max-video-preview:-1\" \/>\n<link rel=\"canonical\" href=\"https:\/\/elmawkie.dz\/fr\/mascara-inauguration-dune-exposition-consacree-a-la-vie-et-au-parcours-du-cheikh-abou-ras-ennaciri\/\" \/>\n<meta property=\"og:locale\" content=\"fr_FR\" \/>\n<meta property=\"og:type\" content=\"article\" \/>\n<meta property=\"og:title\" content=\"Mascara : inauguration d&#039;une exposition consacr\u00e9e \u00e0 la vie et au parcours du cheikh Abou Ras Ennaciri\" \/>\n<meta property=\"og:description\" content=\"La premi\u00e8re \u00e9dition de l&rsquo;exposition intitul\u00e9e : \u00ab\u00a0Vie et parcours du cheikh Abou Ras Ennaciri\u00a0\u00bb a \u00e9t\u00e9 inaugur\u00e9e, mercredi dans le hall de la biblioth\u00e8que centrale de l&rsquo;Universit\u00e9 \u00ab\u00a0Mustapha Stambouli\u00a0\u00bb de Mascara, dans le cadre de la comm\u00e9moration du 203e anniversaire de la disparition de l&rsquo;\u00e9rudit Cette exposition, organis\u00e9e \u00e0 l&rsquo;initiative du club culturel \u00ab\u00a0El &hellip;\" \/>\n<meta property=\"og:url\" content=\"https:\/\/elmawkie.dz\/fr\/mascara-inauguration-dune-exposition-consacree-a-la-vie-et-au-parcours-du-cheikh-abou-ras-ennaciri\/\" \/>\n<meta property=\"og:site_name\" content=\"El Mawkie\" \/>\n<meta property=\"article:publisher\" content=\"https:\/\/www.facebook.com\/profile.php?id=100088407094989&amp;locale=fr_FR\" \/>\n<meta property=\"article:published_time\" content=\"2026-04-29T13:38:55+00:00\" \/>\n<meta property=\"article:modified_time\" content=\"2026-04-29T13:38:56+00:00\" \/>\n<meta property=\"og:image\" content=\"https:\/\/elmawkie.dz\/fr\/wp-content\/uploads\/2026\/04\/WhatsApp-Image-2026-04-29-at-2.36.22-PM.jpeg\" \/>\n\t<meta property=\"og:image:width\" content=\"690\" \/>\n\t<meta property=\"og:image:height\" content=\"444\" \/>\n\t<meta property=\"og:image:type\" content=\"image\/jpeg\" \/>\n<meta name=\"author\" content=\"R\u00e9daction\" \/>\n<meta name=\"twitter:card\" content=\"summary_large_image\" \/>\n<meta name=\"twitter:label1\" content=\"Written by\" \/>\n\t<meta name=\"twitter:data1\" content=\"R\u00e9daction\" \/>\n\t<meta name=\"twitter:label2\" content=\"Est. reading time\" \/>\n\t<meta name=\"twitter:data2\" content=\"2 minutes\" \/>\n<script type=\"application\/ld+json\" class=\"yoast-schema-graph\">{\"@context\":\"https:\/\/schema.org\",\"@graph\":[{\"@type\":\"Article\",\"@id\":\"https:\/\/elmawkie.dz\/fr\/mascara-inauguration-dune-exposition-consacree-a-la-vie-et-au-parcours-du-cheikh-abou-ras-ennaciri\/#article\",\"isPartOf\":{\"@id\":\"https:\/\/elmawkie.dz\/fr\/mascara-inauguration-dune-exposition-consacree-a-la-vie-et-au-parcours-du-cheikh-abou-ras-ennaciri\/\"},\"author\":{\"name\":\"R\u00e9daction\",\"@id\":\"https:\/\/elmawkie.dz\/fr\/#\/schema\/person\/e7bd59d6467874ba5c4723d8a9f0a63c\"},\"headline\":\"Mascara : inauguration d&rsquo;une exposition consacr\u00e9e \u00e0 la vie et au parcours du cheikh Abou Ras Ennaciri\",\"datePublished\":\"2026-04-29T13:38:55+00:00\",\"dateModified\":\"2026-04-29T13:38:56+00:00\",\"mainEntityOfPage\":{\"@id\":\"https:\/\/elmawkie.dz\/fr\/mascara-inauguration-dune-exposition-consacree-a-la-vie-et-au-parcours-du-cheikh-abou-ras-ennaciri\/\"},\"wordCount\":362,\"commentCount\":0,\"publisher\":{\"@id\":\"https:\/\/elmawkie.dz\/fr\/#organization\"},\"image\":{\"@id\":\"https:\/\/elmawkie.dz\/fr\/mascara-inauguration-dune-exposition-consacree-a-la-vie-et-au-parcours-du-cheikh-abou-ras-ennaciri\/#primaryimage\"},\"thumbnailUrl\":\"https:\/\/elmawkie.dz\/fr\/wp-content\/uploads\/2026\/04\/WhatsApp-Image-2026-04-29-at-2.36.22-PM.jpeg\",\"articleSection\":[\"Culture\"],\"inLanguage\":\"fr-FR\",\"potentialAction\":[{\"@type\":\"CommentAction\",\"name\":\"Comment\",\"target\":[\"https:\/\/elmawkie.dz\/fr\/mascara-inauguration-dune-exposition-consacree-a-la-vie-et-au-parcours-du-cheikh-abou-ras-ennaciri\/#respond\"]}]},{\"@type\":\"WebPage\",\"@id\":\"https:\/\/elmawkie.dz\/fr\/mascara-inauguration-dune-exposition-consacree-a-la-vie-et-au-parcours-du-cheikh-abou-ras-ennaciri\/\",\"url\":\"https:\/\/elmawkie.dz\/fr\/mascara-inauguration-dune-exposition-consacree-a-la-vie-et-au-parcours-du-cheikh-abou-ras-ennaciri\/\",\"name\":\"Mascara : inauguration d'une exposition consacr\u00e9e \u00e0 la vie et au parcours du cheikh Abou Ras Ennaciri - El Mawkie\",\"isPartOf\":{\"@id\":\"https:\/\/elmawkie.dz\/fr\/#website\"},\"primaryImageOfPage\":{\"@id\":\"https:\/\/elmawkie.dz\/fr\/mascara-inauguration-dune-exposition-consacree-a-la-vie-et-au-parcours-du-cheikh-abou-ras-ennaciri\/#primaryimage\"},\"image\":{\"@id\":\"https:\/\/elmawkie.dz\/fr\/mascara-inauguration-dune-exposition-consacree-a-la-vie-et-au-parcours-du-cheikh-abou-ras-ennaciri\/#primaryimage\"},\"thumbnailUrl\":\"https:\/\/elmawkie.dz\/fr\/wp-content\/uploads\/2026\/04\/WhatsApp-Image-2026-04-29-at-2.36.22-PM.jpeg\",\"datePublished\":\"2026-04-29T13:38:55+00:00\",\"dateModified\":\"2026-04-29T13:38:56+00:00\",\"breadcrumb\":{\"@id\":\"https:\/\/elmawkie.dz\/fr\/mascara-inauguration-dune-exposition-consacree-a-la-vie-et-au-parcours-du-cheikh-abou-ras-ennaciri\/#breadcrumb\"},\"inLanguage\":\"fr-FR\",\"potentialAction\":[{\"@type\":\"ReadAction\",\"target\":[\"https:\/\/elmawkie.dz\/fr\/mascara-inauguration-dune-exposition-consacree-a-la-vie-et-au-parcours-du-cheikh-abou-ras-ennaciri\/\"]}]},{\"@type\":\"ImageObject\",\"inLanguage\":\"fr-FR\",\"@id\":\"https:\/\/elmawkie.dz\/fr\/mascara-inauguration-dune-exposition-consacree-a-la-vie-et-au-parcours-du-cheikh-abou-ras-ennaciri\/#primaryimage\",\"url\":\"https:\/\/elmawkie.dz\/fr\/wp-content\/uploads\/2026\/04\/WhatsApp-Image-2026-04-29-at-2.36.22-PM.jpeg\",\"contentUrl\":\"https:\/\/elmawkie.dz\/fr\/wp-content\/uploads\/2026\/04\/WhatsApp-Image-2026-04-29-at-2.36.22-PM.jpeg\",\"width\":690,\"height\":444},{\"@type\":\"BreadcrumbList\",\"@id\":\"https:\/\/elmawkie.dz\/fr\/mascara-inauguration-dune-exposition-consacree-a-la-vie-et-au-parcours-du-cheikh-abou-ras-ennaciri\/#breadcrumb\",\"itemListElement\":[{\"@type\":\"ListItem\",\"position\":1,\"name\":\"Home\",\"item\":\"https:\/\/elmawkie.dz\/fr\/\"},{\"@type\":\"ListItem\",\"position\":2,\"name\":\"Mascara : inauguration d&rsquo;une exposition consacr\u00e9e \u00e0 la vie et au parcours du cheikh Abou Ras Ennaciri\"}]},{\"@type\":\"WebSite\",\"@id\":\"https:\/\/elmawkie.dz\/fr\/#website\",\"url\":\"https:\/\/elmawkie.dz\/fr\/\",\"name\":\"EL MAWKIE\",\"description\":\"Journal \u00c9lectronique Alg\u00e9rien\",\"publisher\":{\"@id\":\"https:\/\/elmawkie.dz\/fr\/#organization\"},\"potentialAction\":[{\"@type\":\"SearchAction\",\"target\":{\"@type\":\"EntryPoint\",\"urlTemplate\":\"https:\/\/elmawkie.dz\/fr\/?s={search_term_string}\"},\"query-input\":\"required name=search_term_string\"}],\"inLanguage\":\"fr-FR\"},{\"@type\":\"Organization\",\"@id\":\"https:\/\/elmawkie.dz\/fr\/#organization\",\"name\":\"EL MAWKIE\",\"url\":\"https:\/\/elmawkie.dz\/fr\/\",\"logo\":{\"@type\":\"ImageObject\",\"inLanguage\":\"fr-FR\",\"@id\":\"https:\/\/elmawkie.dz\/fr\/#\/schema\/logo\/image\/\",\"url\":\"https:\/\/elmawkie.dz\/fr\/wp-content\/uploads\/2024\/05\/logo1.png\",\"contentUrl\":\"https:\/\/elmawkie.dz\/fr\/wp-content\/uploads\/2024\/05\/logo1.png\",\"width\":1648,\"height\":652,\"caption\":\"EL MAWKIE\"},\"image\":{\"@id\":\"https:\/\/elmawkie.dz\/fr\/#\/schema\/logo\/image\/\"},\"sameAs\":[\"https:\/\/www.facebook.com\/profile.php?id=100088407094989&locale=fr_FR\"]},{\"@type\":\"Person\",\"@id\":\"https:\/\/elmawkie.dz\/fr\/#\/schema\/person\/e7bd59d6467874ba5c4723d8a9f0a63c\",\"name\":\"R\u00e9daction\",\"image\":{\"@type\":\"ImageObject\",\"inLanguage\":\"fr-FR\",\"@id\":\"https:\/\/elmawkie.dz\/fr\/#\/schema\/person\/image\/\",\"url\":\"https:\/\/secure.gravatar.com\/avatar\/f0f773456344da4d2788c054a3d30a0c?s=96&d=mm&r=g\",\"contentUrl\":\"https:\/\/secure.gravatar.com\/avatar\/f0f773456344da4d2788c054a3d30a0c?s=96&d=mm&r=g\",\"caption\":\"R\u00e9daction\"},\"url\":\"https:\/\/elmawkie.dz\/fr\/author\/redaction\/\"}]}<\/script>\n<!-- \/ Yoast SEO Premium plugin. -->","yoast_head_json":{"title":"Mascara : inauguration d'une exposition consacr\u00e9e \u00e0 la vie et au parcours du cheikh Abou Ras Ennaciri - El Mawkie","robots":{"index":"index","follow":"follow","max-snippet":"max-snippet:-1","max-image-preview":"max-image-preview:large","max-video-preview":"max-video-preview:-1"},"canonical":"https:\/\/elmawkie.dz\/fr\/mascara-inauguration-dune-exposition-consacree-a-la-vie-et-au-parcours-du-cheikh-abou-ras-ennaciri\/","og_locale":"fr_FR","og_type":"article","og_title":"Mascara : inauguration d'une exposition consacr\u00e9e \u00e0 la vie et au parcours du cheikh Abou Ras Ennaciri","og_description":"La premi\u00e8re \u00e9dition de l&rsquo;exposition intitul\u00e9e : \u00ab\u00a0Vie et parcours du cheikh Abou Ras Ennaciri\u00a0\u00bb a \u00e9t\u00e9 inaugur\u00e9e, mercredi dans le hall de la biblioth\u00e8que centrale de l&rsquo;Universit\u00e9 \u00ab\u00a0Mustapha Stambouli\u00a0\u00bb de Mascara, dans le cadre de la comm\u00e9moration du 203e anniversaire de la disparition de l&rsquo;\u00e9rudit Cette exposition, organis\u00e9e \u00e0 l&rsquo;initiative du club culturel \u00ab\u00a0El &hellip;","og_url":"https:\/\/elmawkie.dz\/fr\/mascara-inauguration-dune-exposition-consacree-a-la-vie-et-au-parcours-du-cheikh-abou-ras-ennaciri\/","og_site_name":"El Mawkie","article_publisher":"https:\/\/www.facebook.com\/profile.php?id=100088407094989&locale=fr_FR","article_published_time":"2026-04-29T13:38:55+00:00","article_modified_time":"2026-04-29T13:38:56+00:00","og_image":[{"width":690,"height":444,"url":"https:\/\/elmawkie.dz\/fr\/wp-content\/uploads\/2026\/04\/WhatsApp-Image-2026-04-29-at-2.36.22-PM.jpeg","type":"image\/jpeg"}],"author":"R\u00e9daction","twitter_card":"summary_large_image","twitter_misc":{"Written by":"R\u00e9daction","Est. reading time":"2 minutes"},"schema":{"@context":"https:\/\/schema.org","@graph":[{"@type":"Article","@id":"https:\/\/elmawkie.dz\/fr\/mascara-inauguration-dune-exposition-consacree-a-la-vie-et-au-parcours-du-cheikh-abou-ras-ennaciri\/#article","isPartOf":{"@id":"https:\/\/elmawkie.dz\/fr\/mascara-inauguration-dune-exposition-consacree-a-la-vie-et-au-parcours-du-cheikh-abou-ras-ennaciri\/"},"author":{"name":"R\u00e9daction","@id":"https:\/\/elmawkie.dz\/fr\/#\/schema\/person\/e7bd59d6467874ba5c4723d8a9f0a63c"},"headline":"Mascara : inauguration d&rsquo;une exposition consacr\u00e9e \u00e0 la vie et au parcours du cheikh Abou Ras Ennaciri","datePublished":"2026-04-29T13:38:55+00:00","dateModified":"2026-04-29T13:38:56+00:00","mainEntityOfPage":{"@id":"https:\/\/elmawkie.dz\/fr\/mascara-inauguration-dune-exposition-consacree-a-la-vie-et-au-parcours-du-cheikh-abou-ras-ennaciri\/"},"wordCount":362,"commentCount":0,"publisher":{"@id":"https:\/\/elmawkie.dz\/fr\/#organization"},"image":{"@id":"https:\/\/elmawkie.dz\/fr\/mascara-inauguration-dune-exposition-consacree-a-la-vie-et-au-parcours-du-cheikh-abou-ras-ennaciri\/#primaryimage"},"thumbnailUrl":"https:\/\/elmawkie.dz\/fr\/wp-content\/uploads\/2026\/04\/WhatsApp-Image-2026-04-29-at-2.36.22-PM.jpeg","articleSection":["Culture"],"inLanguage":"fr-FR","potentialAction":[{"@type":"CommentAction","name":"Comment","target":["https:\/\/elmawkie.dz\/fr\/mascara-inauguration-dune-exposition-consacree-a-la-vie-et-au-parcours-du-cheikh-abou-ras-ennaciri\/#respond"]}]},{"@type":"WebPage","@id":"https:\/\/elmawkie.dz\/fr\/mascara-inauguration-dune-exposition-consacree-a-la-vie-et-au-parcours-du-cheikh-abou-ras-ennaciri\/","url":"https:\/\/elmawkie.dz\/fr\/mascara-inauguration-dune-exposition-consacree-a-la-vie-et-au-parcours-du-cheikh-abou-ras-ennaciri\/","name":"Mascara : inauguration d'une exposition consacr\u00e9e \u00e0 la vie et au parcours du cheikh Abou Ras Ennaciri - El Mawkie","isPartOf":{"@id":"https:\/\/elmawkie.dz\/fr\/#website"},"primaryImageOfPage":{"@id":"https:\/\/elmawkie.dz\/fr\/mascara-inauguration-dune-exposition-consacree-a-la-vie-et-au-parcours-du-cheikh-abou-ras-ennaciri\/#primaryimage"},"image":{"@id":"https:\/\/elmawkie.dz\/fr\/mascara-inauguration-dune-exposition-consacree-a-la-vie-et-au-parcours-du-cheikh-abou-ras-ennaciri\/#primaryimage"},"thumbnailUrl":"https:\/\/elmawkie.dz\/fr\/wp-content\/uploads\/2026\/04\/WhatsApp-Image-2026-04-29-at-2.36.22-PM.jpeg","datePublished":"2026-04-29T13:38:55+00:00","dateModified":"2026-04-29T13:38:56+00:00","breadcrumb":{"@id":"https:\/\/elmawkie.dz\/fr\/mascara-inauguration-dune-exposition-consacree-a-la-vie-et-au-parcours-du-cheikh-abou-ras-ennaciri\/#breadcrumb"},"inLanguage":"fr-FR","potentialAction":[{"@type":"ReadAction","target":["https:\/\/elmawkie.dz\/fr\/mascara-inauguration-dune-exposition-consacree-a-la-vie-et-au-parcours-du-cheikh-abou-ras-ennaciri\/"]}]},{"@type":"ImageObject","inLanguage":"fr-FR","@id":"https:\/\/elmawkie.dz\/fr\/mascara-inauguration-dune-exposition-consacree-a-la-vie-et-au-parcours-du-cheikh-abou-ras-ennaciri\/#primaryimage","url":"https:\/\/elmawkie.dz\/fr\/wp-content\/uploads\/2026\/04\/WhatsApp-Image-2026-04-29-at-2.36.22-PM.jpeg","contentUrl":"https:\/\/elmawkie.dz\/fr\/wp-content\/uploads\/2026\/04\/WhatsApp-Image-2026-04-29-at-2.36.22-PM.jpeg","width":690,"height":444},{"@type":"BreadcrumbList","@id":"https:\/\/elmawkie.dz\/fr\/mascara-inauguration-dune-exposition-consacree-a-la-vie-et-au-parcours-du-cheikh-abou-ras-ennaciri\/#breadcrumb","itemListElement":[{"@type":"ListItem","position":1,"name":"Home","item":"https:\/\/elmawkie.dz\/fr\/"},{"@type":"ListItem","position":2,"name":"Mascara : inauguration d&rsquo;une exposition consacr\u00e9e \u00e0 la vie et au parcours du cheikh Abou Ras Ennaciri"}]},{"@type":"WebSite","@id":"https:\/\/elmawkie.dz\/fr\/#website","url":"https:\/\/elmawkie.dz\/fr\/","name":"EL MAWKIE","description":"Journal \u00c9lectronique Alg\u00e9rien","publisher":{"@id":"https:\/\/elmawkie.dz\/fr\/#organization"},"potentialAction":[{"@type":"SearchAction","target":{"@type":"EntryPoint","urlTemplate":"https:\/\/elmawkie.dz\/fr\/?s={search_term_string}"},"query-input":"required name=search_term_string"}],"inLanguage":"fr-FR"},{"@type":"Organization","@id":"https:\/\/elmawkie.dz\/fr\/#organization","name":"EL MAWKIE","url":"https:\/\/elmawkie.dz\/fr\/","logo":{"@type":"ImageObject","inLanguage":"fr-FR","@id":"https:\/\/elmawkie.dz\/fr\/#\/schema\/logo\/image\/","url":"https:\/\/elmawkie.dz\/fr\/wp-content\/uploads\/2024\/05\/logo1.png","contentUrl":"https:\/\/elmawkie.dz\/fr\/wp-content\/uploads\/2024\/05\/logo1.png","width":1648,"height":652,"caption":"EL MAWKIE"},"image":{"@id":"https:\/\/elmawkie.dz\/fr\/#\/schema\/logo\/image\/"},"sameAs":["https:\/\/www.facebook.com\/profile.php?id=100088407094989&locale=fr_FR"]},{"@type":"Person","@id":"https:\/\/elmawkie.dz\/fr\/#\/schema\/person\/e7bd59d6467874ba5c4723d8a9f0a63c","name":"R\u00e9daction","image":{"@type":"ImageObject","inLanguage":"fr-FR","@id":"https:\/\/elmawkie.dz\/fr\/#\/schema\/person\/image\/","url":"https:\/\/secure.gravatar.com\/avatar\/f0f773456344da4d2788c054a3d30a0c?s=96&d=mm&r=g","contentUrl":"https:\/\/secure.gravatar.com\/avatar\/f0f773456344da4d2788c054a3d30a0c?s=96&d=mm&r=g","caption":"R\u00e9daction"},"url":"https:\/\/elmawkie.dz\/fr\/author\/redaction\/"}]}},"_links":{"self":[{"href":"https:\/\/elmawkie.dz\/fr\/wp-json\/wp\/v2\/posts\/65035","targetHints":{"allow":["GET"]}}],"collection":[{"href":"https:\/\/elmawkie.dz\/fr\/wp-json\/wp\/v2\/posts"}],"about":[{"href":"https:\/\/elmawkie.dz\/fr\/wp-json\/wp\/v2\/types\/post"}],"author":[{"embeddable":true,"href":"https:\/\/elmawkie.dz\/fr\/wp-json\/wp\/v2\/users\/9"}],"replies":[{"embeddable":true,"href":"https:\/\/elmawkie.dz\/fr\/wp-json\/wp\/v2\/comments?post=65035"}],"version-history":[{"count":1,"href":"https:\/\/elmawkie.dz\/fr\/wp-json\/wp\/v2\/posts\/65035\/revisions"}],"predecessor-version":[{"id":65038,"href":"https:\/\/elmawkie.dz\/fr\/wp-json\/wp\/v2\/posts\/65035\/revisions\/65038"}],"wp:featuredmedia":[{"embeddable":true,"href":"https:\/\/elmawkie.dz\/fr\/wp-json\/wp\/v2\/media\/65037"}],"wp:attachment":[{"href":"https:\/\/elmawkie.dz\/fr\/wp-json\/wp\/v2\/media?parent=65035"}],"wp:term":[{"taxonomy":"category","embeddable":true,"href":"https:\/\/elmawkie.dz\/fr\/wp-json\/wp\/v2\/categories?post=65035"},{"taxonomy":"post_tag","embeddable":true,"href":"https:\/\/elmawkie.dz\/fr\/wp-json\/wp\/v2\/tags?post=65035"}],"curies":[{"name":"wp","href":"https:\/\/api.w.org\/{rel}","templated":true}]}}