{"id":65032,"date":"2026-04-29T14:07:59","date_gmt":"2026-04-29T13:07:59","guid":{"rendered":"https:\/\/elmawkie.dz\/fr\/?p=65032"},"modified":"2026-04-29T14:08:00","modified_gmt":"2026-04-29T13:08:00","slug":"liban-deux-martyrs-dans-une-frappe-sioniste-dans-le-sud-du-pays","status":"publish","type":"post","link":"https:\/\/elmawkie.dz\/fr\/liban-deux-martyrs-dans-une-frappe-sioniste-dans-le-sud-du-pays\/","title":{"rendered":"Liban: deux martyrs dans une frappe sioniste dans le Sud du pays"},"content":{"rendered":"\n<p>Deux personnes, dont un militaire, sont tomb\u00e9es en martyres dans une nouvelle frappe sioniste dans le Sud du Liban, ont indiqu\u00e9 mercredi les autorit\u00e9s militaires libanaises .<\/p>\n\n\n\n<p>Selon un communiqu\u00e9 de l&rsquo;arm\u00e9e libanaise, rapport\u00e9 par des m\u00e9dias, un soldat libanais et son fr\u00e8re ont \u00e9t\u00e9 vis\u00e9s par les frappes sionistes dans une localit\u00e9 du secteur de Bint Jbeil alors qu&rsquo;ils rentraient \u00e0 moto depuis le poste militaire o\u00f9 le soldat \u00e9tait en service.<\/p>\n\n\n\n<p>La veille, onze personnes sont tomb\u00e9es en martyres dans des frappes des forces sionistes dans le Sud du pays, dont trois secouristes de la D\u00e9fense civile, tandis que deux soldats avaient \u00e9t\u00e9 bless\u00e9s lors d&rsquo;une op\u00e9ration de secours.<\/p>\n\n\n\n<p>Le Premier ministre, Nawaf Salam, a qualifi\u00e9 de \u00ab\u00a0crime de guerre\u00a0\u00bb la frappe ayant touch\u00e9 les secouristes.<\/p>\n\n\n\n<p>Le bilan de l&rsquo;agression sioniste contre le Liban s&rsquo;est \u00e9lev\u00e9 mardi \u00e0 2.534 martyrs et 7.863 bless\u00e9s, depuis le 2 mars, selon les autorit\u00e9s libanaises.<\/p>\n\n\n\n<p>L&rsquo;agression a \u00e9galement provoqu\u00e9 une crise humanitaire, dont l&rsquo;impact humanitaire continue de se faire sentir avec des milliers de personnes contraintes de vivre dans des conditions pr\u00e9caires, loin de chez elles. <\/p>\n","protected":false},"excerpt":{"rendered":"<p>Deux personnes, dont un militaire, sont tomb\u00e9es en martyres dans une nouvelle frappe sioniste dans le Sud du Liban, ont indiqu\u00e9 mercredi les autorit\u00e9s militaires libanaises . Selon un communiqu\u00e9 de l&rsquo;arm\u00e9e libanaise, rapport\u00e9 par des m\u00e9dias, un soldat libanais et son fr\u00e8re ont \u00e9t\u00e9 vis\u00e9s par les frappes sionistes dans une localit\u00e9 du secteur &hellip;<\/p>\n","protected":false},"author":9,"featured_media":64460,"comment_status":"open","ping_status":"open","sticky":false,"template":"","format":"standard","meta":{"footnotes":""},"categories":[44],"tags":[312],"class_list":["post-65032","post","type-post","status-publish","format-standard","has-post-thumbnail","hentry","category-international","tag-liban"],"yoast_head":"<!-- This site is optimized with the Yoast SEO Premium plugin v22.6 (Yoast SEO v22.6) - https:\/\/yoast.com\/wordpress\/plugins\/seo\/ -->\n<title>Liban: deux martyrs dans une frappe sioniste dans le Sud du pays - El Mawkie<\/title>\n<meta name=\"robots\" content=\"index, follow, max-snippet:-1, max-image-preview:large, max-video-preview:-1\" \/>\n<link rel=\"canonical\" href=\"https:\/\/elmawkie.dz\/fr\/liban-deux-martyrs-dans-une-frappe-sioniste-dans-le-sud-du-pays\/\" \/>\n<meta property=\"og:locale\" content=\"fr_FR\" \/>\n<meta property=\"og:type\" content=\"article\" \/>\n<meta property=\"og:title\" content=\"Liban: deux martyrs dans une frappe sioniste dans le Sud du pays\" \/>\n<meta property=\"og:description\" content=\"Deux personnes, dont un militaire, sont tomb\u00e9es en martyres dans une nouvelle frappe sioniste dans le Sud du Liban, ont indiqu\u00e9 mercredi les autorit\u00e9s militaires libanaises . Selon un communiqu\u00e9 de l&rsquo;arm\u00e9e libanaise, rapport\u00e9 par des m\u00e9dias, un soldat libanais et son fr\u00e8re ont \u00e9t\u00e9 vis\u00e9s par les frappes sionistes dans une localit\u00e9 du secteur &hellip;\" \/>\n<meta property=\"og:url\" content=\"https:\/\/elmawkie.dz\/fr\/liban-deux-martyrs-dans-une-frappe-sioniste-dans-le-sud-du-pays\/\" \/>\n<meta property=\"og:site_name\" content=\"El Mawkie\" \/>\n<meta property=\"article:publisher\" content=\"https:\/\/www.facebook.com\/profile.php?id=100088407094989&amp;locale=fr_FR\" \/>\n<meta property=\"article:published_time\" content=\"2026-04-29T13:07:59+00:00\" \/>\n<meta property=\"article:modified_time\" content=\"2026-04-29T13:08:00+00:00\" \/>\n<meta property=\"og:image\" content=\"https:\/\/elmawkie.dz\/fr\/wp-content\/uploads\/2026\/04\/IMG_4508.jpeg\" \/>\n\t<meta property=\"og:image:width\" content=\"588\" \/>\n\t<meta property=\"og:image:height\" content=\"372\" \/>\n\t<meta property=\"og:image:type\" content=\"image\/jpeg\" \/>\n<meta name=\"author\" content=\"R\u00e9daction\" \/>\n<meta name=\"twitter:card\" content=\"summary_large_image\" \/>\n<meta name=\"twitter:label1\" content=\"Written by\" \/>\n\t<meta name=\"twitter:data1\" content=\"R\u00e9daction\" \/>\n\t<meta name=\"twitter:label2\" content=\"Est. reading time\" \/>\n\t<meta name=\"twitter:data2\" content=\"2 minutes\" \/>\n<script type=\"application\/ld+json\" class=\"yoast-schema-graph\">{\"@context\":\"https:\/\/schema.org\",\"@graph\":[{\"@type\":\"Article\",\"@id\":\"https:\/\/elmawkie.dz\/fr\/liban-deux-martyrs-dans-une-frappe-sioniste-dans-le-sud-du-pays\/#article\",\"isPartOf\":{\"@id\":\"https:\/\/elmawkie.dz\/fr\/liban-deux-martyrs-dans-une-frappe-sioniste-dans-le-sud-du-pays\/\"},\"author\":{\"name\":\"R\u00e9daction\",\"@id\":\"https:\/\/elmawkie.dz\/fr\/#\/schema\/person\/e7bd59d6467874ba5c4723d8a9f0a63c\"},\"headline\":\"Liban: deux martyrs dans une frappe sioniste dans le Sud du pays\",\"datePublished\":\"2026-04-29T13:07:59+00:00\",\"dateModified\":\"2026-04-29T13:08:00+00:00\",\"mainEntityOfPage\":{\"@id\":\"https:\/\/elmawkie.dz\/fr\/liban-deux-martyrs-dans-une-frappe-sioniste-dans-le-sud-du-pays\/\"},\"wordCount\":210,\"commentCount\":0,\"publisher\":{\"@id\":\"https:\/\/elmawkie.dz\/fr\/#organization\"},\"image\":{\"@id\":\"https:\/\/elmawkie.dz\/fr\/liban-deux-martyrs-dans-une-frappe-sioniste-dans-le-sud-du-pays\/#primaryimage\"},\"thumbnailUrl\":\"https:\/\/elmawkie.dz\/fr\/wp-content\/uploads\/2026\/04\/IMG_4508.jpeg\",\"keywords\":[\"liban\"],\"articleSection\":[\"International\"],\"inLanguage\":\"fr-FR\",\"potentialAction\":[{\"@type\":\"CommentAction\",\"name\":\"Comment\",\"target\":[\"https:\/\/elmawkie.dz\/fr\/liban-deux-martyrs-dans-une-frappe-sioniste-dans-le-sud-du-pays\/#respond\"]}]},{\"@type\":\"WebPage\",\"@id\":\"https:\/\/elmawkie.dz\/fr\/liban-deux-martyrs-dans-une-frappe-sioniste-dans-le-sud-du-pays\/\",\"url\":\"https:\/\/elmawkie.dz\/fr\/liban-deux-martyrs-dans-une-frappe-sioniste-dans-le-sud-du-pays\/\",\"name\":\"Liban: deux martyrs dans une frappe sioniste dans le Sud du pays - El Mawkie\",\"isPartOf\":{\"@id\":\"https:\/\/elmawkie.dz\/fr\/#website\"},\"primaryImageOfPage\":{\"@id\":\"https:\/\/elmawkie.dz\/fr\/liban-deux-martyrs-dans-une-frappe-sioniste-dans-le-sud-du-pays\/#primaryimage\"},\"image\":{\"@id\":\"https:\/\/elmawkie.dz\/fr\/liban-deux-martyrs-dans-une-frappe-sioniste-dans-le-sud-du-pays\/#primaryimage\"},\"thumbnailUrl\":\"https:\/\/elmawkie.dz\/fr\/wp-content\/uploads\/2026\/04\/IMG_4508.jpeg\",\"datePublished\":\"2026-04-29T13:07:59+00:00\",\"dateModified\":\"2026-04-29T13:08:00+00:00\",\"breadcrumb\":{\"@id\":\"https:\/\/elmawkie.dz\/fr\/liban-deux-martyrs-dans-une-frappe-sioniste-dans-le-sud-du-pays\/#breadcrumb\"},\"inLanguage\":\"fr-FR\",\"potentialAction\":[{\"@type\":\"ReadAction\",\"target\":[\"https:\/\/elmawkie.dz\/fr\/liban-deux-martyrs-dans-une-frappe-sioniste-dans-le-sud-du-pays\/\"]}]},{\"@type\":\"ImageObject\",\"inLanguage\":\"fr-FR\",\"@id\":\"https:\/\/elmawkie.dz\/fr\/liban-deux-martyrs-dans-une-frappe-sioniste-dans-le-sud-du-pays\/#primaryimage\",\"url\":\"https:\/\/elmawkie.dz\/fr\/wp-content\/uploads\/2026\/04\/IMG_4508.jpeg\",\"contentUrl\":\"https:\/\/elmawkie.dz\/fr\/wp-content\/uploads\/2026\/04\/IMG_4508.jpeg\",\"width\":588,\"height\":372},{\"@type\":\"BreadcrumbList\",\"@id\":\"https:\/\/elmawkie.dz\/fr\/liban-deux-martyrs-dans-une-frappe-sioniste-dans-le-sud-du-pays\/#breadcrumb\",\"itemListElement\":[{\"@type\":\"ListItem\",\"position\":1,\"name\":\"Home\",\"item\":\"https:\/\/elmawkie.dz\/fr\/\"},{\"@type\":\"ListItem\",\"position\":2,\"name\":\"Liban: deux martyrs dans une frappe sioniste dans le Sud du pays\"}]},{\"@type\":\"WebSite\",\"@id\":\"https:\/\/elmawkie.dz\/fr\/#website\",\"url\":\"https:\/\/elmawkie.dz\/fr\/\",\"name\":\"EL MAWKIE\",\"description\":\"Journal \u00c9lectronique Alg\u00e9rien\",\"publisher\":{\"@id\":\"https:\/\/elmawkie.dz\/fr\/#organization\"},\"potentialAction\":[{\"@type\":\"SearchAction\",\"target\":{\"@type\":\"EntryPoint\",\"urlTemplate\":\"https:\/\/elmawkie.dz\/fr\/?s={search_term_string}\"},\"query-input\":\"required name=search_term_string\"}],\"inLanguage\":\"fr-FR\"},{\"@type\":\"Organization\",\"@id\":\"https:\/\/elmawkie.dz\/fr\/#organization\",\"name\":\"EL MAWKIE\",\"url\":\"https:\/\/elmawkie.dz\/fr\/\",\"logo\":{\"@type\":\"ImageObject\",\"inLanguage\":\"fr-FR\",\"@id\":\"https:\/\/elmawkie.dz\/fr\/#\/schema\/logo\/image\/\",\"url\":\"https:\/\/elmawkie.dz\/fr\/wp-content\/uploads\/2024\/05\/logo1.png\",\"contentUrl\":\"https:\/\/elmawkie.dz\/fr\/wp-content\/uploads\/2024\/05\/logo1.png\",\"width\":1648,\"height\":652,\"caption\":\"EL MAWKIE\"},\"image\":{\"@id\":\"https:\/\/elmawkie.dz\/fr\/#\/schema\/logo\/image\/\"},\"sameAs\":[\"https:\/\/www.facebook.com\/profile.php?id=100088407094989&locale=fr_FR\"]},{\"@type\":\"Person\",\"@id\":\"https:\/\/elmawkie.dz\/fr\/#\/schema\/person\/e7bd59d6467874ba5c4723d8a9f0a63c\",\"name\":\"R\u00e9daction\",\"image\":{\"@type\":\"ImageObject\",\"inLanguage\":\"fr-FR\",\"@id\":\"https:\/\/elmawkie.dz\/fr\/#\/schema\/person\/image\/\",\"url\":\"https:\/\/secure.gravatar.com\/avatar\/f0f773456344da4d2788c054a3d30a0c?s=96&d=mm&r=g\",\"contentUrl\":\"https:\/\/secure.gravatar.com\/avatar\/f0f773456344da4d2788c054a3d30a0c?s=96&d=mm&r=g\",\"caption\":\"R\u00e9daction\"},\"url\":\"https:\/\/elmawkie.dz\/fr\/author\/redaction\/\"}]}<\/script>\n<!-- \/ Yoast SEO Premium plugin. -->","yoast_head_json":{"title":"Liban: deux martyrs dans une frappe sioniste dans le Sud du pays - El Mawkie","robots":{"index":"index","follow":"follow","max-snippet":"max-snippet:-1","max-image-preview":"max-image-preview:large","max-video-preview":"max-video-preview:-1"},"canonical":"https:\/\/elmawkie.dz\/fr\/liban-deux-martyrs-dans-une-frappe-sioniste-dans-le-sud-du-pays\/","og_locale":"fr_FR","og_type":"article","og_title":"Liban: deux martyrs dans une frappe sioniste dans le Sud du pays","og_description":"Deux personnes, dont un militaire, sont tomb\u00e9es en martyres dans une nouvelle frappe sioniste dans le Sud du Liban, ont indiqu\u00e9 mercredi les autorit\u00e9s militaires libanaises . Selon un communiqu\u00e9 de l&rsquo;arm\u00e9e libanaise, rapport\u00e9 par des m\u00e9dias, un soldat libanais et son fr\u00e8re ont \u00e9t\u00e9 vis\u00e9s par les frappes sionistes dans une localit\u00e9 du secteur &hellip;","og_url":"https:\/\/elmawkie.dz\/fr\/liban-deux-martyrs-dans-une-frappe-sioniste-dans-le-sud-du-pays\/","og_site_name":"El Mawkie","article_publisher":"https:\/\/www.facebook.com\/profile.php?id=100088407094989&locale=fr_FR","article_published_time":"2026-04-29T13:07:59+00:00","article_modified_time":"2026-04-29T13:08:00+00:00","og_image":[{"width":588,"height":372,"url":"https:\/\/elmawkie.dz\/fr\/wp-content\/uploads\/2026\/04\/IMG_4508.jpeg","type":"image\/jpeg"}],"author":"R\u00e9daction","twitter_card":"summary_large_image","twitter_misc":{"Written by":"R\u00e9daction","Est. reading time":"2 minutes"},"schema":{"@context":"https:\/\/schema.org","@graph":[{"@type":"Article","@id":"https:\/\/elmawkie.dz\/fr\/liban-deux-martyrs-dans-une-frappe-sioniste-dans-le-sud-du-pays\/#article","isPartOf":{"@id":"https:\/\/elmawkie.dz\/fr\/liban-deux-martyrs-dans-une-frappe-sioniste-dans-le-sud-du-pays\/"},"author":{"name":"R\u00e9daction","@id":"https:\/\/elmawkie.dz\/fr\/#\/schema\/person\/e7bd59d6467874ba5c4723d8a9f0a63c"},"headline":"Liban: deux martyrs dans une frappe sioniste dans le Sud du pays","datePublished":"2026-04-29T13:07:59+00:00","dateModified":"2026-04-29T13:08:00+00:00","mainEntityOfPage":{"@id":"https:\/\/elmawkie.dz\/fr\/liban-deux-martyrs-dans-une-frappe-sioniste-dans-le-sud-du-pays\/"},"wordCount":210,"commentCount":0,"publisher":{"@id":"https:\/\/elmawkie.dz\/fr\/#organization"},"image":{"@id":"https:\/\/elmawkie.dz\/fr\/liban-deux-martyrs-dans-une-frappe-sioniste-dans-le-sud-du-pays\/#primaryimage"},"thumbnailUrl":"https:\/\/elmawkie.dz\/fr\/wp-content\/uploads\/2026\/04\/IMG_4508.jpeg","keywords":["liban"],"articleSection":["International"],"inLanguage":"fr-FR","potentialAction":[{"@type":"CommentAction","name":"Comment","target":["https:\/\/elmawkie.dz\/fr\/liban-deux-martyrs-dans-une-frappe-sioniste-dans-le-sud-du-pays\/#respond"]}]},{"@type":"WebPage","@id":"https:\/\/elmawkie.dz\/fr\/liban-deux-martyrs-dans-une-frappe-sioniste-dans-le-sud-du-pays\/","url":"https:\/\/elmawkie.dz\/fr\/liban-deux-martyrs-dans-une-frappe-sioniste-dans-le-sud-du-pays\/","name":"Liban: deux martyrs dans une frappe sioniste dans le Sud du pays - El Mawkie","isPartOf":{"@id":"https:\/\/elmawkie.dz\/fr\/#website"},"primaryImageOfPage":{"@id":"https:\/\/elmawkie.dz\/fr\/liban-deux-martyrs-dans-une-frappe-sioniste-dans-le-sud-du-pays\/#primaryimage"},"image":{"@id":"https:\/\/elmawkie.dz\/fr\/liban-deux-martyrs-dans-une-frappe-sioniste-dans-le-sud-du-pays\/#primaryimage"},"thumbnailUrl":"https:\/\/elmawkie.dz\/fr\/wp-content\/uploads\/2026\/04\/IMG_4508.jpeg","datePublished":"2026-04-29T13:07:59+00:00","dateModified":"2026-04-29T13:08:00+00:00","breadcrumb":{"@id":"https:\/\/elmawkie.dz\/fr\/liban-deux-martyrs-dans-une-frappe-sioniste-dans-le-sud-du-pays\/#breadcrumb"},"inLanguage":"fr-FR","potentialAction":[{"@type":"ReadAction","target":["https:\/\/elmawkie.dz\/fr\/liban-deux-martyrs-dans-une-frappe-sioniste-dans-le-sud-du-pays\/"]}]},{"@type":"ImageObject","inLanguage":"fr-FR","@id":"https:\/\/elmawkie.dz\/fr\/liban-deux-martyrs-dans-une-frappe-sioniste-dans-le-sud-du-pays\/#primaryimage","url":"https:\/\/elmawkie.dz\/fr\/wp-content\/uploads\/2026\/04\/IMG_4508.jpeg","contentUrl":"https:\/\/elmawkie.dz\/fr\/wp-content\/uploads\/2026\/04\/IMG_4508.jpeg","width":588,"height":372},{"@type":"BreadcrumbList","@id":"https:\/\/elmawkie.dz\/fr\/liban-deux-martyrs-dans-une-frappe-sioniste-dans-le-sud-du-pays\/#breadcrumb","itemListElement":[{"@type":"ListItem","position":1,"name":"Home","item":"https:\/\/elmawkie.dz\/fr\/"},{"@type":"ListItem","position":2,"name":"Liban: deux martyrs dans une frappe sioniste dans le Sud du pays"}]},{"@type":"WebSite","@id":"https:\/\/elmawkie.dz\/fr\/#website","url":"https:\/\/elmawkie.dz\/fr\/","name":"EL MAWKIE","description":"Journal \u00c9lectronique Alg\u00e9rien","publisher":{"@id":"https:\/\/elmawkie.dz\/fr\/#organization"},"potentialAction":[{"@type":"SearchAction","target":{"@type":"EntryPoint","urlTemplate":"https:\/\/elmawkie.dz\/fr\/?s={search_term_string}"},"query-input":"required name=search_term_string"}],"inLanguage":"fr-FR"},{"@type":"Organization","@id":"https:\/\/elmawkie.dz\/fr\/#organization","name":"EL MAWKIE","url":"https:\/\/elmawkie.dz\/fr\/","logo":{"@type":"ImageObject","inLanguage":"fr-FR","@id":"https:\/\/elmawkie.dz\/fr\/#\/schema\/logo\/image\/","url":"https:\/\/elmawkie.dz\/fr\/wp-content\/uploads\/2024\/05\/logo1.png","contentUrl":"https:\/\/elmawkie.dz\/fr\/wp-content\/uploads\/2024\/05\/logo1.png","width":1648,"height":652,"caption":"EL MAWKIE"},"image":{"@id":"https:\/\/elmawkie.dz\/fr\/#\/schema\/logo\/image\/"},"sameAs":["https:\/\/www.facebook.com\/profile.php?id=100088407094989&locale=fr_FR"]},{"@type":"Person","@id":"https:\/\/elmawkie.dz\/fr\/#\/schema\/person\/e7bd59d6467874ba5c4723d8a9f0a63c","name":"R\u00e9daction","image":{"@type":"ImageObject","inLanguage":"fr-FR","@id":"https:\/\/elmawkie.dz\/fr\/#\/schema\/person\/image\/","url":"https:\/\/secure.gravatar.com\/avatar\/f0f773456344da4d2788c054a3d30a0c?s=96&d=mm&r=g","contentUrl":"https:\/\/secure.gravatar.com\/avatar\/f0f773456344da4d2788c054a3d30a0c?s=96&d=mm&r=g","caption":"R\u00e9daction"},"url":"https:\/\/elmawkie.dz\/fr\/author\/redaction\/"}]}},"_links":{"self":[{"href":"https:\/\/elmawkie.dz\/fr\/wp-json\/wp\/v2\/posts\/65032","targetHints":{"allow":["GET"]}}],"collection":[{"href":"https:\/\/elmawkie.dz\/fr\/wp-json\/wp\/v2\/posts"}],"about":[{"href":"https:\/\/elmawkie.dz\/fr\/wp-json\/wp\/v2\/types\/post"}],"author":[{"embeddable":true,"href":"https:\/\/elmawkie.dz\/fr\/wp-json\/wp\/v2\/users\/9"}],"replies":[{"embeddable":true,"href":"https:\/\/elmawkie.dz\/fr\/wp-json\/wp\/v2\/comments?post=65032"}],"version-history":[{"count":1,"href":"https:\/\/elmawkie.dz\/fr\/wp-json\/wp\/v2\/posts\/65032\/revisions"}],"predecessor-version":[{"id":65034,"href":"https:\/\/elmawkie.dz\/fr\/wp-json\/wp\/v2\/posts\/65032\/revisions\/65034"}],"wp:featuredmedia":[{"embeddable":true,"href":"https:\/\/elmawkie.dz\/fr\/wp-json\/wp\/v2\/media\/64460"}],"wp:attachment":[{"href":"https:\/\/elmawkie.dz\/fr\/wp-json\/wp\/v2\/media?parent=65032"}],"wp:term":[{"taxonomy":"category","embeddable":true,"href":"https:\/\/elmawkie.dz\/fr\/wp-json\/wp\/v2\/categories?post=65032"},{"taxonomy":"post_tag","embeddable":true,"href":"https:\/\/elmawkie.dz\/fr\/wp-json\/wp\/v2\/tags?post=65032"}],"curies":[{"name":"wp","href":"https:\/\/api.w.org\/{rel}","templated":true}]}}