{"id":65025,"date":"2026-04-29T13:44:51","date_gmt":"2026-04-29T12:44:51","guid":{"rendered":"https:\/\/elmawkie.dz\/fr\/?p=65025"},"modified":"2026-04-29T13:44:52","modified_gmt":"2026-04-29T12:44:52","slug":"tissemsilt-le-premier-ministre-procede-au-lancement-dun-projet-dunite-de-production-de-composants-et-accessoires-plastiques-pour-automobiles","status":"publish","type":"post","link":"https:\/\/elmawkie.dz\/fr\/tissemsilt-le-premier-ministre-procede-au-lancement-dun-projet-dunite-de-production-de-composants-et-accessoires-plastiques-pour-automobiles\/","title":{"rendered":"Tissemsilt: le Premier ministre proc\u00e8de au lancement d\u2019un projet d\u2019unit\u00e9 de production de composants et accessoires plastiques pour automobiles"},"content":{"rendered":"\n<p>Charg\u00e9 par le pr\u00e9sident de la R\u00e9publique, M. Abdelmadjid Tebboune, le Premier ministre, M. Sifi Ghrieb, a effectu\u00e9, mercredi, une visite de travail et d\u2019inspection dans la wilaya de Tissemsilt, o\u00f9 il a proc\u00e9d\u00e9 au lancement du projet d\u2019une unit\u00e9 de production de composants et accessoires plastiques pour automobiles \u00ab\u00a0General Plastic Injection\u00a0\u00bb (GPI).<\/p>\n\n\n\n<p>Cette visite s\u2019inscrit dans le cadre de la mise en \u0153uvre des orientations strat\u00e9giques du pr\u00e9sident de la R\u00e9publique visant \u00e0 relancer les projets saisis et \u00e0 les int\u00e9grer dans le tissu \u00e9conomique national, de mani\u00e8re \u00e0 renforcer le principe de valorisation des actifs productifs et \u00e0 en faire un levier efficace de d\u00e9veloppement \u00e9conomique, de cr\u00e9ation de richesse et d\u2019emplois, dans une vision globale soutenant la souverainet\u00e9 industrielle du pays.<\/p>\n\n\n\n<p>Le projet de l\u2019usine de production de pi\u00e8ces et accessoires automobiles, situ\u00e9 dans la commune de Khemisti, dans la zone de Sidi Mansour, constitue un investissement qualitatif visant \u00e0 r\u00e9pondre aux besoins du march\u00e9 national en accessoires plastiques destin\u00e9s \u00e0 l\u2019industrie automobile, dans le cadre d\u2019une strat\u00e9gie visant \u00e0 augmenter les taux d\u2019int\u00e9gration nationale.<\/p>\n\n\n\n<p>Le projet devrait \u00e9galement contribuer \u00e0 r\u00e9duire la facture des importations en offrant des alternatives locales, tout en soutenant les cha\u00eenes de valeur industrielles li\u00e9es \u00e0 ce secteur strat\u00e9gique et en encourageant l\u2019investissement dans la fabrication de pi\u00e8ces de rechange. Il participera aussi au d\u00e9veloppement des infrastructures et \u00e0 la valorisation des comp\u00e9tences nationales \u00e0 travers la localisation du savoir-faire industriel.<\/p>\n\n\n\n<p>Au-del\u00e0 de ses dimensions \u00e9conomiques, ce projet rev\u00eat une importance sociale notable, puisqu\u2019il devrait ouvrir de larges perspectives d\u2019emploi en cr\u00e9ant des postes directs et indirects au profit des jeunes de la r\u00e9gion dans divers domaines, incluant ing\u00e9nieurs, techniciens et ouvriers.<\/p>\n\n\n\n<p>Cette initiative traduit la volont\u00e9 de concr\u00e9tiser les engagements du Pr\u00e9sident de la R\u00e9publique en faveur de la mise en place d\u2019une industrie m\u00e9canique nationale int\u00e9gr\u00e9e, dans le cadre d\u2019une orientation strat\u00e9gique visant \u00e0 b\u00e2tir une base industrielle moderne et durable.<\/p>\n\n\n\n<p>Au cours de sa visite, le Premier ministre a re\u00e7u des explications d\u00e9taill\u00e9es sur les diff\u00e9rentes \u00e9tapes de production et les capacit\u00e9s de l\u2019entreprise industrielle. Il a \u00e9galement visit\u00e9 un espace d\u2019exposition d\u00e9di\u00e9 aux produits fabriqu\u00e9s, o\u00f9 il a pris connaissance de plusieurs mod\u00e8les de composants et accessoires produits par l\u2019usine.<\/p>\n\n\n\n<p>M. Sifi Ghrieb a soulign\u00e9 l\u2019importance accord\u00e9e par le Pr\u00e9sident de la R\u00e9publique au d\u00e9veloppement de l\u2019industrie locale et \u00e0 la promotion de la production nationale \u00e0 travers l\u2019encouragement de l\u2019investissement productif et le soutien aux entreprises nationales, contribuant ainsi \u00e0 renforcer la comp\u00e9titivit\u00e9 de l\u2019\u00e9conomie nationale et \u00e0 concr\u00e9tiser la vision strat\u00e9gique de l\u2019Etat visant \u00e0 b\u00e2tir une \u00e9conomie forte et diversifi\u00e9e.<\/p>\n\n\n\n<p>Il a \u00e9galement pr\u00e9sid\u00e9 la c\u00e9r\u00e9monie de signature de plusieurs accords relatifs au d\u00e9veloppement de l\u2019industrie des composants et pi\u00e8ces automobiles, au renforcement du partenariat industriel, au transfert de technologie et \u00e0 l\u2019augmentation des taux d\u2019int\u00e9gration nationale.<\/p>\n\n\n\n<p>Le Premier ministre \u00e9tait accompagn\u00e9, lors de cette visite, du ministre de l\u2019Int\u00e9rieur, des Collectivit\u00e9s locales et des Transports, M. Sa\u00efd Sayoud, et du ministre de l\u2019Industrie, M. Yahia Bachir, ainsi que de plusieurs op\u00e9rateurs \u00e9conomiques.<\/p>\n","protected":false},"excerpt":{"rendered":"<p>Charg\u00e9 par le pr\u00e9sident de la R\u00e9publique, M. Abdelmadjid Tebboune, le Premier ministre, M. Sifi Ghrieb, a effectu\u00e9, mercredi, une visite de travail et d\u2019inspection dans la wilaya de Tissemsilt, o\u00f9 il a proc\u00e9d\u00e9 au lancement du projet d\u2019une unit\u00e9 de production de composants et accessoires plastiques pour automobiles \u00ab\u00a0General Plastic Injection\u00a0\u00bb (GPI). Cette visite &hellip;<\/p>\n","protected":false},"author":9,"featured_media":65027,"comment_status":"open","ping_status":"open","sticky":false,"template":"","format":"standard","meta":{"footnotes":""},"categories":[47],"tags":[],"class_list":["post-65025","post","type-post","status-publish","format-standard","has-post-thumbnail","hentry","category-national"],"yoast_head":"<!-- This site is optimized with the Yoast SEO Premium plugin v22.6 (Yoast SEO v22.6) - https:\/\/yoast.com\/wordpress\/plugins\/seo\/ -->\n<title>Tissemsilt: le Premier ministre proc\u00e8de au lancement d\u2019un projet d\u2019unit\u00e9 de production de composants et accessoires plastiques pour automobiles - El Mawkie<\/title>\n<meta name=\"robots\" content=\"index, follow, max-snippet:-1, max-image-preview:large, max-video-preview:-1\" \/>\n<link rel=\"canonical\" href=\"https:\/\/elmawkie.dz\/fr\/tissemsilt-le-premier-ministre-procede-au-lancement-dun-projet-dunite-de-production-de-composants-et-accessoires-plastiques-pour-automobiles\/\" \/>\n<meta property=\"og:locale\" content=\"fr_FR\" \/>\n<meta property=\"og:type\" content=\"article\" \/>\n<meta property=\"og:title\" content=\"Tissemsilt: le Premier ministre proc\u00e8de au lancement d\u2019un projet d\u2019unit\u00e9 de production de composants et accessoires plastiques pour automobiles\" \/>\n<meta property=\"og:description\" content=\"Charg\u00e9 par le pr\u00e9sident de la R\u00e9publique, M. Abdelmadjid Tebboune, le Premier ministre, M. Sifi Ghrieb, a effectu\u00e9, mercredi, une visite de travail et d\u2019inspection dans la wilaya de Tissemsilt, o\u00f9 il a proc\u00e9d\u00e9 au lancement du projet d\u2019une unit\u00e9 de production de composants et accessoires plastiques pour automobiles \u00ab\u00a0General Plastic Injection\u00a0\u00bb (GPI). Cette visite &hellip;\" \/>\n<meta property=\"og:url\" content=\"https:\/\/elmawkie.dz\/fr\/tissemsilt-le-premier-ministre-procede-au-lancement-dun-projet-dunite-de-production-de-composants-et-accessoires-plastiques-pour-automobiles\/\" \/>\n<meta property=\"og:site_name\" content=\"El Mawkie\" \/>\n<meta property=\"article:publisher\" content=\"https:\/\/www.facebook.com\/profile.php?id=100088407094989&amp;locale=fr_FR\" \/>\n<meta property=\"article:published_time\" content=\"2026-04-29T12:44:51+00:00\" \/>\n<meta property=\"article:modified_time\" content=\"2026-04-29T12:44:52+00:00\" \/>\n<meta property=\"og:image\" content=\"https:\/\/elmawkie.dz\/fr\/wp-content\/uploads\/2026\/04\/WhatsApp-Image-2026-04-29-at-1.38.41-PM.jpeg\" \/>\n\t<meta property=\"og:image:width\" content=\"1280\" \/>\n\t<meta property=\"og:image:height\" content=\"950\" \/>\n\t<meta property=\"og:image:type\" content=\"image\/jpeg\" \/>\n<meta name=\"author\" content=\"R\u00e9daction\" \/>\n<meta name=\"twitter:card\" content=\"summary_large_image\" \/>\n<meta name=\"twitter:label1\" content=\"Written by\" \/>\n\t<meta name=\"twitter:data1\" content=\"R\u00e9daction\" \/>\n\t<meta name=\"twitter:label2\" content=\"Est. reading time\" \/>\n\t<meta name=\"twitter:data2\" content=\"3 minutes\" \/>\n<script type=\"application\/ld+json\" class=\"yoast-schema-graph\">{\"@context\":\"https:\/\/schema.org\",\"@graph\":[{\"@type\":\"Article\",\"@id\":\"https:\/\/elmawkie.dz\/fr\/tissemsilt-le-premier-ministre-procede-au-lancement-dun-projet-dunite-de-production-de-composants-et-accessoires-plastiques-pour-automobiles\/#article\",\"isPartOf\":{\"@id\":\"https:\/\/elmawkie.dz\/fr\/tissemsilt-le-premier-ministre-procede-au-lancement-dun-projet-dunite-de-production-de-composants-et-accessoires-plastiques-pour-automobiles\/\"},\"author\":{\"name\":\"R\u00e9daction\",\"@id\":\"https:\/\/elmawkie.dz\/fr\/#\/schema\/person\/e7bd59d6467874ba5c4723d8a9f0a63c\"},\"headline\":\"Tissemsilt: le Premier ministre proc\u00e8de au lancement d\u2019un projet d\u2019unit\u00e9 de production de composants et accessoires plastiques pour automobiles\",\"datePublished\":\"2026-04-29T12:44:51+00:00\",\"dateModified\":\"2026-04-29T12:44:52+00:00\",\"mainEntityOfPage\":{\"@id\":\"https:\/\/elmawkie.dz\/fr\/tissemsilt-le-premier-ministre-procede-au-lancement-dun-projet-dunite-de-production-de-composants-et-accessoires-plastiques-pour-automobiles\/\"},\"wordCount\":600,\"commentCount\":0,\"publisher\":{\"@id\":\"https:\/\/elmawkie.dz\/fr\/#organization\"},\"image\":{\"@id\":\"https:\/\/elmawkie.dz\/fr\/tissemsilt-le-premier-ministre-procede-au-lancement-dun-projet-dunite-de-production-de-composants-et-accessoires-plastiques-pour-automobiles\/#primaryimage\"},\"thumbnailUrl\":\"https:\/\/elmawkie.dz\/fr\/wp-content\/uploads\/2026\/04\/WhatsApp-Image-2026-04-29-at-1.38.41-PM.jpeg\",\"articleSection\":[\"National\"],\"inLanguage\":\"fr-FR\",\"potentialAction\":[{\"@type\":\"CommentAction\",\"name\":\"Comment\",\"target\":[\"https:\/\/elmawkie.dz\/fr\/tissemsilt-le-premier-ministre-procede-au-lancement-dun-projet-dunite-de-production-de-composants-et-accessoires-plastiques-pour-automobiles\/#respond\"]}]},{\"@type\":\"WebPage\",\"@id\":\"https:\/\/elmawkie.dz\/fr\/tissemsilt-le-premier-ministre-procede-au-lancement-dun-projet-dunite-de-production-de-composants-et-accessoires-plastiques-pour-automobiles\/\",\"url\":\"https:\/\/elmawkie.dz\/fr\/tissemsilt-le-premier-ministre-procede-au-lancement-dun-projet-dunite-de-production-de-composants-et-accessoires-plastiques-pour-automobiles\/\",\"name\":\"Tissemsilt: le Premier ministre proc\u00e8de au lancement d\u2019un projet d\u2019unit\u00e9 de production de composants et accessoires plastiques pour automobiles - El Mawkie\",\"isPartOf\":{\"@id\":\"https:\/\/elmawkie.dz\/fr\/#website\"},\"primaryImageOfPage\":{\"@id\":\"https:\/\/elmawkie.dz\/fr\/tissemsilt-le-premier-ministre-procede-au-lancement-dun-projet-dunite-de-production-de-composants-et-accessoires-plastiques-pour-automobiles\/#primaryimage\"},\"image\":{\"@id\":\"https:\/\/elmawkie.dz\/fr\/tissemsilt-le-premier-ministre-procede-au-lancement-dun-projet-dunite-de-production-de-composants-et-accessoires-plastiques-pour-automobiles\/#primaryimage\"},\"thumbnailUrl\":\"https:\/\/elmawkie.dz\/fr\/wp-content\/uploads\/2026\/04\/WhatsApp-Image-2026-04-29-at-1.38.41-PM.jpeg\",\"datePublished\":\"2026-04-29T12:44:51+00:00\",\"dateModified\":\"2026-04-29T12:44:52+00:00\",\"breadcrumb\":{\"@id\":\"https:\/\/elmawkie.dz\/fr\/tissemsilt-le-premier-ministre-procede-au-lancement-dun-projet-dunite-de-production-de-composants-et-accessoires-plastiques-pour-automobiles\/#breadcrumb\"},\"inLanguage\":\"fr-FR\",\"potentialAction\":[{\"@type\":\"ReadAction\",\"target\":[\"https:\/\/elmawkie.dz\/fr\/tissemsilt-le-premier-ministre-procede-au-lancement-dun-projet-dunite-de-production-de-composants-et-accessoires-plastiques-pour-automobiles\/\"]}]},{\"@type\":\"ImageObject\",\"inLanguage\":\"fr-FR\",\"@id\":\"https:\/\/elmawkie.dz\/fr\/tissemsilt-le-premier-ministre-procede-au-lancement-dun-projet-dunite-de-production-de-composants-et-accessoires-plastiques-pour-automobiles\/#primaryimage\",\"url\":\"https:\/\/elmawkie.dz\/fr\/wp-content\/uploads\/2026\/04\/WhatsApp-Image-2026-04-29-at-1.38.41-PM.jpeg\",\"contentUrl\":\"https:\/\/elmawkie.dz\/fr\/wp-content\/uploads\/2026\/04\/WhatsApp-Image-2026-04-29-at-1.38.41-PM.jpeg\",\"width\":1280,\"height\":950},{\"@type\":\"BreadcrumbList\",\"@id\":\"https:\/\/elmawkie.dz\/fr\/tissemsilt-le-premier-ministre-procede-au-lancement-dun-projet-dunite-de-production-de-composants-et-accessoires-plastiques-pour-automobiles\/#breadcrumb\",\"itemListElement\":[{\"@type\":\"ListItem\",\"position\":1,\"name\":\"Home\",\"item\":\"https:\/\/elmawkie.dz\/fr\/\"},{\"@type\":\"ListItem\",\"position\":2,\"name\":\"Tissemsilt: le Premier ministre proc\u00e8de au lancement d\u2019un projet d\u2019unit\u00e9 de production de composants et accessoires plastiques pour automobiles\"}]},{\"@type\":\"WebSite\",\"@id\":\"https:\/\/elmawkie.dz\/fr\/#website\",\"url\":\"https:\/\/elmawkie.dz\/fr\/\",\"name\":\"EL MAWKIE\",\"description\":\"Journal \u00c9lectronique Alg\u00e9rien\",\"publisher\":{\"@id\":\"https:\/\/elmawkie.dz\/fr\/#organization\"},\"potentialAction\":[{\"@type\":\"SearchAction\",\"target\":{\"@type\":\"EntryPoint\",\"urlTemplate\":\"https:\/\/elmawkie.dz\/fr\/?s={search_term_string}\"},\"query-input\":\"required name=search_term_string\"}],\"inLanguage\":\"fr-FR\"},{\"@type\":\"Organization\",\"@id\":\"https:\/\/elmawkie.dz\/fr\/#organization\",\"name\":\"EL MAWKIE\",\"url\":\"https:\/\/elmawkie.dz\/fr\/\",\"logo\":{\"@type\":\"ImageObject\",\"inLanguage\":\"fr-FR\",\"@id\":\"https:\/\/elmawkie.dz\/fr\/#\/schema\/logo\/image\/\",\"url\":\"https:\/\/elmawkie.dz\/fr\/wp-content\/uploads\/2024\/05\/logo1.png\",\"contentUrl\":\"https:\/\/elmawkie.dz\/fr\/wp-content\/uploads\/2024\/05\/logo1.png\",\"width\":1648,\"height\":652,\"caption\":\"EL MAWKIE\"},\"image\":{\"@id\":\"https:\/\/elmawkie.dz\/fr\/#\/schema\/logo\/image\/\"},\"sameAs\":[\"https:\/\/www.facebook.com\/profile.php?id=100088407094989&locale=fr_FR\"]},{\"@type\":\"Person\",\"@id\":\"https:\/\/elmawkie.dz\/fr\/#\/schema\/person\/e7bd59d6467874ba5c4723d8a9f0a63c\",\"name\":\"R\u00e9daction\",\"image\":{\"@type\":\"ImageObject\",\"inLanguage\":\"fr-FR\",\"@id\":\"https:\/\/elmawkie.dz\/fr\/#\/schema\/person\/image\/\",\"url\":\"https:\/\/secure.gravatar.com\/avatar\/f0f773456344da4d2788c054a3d30a0c?s=96&d=mm&r=g\",\"contentUrl\":\"https:\/\/secure.gravatar.com\/avatar\/f0f773456344da4d2788c054a3d30a0c?s=96&d=mm&r=g\",\"caption\":\"R\u00e9daction\"},\"url\":\"https:\/\/elmawkie.dz\/fr\/author\/redaction\/\"}]}<\/script>\n<!-- \/ Yoast SEO Premium plugin. -->","yoast_head_json":{"title":"Tissemsilt: le Premier ministre proc\u00e8de au lancement d\u2019un projet d\u2019unit\u00e9 de production de composants et accessoires plastiques pour automobiles - El Mawkie","robots":{"index":"index","follow":"follow","max-snippet":"max-snippet:-1","max-image-preview":"max-image-preview:large","max-video-preview":"max-video-preview:-1"},"canonical":"https:\/\/elmawkie.dz\/fr\/tissemsilt-le-premier-ministre-procede-au-lancement-dun-projet-dunite-de-production-de-composants-et-accessoires-plastiques-pour-automobiles\/","og_locale":"fr_FR","og_type":"article","og_title":"Tissemsilt: le Premier ministre proc\u00e8de au lancement d\u2019un projet d\u2019unit\u00e9 de production de composants et accessoires plastiques pour automobiles","og_description":"Charg\u00e9 par le pr\u00e9sident de la R\u00e9publique, M. Abdelmadjid Tebboune, le Premier ministre, M. Sifi Ghrieb, a effectu\u00e9, mercredi, une visite de travail et d\u2019inspection dans la wilaya de Tissemsilt, o\u00f9 il a proc\u00e9d\u00e9 au lancement du projet d\u2019une unit\u00e9 de production de composants et accessoires plastiques pour automobiles \u00ab\u00a0General Plastic Injection\u00a0\u00bb (GPI). Cette visite &hellip;","og_url":"https:\/\/elmawkie.dz\/fr\/tissemsilt-le-premier-ministre-procede-au-lancement-dun-projet-dunite-de-production-de-composants-et-accessoires-plastiques-pour-automobiles\/","og_site_name":"El Mawkie","article_publisher":"https:\/\/www.facebook.com\/profile.php?id=100088407094989&locale=fr_FR","article_published_time":"2026-04-29T12:44:51+00:00","article_modified_time":"2026-04-29T12:44:52+00:00","og_image":[{"width":1280,"height":950,"url":"https:\/\/elmawkie.dz\/fr\/wp-content\/uploads\/2026\/04\/WhatsApp-Image-2026-04-29-at-1.38.41-PM.jpeg","type":"image\/jpeg"}],"author":"R\u00e9daction","twitter_card":"summary_large_image","twitter_misc":{"Written by":"R\u00e9daction","Est. reading time":"3 minutes"},"schema":{"@context":"https:\/\/schema.org","@graph":[{"@type":"Article","@id":"https:\/\/elmawkie.dz\/fr\/tissemsilt-le-premier-ministre-procede-au-lancement-dun-projet-dunite-de-production-de-composants-et-accessoires-plastiques-pour-automobiles\/#article","isPartOf":{"@id":"https:\/\/elmawkie.dz\/fr\/tissemsilt-le-premier-ministre-procede-au-lancement-dun-projet-dunite-de-production-de-composants-et-accessoires-plastiques-pour-automobiles\/"},"author":{"name":"R\u00e9daction","@id":"https:\/\/elmawkie.dz\/fr\/#\/schema\/person\/e7bd59d6467874ba5c4723d8a9f0a63c"},"headline":"Tissemsilt: le Premier ministre proc\u00e8de au lancement d\u2019un projet d\u2019unit\u00e9 de production de composants et accessoires plastiques pour automobiles","datePublished":"2026-04-29T12:44:51+00:00","dateModified":"2026-04-29T12:44:52+00:00","mainEntityOfPage":{"@id":"https:\/\/elmawkie.dz\/fr\/tissemsilt-le-premier-ministre-procede-au-lancement-dun-projet-dunite-de-production-de-composants-et-accessoires-plastiques-pour-automobiles\/"},"wordCount":600,"commentCount":0,"publisher":{"@id":"https:\/\/elmawkie.dz\/fr\/#organization"},"image":{"@id":"https:\/\/elmawkie.dz\/fr\/tissemsilt-le-premier-ministre-procede-au-lancement-dun-projet-dunite-de-production-de-composants-et-accessoires-plastiques-pour-automobiles\/#primaryimage"},"thumbnailUrl":"https:\/\/elmawkie.dz\/fr\/wp-content\/uploads\/2026\/04\/WhatsApp-Image-2026-04-29-at-1.38.41-PM.jpeg","articleSection":["National"],"inLanguage":"fr-FR","potentialAction":[{"@type":"CommentAction","name":"Comment","target":["https:\/\/elmawkie.dz\/fr\/tissemsilt-le-premier-ministre-procede-au-lancement-dun-projet-dunite-de-production-de-composants-et-accessoires-plastiques-pour-automobiles\/#respond"]}]},{"@type":"WebPage","@id":"https:\/\/elmawkie.dz\/fr\/tissemsilt-le-premier-ministre-procede-au-lancement-dun-projet-dunite-de-production-de-composants-et-accessoires-plastiques-pour-automobiles\/","url":"https:\/\/elmawkie.dz\/fr\/tissemsilt-le-premier-ministre-procede-au-lancement-dun-projet-dunite-de-production-de-composants-et-accessoires-plastiques-pour-automobiles\/","name":"Tissemsilt: le Premier ministre proc\u00e8de au lancement d\u2019un projet d\u2019unit\u00e9 de production de composants et accessoires plastiques pour automobiles - El Mawkie","isPartOf":{"@id":"https:\/\/elmawkie.dz\/fr\/#website"},"primaryImageOfPage":{"@id":"https:\/\/elmawkie.dz\/fr\/tissemsilt-le-premier-ministre-procede-au-lancement-dun-projet-dunite-de-production-de-composants-et-accessoires-plastiques-pour-automobiles\/#primaryimage"},"image":{"@id":"https:\/\/elmawkie.dz\/fr\/tissemsilt-le-premier-ministre-procede-au-lancement-dun-projet-dunite-de-production-de-composants-et-accessoires-plastiques-pour-automobiles\/#primaryimage"},"thumbnailUrl":"https:\/\/elmawkie.dz\/fr\/wp-content\/uploads\/2026\/04\/WhatsApp-Image-2026-04-29-at-1.38.41-PM.jpeg","datePublished":"2026-04-29T12:44:51+00:00","dateModified":"2026-04-29T12:44:52+00:00","breadcrumb":{"@id":"https:\/\/elmawkie.dz\/fr\/tissemsilt-le-premier-ministre-procede-au-lancement-dun-projet-dunite-de-production-de-composants-et-accessoires-plastiques-pour-automobiles\/#breadcrumb"},"inLanguage":"fr-FR","potentialAction":[{"@type":"ReadAction","target":["https:\/\/elmawkie.dz\/fr\/tissemsilt-le-premier-ministre-procede-au-lancement-dun-projet-dunite-de-production-de-composants-et-accessoires-plastiques-pour-automobiles\/"]}]},{"@type":"ImageObject","inLanguage":"fr-FR","@id":"https:\/\/elmawkie.dz\/fr\/tissemsilt-le-premier-ministre-procede-au-lancement-dun-projet-dunite-de-production-de-composants-et-accessoires-plastiques-pour-automobiles\/#primaryimage","url":"https:\/\/elmawkie.dz\/fr\/wp-content\/uploads\/2026\/04\/WhatsApp-Image-2026-04-29-at-1.38.41-PM.jpeg","contentUrl":"https:\/\/elmawkie.dz\/fr\/wp-content\/uploads\/2026\/04\/WhatsApp-Image-2026-04-29-at-1.38.41-PM.jpeg","width":1280,"height":950},{"@type":"BreadcrumbList","@id":"https:\/\/elmawkie.dz\/fr\/tissemsilt-le-premier-ministre-procede-au-lancement-dun-projet-dunite-de-production-de-composants-et-accessoires-plastiques-pour-automobiles\/#breadcrumb","itemListElement":[{"@type":"ListItem","position":1,"name":"Home","item":"https:\/\/elmawkie.dz\/fr\/"},{"@type":"ListItem","position":2,"name":"Tissemsilt: le Premier ministre proc\u00e8de au lancement d\u2019un projet d\u2019unit\u00e9 de production de composants et accessoires plastiques pour automobiles"}]},{"@type":"WebSite","@id":"https:\/\/elmawkie.dz\/fr\/#website","url":"https:\/\/elmawkie.dz\/fr\/","name":"EL MAWKIE","description":"Journal \u00c9lectronique Alg\u00e9rien","publisher":{"@id":"https:\/\/elmawkie.dz\/fr\/#organization"},"potentialAction":[{"@type":"SearchAction","target":{"@type":"EntryPoint","urlTemplate":"https:\/\/elmawkie.dz\/fr\/?s={search_term_string}"},"query-input":"required name=search_term_string"}],"inLanguage":"fr-FR"},{"@type":"Organization","@id":"https:\/\/elmawkie.dz\/fr\/#organization","name":"EL MAWKIE","url":"https:\/\/elmawkie.dz\/fr\/","logo":{"@type":"ImageObject","inLanguage":"fr-FR","@id":"https:\/\/elmawkie.dz\/fr\/#\/schema\/logo\/image\/","url":"https:\/\/elmawkie.dz\/fr\/wp-content\/uploads\/2024\/05\/logo1.png","contentUrl":"https:\/\/elmawkie.dz\/fr\/wp-content\/uploads\/2024\/05\/logo1.png","width":1648,"height":652,"caption":"EL MAWKIE"},"image":{"@id":"https:\/\/elmawkie.dz\/fr\/#\/schema\/logo\/image\/"},"sameAs":["https:\/\/www.facebook.com\/profile.php?id=100088407094989&locale=fr_FR"]},{"@type":"Person","@id":"https:\/\/elmawkie.dz\/fr\/#\/schema\/person\/e7bd59d6467874ba5c4723d8a9f0a63c","name":"R\u00e9daction","image":{"@type":"ImageObject","inLanguage":"fr-FR","@id":"https:\/\/elmawkie.dz\/fr\/#\/schema\/person\/image\/","url":"https:\/\/secure.gravatar.com\/avatar\/f0f773456344da4d2788c054a3d30a0c?s=96&d=mm&r=g","contentUrl":"https:\/\/secure.gravatar.com\/avatar\/f0f773456344da4d2788c054a3d30a0c?s=96&d=mm&r=g","caption":"R\u00e9daction"},"url":"https:\/\/elmawkie.dz\/fr\/author\/redaction\/"}]}},"_links":{"self":[{"href":"https:\/\/elmawkie.dz\/fr\/wp-json\/wp\/v2\/posts\/65025","targetHints":{"allow":["GET"]}}],"collection":[{"href":"https:\/\/elmawkie.dz\/fr\/wp-json\/wp\/v2\/posts"}],"about":[{"href":"https:\/\/elmawkie.dz\/fr\/wp-json\/wp\/v2\/types\/post"}],"author":[{"embeddable":true,"href":"https:\/\/elmawkie.dz\/fr\/wp-json\/wp\/v2\/users\/9"}],"replies":[{"embeddable":true,"href":"https:\/\/elmawkie.dz\/fr\/wp-json\/wp\/v2\/comments?post=65025"}],"version-history":[{"count":1,"href":"https:\/\/elmawkie.dz\/fr\/wp-json\/wp\/v2\/posts\/65025\/revisions"}],"predecessor-version":[{"id":65028,"href":"https:\/\/elmawkie.dz\/fr\/wp-json\/wp\/v2\/posts\/65025\/revisions\/65028"}],"wp:featuredmedia":[{"embeddable":true,"href":"https:\/\/elmawkie.dz\/fr\/wp-json\/wp\/v2\/media\/65027"}],"wp:attachment":[{"href":"https:\/\/elmawkie.dz\/fr\/wp-json\/wp\/v2\/media?parent=65025"}],"wp:term":[{"taxonomy":"category","embeddable":true,"href":"https:\/\/elmawkie.dz\/fr\/wp-json\/wp\/v2\/categories?post=65025"},{"taxonomy":"post_tag","embeddable":true,"href":"https:\/\/elmawkie.dz\/fr\/wp-json\/wp\/v2\/tags?post=65025"}],"curies":[{"name":"wp","href":"https:\/\/api.w.org\/{rel}","templated":true}]}}