{"id":65011,"date":"2026-04-28T19:47:17","date_gmt":"2026-04-28T18:47:17","guid":{"rendered":"https:\/\/elmawkie.dz\/fr\/?p=65011"},"modified":"2026-04-28T19:48:01","modified_gmt":"2026-04-28T18:48:01","slug":"djellaoui-preside-la-ceremonie-dinstallation-dune-commission-de-suivi-des-projets-routiers","status":"publish","type":"post","link":"https:\/\/elmawkie.dz\/fr\/djellaoui-preside-la-ceremonie-dinstallation-dune-commission-de-suivi-des-projets-routiers\/","title":{"rendered":"Djellaoui pr\u00e9side la c\u00e9r\u00e9monie d\u2019installation d\u2019une commission de suivi des projets routiers\u00a0"},"content":{"rendered":"\n<p>Le ministre des Travaux publics et des Infrastructures de base, Abdelkader Djellaoui, a pr\u00e9sid\u00e9, mardi \u00e0 Alger, la c\u00e9r\u00e9monie d&rsquo;installation d&rsquo;une commission pluridisciplinaire charg\u00e9e d&rsquo;\u00e9valuer la mise en oeuvre du sch\u00e9ma directeur des routes et autoroutes, indique un communiqu\u00e9 du minist\u00e8re, faisant \u00e9tat de l&rsquo;adoption du plan d&rsquo;action du secteur pour la p\u00e9riode 2026-2028.<\/p>\n\n\n\n<p>Dans le cadre du renforcement de la coordination entre les diff\u00e9rents intervenants du secteur des travaux publics et des infrastructures de base, cette commission regroupe des repr\u00e9sentants de l\u2019administration centrale ainsi que de plusieurs organismes sous tutelle, notamment l\u2019Organisme national de contr\u00f4le technique des travaux publics (CTTP), l\u2019Alg\u00e9rienne des autoroutes (ADA), l\u2019Agence nationale d\u2019\u00e9tudes et de suivi de la r\u00e9alisation des investissements ferroviaires (ANESRIF) et l\u2019Entreprise M\u00e9tro d\u2019Alger (EMA).<br><\/p>\n\n\n\n<p>La commission est charg\u00e9e d\u2019assurer le suivi de l\u2019\u00e9tat d\u2019avancement des projets inscrits, \u00e0 travers l\u2019\u00e9laboration de rapports p\u00e9riodiques sur les taux de r\u00e9alisation, l\u2019identification des contraintes et difficult\u00e9s susceptibles de freiner leur progression, ainsi que la proposition de solutions adapt\u00e9es pour y rem\u00e9dier. Elle est \u00e9galement charg\u00e9e de transmettre des rapports d\u00e9taill\u00e9s aux autorit\u00e9s de tutelle afin de permettre la prise des mesures n\u00e9cessaires.<br><\/p>\n\n\n\n<p>Dans le cadre de cette seconde r\u00e9union, le communiqu\u00e9 indique que le plan d\u2019action du secteur pour la p\u00e9riode 2026-2028 a \u00e9t\u00e9 adopt\u00e9. Elle a \u00e9galement permis de passer en revue l\u2019\u00e9tat d\u2019avancement du programme en cours de r\u00e9alisation, d\u2019\u00e9valuer la progression des diff\u00e9rents projets d\u2019infrastructures dans plusieurs domaines et d\u2019examiner les moyens permettant d\u2019acc\u00e9l\u00e9rer la cadence de r\u00e9alisation afin d\u2019atteindre les objectifs fix\u00e9s, selon la m\u00eame source .<br><\/p>\n","protected":false},"excerpt":{"rendered":"<p>Le ministre des Travaux publics et des Infrastructures de base, Abdelkader Djellaoui, a pr\u00e9sid\u00e9, mardi \u00e0 Alger, la c\u00e9r\u00e9monie d&rsquo;installation d&rsquo;une commission pluridisciplinaire charg\u00e9e d&rsquo;\u00e9valuer la mise en oeuvre du sch\u00e9ma directeur des routes et autoroutes, indique un communiqu\u00e9 du minist\u00e8re, faisant \u00e9tat de l&rsquo;adoption du plan d&rsquo;action du secteur pour la p\u00e9riode 2026-2028. Dans &hellip;<\/p>\n","protected":false},"author":9,"featured_media":65015,"comment_status":"open","ping_status":"open","sticky":false,"template":"","format":"standard","meta":{"footnotes":""},"categories":[47],"tags":[5075],"class_list":["post-65011","post","type-post","status-publish","format-standard","has-post-thumbnail","hentry","category-national","tag-djellaoui"],"yoast_head":"<!-- This site is optimized with the Yoast SEO Premium plugin v22.6 (Yoast SEO v22.6) - https:\/\/yoast.com\/wordpress\/plugins\/seo\/ -->\n<title>Djellaoui pr\u00e9side la c\u00e9r\u00e9monie d\u2019installation d\u2019une commission de suivi des projets routiers\u00a0 - El Mawkie<\/title>\n<meta name=\"description\" content=\"adoption du plan sectoriel 2026-2028\" \/>\n<meta name=\"robots\" content=\"index, follow, max-snippet:-1, max-image-preview:large, max-video-preview:-1\" \/>\n<link rel=\"canonical\" href=\"https:\/\/elmawkie.dz\/fr\/djellaoui-preside-la-ceremonie-dinstallation-dune-commission-de-suivi-des-projets-routiers\/\" \/>\n<meta property=\"og:locale\" content=\"fr_FR\" \/>\n<meta property=\"og:type\" content=\"article\" \/>\n<meta property=\"og:title\" content=\"Djellaoui pr\u00e9side la c\u00e9r\u00e9monie d\u2019installation d\u2019une commission de suivi des projets routiers\u00a0\" \/>\n<meta property=\"og:description\" content=\"adoption du plan sectoriel 2026-2028\" \/>\n<meta property=\"og:url\" content=\"https:\/\/elmawkie.dz\/fr\/djellaoui-preside-la-ceremonie-dinstallation-dune-commission-de-suivi-des-projets-routiers\/\" \/>\n<meta property=\"og:site_name\" content=\"El Mawkie\" \/>\n<meta property=\"article:publisher\" content=\"https:\/\/www.facebook.com\/profile.php?id=100088407094989&amp;locale=fr_FR\" \/>\n<meta property=\"article:published_time\" content=\"2026-04-28T18:47:17+00:00\" \/>\n<meta property=\"article:modified_time\" content=\"2026-04-28T18:48:01+00:00\" \/>\n<meta property=\"og:image\" content=\"https:\/\/elmawkie.dz\/fr\/wp-content\/uploads\/2026\/04\/IMG_7154-1.jpeg\" \/>\n\t<meta property=\"og:image:width\" content=\"1982\" \/>\n\t<meta property=\"og:image:height\" content=\"997\" \/>\n\t<meta property=\"og:image:type\" content=\"image\/jpeg\" \/>\n<meta name=\"author\" content=\"R\u00e9daction\" \/>\n<meta name=\"twitter:card\" content=\"summary_large_image\" \/>\n<meta name=\"twitter:label1\" content=\"Written by\" \/>\n\t<meta name=\"twitter:data1\" content=\"R\u00e9daction\" \/>\n\t<meta name=\"twitter:label2\" content=\"Est. reading time\" \/>\n\t<meta name=\"twitter:data2\" content=\"2 minutes\" \/>\n<script type=\"application\/ld+json\" class=\"yoast-schema-graph\">{\"@context\":\"https:\/\/schema.org\",\"@graph\":[{\"@type\":\"Article\",\"@id\":\"https:\/\/elmawkie.dz\/fr\/djellaoui-preside-la-ceremonie-dinstallation-dune-commission-de-suivi-des-projets-routiers\/#article\",\"isPartOf\":{\"@id\":\"https:\/\/elmawkie.dz\/fr\/djellaoui-preside-la-ceremonie-dinstallation-dune-commission-de-suivi-des-projets-routiers\/\"},\"author\":{\"name\":\"R\u00e9daction\",\"@id\":\"https:\/\/elmawkie.dz\/fr\/#\/schema\/person\/e7bd59d6467874ba5c4723d8a9f0a63c\"},\"headline\":\"Djellaoui pr\u00e9side la c\u00e9r\u00e9monie d\u2019installation d\u2019une commission de suivi des projets routiers\u00a0\",\"datePublished\":\"2026-04-28T18:47:17+00:00\",\"dateModified\":\"2026-04-28T18:48:01+00:00\",\"mainEntityOfPage\":{\"@id\":\"https:\/\/elmawkie.dz\/fr\/djellaoui-preside-la-ceremonie-dinstallation-dune-commission-de-suivi-des-projets-routiers\/\"},\"wordCount\":329,\"commentCount\":0,\"publisher\":{\"@id\":\"https:\/\/elmawkie.dz\/fr\/#organization\"},\"image\":{\"@id\":\"https:\/\/elmawkie.dz\/fr\/djellaoui-preside-la-ceremonie-dinstallation-dune-commission-de-suivi-des-projets-routiers\/#primaryimage\"},\"thumbnailUrl\":\"https:\/\/elmawkie.dz\/fr\/wp-content\/uploads\/2026\/04\/IMG_7154-1.jpeg\",\"keywords\":[\"Djellaoui\"],\"articleSection\":[\"National\"],\"inLanguage\":\"fr-FR\",\"potentialAction\":[{\"@type\":\"CommentAction\",\"name\":\"Comment\",\"target\":[\"https:\/\/elmawkie.dz\/fr\/djellaoui-preside-la-ceremonie-dinstallation-dune-commission-de-suivi-des-projets-routiers\/#respond\"]}]},{\"@type\":\"WebPage\",\"@id\":\"https:\/\/elmawkie.dz\/fr\/djellaoui-preside-la-ceremonie-dinstallation-dune-commission-de-suivi-des-projets-routiers\/\",\"url\":\"https:\/\/elmawkie.dz\/fr\/djellaoui-preside-la-ceremonie-dinstallation-dune-commission-de-suivi-des-projets-routiers\/\",\"name\":\"Djellaoui pr\u00e9side la c\u00e9r\u00e9monie d\u2019installation d\u2019une commission de suivi des projets routiers\u00a0 - El Mawkie\",\"isPartOf\":{\"@id\":\"https:\/\/elmawkie.dz\/fr\/#website\"},\"primaryImageOfPage\":{\"@id\":\"https:\/\/elmawkie.dz\/fr\/djellaoui-preside-la-ceremonie-dinstallation-dune-commission-de-suivi-des-projets-routiers\/#primaryimage\"},\"image\":{\"@id\":\"https:\/\/elmawkie.dz\/fr\/djellaoui-preside-la-ceremonie-dinstallation-dune-commission-de-suivi-des-projets-routiers\/#primaryimage\"},\"thumbnailUrl\":\"https:\/\/elmawkie.dz\/fr\/wp-content\/uploads\/2026\/04\/IMG_7154-1.jpeg\",\"datePublished\":\"2026-04-28T18:47:17+00:00\",\"dateModified\":\"2026-04-28T18:48:01+00:00\",\"description\":\"adoption du plan sectoriel 2026-2028\",\"breadcrumb\":{\"@id\":\"https:\/\/elmawkie.dz\/fr\/djellaoui-preside-la-ceremonie-dinstallation-dune-commission-de-suivi-des-projets-routiers\/#breadcrumb\"},\"inLanguage\":\"fr-FR\",\"potentialAction\":[{\"@type\":\"ReadAction\",\"target\":[\"https:\/\/elmawkie.dz\/fr\/djellaoui-preside-la-ceremonie-dinstallation-dune-commission-de-suivi-des-projets-routiers\/\"]}]},{\"@type\":\"ImageObject\",\"inLanguage\":\"fr-FR\",\"@id\":\"https:\/\/elmawkie.dz\/fr\/djellaoui-preside-la-ceremonie-dinstallation-dune-commission-de-suivi-des-projets-routiers\/#primaryimage\",\"url\":\"https:\/\/elmawkie.dz\/fr\/wp-content\/uploads\/2026\/04\/IMG_7154-1.jpeg\",\"contentUrl\":\"https:\/\/elmawkie.dz\/fr\/wp-content\/uploads\/2026\/04\/IMG_7154-1.jpeg\",\"width\":1982,\"height\":997},{\"@type\":\"BreadcrumbList\",\"@id\":\"https:\/\/elmawkie.dz\/fr\/djellaoui-preside-la-ceremonie-dinstallation-dune-commission-de-suivi-des-projets-routiers\/#breadcrumb\",\"itemListElement\":[{\"@type\":\"ListItem\",\"position\":1,\"name\":\"Home\",\"item\":\"https:\/\/elmawkie.dz\/fr\/\"},{\"@type\":\"ListItem\",\"position\":2,\"name\":\"Djellaoui pr\u00e9side la c\u00e9r\u00e9monie d\u2019installation d\u2019une commission de suivi des projets routiers\u00a0\"}]},{\"@type\":\"WebSite\",\"@id\":\"https:\/\/elmawkie.dz\/fr\/#website\",\"url\":\"https:\/\/elmawkie.dz\/fr\/\",\"name\":\"EL MAWKIE\",\"description\":\"Journal \u00c9lectronique Alg\u00e9rien\",\"publisher\":{\"@id\":\"https:\/\/elmawkie.dz\/fr\/#organization\"},\"potentialAction\":[{\"@type\":\"SearchAction\",\"target\":{\"@type\":\"EntryPoint\",\"urlTemplate\":\"https:\/\/elmawkie.dz\/fr\/?s={search_term_string}\"},\"query-input\":\"required name=search_term_string\"}],\"inLanguage\":\"fr-FR\"},{\"@type\":\"Organization\",\"@id\":\"https:\/\/elmawkie.dz\/fr\/#organization\",\"name\":\"EL MAWKIE\",\"url\":\"https:\/\/elmawkie.dz\/fr\/\",\"logo\":{\"@type\":\"ImageObject\",\"inLanguage\":\"fr-FR\",\"@id\":\"https:\/\/elmawkie.dz\/fr\/#\/schema\/logo\/image\/\",\"url\":\"https:\/\/elmawkie.dz\/fr\/wp-content\/uploads\/2024\/05\/logo1.png\",\"contentUrl\":\"https:\/\/elmawkie.dz\/fr\/wp-content\/uploads\/2024\/05\/logo1.png\",\"width\":1648,\"height\":652,\"caption\":\"EL MAWKIE\"},\"image\":{\"@id\":\"https:\/\/elmawkie.dz\/fr\/#\/schema\/logo\/image\/\"},\"sameAs\":[\"https:\/\/www.facebook.com\/profile.php?id=100088407094989&locale=fr_FR\"]},{\"@type\":\"Person\",\"@id\":\"https:\/\/elmawkie.dz\/fr\/#\/schema\/person\/e7bd59d6467874ba5c4723d8a9f0a63c\",\"name\":\"R\u00e9daction\",\"image\":{\"@type\":\"ImageObject\",\"inLanguage\":\"fr-FR\",\"@id\":\"https:\/\/elmawkie.dz\/fr\/#\/schema\/person\/image\/\",\"url\":\"https:\/\/secure.gravatar.com\/avatar\/f0f773456344da4d2788c054a3d30a0c?s=96&d=mm&r=g\",\"contentUrl\":\"https:\/\/secure.gravatar.com\/avatar\/f0f773456344da4d2788c054a3d30a0c?s=96&d=mm&r=g\",\"caption\":\"R\u00e9daction\"},\"url\":\"https:\/\/elmawkie.dz\/fr\/author\/redaction\/\"}]}<\/script>\n<!-- \/ Yoast SEO Premium plugin. -->","yoast_head_json":{"title":"Djellaoui pr\u00e9side la c\u00e9r\u00e9monie d\u2019installation d\u2019une commission de suivi des projets routiers\u00a0 - El Mawkie","description":"adoption du plan sectoriel 2026-2028","robots":{"index":"index","follow":"follow","max-snippet":"max-snippet:-1","max-image-preview":"max-image-preview:large","max-video-preview":"max-video-preview:-1"},"canonical":"https:\/\/elmawkie.dz\/fr\/djellaoui-preside-la-ceremonie-dinstallation-dune-commission-de-suivi-des-projets-routiers\/","og_locale":"fr_FR","og_type":"article","og_title":"Djellaoui pr\u00e9side la c\u00e9r\u00e9monie d\u2019installation d\u2019une commission de suivi des projets routiers\u00a0","og_description":"adoption du plan sectoriel 2026-2028","og_url":"https:\/\/elmawkie.dz\/fr\/djellaoui-preside-la-ceremonie-dinstallation-dune-commission-de-suivi-des-projets-routiers\/","og_site_name":"El Mawkie","article_publisher":"https:\/\/www.facebook.com\/profile.php?id=100088407094989&locale=fr_FR","article_published_time":"2026-04-28T18:47:17+00:00","article_modified_time":"2026-04-28T18:48:01+00:00","og_image":[{"width":1982,"height":997,"url":"https:\/\/elmawkie.dz\/fr\/wp-content\/uploads\/2026\/04\/IMG_7154-1.jpeg","type":"image\/jpeg"}],"author":"R\u00e9daction","twitter_card":"summary_large_image","twitter_misc":{"Written by":"R\u00e9daction","Est. reading time":"2 minutes"},"schema":{"@context":"https:\/\/schema.org","@graph":[{"@type":"Article","@id":"https:\/\/elmawkie.dz\/fr\/djellaoui-preside-la-ceremonie-dinstallation-dune-commission-de-suivi-des-projets-routiers\/#article","isPartOf":{"@id":"https:\/\/elmawkie.dz\/fr\/djellaoui-preside-la-ceremonie-dinstallation-dune-commission-de-suivi-des-projets-routiers\/"},"author":{"name":"R\u00e9daction","@id":"https:\/\/elmawkie.dz\/fr\/#\/schema\/person\/e7bd59d6467874ba5c4723d8a9f0a63c"},"headline":"Djellaoui pr\u00e9side la c\u00e9r\u00e9monie d\u2019installation d\u2019une commission de suivi des projets routiers\u00a0","datePublished":"2026-04-28T18:47:17+00:00","dateModified":"2026-04-28T18:48:01+00:00","mainEntityOfPage":{"@id":"https:\/\/elmawkie.dz\/fr\/djellaoui-preside-la-ceremonie-dinstallation-dune-commission-de-suivi-des-projets-routiers\/"},"wordCount":329,"commentCount":0,"publisher":{"@id":"https:\/\/elmawkie.dz\/fr\/#organization"},"image":{"@id":"https:\/\/elmawkie.dz\/fr\/djellaoui-preside-la-ceremonie-dinstallation-dune-commission-de-suivi-des-projets-routiers\/#primaryimage"},"thumbnailUrl":"https:\/\/elmawkie.dz\/fr\/wp-content\/uploads\/2026\/04\/IMG_7154-1.jpeg","keywords":["Djellaoui"],"articleSection":["National"],"inLanguage":"fr-FR","potentialAction":[{"@type":"CommentAction","name":"Comment","target":["https:\/\/elmawkie.dz\/fr\/djellaoui-preside-la-ceremonie-dinstallation-dune-commission-de-suivi-des-projets-routiers\/#respond"]}]},{"@type":"WebPage","@id":"https:\/\/elmawkie.dz\/fr\/djellaoui-preside-la-ceremonie-dinstallation-dune-commission-de-suivi-des-projets-routiers\/","url":"https:\/\/elmawkie.dz\/fr\/djellaoui-preside-la-ceremonie-dinstallation-dune-commission-de-suivi-des-projets-routiers\/","name":"Djellaoui pr\u00e9side la c\u00e9r\u00e9monie d\u2019installation d\u2019une commission de suivi des projets routiers\u00a0 - El Mawkie","isPartOf":{"@id":"https:\/\/elmawkie.dz\/fr\/#website"},"primaryImageOfPage":{"@id":"https:\/\/elmawkie.dz\/fr\/djellaoui-preside-la-ceremonie-dinstallation-dune-commission-de-suivi-des-projets-routiers\/#primaryimage"},"image":{"@id":"https:\/\/elmawkie.dz\/fr\/djellaoui-preside-la-ceremonie-dinstallation-dune-commission-de-suivi-des-projets-routiers\/#primaryimage"},"thumbnailUrl":"https:\/\/elmawkie.dz\/fr\/wp-content\/uploads\/2026\/04\/IMG_7154-1.jpeg","datePublished":"2026-04-28T18:47:17+00:00","dateModified":"2026-04-28T18:48:01+00:00","description":"adoption du plan sectoriel 2026-2028","breadcrumb":{"@id":"https:\/\/elmawkie.dz\/fr\/djellaoui-preside-la-ceremonie-dinstallation-dune-commission-de-suivi-des-projets-routiers\/#breadcrumb"},"inLanguage":"fr-FR","potentialAction":[{"@type":"ReadAction","target":["https:\/\/elmawkie.dz\/fr\/djellaoui-preside-la-ceremonie-dinstallation-dune-commission-de-suivi-des-projets-routiers\/"]}]},{"@type":"ImageObject","inLanguage":"fr-FR","@id":"https:\/\/elmawkie.dz\/fr\/djellaoui-preside-la-ceremonie-dinstallation-dune-commission-de-suivi-des-projets-routiers\/#primaryimage","url":"https:\/\/elmawkie.dz\/fr\/wp-content\/uploads\/2026\/04\/IMG_7154-1.jpeg","contentUrl":"https:\/\/elmawkie.dz\/fr\/wp-content\/uploads\/2026\/04\/IMG_7154-1.jpeg","width":1982,"height":997},{"@type":"BreadcrumbList","@id":"https:\/\/elmawkie.dz\/fr\/djellaoui-preside-la-ceremonie-dinstallation-dune-commission-de-suivi-des-projets-routiers\/#breadcrumb","itemListElement":[{"@type":"ListItem","position":1,"name":"Home","item":"https:\/\/elmawkie.dz\/fr\/"},{"@type":"ListItem","position":2,"name":"Djellaoui pr\u00e9side la c\u00e9r\u00e9monie d\u2019installation d\u2019une commission de suivi des projets routiers\u00a0"}]},{"@type":"WebSite","@id":"https:\/\/elmawkie.dz\/fr\/#website","url":"https:\/\/elmawkie.dz\/fr\/","name":"EL MAWKIE","description":"Journal \u00c9lectronique Alg\u00e9rien","publisher":{"@id":"https:\/\/elmawkie.dz\/fr\/#organization"},"potentialAction":[{"@type":"SearchAction","target":{"@type":"EntryPoint","urlTemplate":"https:\/\/elmawkie.dz\/fr\/?s={search_term_string}"},"query-input":"required name=search_term_string"}],"inLanguage":"fr-FR"},{"@type":"Organization","@id":"https:\/\/elmawkie.dz\/fr\/#organization","name":"EL MAWKIE","url":"https:\/\/elmawkie.dz\/fr\/","logo":{"@type":"ImageObject","inLanguage":"fr-FR","@id":"https:\/\/elmawkie.dz\/fr\/#\/schema\/logo\/image\/","url":"https:\/\/elmawkie.dz\/fr\/wp-content\/uploads\/2024\/05\/logo1.png","contentUrl":"https:\/\/elmawkie.dz\/fr\/wp-content\/uploads\/2024\/05\/logo1.png","width":1648,"height":652,"caption":"EL MAWKIE"},"image":{"@id":"https:\/\/elmawkie.dz\/fr\/#\/schema\/logo\/image\/"},"sameAs":["https:\/\/www.facebook.com\/profile.php?id=100088407094989&locale=fr_FR"]},{"@type":"Person","@id":"https:\/\/elmawkie.dz\/fr\/#\/schema\/person\/e7bd59d6467874ba5c4723d8a9f0a63c","name":"R\u00e9daction","image":{"@type":"ImageObject","inLanguage":"fr-FR","@id":"https:\/\/elmawkie.dz\/fr\/#\/schema\/person\/image\/","url":"https:\/\/secure.gravatar.com\/avatar\/f0f773456344da4d2788c054a3d30a0c?s=96&d=mm&r=g","contentUrl":"https:\/\/secure.gravatar.com\/avatar\/f0f773456344da4d2788c054a3d30a0c?s=96&d=mm&r=g","caption":"R\u00e9daction"},"url":"https:\/\/elmawkie.dz\/fr\/author\/redaction\/"}]}},"_links":{"self":[{"href":"https:\/\/elmawkie.dz\/fr\/wp-json\/wp\/v2\/posts\/65011","targetHints":{"allow":["GET"]}}],"collection":[{"href":"https:\/\/elmawkie.dz\/fr\/wp-json\/wp\/v2\/posts"}],"about":[{"href":"https:\/\/elmawkie.dz\/fr\/wp-json\/wp\/v2\/types\/post"}],"author":[{"embeddable":true,"href":"https:\/\/elmawkie.dz\/fr\/wp-json\/wp\/v2\/users\/9"}],"replies":[{"embeddable":true,"href":"https:\/\/elmawkie.dz\/fr\/wp-json\/wp\/v2\/comments?post=65011"}],"version-history":[{"count":1,"href":"https:\/\/elmawkie.dz\/fr\/wp-json\/wp\/v2\/posts\/65011\/revisions"}],"predecessor-version":[{"id":65014,"href":"https:\/\/elmawkie.dz\/fr\/wp-json\/wp\/v2\/posts\/65011\/revisions\/65014"}],"wp:featuredmedia":[{"embeddable":true,"href":"https:\/\/elmawkie.dz\/fr\/wp-json\/wp\/v2\/media\/65015"}],"wp:attachment":[{"href":"https:\/\/elmawkie.dz\/fr\/wp-json\/wp\/v2\/media?parent=65011"}],"wp:term":[{"taxonomy":"category","embeddable":true,"href":"https:\/\/elmawkie.dz\/fr\/wp-json\/wp\/v2\/categories?post=65011"},{"taxonomy":"post_tag","embeddable":true,"href":"https:\/\/elmawkie.dz\/fr\/wp-json\/wp\/v2\/tags?post=65011"}],"curies":[{"name":"wp","href":"https:\/\/api.w.org\/{rel}","templated":true}]}}