{"id":65006,"date":"2026-04-28T19:30:19","date_gmt":"2026-04-28T18:30:19","guid":{"rendered":"https:\/\/elmawkie.dz\/fr\/?p=65006"},"modified":"2026-04-28T19:31:01","modified_gmt":"2026-04-28T18:31:01","slug":"apn-m-boughali-recoit-une-delegation-du-groupe-parlementaire-damitie-azerbaidjan-algerie","status":"publish","type":"post","link":"https:\/\/elmawkie.dz\/fr\/apn-m-boughali-recoit-une-delegation-du-groupe-parlementaire-damitie-azerbaidjan-algerie\/","title":{"rendered":"APN : M. Boughali re\u00e7oit une d\u00e9l\u00e9gation du groupe parlementaire d\u2019amiti\u00e9 \u201dAzerba\u00efdjan-Alg\u00e9rie\u201d"},"content":{"rendered":"\n<p>Le pr\u00e9sident de l\u2019Assembl\u00e9e populaire nationale (APN), Brahim Boughali, a re\u00e7u, mardi, une d\u00e9l\u00e9gation du groupe parlementaire d\u2019amiti\u00e9 \u00ab\u00a0Azerba\u00efdjan-Alg\u00e9rie\u00a0\u00bb, conduite par son pr\u00e9sident Shahin Ismayilov, indique un communiqu\u00e9 de la chambre basse du Parlement.<\/p>\n\n\n\n<p>La rencontre a permis de passer en revue l\u2019\u00e9tat des relations d\u2019amiti\u00e9 et de coop\u00e9ration entre l\u2019Alg\u00e9rie et l\u2019Azerba\u00efdjan, les deux parties ayant soulign\u00e9 \u00ab\u00a0l\u2019importance de les renforcer, notamment sur le plan parlementaire, au mieux des int\u00e9r\u00eats communs des deux pays amis\u00a0\u00bb, pr\u00e9cise le communiqu\u00e9.<\/p>\n\n\n\n<p>Les deux parties ont \u00e9galement \u00e9chang\u00e9 les vues sur plusieurs questions d\u2019int\u00e9r\u00eat commun, r\u00e9affirmant \u00ab\u00a0la n\u00e9cessit\u00e9 d\u2019intensifier la coordination et la concertation dans les diff\u00e9rents fora r\u00e9gionaux et internationaux\u00a0\u00bb.<\/p>\n\n\n\n<p>A cette occasion, M. Ismayilov a salu\u00e9 \u00ab\u00a0la solidit\u00e9 des relations bilat\u00e9rales entre les deux pays\u00a0\u00bb et exprim\u00e9 sa satisfaction quant au niveau de coop\u00e9ration existant, affirmant la disposition de son pays \u00e0 renforcer et \u00e0 d\u00e9velopper davantage cette coop\u00e9ration, notamment dans le domaine parlementaire, conclut le communiqu\u00e9.&nbsp;<\/p>\n","protected":false},"excerpt":{"rendered":"<p>Le pr\u00e9sident de l\u2019Assembl\u00e9e populaire nationale (APN), Brahim Boughali, a re\u00e7u, mardi, une d\u00e9l\u00e9gation du groupe parlementaire d\u2019amiti\u00e9 \u00ab\u00a0Azerba\u00efdjan-Alg\u00e9rie\u00a0\u00bb, conduite par son pr\u00e9sident Shahin Ismayilov, indique un communiqu\u00e9 de la chambre basse du Parlement. La rencontre a permis de passer en revue l\u2019\u00e9tat des relations d\u2019amiti\u00e9 et de coop\u00e9ration entre l\u2019Alg\u00e9rie et l\u2019Azerba\u00efdjan, les deux &hellip;<\/p>\n","protected":false},"author":9,"featured_media":65008,"comment_status":"open","ping_status":"open","sticky":false,"template":"","format":"standard","meta":{"footnotes":""},"categories":[47],"tags":[88,930,4751,2597],"class_list":["post-65006","post","type-post","status-publish","format-standard","has-post-thumbnail","hentry","category-national","tag-algerie","tag-apn","tag-azerbaidjan","tag-m-boughali-2"],"yoast_head":"<!-- This site is optimized with the Yoast SEO Premium plugin v22.6 (Yoast SEO v22.6) - https:\/\/yoast.com\/wordpress\/plugins\/seo\/ -->\n<title>APN : M. Boughali re\u00e7oit une d\u00e9l\u00e9gation du groupe parlementaire d\u2019amiti\u00e9 \u201dAzerba\u00efdjan-Alg\u00e9rie\u201d - El Mawkie<\/title>\n<meta name=\"robots\" content=\"index, follow, max-snippet:-1, max-image-preview:large, max-video-preview:-1\" \/>\n<link rel=\"canonical\" href=\"https:\/\/elmawkie.dz\/fr\/apn-m-boughali-recoit-une-delegation-du-groupe-parlementaire-damitie-azerbaidjan-algerie\/\" \/>\n<meta property=\"og:locale\" content=\"fr_FR\" \/>\n<meta property=\"og:type\" content=\"article\" \/>\n<meta property=\"og:title\" content=\"APN : M. Boughali re\u00e7oit une d\u00e9l\u00e9gation du groupe parlementaire d\u2019amiti\u00e9 \u201dAzerba\u00efdjan-Alg\u00e9rie\u201d\" \/>\n<meta property=\"og:description\" content=\"Le pr\u00e9sident de l\u2019Assembl\u00e9e populaire nationale (APN), Brahim Boughali, a re\u00e7u, mardi, une d\u00e9l\u00e9gation du groupe parlementaire d\u2019amiti\u00e9 \u00ab\u00a0Azerba\u00efdjan-Alg\u00e9rie\u00a0\u00bb, conduite par son pr\u00e9sident Shahin Ismayilov, indique un communiqu\u00e9 de la chambre basse du Parlement. La rencontre a permis de passer en revue l\u2019\u00e9tat des relations d\u2019amiti\u00e9 et de coop\u00e9ration entre l\u2019Alg\u00e9rie et l\u2019Azerba\u00efdjan, les deux &hellip;\" \/>\n<meta property=\"og:url\" content=\"https:\/\/elmawkie.dz\/fr\/apn-m-boughali-recoit-une-delegation-du-groupe-parlementaire-damitie-azerbaidjan-algerie\/\" \/>\n<meta property=\"og:site_name\" content=\"El Mawkie\" \/>\n<meta property=\"article:publisher\" content=\"https:\/\/www.facebook.com\/profile.php?id=100088407094989&amp;locale=fr_FR\" \/>\n<meta property=\"article:published_time\" content=\"2026-04-28T18:30:19+00:00\" \/>\n<meta property=\"article:modified_time\" content=\"2026-04-28T18:31:01+00:00\" \/>\n<meta property=\"og:image\" content=\"https:\/\/elmawkie.dz\/fr\/wp-content\/uploads\/2026\/04\/IMG_7153.jpeg\" \/>\n\t<meta property=\"og:image:width\" content=\"2048\" \/>\n\t<meta property=\"og:image:height\" content=\"1365\" \/>\n\t<meta property=\"og:image:type\" content=\"image\/jpeg\" \/>\n<meta name=\"author\" content=\"R\u00e9daction\" \/>\n<meta name=\"twitter:card\" content=\"summary_large_image\" \/>\n<meta name=\"twitter:label1\" content=\"Written by\" \/>\n\t<meta name=\"twitter:data1\" content=\"R\u00e9daction\" \/>\n\t<meta name=\"twitter:label2\" content=\"Est. reading time\" \/>\n\t<meta name=\"twitter:data2\" content=\"1 minute\" \/>\n<script type=\"application\/ld+json\" class=\"yoast-schema-graph\">{\"@context\":\"https:\/\/schema.org\",\"@graph\":[{\"@type\":\"Article\",\"@id\":\"https:\/\/elmawkie.dz\/fr\/apn-m-boughali-recoit-une-delegation-du-groupe-parlementaire-damitie-azerbaidjan-algerie\/#article\",\"isPartOf\":{\"@id\":\"https:\/\/elmawkie.dz\/fr\/apn-m-boughali-recoit-une-delegation-du-groupe-parlementaire-damitie-azerbaidjan-algerie\/\"},\"author\":{\"name\":\"R\u00e9daction\",\"@id\":\"https:\/\/elmawkie.dz\/fr\/#\/schema\/person\/e7bd59d6467874ba5c4723d8a9f0a63c\"},\"headline\":\"APN : M. Boughali re\u00e7oit une d\u00e9l\u00e9gation du groupe parlementaire d\u2019amiti\u00e9 \u201dAzerba\u00efdjan-Alg\u00e9rie\u201d\",\"datePublished\":\"2026-04-28T18:30:19+00:00\",\"dateModified\":\"2026-04-28T18:31:01+00:00\",\"mainEntityOfPage\":{\"@id\":\"https:\/\/elmawkie.dz\/fr\/apn-m-boughali-recoit-une-delegation-du-groupe-parlementaire-damitie-azerbaidjan-algerie\/\"},\"wordCount\":205,\"commentCount\":0,\"publisher\":{\"@id\":\"https:\/\/elmawkie.dz\/fr\/#organization\"},\"image\":{\"@id\":\"https:\/\/elmawkie.dz\/fr\/apn-m-boughali-recoit-une-delegation-du-groupe-parlementaire-damitie-azerbaidjan-algerie\/#primaryimage\"},\"thumbnailUrl\":\"https:\/\/elmawkie.dz\/fr\/wp-content\/uploads\/2026\/04\/IMG_7153.jpeg\",\"keywords\":[\"Alg\u00e9rie\",\"APN\",\"Azerba\u00efdjan\",\"M.Boughali\"],\"articleSection\":[\"National\"],\"inLanguage\":\"fr-FR\",\"potentialAction\":[{\"@type\":\"CommentAction\",\"name\":\"Comment\",\"target\":[\"https:\/\/elmawkie.dz\/fr\/apn-m-boughali-recoit-une-delegation-du-groupe-parlementaire-damitie-azerbaidjan-algerie\/#respond\"]}]},{\"@type\":\"WebPage\",\"@id\":\"https:\/\/elmawkie.dz\/fr\/apn-m-boughali-recoit-une-delegation-du-groupe-parlementaire-damitie-azerbaidjan-algerie\/\",\"url\":\"https:\/\/elmawkie.dz\/fr\/apn-m-boughali-recoit-une-delegation-du-groupe-parlementaire-damitie-azerbaidjan-algerie\/\",\"name\":\"APN : M. Boughali re\u00e7oit une d\u00e9l\u00e9gation du groupe parlementaire d\u2019amiti\u00e9 \u201dAzerba\u00efdjan-Alg\u00e9rie\u201d - El Mawkie\",\"isPartOf\":{\"@id\":\"https:\/\/elmawkie.dz\/fr\/#website\"},\"primaryImageOfPage\":{\"@id\":\"https:\/\/elmawkie.dz\/fr\/apn-m-boughali-recoit-une-delegation-du-groupe-parlementaire-damitie-azerbaidjan-algerie\/#primaryimage\"},\"image\":{\"@id\":\"https:\/\/elmawkie.dz\/fr\/apn-m-boughali-recoit-une-delegation-du-groupe-parlementaire-damitie-azerbaidjan-algerie\/#primaryimage\"},\"thumbnailUrl\":\"https:\/\/elmawkie.dz\/fr\/wp-content\/uploads\/2026\/04\/IMG_7153.jpeg\",\"datePublished\":\"2026-04-28T18:30:19+00:00\",\"dateModified\":\"2026-04-28T18:31:01+00:00\",\"breadcrumb\":{\"@id\":\"https:\/\/elmawkie.dz\/fr\/apn-m-boughali-recoit-une-delegation-du-groupe-parlementaire-damitie-azerbaidjan-algerie\/#breadcrumb\"},\"inLanguage\":\"fr-FR\",\"potentialAction\":[{\"@type\":\"ReadAction\",\"target\":[\"https:\/\/elmawkie.dz\/fr\/apn-m-boughali-recoit-une-delegation-du-groupe-parlementaire-damitie-azerbaidjan-algerie\/\"]}]},{\"@type\":\"ImageObject\",\"inLanguage\":\"fr-FR\",\"@id\":\"https:\/\/elmawkie.dz\/fr\/apn-m-boughali-recoit-une-delegation-du-groupe-parlementaire-damitie-azerbaidjan-algerie\/#primaryimage\",\"url\":\"https:\/\/elmawkie.dz\/fr\/wp-content\/uploads\/2026\/04\/IMG_7153.jpeg\",\"contentUrl\":\"https:\/\/elmawkie.dz\/fr\/wp-content\/uploads\/2026\/04\/IMG_7153.jpeg\",\"width\":2048,\"height\":1365},{\"@type\":\"BreadcrumbList\",\"@id\":\"https:\/\/elmawkie.dz\/fr\/apn-m-boughali-recoit-une-delegation-du-groupe-parlementaire-damitie-azerbaidjan-algerie\/#breadcrumb\",\"itemListElement\":[{\"@type\":\"ListItem\",\"position\":1,\"name\":\"Home\",\"item\":\"https:\/\/elmawkie.dz\/fr\/\"},{\"@type\":\"ListItem\",\"position\":2,\"name\":\"APN : M. Boughali re\u00e7oit une d\u00e9l\u00e9gation du groupe parlementaire d\u2019amiti\u00e9 \u201dAzerba\u00efdjan-Alg\u00e9rie\u201d\"}]},{\"@type\":\"WebSite\",\"@id\":\"https:\/\/elmawkie.dz\/fr\/#website\",\"url\":\"https:\/\/elmawkie.dz\/fr\/\",\"name\":\"EL MAWKIE\",\"description\":\"Journal \u00c9lectronique Alg\u00e9rien\",\"publisher\":{\"@id\":\"https:\/\/elmawkie.dz\/fr\/#organization\"},\"potentialAction\":[{\"@type\":\"SearchAction\",\"target\":{\"@type\":\"EntryPoint\",\"urlTemplate\":\"https:\/\/elmawkie.dz\/fr\/?s={search_term_string}\"},\"query-input\":\"required name=search_term_string\"}],\"inLanguage\":\"fr-FR\"},{\"@type\":\"Organization\",\"@id\":\"https:\/\/elmawkie.dz\/fr\/#organization\",\"name\":\"EL MAWKIE\",\"url\":\"https:\/\/elmawkie.dz\/fr\/\",\"logo\":{\"@type\":\"ImageObject\",\"inLanguage\":\"fr-FR\",\"@id\":\"https:\/\/elmawkie.dz\/fr\/#\/schema\/logo\/image\/\",\"url\":\"https:\/\/elmawkie.dz\/fr\/wp-content\/uploads\/2024\/05\/logo1.png\",\"contentUrl\":\"https:\/\/elmawkie.dz\/fr\/wp-content\/uploads\/2024\/05\/logo1.png\",\"width\":1648,\"height\":652,\"caption\":\"EL MAWKIE\"},\"image\":{\"@id\":\"https:\/\/elmawkie.dz\/fr\/#\/schema\/logo\/image\/\"},\"sameAs\":[\"https:\/\/www.facebook.com\/profile.php?id=100088407094989&locale=fr_FR\"]},{\"@type\":\"Person\",\"@id\":\"https:\/\/elmawkie.dz\/fr\/#\/schema\/person\/e7bd59d6467874ba5c4723d8a9f0a63c\",\"name\":\"R\u00e9daction\",\"image\":{\"@type\":\"ImageObject\",\"inLanguage\":\"fr-FR\",\"@id\":\"https:\/\/elmawkie.dz\/fr\/#\/schema\/person\/image\/\",\"url\":\"https:\/\/secure.gravatar.com\/avatar\/f0f773456344da4d2788c054a3d30a0c?s=96&d=mm&r=g\",\"contentUrl\":\"https:\/\/secure.gravatar.com\/avatar\/f0f773456344da4d2788c054a3d30a0c?s=96&d=mm&r=g\",\"caption\":\"R\u00e9daction\"},\"url\":\"https:\/\/elmawkie.dz\/fr\/author\/redaction\/\"}]}<\/script>\n<!-- \/ Yoast SEO Premium plugin. -->","yoast_head_json":{"title":"APN : M. Boughali re\u00e7oit une d\u00e9l\u00e9gation du groupe parlementaire d\u2019amiti\u00e9 \u201dAzerba\u00efdjan-Alg\u00e9rie\u201d - El Mawkie","robots":{"index":"index","follow":"follow","max-snippet":"max-snippet:-1","max-image-preview":"max-image-preview:large","max-video-preview":"max-video-preview:-1"},"canonical":"https:\/\/elmawkie.dz\/fr\/apn-m-boughali-recoit-une-delegation-du-groupe-parlementaire-damitie-azerbaidjan-algerie\/","og_locale":"fr_FR","og_type":"article","og_title":"APN : M. Boughali re\u00e7oit une d\u00e9l\u00e9gation du groupe parlementaire d\u2019amiti\u00e9 \u201dAzerba\u00efdjan-Alg\u00e9rie\u201d","og_description":"Le pr\u00e9sident de l\u2019Assembl\u00e9e populaire nationale (APN), Brahim Boughali, a re\u00e7u, mardi, une d\u00e9l\u00e9gation du groupe parlementaire d\u2019amiti\u00e9 \u00ab\u00a0Azerba\u00efdjan-Alg\u00e9rie\u00a0\u00bb, conduite par son pr\u00e9sident Shahin Ismayilov, indique un communiqu\u00e9 de la chambre basse du Parlement. La rencontre a permis de passer en revue l\u2019\u00e9tat des relations d\u2019amiti\u00e9 et de coop\u00e9ration entre l\u2019Alg\u00e9rie et l\u2019Azerba\u00efdjan, les deux &hellip;","og_url":"https:\/\/elmawkie.dz\/fr\/apn-m-boughali-recoit-une-delegation-du-groupe-parlementaire-damitie-azerbaidjan-algerie\/","og_site_name":"El Mawkie","article_publisher":"https:\/\/www.facebook.com\/profile.php?id=100088407094989&locale=fr_FR","article_published_time":"2026-04-28T18:30:19+00:00","article_modified_time":"2026-04-28T18:31:01+00:00","og_image":[{"width":2048,"height":1365,"url":"https:\/\/elmawkie.dz\/fr\/wp-content\/uploads\/2026\/04\/IMG_7153.jpeg","type":"image\/jpeg"}],"author":"R\u00e9daction","twitter_card":"summary_large_image","twitter_misc":{"Written by":"R\u00e9daction","Est. reading time":"1 minute"},"schema":{"@context":"https:\/\/schema.org","@graph":[{"@type":"Article","@id":"https:\/\/elmawkie.dz\/fr\/apn-m-boughali-recoit-une-delegation-du-groupe-parlementaire-damitie-azerbaidjan-algerie\/#article","isPartOf":{"@id":"https:\/\/elmawkie.dz\/fr\/apn-m-boughali-recoit-une-delegation-du-groupe-parlementaire-damitie-azerbaidjan-algerie\/"},"author":{"name":"R\u00e9daction","@id":"https:\/\/elmawkie.dz\/fr\/#\/schema\/person\/e7bd59d6467874ba5c4723d8a9f0a63c"},"headline":"APN : M. Boughali re\u00e7oit une d\u00e9l\u00e9gation du groupe parlementaire d\u2019amiti\u00e9 \u201dAzerba\u00efdjan-Alg\u00e9rie\u201d","datePublished":"2026-04-28T18:30:19+00:00","dateModified":"2026-04-28T18:31:01+00:00","mainEntityOfPage":{"@id":"https:\/\/elmawkie.dz\/fr\/apn-m-boughali-recoit-une-delegation-du-groupe-parlementaire-damitie-azerbaidjan-algerie\/"},"wordCount":205,"commentCount":0,"publisher":{"@id":"https:\/\/elmawkie.dz\/fr\/#organization"},"image":{"@id":"https:\/\/elmawkie.dz\/fr\/apn-m-boughali-recoit-une-delegation-du-groupe-parlementaire-damitie-azerbaidjan-algerie\/#primaryimage"},"thumbnailUrl":"https:\/\/elmawkie.dz\/fr\/wp-content\/uploads\/2026\/04\/IMG_7153.jpeg","keywords":["Alg\u00e9rie","APN","Azerba\u00efdjan","M.Boughali"],"articleSection":["National"],"inLanguage":"fr-FR","potentialAction":[{"@type":"CommentAction","name":"Comment","target":["https:\/\/elmawkie.dz\/fr\/apn-m-boughali-recoit-une-delegation-du-groupe-parlementaire-damitie-azerbaidjan-algerie\/#respond"]}]},{"@type":"WebPage","@id":"https:\/\/elmawkie.dz\/fr\/apn-m-boughali-recoit-une-delegation-du-groupe-parlementaire-damitie-azerbaidjan-algerie\/","url":"https:\/\/elmawkie.dz\/fr\/apn-m-boughali-recoit-une-delegation-du-groupe-parlementaire-damitie-azerbaidjan-algerie\/","name":"APN : M. Boughali re\u00e7oit une d\u00e9l\u00e9gation du groupe parlementaire d\u2019amiti\u00e9 \u201dAzerba\u00efdjan-Alg\u00e9rie\u201d - El Mawkie","isPartOf":{"@id":"https:\/\/elmawkie.dz\/fr\/#website"},"primaryImageOfPage":{"@id":"https:\/\/elmawkie.dz\/fr\/apn-m-boughali-recoit-une-delegation-du-groupe-parlementaire-damitie-azerbaidjan-algerie\/#primaryimage"},"image":{"@id":"https:\/\/elmawkie.dz\/fr\/apn-m-boughali-recoit-une-delegation-du-groupe-parlementaire-damitie-azerbaidjan-algerie\/#primaryimage"},"thumbnailUrl":"https:\/\/elmawkie.dz\/fr\/wp-content\/uploads\/2026\/04\/IMG_7153.jpeg","datePublished":"2026-04-28T18:30:19+00:00","dateModified":"2026-04-28T18:31:01+00:00","breadcrumb":{"@id":"https:\/\/elmawkie.dz\/fr\/apn-m-boughali-recoit-une-delegation-du-groupe-parlementaire-damitie-azerbaidjan-algerie\/#breadcrumb"},"inLanguage":"fr-FR","potentialAction":[{"@type":"ReadAction","target":["https:\/\/elmawkie.dz\/fr\/apn-m-boughali-recoit-une-delegation-du-groupe-parlementaire-damitie-azerbaidjan-algerie\/"]}]},{"@type":"ImageObject","inLanguage":"fr-FR","@id":"https:\/\/elmawkie.dz\/fr\/apn-m-boughali-recoit-une-delegation-du-groupe-parlementaire-damitie-azerbaidjan-algerie\/#primaryimage","url":"https:\/\/elmawkie.dz\/fr\/wp-content\/uploads\/2026\/04\/IMG_7153.jpeg","contentUrl":"https:\/\/elmawkie.dz\/fr\/wp-content\/uploads\/2026\/04\/IMG_7153.jpeg","width":2048,"height":1365},{"@type":"BreadcrumbList","@id":"https:\/\/elmawkie.dz\/fr\/apn-m-boughali-recoit-une-delegation-du-groupe-parlementaire-damitie-azerbaidjan-algerie\/#breadcrumb","itemListElement":[{"@type":"ListItem","position":1,"name":"Home","item":"https:\/\/elmawkie.dz\/fr\/"},{"@type":"ListItem","position":2,"name":"APN : M. Boughali re\u00e7oit une d\u00e9l\u00e9gation du groupe parlementaire d\u2019amiti\u00e9 \u201dAzerba\u00efdjan-Alg\u00e9rie\u201d"}]},{"@type":"WebSite","@id":"https:\/\/elmawkie.dz\/fr\/#website","url":"https:\/\/elmawkie.dz\/fr\/","name":"EL MAWKIE","description":"Journal \u00c9lectronique Alg\u00e9rien","publisher":{"@id":"https:\/\/elmawkie.dz\/fr\/#organization"},"potentialAction":[{"@type":"SearchAction","target":{"@type":"EntryPoint","urlTemplate":"https:\/\/elmawkie.dz\/fr\/?s={search_term_string}"},"query-input":"required name=search_term_string"}],"inLanguage":"fr-FR"},{"@type":"Organization","@id":"https:\/\/elmawkie.dz\/fr\/#organization","name":"EL MAWKIE","url":"https:\/\/elmawkie.dz\/fr\/","logo":{"@type":"ImageObject","inLanguage":"fr-FR","@id":"https:\/\/elmawkie.dz\/fr\/#\/schema\/logo\/image\/","url":"https:\/\/elmawkie.dz\/fr\/wp-content\/uploads\/2024\/05\/logo1.png","contentUrl":"https:\/\/elmawkie.dz\/fr\/wp-content\/uploads\/2024\/05\/logo1.png","width":1648,"height":652,"caption":"EL MAWKIE"},"image":{"@id":"https:\/\/elmawkie.dz\/fr\/#\/schema\/logo\/image\/"},"sameAs":["https:\/\/www.facebook.com\/profile.php?id=100088407094989&locale=fr_FR"]},{"@type":"Person","@id":"https:\/\/elmawkie.dz\/fr\/#\/schema\/person\/e7bd59d6467874ba5c4723d8a9f0a63c","name":"R\u00e9daction","image":{"@type":"ImageObject","inLanguage":"fr-FR","@id":"https:\/\/elmawkie.dz\/fr\/#\/schema\/person\/image\/","url":"https:\/\/secure.gravatar.com\/avatar\/f0f773456344da4d2788c054a3d30a0c?s=96&d=mm&r=g","contentUrl":"https:\/\/secure.gravatar.com\/avatar\/f0f773456344da4d2788c054a3d30a0c?s=96&d=mm&r=g","caption":"R\u00e9daction"},"url":"https:\/\/elmawkie.dz\/fr\/author\/redaction\/"}]}},"_links":{"self":[{"href":"https:\/\/elmawkie.dz\/fr\/wp-json\/wp\/v2\/posts\/65006","targetHints":{"allow":["GET"]}}],"collection":[{"href":"https:\/\/elmawkie.dz\/fr\/wp-json\/wp\/v2\/posts"}],"about":[{"href":"https:\/\/elmawkie.dz\/fr\/wp-json\/wp\/v2\/types\/post"}],"author":[{"embeddable":true,"href":"https:\/\/elmawkie.dz\/fr\/wp-json\/wp\/v2\/users\/9"}],"replies":[{"embeddable":true,"href":"https:\/\/elmawkie.dz\/fr\/wp-json\/wp\/v2\/comments?post=65006"}],"version-history":[{"count":2,"href":"https:\/\/elmawkie.dz\/fr\/wp-json\/wp\/v2\/posts\/65006\/revisions"}],"predecessor-version":[{"id":65010,"href":"https:\/\/elmawkie.dz\/fr\/wp-json\/wp\/v2\/posts\/65006\/revisions\/65010"}],"wp:featuredmedia":[{"embeddable":true,"href":"https:\/\/elmawkie.dz\/fr\/wp-json\/wp\/v2\/media\/65008"}],"wp:attachment":[{"href":"https:\/\/elmawkie.dz\/fr\/wp-json\/wp\/v2\/media?parent=65006"}],"wp:term":[{"taxonomy":"category","embeddable":true,"href":"https:\/\/elmawkie.dz\/fr\/wp-json\/wp\/v2\/categories?post=65006"},{"taxonomy":"post_tag","embeddable":true,"href":"https:\/\/elmawkie.dz\/fr\/wp-json\/wp\/v2\/tags?post=65006"}],"curies":[{"name":"wp","href":"https:\/\/api.w.org\/{rel}","templated":true}]}}