{"id":65002,"date":"2026-04-28T19:28:27","date_gmt":"2026-04-28T18:28:27","guid":{"rendered":"https:\/\/elmawkie.dz\/fr\/?p=65002"},"modified":"2026-04-28T19:28:28","modified_gmt":"2026-04-28T18:28:28","slug":"journee-mondiale-de-la-securite-et-de-la-sante-au-travail-m-saihi-met-en-avant-lengagement-de-letat-pour-la-sante-des-travailleurs","status":"publish","type":"post","link":"https:\/\/elmawkie.dz\/fr\/journee-mondiale-de-la-securite-et-de-la-sante-au-travail-m-saihi-met-en-avant-lengagement-de-letat-pour-la-sante-des-travailleurs\/","title":{"rendered":"Journ\u00e9e mondiale de la s\u00e9curit\u00e9 et de la sant\u00e9 au travail : M. Saihi met en avant l\u2019engagement de l\u2019\u00c9tat pour la sant\u00e9 des travailleurs"},"content":{"rendered":"\n<p>Le ministre du Travail, de l&rsquo;Emploi et de la S\u00e9curit\u00e9 sociale, Abdelhak Saihi, a co-pr\u00e9sid\u00e9, mardi \u00e0 Alger, avec le ministre de la Sant\u00e9, Mohamed Seddik Ait Messaoudene, la c\u00e9r\u00e9monie de c\u00e9l\u00e9bration de la Journ\u00e9e mondiale de la s\u00e9curit\u00e9 et de la sant\u00e9 au travail, plac\u00e9e sous le th\u00e8me \u00ab\u00a0Agissons pour un environnement de travail psychosocial sain\u00a0\u00bb.<\/p>\n\n\n\n<p>Dans une allocution prononc\u00e9e \u00e0 cette occasion, en pr\u00e9sence du Secr\u00e9taire g\u00e9n\u00e9ral de l&rsquo;Union g\u00e9n\u00e9rale des travailleurs alg\u00e9riens (UGTA), Amar Takdjout, ainsi que de parlementaires et de repr\u00e9sentants de diff\u00e9rents secteurs et organismes nationaux, M. Saihi a mis l&rsquo;accent sur l&rsquo;int\u00e9r\u00eat accord\u00e9 par l&rsquo;Etat, sous la direction du pr\u00e9sident de la R\u00e9publique, M. Abdelmadjid Tebboune, \u00e0 la question de la sant\u00e9 et du bien-\u00eatre du travailleur, consid\u00e9r\u00e9e comme \u00ab\u00a0une priorit\u00e9 nationale et un pilier fondamental des politiques publiques pour un environnement de travail s\u00fbr qui pr\u00e9serve la dignit\u00e9 du travailleur et sa sant\u00e9 physique et mentale\u00a0\u00bb.<\/p>\n\n\n\n<p>Dans ce contexte, M. Saihi a indiqu\u00e9 que l&rsquo;Alg\u00e9rie \u00ab\u00a0a mis en place un dispositif juridique int\u00e9gr\u00e9 bas\u00e9 sur la Constitution qui consacre la protection de la dignit\u00e9 humaine et la s\u00e9curit\u00e9 au travail, renfermant des textes l\u00e9gislatifs qui imposent aux entreprises de garantir un environnement de travail sain dans tous ses aspects, notamment psychosocial\u00a0\u00bb.<\/p>\n\n\n\n<p>Cette vision refl\u00e8te l&rsquo;engagement national \u00e0 renforcer la pr\u00e9vention des risques professionnels, a-t-il ajout\u00e9, relevant que \u00ab\u00a0plus de 269.000 interventions de contr\u00f4le ont \u00e9t\u00e9 effectu\u00e9es sur le terrain en milieu professionnel\u00a0\u00bb, traduisant ainsi les efforts d\u00e9ploy\u00e9s pour renforcer le contr\u00f4le en mati\u00e8re de protection des travailleurs et garantir le respect de la l\u00e9gislation du travail.<\/p>\n\n\n\n<p>Dans la m\u00eame optique, \u00ab\u00a0plus de 24.000 travailleurs ont b\u00e9n\u00e9fici\u00e9 de programmes de formation et de sensibilisation\u00a0\u00bb. A cela s&rsquo;ajoute la r\u00e9alisation de \u00ab\u00a0plus de 87.000 examens m\u00e9dicaux pr\u00e9ventifs dans le cadre de la m\u00e9decine du travail\u00a0\u00bb, poursuit M. Saihi.<\/p>\n\n\n\n<p>Ces indicateurs refl\u00e8tent \u00ab\u00a0une volont\u00e9 politique claire et un choix institutionnel qui place l&rsquo;\u00e9l\u00e9ment humain au coeur du d\u00e9veloppement\u00a0\u00bb, a-t-il soulign\u00e9, insistant sur l&rsquo;importance de l&rsquo;implication des employeurs et des partenaires sociaux dans le renforcement de la culture de pr\u00e9vention au sein des entreprises, l&rsquo;activation des m\u00e9canismes de dialogue social et le respect de la l\u00e9gislation en vigueur.<\/p>\n\n\n\n<p>Il a, en outre, rappel\u00e9 que le choix de l&rsquo;Alg\u00e9rie parmi les huit pays participant \u00e0 la R\u00e9union d&rsquo;experts \u00e0 Gen\u00e8ve sur la s\u00e9curit\u00e9 et la sant\u00e9 au travail confirme la place dont jouit l&rsquo;exp\u00e9rience alg\u00e9rienne dans le domaine de la pr\u00e9vention et de la protection des travailleurs.<\/p>\n\n\n\n<p>De son c\u00f4t\u00e9, M. Ait Messaoudene a pr\u00e9cis\u00e9 que son secteur a inscrit la sant\u00e9 au travail parmi ses priorit\u00e9s strat\u00e9giques, \u00e0 travers \u00ab\u00a0le renforcement de la pr\u00e9vention, le d\u00e9veloppement du suivi m\u00e9dical des travailleurs et la modernisation des cadres r\u00e9glementaires relatifs \u00e0 la protection contre les risques professionnels\u00a0\u00bb.<\/p>\n\n\n\n<p>A ce titre, il a \u00e9voqu\u00e9 les pr\u00e9paratifs en cours pour l&rsquo;\u00e9laboration d&rsquo;un plan national strat\u00e9gique de sant\u00e9 en milieu professionnel (2026-2030), visant \u00ab\u00a0l&rsquo;adoption d&rsquo;une approche nationale int\u00e9gr\u00e9e, adapt\u00e9e aux mutations rapides du monde du travail et fond\u00e9e sur la compl\u00e9mentarit\u00e9 et la coordination entre les diff\u00e9rents secteurs\u00a0\u00bb.<\/p>\n\n\n\n<p>Pour sa part, le directeur du Bureau de l&rsquo;Organisation internationale du travail (OIT) en Alg\u00e9rie, Halim Hamzaoui, a salu\u00e9 les efforts de l&rsquo;Alg\u00e9rie en mati\u00e8re de s\u00e9curit\u00e9 et de sant\u00e9 au travail, notamment aux plans l\u00e9gislatif et institutionnel, relevant \u00ab\u00a0une grande convergence\u00a0\u00bb entre la l\u00e9gislation alg\u00e9rienne et les normes internationales du travail dans ce domaine.<\/p>\n\n\n\n<p>En marge de cette rencontre, deux conventions ont \u00e9t\u00e9 sign\u00e9es entre le secteur du travail, de l&#8217;emploi et de la s\u00e9curit\u00e9 sociale, le groupe Cosider et la Soci\u00e9t\u00e9 de gestion des services et infrastructures a\u00e9roportuaires d&rsquo;Alger (SGSIA), dans le domaine de la pr\u00e9vention et de la m\u00e9decine du travail.&nbsp;<\/p>\n","protected":false},"excerpt":{"rendered":"<p>Le ministre du Travail, de l&rsquo;Emploi et de la S\u00e9curit\u00e9 sociale, Abdelhak Saihi, a co-pr\u00e9sid\u00e9, mardi \u00e0 Alger, avec le ministre de la Sant\u00e9, Mohamed Seddik Ait Messaoudene, la c\u00e9r\u00e9monie de c\u00e9l\u00e9bration de la Journ\u00e9e mondiale de la s\u00e9curit\u00e9 et de la sant\u00e9 au travail, plac\u00e9e sous le th\u00e8me \u00ab\u00a0Agissons pour un environnement de travail &hellip;<\/p>\n","protected":false},"author":9,"featured_media":65004,"comment_status":"open","ping_status":"open","sticky":false,"template":"","format":"standard","meta":{"footnotes":""},"categories":[47],"tags":[3257,2340,6466,6465],"class_list":["post-65002","post","type-post","status-publish","format-standard","has-post-thumbnail","hentry","category-national","tag-journee-mondiale","tag-letat-2","tag-la-sante-du-travail","tag-m-saihi-2"],"yoast_head":"<!-- This site is optimized with the Yoast SEO Premium plugin v22.6 (Yoast SEO v22.6) - https:\/\/yoast.com\/wordpress\/plugins\/seo\/ -->\n<title>Journ\u00e9e mondiale de la s\u00e9curit\u00e9 et de la sant\u00e9 au travail : M. Saihi met en avant l\u2019engagement de l\u2019\u00c9tat pour la sant\u00e9 des travailleurs - El Mawkie<\/title>\n<meta name=\"robots\" content=\"index, follow, max-snippet:-1, max-image-preview:large, max-video-preview:-1\" \/>\n<link rel=\"canonical\" href=\"https:\/\/elmawkie.dz\/fr\/journee-mondiale-de-la-securite-et-de-la-sante-au-travail-m-saihi-met-en-avant-lengagement-de-letat-pour-la-sante-des-travailleurs\/\" \/>\n<meta property=\"og:locale\" content=\"fr_FR\" \/>\n<meta property=\"og:type\" content=\"article\" \/>\n<meta property=\"og:title\" content=\"Journ\u00e9e mondiale de la s\u00e9curit\u00e9 et de la sant\u00e9 au travail : M. Saihi met en avant l\u2019engagement de l\u2019\u00c9tat pour la sant\u00e9 des travailleurs\" \/>\n<meta property=\"og:description\" content=\"Le ministre du Travail, de l&rsquo;Emploi et de la S\u00e9curit\u00e9 sociale, Abdelhak Saihi, a co-pr\u00e9sid\u00e9, mardi \u00e0 Alger, avec le ministre de la Sant\u00e9, Mohamed Seddik Ait Messaoudene, la c\u00e9r\u00e9monie de c\u00e9l\u00e9bration de la Journ\u00e9e mondiale de la s\u00e9curit\u00e9 et de la sant\u00e9 au travail, plac\u00e9e sous le th\u00e8me \u00ab\u00a0Agissons pour un environnement de travail &hellip;\" \/>\n<meta property=\"og:url\" content=\"https:\/\/elmawkie.dz\/fr\/journee-mondiale-de-la-securite-et-de-la-sante-au-travail-m-saihi-met-en-avant-lengagement-de-letat-pour-la-sante-des-travailleurs\/\" \/>\n<meta property=\"og:site_name\" content=\"El Mawkie\" \/>\n<meta property=\"article:publisher\" content=\"https:\/\/www.facebook.com\/profile.php?id=100088407094989&amp;locale=fr_FR\" \/>\n<meta property=\"article:published_time\" content=\"2026-04-28T18:28:27+00:00\" \/>\n<meta property=\"article:modified_time\" content=\"2026-04-28T18:28:28+00:00\" \/>\n<meta property=\"og:image\" content=\"https:\/\/elmawkie.dz\/fr\/wp-content\/uploads\/2026\/04\/IMG_7152.jpeg\" \/>\n\t<meta property=\"og:image:width\" content=\"1200\" \/>\n\t<meta property=\"og:image:height\" content=\"800\" \/>\n\t<meta property=\"og:image:type\" content=\"image\/jpeg\" \/>\n<meta name=\"author\" content=\"R\u00e9daction\" \/>\n<meta name=\"twitter:card\" content=\"summary_large_image\" \/>\n<meta name=\"twitter:label1\" content=\"Written by\" \/>\n\t<meta name=\"twitter:data1\" content=\"R\u00e9daction\" \/>\n\t<meta name=\"twitter:label2\" content=\"Est. reading time\" \/>\n\t<meta name=\"twitter:data2\" content=\"4 minutes\" \/>\n<script type=\"application\/ld+json\" class=\"yoast-schema-graph\">{\"@context\":\"https:\/\/schema.org\",\"@graph\":[{\"@type\":\"Article\",\"@id\":\"https:\/\/elmawkie.dz\/fr\/journee-mondiale-de-la-securite-et-de-la-sante-au-travail-m-saihi-met-en-avant-lengagement-de-letat-pour-la-sante-des-travailleurs\/#article\",\"isPartOf\":{\"@id\":\"https:\/\/elmawkie.dz\/fr\/journee-mondiale-de-la-securite-et-de-la-sante-au-travail-m-saihi-met-en-avant-lengagement-de-letat-pour-la-sante-des-travailleurs\/\"},\"author\":{\"name\":\"R\u00e9daction\",\"@id\":\"https:\/\/elmawkie.dz\/fr\/#\/schema\/person\/e7bd59d6467874ba5c4723d8a9f0a63c\"},\"headline\":\"Journ\u00e9e mondiale de la s\u00e9curit\u00e9 et de la sant\u00e9 au travail : M. Saihi met en avant l\u2019engagement de l\u2019\u00c9tat pour la sant\u00e9 des travailleurs\",\"datePublished\":\"2026-04-28T18:28:27+00:00\",\"dateModified\":\"2026-04-28T18:28:28+00:00\",\"mainEntityOfPage\":{\"@id\":\"https:\/\/elmawkie.dz\/fr\/journee-mondiale-de-la-securite-et-de-la-sante-au-travail-m-saihi-met-en-avant-lengagement-de-letat-pour-la-sante-des-travailleurs\/\"},\"wordCount\":742,\"commentCount\":0,\"publisher\":{\"@id\":\"https:\/\/elmawkie.dz\/fr\/#organization\"},\"image\":{\"@id\":\"https:\/\/elmawkie.dz\/fr\/journee-mondiale-de-la-securite-et-de-la-sante-au-travail-m-saihi-met-en-avant-lengagement-de-letat-pour-la-sante-des-travailleurs\/#primaryimage\"},\"thumbnailUrl\":\"https:\/\/elmawkie.dz\/fr\/wp-content\/uploads\/2026\/04\/IMG_7152.jpeg\",\"keywords\":[\"Journ\u00e9e mondiale\",\"L\u2019\u00c9tat\",\"La sant\u00e9 du travail\",\"M.Sa\u00efhi\"],\"articleSection\":[\"National\"],\"inLanguage\":\"fr-FR\",\"potentialAction\":[{\"@type\":\"CommentAction\",\"name\":\"Comment\",\"target\":[\"https:\/\/elmawkie.dz\/fr\/journee-mondiale-de-la-securite-et-de-la-sante-au-travail-m-saihi-met-en-avant-lengagement-de-letat-pour-la-sante-des-travailleurs\/#respond\"]}]},{\"@type\":\"WebPage\",\"@id\":\"https:\/\/elmawkie.dz\/fr\/journee-mondiale-de-la-securite-et-de-la-sante-au-travail-m-saihi-met-en-avant-lengagement-de-letat-pour-la-sante-des-travailleurs\/\",\"url\":\"https:\/\/elmawkie.dz\/fr\/journee-mondiale-de-la-securite-et-de-la-sante-au-travail-m-saihi-met-en-avant-lengagement-de-letat-pour-la-sante-des-travailleurs\/\",\"name\":\"Journ\u00e9e mondiale de la s\u00e9curit\u00e9 et de la sant\u00e9 au travail : M. Saihi met en avant l\u2019engagement de l\u2019\u00c9tat pour la sant\u00e9 des travailleurs - El Mawkie\",\"isPartOf\":{\"@id\":\"https:\/\/elmawkie.dz\/fr\/#website\"},\"primaryImageOfPage\":{\"@id\":\"https:\/\/elmawkie.dz\/fr\/journee-mondiale-de-la-securite-et-de-la-sante-au-travail-m-saihi-met-en-avant-lengagement-de-letat-pour-la-sante-des-travailleurs\/#primaryimage\"},\"image\":{\"@id\":\"https:\/\/elmawkie.dz\/fr\/journee-mondiale-de-la-securite-et-de-la-sante-au-travail-m-saihi-met-en-avant-lengagement-de-letat-pour-la-sante-des-travailleurs\/#primaryimage\"},\"thumbnailUrl\":\"https:\/\/elmawkie.dz\/fr\/wp-content\/uploads\/2026\/04\/IMG_7152.jpeg\",\"datePublished\":\"2026-04-28T18:28:27+00:00\",\"dateModified\":\"2026-04-28T18:28:28+00:00\",\"breadcrumb\":{\"@id\":\"https:\/\/elmawkie.dz\/fr\/journee-mondiale-de-la-securite-et-de-la-sante-au-travail-m-saihi-met-en-avant-lengagement-de-letat-pour-la-sante-des-travailleurs\/#breadcrumb\"},\"inLanguage\":\"fr-FR\",\"potentialAction\":[{\"@type\":\"ReadAction\",\"target\":[\"https:\/\/elmawkie.dz\/fr\/journee-mondiale-de-la-securite-et-de-la-sante-au-travail-m-saihi-met-en-avant-lengagement-de-letat-pour-la-sante-des-travailleurs\/\"]}]},{\"@type\":\"ImageObject\",\"inLanguage\":\"fr-FR\",\"@id\":\"https:\/\/elmawkie.dz\/fr\/journee-mondiale-de-la-securite-et-de-la-sante-au-travail-m-saihi-met-en-avant-lengagement-de-letat-pour-la-sante-des-travailleurs\/#primaryimage\",\"url\":\"https:\/\/elmawkie.dz\/fr\/wp-content\/uploads\/2026\/04\/IMG_7152.jpeg\",\"contentUrl\":\"https:\/\/elmawkie.dz\/fr\/wp-content\/uploads\/2026\/04\/IMG_7152.jpeg\",\"width\":1200,\"height\":800},{\"@type\":\"BreadcrumbList\",\"@id\":\"https:\/\/elmawkie.dz\/fr\/journee-mondiale-de-la-securite-et-de-la-sante-au-travail-m-saihi-met-en-avant-lengagement-de-letat-pour-la-sante-des-travailleurs\/#breadcrumb\",\"itemListElement\":[{\"@type\":\"ListItem\",\"position\":1,\"name\":\"Home\",\"item\":\"https:\/\/elmawkie.dz\/fr\/\"},{\"@type\":\"ListItem\",\"position\":2,\"name\":\"Journ\u00e9e mondiale de la s\u00e9curit\u00e9 et de la sant\u00e9 au travail : M. Saihi met en avant l\u2019engagement de l\u2019\u00c9tat pour la sant\u00e9 des travailleurs\"}]},{\"@type\":\"WebSite\",\"@id\":\"https:\/\/elmawkie.dz\/fr\/#website\",\"url\":\"https:\/\/elmawkie.dz\/fr\/\",\"name\":\"EL MAWKIE\",\"description\":\"Journal \u00c9lectronique Alg\u00e9rien\",\"publisher\":{\"@id\":\"https:\/\/elmawkie.dz\/fr\/#organization\"},\"potentialAction\":[{\"@type\":\"SearchAction\",\"target\":{\"@type\":\"EntryPoint\",\"urlTemplate\":\"https:\/\/elmawkie.dz\/fr\/?s={search_term_string}\"},\"query-input\":\"required name=search_term_string\"}],\"inLanguage\":\"fr-FR\"},{\"@type\":\"Organization\",\"@id\":\"https:\/\/elmawkie.dz\/fr\/#organization\",\"name\":\"EL MAWKIE\",\"url\":\"https:\/\/elmawkie.dz\/fr\/\",\"logo\":{\"@type\":\"ImageObject\",\"inLanguage\":\"fr-FR\",\"@id\":\"https:\/\/elmawkie.dz\/fr\/#\/schema\/logo\/image\/\",\"url\":\"https:\/\/elmawkie.dz\/fr\/wp-content\/uploads\/2024\/05\/logo1.png\",\"contentUrl\":\"https:\/\/elmawkie.dz\/fr\/wp-content\/uploads\/2024\/05\/logo1.png\",\"width\":1648,\"height\":652,\"caption\":\"EL MAWKIE\"},\"image\":{\"@id\":\"https:\/\/elmawkie.dz\/fr\/#\/schema\/logo\/image\/\"},\"sameAs\":[\"https:\/\/www.facebook.com\/profile.php?id=100088407094989&locale=fr_FR\"]},{\"@type\":\"Person\",\"@id\":\"https:\/\/elmawkie.dz\/fr\/#\/schema\/person\/e7bd59d6467874ba5c4723d8a9f0a63c\",\"name\":\"R\u00e9daction\",\"image\":{\"@type\":\"ImageObject\",\"inLanguage\":\"fr-FR\",\"@id\":\"https:\/\/elmawkie.dz\/fr\/#\/schema\/person\/image\/\",\"url\":\"https:\/\/secure.gravatar.com\/avatar\/f0f773456344da4d2788c054a3d30a0c?s=96&d=mm&r=g\",\"contentUrl\":\"https:\/\/secure.gravatar.com\/avatar\/f0f773456344da4d2788c054a3d30a0c?s=96&d=mm&r=g\",\"caption\":\"R\u00e9daction\"},\"url\":\"https:\/\/elmawkie.dz\/fr\/author\/redaction\/\"}]}<\/script>\n<!-- \/ Yoast SEO Premium plugin. -->","yoast_head_json":{"title":"Journ\u00e9e mondiale de la s\u00e9curit\u00e9 et de la sant\u00e9 au travail : M. Saihi met en avant l\u2019engagement de l\u2019\u00c9tat pour la sant\u00e9 des travailleurs - El Mawkie","robots":{"index":"index","follow":"follow","max-snippet":"max-snippet:-1","max-image-preview":"max-image-preview:large","max-video-preview":"max-video-preview:-1"},"canonical":"https:\/\/elmawkie.dz\/fr\/journee-mondiale-de-la-securite-et-de-la-sante-au-travail-m-saihi-met-en-avant-lengagement-de-letat-pour-la-sante-des-travailleurs\/","og_locale":"fr_FR","og_type":"article","og_title":"Journ\u00e9e mondiale de la s\u00e9curit\u00e9 et de la sant\u00e9 au travail : M. Saihi met en avant l\u2019engagement de l\u2019\u00c9tat pour la sant\u00e9 des travailleurs","og_description":"Le ministre du Travail, de l&rsquo;Emploi et de la S\u00e9curit\u00e9 sociale, Abdelhak Saihi, a co-pr\u00e9sid\u00e9, mardi \u00e0 Alger, avec le ministre de la Sant\u00e9, Mohamed Seddik Ait Messaoudene, la c\u00e9r\u00e9monie de c\u00e9l\u00e9bration de la Journ\u00e9e mondiale de la s\u00e9curit\u00e9 et de la sant\u00e9 au travail, plac\u00e9e sous le th\u00e8me \u00ab\u00a0Agissons pour un environnement de travail &hellip;","og_url":"https:\/\/elmawkie.dz\/fr\/journee-mondiale-de-la-securite-et-de-la-sante-au-travail-m-saihi-met-en-avant-lengagement-de-letat-pour-la-sante-des-travailleurs\/","og_site_name":"El Mawkie","article_publisher":"https:\/\/www.facebook.com\/profile.php?id=100088407094989&locale=fr_FR","article_published_time":"2026-04-28T18:28:27+00:00","article_modified_time":"2026-04-28T18:28:28+00:00","og_image":[{"width":1200,"height":800,"url":"https:\/\/elmawkie.dz\/fr\/wp-content\/uploads\/2026\/04\/IMG_7152.jpeg","type":"image\/jpeg"}],"author":"R\u00e9daction","twitter_card":"summary_large_image","twitter_misc":{"Written by":"R\u00e9daction","Est. reading time":"4 minutes"},"schema":{"@context":"https:\/\/schema.org","@graph":[{"@type":"Article","@id":"https:\/\/elmawkie.dz\/fr\/journee-mondiale-de-la-securite-et-de-la-sante-au-travail-m-saihi-met-en-avant-lengagement-de-letat-pour-la-sante-des-travailleurs\/#article","isPartOf":{"@id":"https:\/\/elmawkie.dz\/fr\/journee-mondiale-de-la-securite-et-de-la-sante-au-travail-m-saihi-met-en-avant-lengagement-de-letat-pour-la-sante-des-travailleurs\/"},"author":{"name":"R\u00e9daction","@id":"https:\/\/elmawkie.dz\/fr\/#\/schema\/person\/e7bd59d6467874ba5c4723d8a9f0a63c"},"headline":"Journ\u00e9e mondiale de la s\u00e9curit\u00e9 et de la sant\u00e9 au travail : M. Saihi met en avant l\u2019engagement de l\u2019\u00c9tat pour la sant\u00e9 des travailleurs","datePublished":"2026-04-28T18:28:27+00:00","dateModified":"2026-04-28T18:28:28+00:00","mainEntityOfPage":{"@id":"https:\/\/elmawkie.dz\/fr\/journee-mondiale-de-la-securite-et-de-la-sante-au-travail-m-saihi-met-en-avant-lengagement-de-letat-pour-la-sante-des-travailleurs\/"},"wordCount":742,"commentCount":0,"publisher":{"@id":"https:\/\/elmawkie.dz\/fr\/#organization"},"image":{"@id":"https:\/\/elmawkie.dz\/fr\/journee-mondiale-de-la-securite-et-de-la-sante-au-travail-m-saihi-met-en-avant-lengagement-de-letat-pour-la-sante-des-travailleurs\/#primaryimage"},"thumbnailUrl":"https:\/\/elmawkie.dz\/fr\/wp-content\/uploads\/2026\/04\/IMG_7152.jpeg","keywords":["Journ\u00e9e mondiale","L\u2019\u00c9tat","La sant\u00e9 du travail","M.Sa\u00efhi"],"articleSection":["National"],"inLanguage":"fr-FR","potentialAction":[{"@type":"CommentAction","name":"Comment","target":["https:\/\/elmawkie.dz\/fr\/journee-mondiale-de-la-securite-et-de-la-sante-au-travail-m-saihi-met-en-avant-lengagement-de-letat-pour-la-sante-des-travailleurs\/#respond"]}]},{"@type":"WebPage","@id":"https:\/\/elmawkie.dz\/fr\/journee-mondiale-de-la-securite-et-de-la-sante-au-travail-m-saihi-met-en-avant-lengagement-de-letat-pour-la-sante-des-travailleurs\/","url":"https:\/\/elmawkie.dz\/fr\/journee-mondiale-de-la-securite-et-de-la-sante-au-travail-m-saihi-met-en-avant-lengagement-de-letat-pour-la-sante-des-travailleurs\/","name":"Journ\u00e9e mondiale de la s\u00e9curit\u00e9 et de la sant\u00e9 au travail : M. Saihi met en avant l\u2019engagement de l\u2019\u00c9tat pour la sant\u00e9 des travailleurs - El Mawkie","isPartOf":{"@id":"https:\/\/elmawkie.dz\/fr\/#website"},"primaryImageOfPage":{"@id":"https:\/\/elmawkie.dz\/fr\/journee-mondiale-de-la-securite-et-de-la-sante-au-travail-m-saihi-met-en-avant-lengagement-de-letat-pour-la-sante-des-travailleurs\/#primaryimage"},"image":{"@id":"https:\/\/elmawkie.dz\/fr\/journee-mondiale-de-la-securite-et-de-la-sante-au-travail-m-saihi-met-en-avant-lengagement-de-letat-pour-la-sante-des-travailleurs\/#primaryimage"},"thumbnailUrl":"https:\/\/elmawkie.dz\/fr\/wp-content\/uploads\/2026\/04\/IMG_7152.jpeg","datePublished":"2026-04-28T18:28:27+00:00","dateModified":"2026-04-28T18:28:28+00:00","breadcrumb":{"@id":"https:\/\/elmawkie.dz\/fr\/journee-mondiale-de-la-securite-et-de-la-sante-au-travail-m-saihi-met-en-avant-lengagement-de-letat-pour-la-sante-des-travailleurs\/#breadcrumb"},"inLanguage":"fr-FR","potentialAction":[{"@type":"ReadAction","target":["https:\/\/elmawkie.dz\/fr\/journee-mondiale-de-la-securite-et-de-la-sante-au-travail-m-saihi-met-en-avant-lengagement-de-letat-pour-la-sante-des-travailleurs\/"]}]},{"@type":"ImageObject","inLanguage":"fr-FR","@id":"https:\/\/elmawkie.dz\/fr\/journee-mondiale-de-la-securite-et-de-la-sante-au-travail-m-saihi-met-en-avant-lengagement-de-letat-pour-la-sante-des-travailleurs\/#primaryimage","url":"https:\/\/elmawkie.dz\/fr\/wp-content\/uploads\/2026\/04\/IMG_7152.jpeg","contentUrl":"https:\/\/elmawkie.dz\/fr\/wp-content\/uploads\/2026\/04\/IMG_7152.jpeg","width":1200,"height":800},{"@type":"BreadcrumbList","@id":"https:\/\/elmawkie.dz\/fr\/journee-mondiale-de-la-securite-et-de-la-sante-au-travail-m-saihi-met-en-avant-lengagement-de-letat-pour-la-sante-des-travailleurs\/#breadcrumb","itemListElement":[{"@type":"ListItem","position":1,"name":"Home","item":"https:\/\/elmawkie.dz\/fr\/"},{"@type":"ListItem","position":2,"name":"Journ\u00e9e mondiale de la s\u00e9curit\u00e9 et de la sant\u00e9 au travail : M. Saihi met en avant l\u2019engagement de l\u2019\u00c9tat pour la sant\u00e9 des travailleurs"}]},{"@type":"WebSite","@id":"https:\/\/elmawkie.dz\/fr\/#website","url":"https:\/\/elmawkie.dz\/fr\/","name":"EL MAWKIE","description":"Journal \u00c9lectronique Alg\u00e9rien","publisher":{"@id":"https:\/\/elmawkie.dz\/fr\/#organization"},"potentialAction":[{"@type":"SearchAction","target":{"@type":"EntryPoint","urlTemplate":"https:\/\/elmawkie.dz\/fr\/?s={search_term_string}"},"query-input":"required name=search_term_string"}],"inLanguage":"fr-FR"},{"@type":"Organization","@id":"https:\/\/elmawkie.dz\/fr\/#organization","name":"EL MAWKIE","url":"https:\/\/elmawkie.dz\/fr\/","logo":{"@type":"ImageObject","inLanguage":"fr-FR","@id":"https:\/\/elmawkie.dz\/fr\/#\/schema\/logo\/image\/","url":"https:\/\/elmawkie.dz\/fr\/wp-content\/uploads\/2024\/05\/logo1.png","contentUrl":"https:\/\/elmawkie.dz\/fr\/wp-content\/uploads\/2024\/05\/logo1.png","width":1648,"height":652,"caption":"EL MAWKIE"},"image":{"@id":"https:\/\/elmawkie.dz\/fr\/#\/schema\/logo\/image\/"},"sameAs":["https:\/\/www.facebook.com\/profile.php?id=100088407094989&locale=fr_FR"]},{"@type":"Person","@id":"https:\/\/elmawkie.dz\/fr\/#\/schema\/person\/e7bd59d6467874ba5c4723d8a9f0a63c","name":"R\u00e9daction","image":{"@type":"ImageObject","inLanguage":"fr-FR","@id":"https:\/\/elmawkie.dz\/fr\/#\/schema\/person\/image\/","url":"https:\/\/secure.gravatar.com\/avatar\/f0f773456344da4d2788c054a3d30a0c?s=96&d=mm&r=g","contentUrl":"https:\/\/secure.gravatar.com\/avatar\/f0f773456344da4d2788c054a3d30a0c?s=96&d=mm&r=g","caption":"R\u00e9daction"},"url":"https:\/\/elmawkie.dz\/fr\/author\/redaction\/"}]}},"_links":{"self":[{"href":"https:\/\/elmawkie.dz\/fr\/wp-json\/wp\/v2\/posts\/65002","targetHints":{"allow":["GET"]}}],"collection":[{"href":"https:\/\/elmawkie.dz\/fr\/wp-json\/wp\/v2\/posts"}],"about":[{"href":"https:\/\/elmawkie.dz\/fr\/wp-json\/wp\/v2\/types\/post"}],"author":[{"embeddable":true,"href":"https:\/\/elmawkie.dz\/fr\/wp-json\/wp\/v2\/users\/9"}],"replies":[{"embeddable":true,"href":"https:\/\/elmawkie.dz\/fr\/wp-json\/wp\/v2\/comments?post=65002"}],"version-history":[{"count":1,"href":"https:\/\/elmawkie.dz\/fr\/wp-json\/wp\/v2\/posts\/65002\/revisions"}],"predecessor-version":[{"id":65005,"href":"https:\/\/elmawkie.dz\/fr\/wp-json\/wp\/v2\/posts\/65002\/revisions\/65005"}],"wp:featuredmedia":[{"embeddable":true,"href":"https:\/\/elmawkie.dz\/fr\/wp-json\/wp\/v2\/media\/65004"}],"wp:attachment":[{"href":"https:\/\/elmawkie.dz\/fr\/wp-json\/wp\/v2\/media?parent=65002"}],"wp:term":[{"taxonomy":"category","embeddable":true,"href":"https:\/\/elmawkie.dz\/fr\/wp-json\/wp\/v2\/categories?post=65002"},{"taxonomy":"post_tag","embeddable":true,"href":"https:\/\/elmawkie.dz\/fr\/wp-json\/wp\/v2\/tags?post=65002"}],"curies":[{"name":"wp","href":"https:\/\/api.w.org\/{rel}","templated":true}]}}