{"id":6500,"date":"2024-11-12T14:10:11","date_gmt":"2024-11-12T13:10:11","guid":{"rendered":"https:\/\/elmawkie.dz\/fr\/?p=6500"},"modified":"2024-11-12T14:16:12","modified_gmt":"2024-11-12T13:16:12","slug":"m-belmehdi-supervise-loperation-de-la-selection-preliminaire-des-imams-pour-officier-la-priere-de-tarawih-a-letranger","status":"publish","type":"post","link":"https:\/\/elmawkie.dz\/fr\/m-belmehdi-supervise-loperation-de-la-selection-preliminaire-des-imams-pour-officier-la-priere-de-tarawih-a-letranger\/","title":{"rendered":"M.Belmehdi supervise l\u2019op\u00e9ration de la s\u00e9lection pr\u00e9liminaire des imams qui vont diriger la pri\u00e8re de Tarawih \u00e0 l\u2019\u00e9tranger"},"content":{"rendered":"<p><strong><em>Le ministre des Affaires religieuses et des Wakfs, Youcef Belmehdi, a pr\u00e9sid\u00e9, mardi, le lancement du concours de s\u00e9lection pr\u00e9liminaire des imams devant officier la pri\u00e8re de Tarawih \u00e0 l&rsquo;\u00e9tranger, indique un communiqu\u00e9 du minist\u00e8re. Ce concours, organis\u00e9 par visioconf\u00e9rence au si\u00e8ge du minist\u00e8re, est encadr\u00e9 par un jury compos\u00e9 \u00ab\u00a0d\u2019\u00e9minents professeurs\u00a0\u00bb, pr\u00e9cise la m\u00eame source. Le nombre total de postulants \u00e0 ce concours s\u2019\u00e9l\u00e8ve \u00e0 \u00ab\u00a01212, de diff\u00e9rents grades, repr\u00e9sentant toutes les r\u00e9gions du pays\u00a0\u00bb, conclut le communiqu\u00e9. <\/em><\/strong><\/p>\n","protected":false},"excerpt":{"rendered":"<p>Le ministre des Affaires religieuses et des Wakfs, Youcef Belmehdi, a pr\u00e9sid\u00e9, mardi, le lancement du concours de s\u00e9lection pr\u00e9liminaire des imams devant officier la pri\u00e8re de Tarawih \u00e0 l&rsquo;\u00e9tranger, indique un communiqu\u00e9 du minist\u00e8re. Ce concours, organis\u00e9 par visioconf\u00e9rence au si\u00e8ge du minist\u00e8re, est encadr\u00e9 par un jury compos\u00e9 \u00ab\u00a0d\u2019\u00e9minents professeurs\u00a0\u00bb, pr\u00e9cise la m\u00eame &hellip;<\/p>\n","protected":false},"author":9,"featured_media":6501,"comment_status":"open","ping_status":"open","sticky":false,"template":"","format":"standard","meta":{"footnotes":""},"categories":[47],"tags":[1303,1302,846],"class_list":["post-6500","post","type-post","status-publish","format-standard","has-post-thumbnail","hentry","category-national","tag-des-imams","tag-la-priere-de-tarawih","tag-m-belmehdi"],"yoast_head":"<!-- This site is optimized with the Yoast SEO Premium plugin v22.6 (Yoast SEO v22.6) - https:\/\/yoast.com\/wordpress\/plugins\/seo\/ -->\n<title>M.Belmehdi supervise l\u2019op\u00e9ration de la s\u00e9lection pr\u00e9liminaire des imams qui vont diriger la pri\u00e8re de Tarawih \u00e0 l\u2019\u00e9tranger - El Mawkie<\/title>\n<meta name=\"robots\" content=\"index, follow, max-snippet:-1, max-image-preview:large, max-video-preview:-1\" \/>\n<link rel=\"canonical\" href=\"https:\/\/elmawkie.dz\/fr\/m-belmehdi-supervise-loperation-de-la-selection-preliminaire-des-imams-pour-officier-la-priere-de-tarawih-a-letranger\/\" \/>\n<meta property=\"og:locale\" content=\"fr_FR\" \/>\n<meta property=\"og:type\" content=\"article\" \/>\n<meta property=\"og:title\" content=\"M.Belmehdi supervise l\u2019op\u00e9ration de la s\u00e9lection pr\u00e9liminaire des imams qui vont diriger la pri\u00e8re de Tarawih \u00e0 l\u2019\u00e9tranger\" \/>\n<meta property=\"og:description\" content=\"Le ministre des Affaires religieuses et des Wakfs, Youcef Belmehdi, a pr\u00e9sid\u00e9, mardi, le lancement du concours de s\u00e9lection pr\u00e9liminaire des imams devant officier la pri\u00e8re de Tarawih \u00e0 l&rsquo;\u00e9tranger, indique un communiqu\u00e9 du minist\u00e8re. Ce concours, organis\u00e9 par visioconf\u00e9rence au si\u00e8ge du minist\u00e8re, est encadr\u00e9 par un jury compos\u00e9 \u00ab\u00a0d\u2019\u00e9minents professeurs\u00a0\u00bb, pr\u00e9cise la m\u00eame &hellip;\" \/>\n<meta property=\"og:url\" content=\"https:\/\/elmawkie.dz\/fr\/m-belmehdi-supervise-loperation-de-la-selection-preliminaire-des-imams-pour-officier-la-priere-de-tarawih-a-letranger\/\" \/>\n<meta property=\"og:site_name\" content=\"El Mawkie\" \/>\n<meta property=\"article:publisher\" content=\"https:\/\/www.facebook.com\/profile.php?id=100088407094989&amp;locale=fr_FR\" \/>\n<meta property=\"article:published_time\" content=\"2024-11-12T13:10:11+00:00\" \/>\n<meta property=\"article:modified_time\" content=\"2024-11-12T13:16:12+00:00\" \/>\n<meta property=\"og:image\" content=\"https:\/\/elmawkie.dz\/fr\/wp-content\/uploads\/2024\/11\/IMG_4694.jpeg\" \/>\n\t<meta property=\"og:image:width\" content=\"2048\" \/>\n\t<meta property=\"og:image:height\" content=\"1536\" \/>\n\t<meta property=\"og:image:type\" content=\"image\/jpeg\" \/>\n<meta name=\"author\" content=\"R\u00e9daction\" \/>\n<meta name=\"twitter:card\" content=\"summary_large_image\" \/>\n<meta name=\"twitter:label1\" content=\"Written by\" \/>\n\t<meta name=\"twitter:data1\" content=\"R\u00e9daction\" \/>\n<script type=\"application\/ld+json\" class=\"yoast-schema-graph\">{\"@context\":\"https:\/\/schema.org\",\"@graph\":[{\"@type\":\"Article\",\"@id\":\"https:\/\/elmawkie.dz\/fr\/m-belmehdi-supervise-loperation-de-la-selection-preliminaire-des-imams-pour-officier-la-priere-de-tarawih-a-letranger\/#article\",\"isPartOf\":{\"@id\":\"https:\/\/elmawkie.dz\/fr\/m-belmehdi-supervise-loperation-de-la-selection-preliminaire-des-imams-pour-officier-la-priere-de-tarawih-a-letranger\/\"},\"author\":{\"name\":\"R\u00e9daction\",\"@id\":\"https:\/\/elmawkie.dz\/fr\/#\/schema\/person\/e7bd59d6467874ba5c4723d8a9f0a63c\"},\"headline\":\"M.Belmehdi supervise l\u2019op\u00e9ration de la s\u00e9lection pr\u00e9liminaire des imams qui vont diriger la pri\u00e8re de Tarawih \u00e0 l\u2019\u00e9tranger\",\"datePublished\":\"2024-11-12T13:10:11+00:00\",\"dateModified\":\"2024-11-12T13:16:12+00:00\",\"mainEntityOfPage\":{\"@id\":\"https:\/\/elmawkie.dz\/fr\/m-belmehdi-supervise-loperation-de-la-selection-preliminaire-des-imams-pour-officier-la-priere-de-tarawih-a-letranger\/\"},\"wordCount\":116,\"commentCount\":0,\"publisher\":{\"@id\":\"https:\/\/elmawkie.dz\/fr\/#organization\"},\"image\":{\"@id\":\"https:\/\/elmawkie.dz\/fr\/m-belmehdi-supervise-loperation-de-la-selection-preliminaire-des-imams-pour-officier-la-priere-de-tarawih-a-letranger\/#primaryimage\"},\"thumbnailUrl\":\"https:\/\/elmawkie.dz\/fr\/wp-content\/uploads\/2024\/11\/IMG_4694.jpeg\",\"keywords\":[\"des imams\",\"la pri\u00e8re de Tarawih\",\"M.Belmehdi\"],\"articleSection\":[\"National\"],\"inLanguage\":\"fr-FR\",\"potentialAction\":[{\"@type\":\"CommentAction\",\"name\":\"Comment\",\"target\":[\"https:\/\/elmawkie.dz\/fr\/m-belmehdi-supervise-loperation-de-la-selection-preliminaire-des-imams-pour-officier-la-priere-de-tarawih-a-letranger\/#respond\"]}]},{\"@type\":\"WebPage\",\"@id\":\"https:\/\/elmawkie.dz\/fr\/m-belmehdi-supervise-loperation-de-la-selection-preliminaire-des-imams-pour-officier-la-priere-de-tarawih-a-letranger\/\",\"url\":\"https:\/\/elmawkie.dz\/fr\/m-belmehdi-supervise-loperation-de-la-selection-preliminaire-des-imams-pour-officier-la-priere-de-tarawih-a-letranger\/\",\"name\":\"M.Belmehdi supervise l\u2019op\u00e9ration de la s\u00e9lection pr\u00e9liminaire des imams qui vont diriger la pri\u00e8re de Tarawih \u00e0 l\u2019\u00e9tranger - El Mawkie\",\"isPartOf\":{\"@id\":\"https:\/\/elmawkie.dz\/fr\/#website\"},\"primaryImageOfPage\":{\"@id\":\"https:\/\/elmawkie.dz\/fr\/m-belmehdi-supervise-loperation-de-la-selection-preliminaire-des-imams-pour-officier-la-priere-de-tarawih-a-letranger\/#primaryimage\"},\"image\":{\"@id\":\"https:\/\/elmawkie.dz\/fr\/m-belmehdi-supervise-loperation-de-la-selection-preliminaire-des-imams-pour-officier-la-priere-de-tarawih-a-letranger\/#primaryimage\"},\"thumbnailUrl\":\"https:\/\/elmawkie.dz\/fr\/wp-content\/uploads\/2024\/11\/IMG_4694.jpeg\",\"datePublished\":\"2024-11-12T13:10:11+00:00\",\"dateModified\":\"2024-11-12T13:16:12+00:00\",\"breadcrumb\":{\"@id\":\"https:\/\/elmawkie.dz\/fr\/m-belmehdi-supervise-loperation-de-la-selection-preliminaire-des-imams-pour-officier-la-priere-de-tarawih-a-letranger\/#breadcrumb\"},\"inLanguage\":\"fr-FR\",\"potentialAction\":[{\"@type\":\"ReadAction\",\"target\":[\"https:\/\/elmawkie.dz\/fr\/m-belmehdi-supervise-loperation-de-la-selection-preliminaire-des-imams-pour-officier-la-priere-de-tarawih-a-letranger\/\"]}]},{\"@type\":\"ImageObject\",\"inLanguage\":\"fr-FR\",\"@id\":\"https:\/\/elmawkie.dz\/fr\/m-belmehdi-supervise-loperation-de-la-selection-preliminaire-des-imams-pour-officier-la-priere-de-tarawih-a-letranger\/#primaryimage\",\"url\":\"https:\/\/elmawkie.dz\/fr\/wp-content\/uploads\/2024\/11\/IMG_4694.jpeg\",\"contentUrl\":\"https:\/\/elmawkie.dz\/fr\/wp-content\/uploads\/2024\/11\/IMG_4694.jpeg\",\"width\":2048,\"height\":1536},{\"@type\":\"BreadcrumbList\",\"@id\":\"https:\/\/elmawkie.dz\/fr\/m-belmehdi-supervise-loperation-de-la-selection-preliminaire-des-imams-pour-officier-la-priere-de-tarawih-a-letranger\/#breadcrumb\",\"itemListElement\":[{\"@type\":\"ListItem\",\"position\":1,\"name\":\"Home\",\"item\":\"https:\/\/elmawkie.dz\/fr\/\"},{\"@type\":\"ListItem\",\"position\":2,\"name\":\"M.Belmehdi supervise l\u2019op\u00e9ration de la s\u00e9lection pr\u00e9liminaire des imams qui vont diriger la pri\u00e8re de Tarawih \u00e0 l\u2019\u00e9tranger\"}]},{\"@type\":\"WebSite\",\"@id\":\"https:\/\/elmawkie.dz\/fr\/#website\",\"url\":\"https:\/\/elmawkie.dz\/fr\/\",\"name\":\"EL MAWKIE\",\"description\":\"Journal \u00c9lectronique Alg\u00e9rien\",\"publisher\":{\"@id\":\"https:\/\/elmawkie.dz\/fr\/#organization\"},\"potentialAction\":[{\"@type\":\"SearchAction\",\"target\":{\"@type\":\"EntryPoint\",\"urlTemplate\":\"https:\/\/elmawkie.dz\/fr\/?s={search_term_string}\"},\"query-input\":\"required name=search_term_string\"}],\"inLanguage\":\"fr-FR\"},{\"@type\":\"Organization\",\"@id\":\"https:\/\/elmawkie.dz\/fr\/#organization\",\"name\":\"EL MAWKIE\",\"url\":\"https:\/\/elmawkie.dz\/fr\/\",\"logo\":{\"@type\":\"ImageObject\",\"inLanguage\":\"fr-FR\",\"@id\":\"https:\/\/elmawkie.dz\/fr\/#\/schema\/logo\/image\/\",\"url\":\"https:\/\/elmawkie.dz\/fr\/wp-content\/uploads\/2024\/05\/logo1.png\",\"contentUrl\":\"https:\/\/elmawkie.dz\/fr\/wp-content\/uploads\/2024\/05\/logo1.png\",\"width\":1648,\"height\":652,\"caption\":\"EL MAWKIE\"},\"image\":{\"@id\":\"https:\/\/elmawkie.dz\/fr\/#\/schema\/logo\/image\/\"},\"sameAs\":[\"https:\/\/www.facebook.com\/profile.php?id=100088407094989&locale=fr_FR\"]},{\"@type\":\"Person\",\"@id\":\"https:\/\/elmawkie.dz\/fr\/#\/schema\/person\/e7bd59d6467874ba5c4723d8a9f0a63c\",\"name\":\"R\u00e9daction\",\"image\":{\"@type\":\"ImageObject\",\"inLanguage\":\"fr-FR\",\"@id\":\"https:\/\/elmawkie.dz\/fr\/#\/schema\/person\/image\/\",\"url\":\"https:\/\/secure.gravatar.com\/avatar\/f0f773456344da4d2788c054a3d30a0c?s=96&d=mm&r=g\",\"contentUrl\":\"https:\/\/secure.gravatar.com\/avatar\/f0f773456344da4d2788c054a3d30a0c?s=96&d=mm&r=g\",\"caption\":\"R\u00e9daction\"},\"url\":\"https:\/\/elmawkie.dz\/fr\/author\/redaction\/\"}]}<\/script>\n<!-- \/ Yoast SEO Premium plugin. -->","yoast_head_json":{"title":"M.Belmehdi supervise l\u2019op\u00e9ration de la s\u00e9lection pr\u00e9liminaire des imams qui vont diriger la pri\u00e8re de Tarawih \u00e0 l\u2019\u00e9tranger - El Mawkie","robots":{"index":"index","follow":"follow","max-snippet":"max-snippet:-1","max-image-preview":"max-image-preview:large","max-video-preview":"max-video-preview:-1"},"canonical":"https:\/\/elmawkie.dz\/fr\/m-belmehdi-supervise-loperation-de-la-selection-preliminaire-des-imams-pour-officier-la-priere-de-tarawih-a-letranger\/","og_locale":"fr_FR","og_type":"article","og_title":"M.Belmehdi supervise l\u2019op\u00e9ration de la s\u00e9lection pr\u00e9liminaire des imams qui vont diriger la pri\u00e8re de Tarawih \u00e0 l\u2019\u00e9tranger","og_description":"Le ministre des Affaires religieuses et des Wakfs, Youcef Belmehdi, a pr\u00e9sid\u00e9, mardi, le lancement du concours de s\u00e9lection pr\u00e9liminaire des imams devant officier la pri\u00e8re de Tarawih \u00e0 l&rsquo;\u00e9tranger, indique un communiqu\u00e9 du minist\u00e8re. Ce concours, organis\u00e9 par visioconf\u00e9rence au si\u00e8ge du minist\u00e8re, est encadr\u00e9 par un jury compos\u00e9 \u00ab\u00a0d\u2019\u00e9minents professeurs\u00a0\u00bb, pr\u00e9cise la m\u00eame &hellip;","og_url":"https:\/\/elmawkie.dz\/fr\/m-belmehdi-supervise-loperation-de-la-selection-preliminaire-des-imams-pour-officier-la-priere-de-tarawih-a-letranger\/","og_site_name":"El Mawkie","article_publisher":"https:\/\/www.facebook.com\/profile.php?id=100088407094989&locale=fr_FR","article_published_time":"2024-11-12T13:10:11+00:00","article_modified_time":"2024-11-12T13:16:12+00:00","og_image":[{"width":2048,"height":1536,"url":"https:\/\/elmawkie.dz\/fr\/wp-content\/uploads\/2024\/11\/IMG_4694.jpeg","type":"image\/jpeg"}],"author":"R\u00e9daction","twitter_card":"summary_large_image","twitter_misc":{"Written by":"R\u00e9daction"},"schema":{"@context":"https:\/\/schema.org","@graph":[{"@type":"Article","@id":"https:\/\/elmawkie.dz\/fr\/m-belmehdi-supervise-loperation-de-la-selection-preliminaire-des-imams-pour-officier-la-priere-de-tarawih-a-letranger\/#article","isPartOf":{"@id":"https:\/\/elmawkie.dz\/fr\/m-belmehdi-supervise-loperation-de-la-selection-preliminaire-des-imams-pour-officier-la-priere-de-tarawih-a-letranger\/"},"author":{"name":"R\u00e9daction","@id":"https:\/\/elmawkie.dz\/fr\/#\/schema\/person\/e7bd59d6467874ba5c4723d8a9f0a63c"},"headline":"M.Belmehdi supervise l\u2019op\u00e9ration de la s\u00e9lection pr\u00e9liminaire des imams qui vont diriger la pri\u00e8re de Tarawih \u00e0 l\u2019\u00e9tranger","datePublished":"2024-11-12T13:10:11+00:00","dateModified":"2024-11-12T13:16:12+00:00","mainEntityOfPage":{"@id":"https:\/\/elmawkie.dz\/fr\/m-belmehdi-supervise-loperation-de-la-selection-preliminaire-des-imams-pour-officier-la-priere-de-tarawih-a-letranger\/"},"wordCount":116,"commentCount":0,"publisher":{"@id":"https:\/\/elmawkie.dz\/fr\/#organization"},"image":{"@id":"https:\/\/elmawkie.dz\/fr\/m-belmehdi-supervise-loperation-de-la-selection-preliminaire-des-imams-pour-officier-la-priere-de-tarawih-a-letranger\/#primaryimage"},"thumbnailUrl":"https:\/\/elmawkie.dz\/fr\/wp-content\/uploads\/2024\/11\/IMG_4694.jpeg","keywords":["des imams","la pri\u00e8re de Tarawih","M.Belmehdi"],"articleSection":["National"],"inLanguage":"fr-FR","potentialAction":[{"@type":"CommentAction","name":"Comment","target":["https:\/\/elmawkie.dz\/fr\/m-belmehdi-supervise-loperation-de-la-selection-preliminaire-des-imams-pour-officier-la-priere-de-tarawih-a-letranger\/#respond"]}]},{"@type":"WebPage","@id":"https:\/\/elmawkie.dz\/fr\/m-belmehdi-supervise-loperation-de-la-selection-preliminaire-des-imams-pour-officier-la-priere-de-tarawih-a-letranger\/","url":"https:\/\/elmawkie.dz\/fr\/m-belmehdi-supervise-loperation-de-la-selection-preliminaire-des-imams-pour-officier-la-priere-de-tarawih-a-letranger\/","name":"M.Belmehdi supervise l\u2019op\u00e9ration de la s\u00e9lection pr\u00e9liminaire des imams qui vont diriger la pri\u00e8re de Tarawih \u00e0 l\u2019\u00e9tranger - El Mawkie","isPartOf":{"@id":"https:\/\/elmawkie.dz\/fr\/#website"},"primaryImageOfPage":{"@id":"https:\/\/elmawkie.dz\/fr\/m-belmehdi-supervise-loperation-de-la-selection-preliminaire-des-imams-pour-officier-la-priere-de-tarawih-a-letranger\/#primaryimage"},"image":{"@id":"https:\/\/elmawkie.dz\/fr\/m-belmehdi-supervise-loperation-de-la-selection-preliminaire-des-imams-pour-officier-la-priere-de-tarawih-a-letranger\/#primaryimage"},"thumbnailUrl":"https:\/\/elmawkie.dz\/fr\/wp-content\/uploads\/2024\/11\/IMG_4694.jpeg","datePublished":"2024-11-12T13:10:11+00:00","dateModified":"2024-11-12T13:16:12+00:00","breadcrumb":{"@id":"https:\/\/elmawkie.dz\/fr\/m-belmehdi-supervise-loperation-de-la-selection-preliminaire-des-imams-pour-officier-la-priere-de-tarawih-a-letranger\/#breadcrumb"},"inLanguage":"fr-FR","potentialAction":[{"@type":"ReadAction","target":["https:\/\/elmawkie.dz\/fr\/m-belmehdi-supervise-loperation-de-la-selection-preliminaire-des-imams-pour-officier-la-priere-de-tarawih-a-letranger\/"]}]},{"@type":"ImageObject","inLanguage":"fr-FR","@id":"https:\/\/elmawkie.dz\/fr\/m-belmehdi-supervise-loperation-de-la-selection-preliminaire-des-imams-pour-officier-la-priere-de-tarawih-a-letranger\/#primaryimage","url":"https:\/\/elmawkie.dz\/fr\/wp-content\/uploads\/2024\/11\/IMG_4694.jpeg","contentUrl":"https:\/\/elmawkie.dz\/fr\/wp-content\/uploads\/2024\/11\/IMG_4694.jpeg","width":2048,"height":1536},{"@type":"BreadcrumbList","@id":"https:\/\/elmawkie.dz\/fr\/m-belmehdi-supervise-loperation-de-la-selection-preliminaire-des-imams-pour-officier-la-priere-de-tarawih-a-letranger\/#breadcrumb","itemListElement":[{"@type":"ListItem","position":1,"name":"Home","item":"https:\/\/elmawkie.dz\/fr\/"},{"@type":"ListItem","position":2,"name":"M.Belmehdi supervise l\u2019op\u00e9ration de la s\u00e9lection pr\u00e9liminaire des imams qui vont diriger la pri\u00e8re de Tarawih \u00e0 l\u2019\u00e9tranger"}]},{"@type":"WebSite","@id":"https:\/\/elmawkie.dz\/fr\/#website","url":"https:\/\/elmawkie.dz\/fr\/","name":"EL MAWKIE","description":"Journal \u00c9lectronique Alg\u00e9rien","publisher":{"@id":"https:\/\/elmawkie.dz\/fr\/#organization"},"potentialAction":[{"@type":"SearchAction","target":{"@type":"EntryPoint","urlTemplate":"https:\/\/elmawkie.dz\/fr\/?s={search_term_string}"},"query-input":"required name=search_term_string"}],"inLanguage":"fr-FR"},{"@type":"Organization","@id":"https:\/\/elmawkie.dz\/fr\/#organization","name":"EL MAWKIE","url":"https:\/\/elmawkie.dz\/fr\/","logo":{"@type":"ImageObject","inLanguage":"fr-FR","@id":"https:\/\/elmawkie.dz\/fr\/#\/schema\/logo\/image\/","url":"https:\/\/elmawkie.dz\/fr\/wp-content\/uploads\/2024\/05\/logo1.png","contentUrl":"https:\/\/elmawkie.dz\/fr\/wp-content\/uploads\/2024\/05\/logo1.png","width":1648,"height":652,"caption":"EL MAWKIE"},"image":{"@id":"https:\/\/elmawkie.dz\/fr\/#\/schema\/logo\/image\/"},"sameAs":["https:\/\/www.facebook.com\/profile.php?id=100088407094989&locale=fr_FR"]},{"@type":"Person","@id":"https:\/\/elmawkie.dz\/fr\/#\/schema\/person\/e7bd59d6467874ba5c4723d8a9f0a63c","name":"R\u00e9daction","image":{"@type":"ImageObject","inLanguage":"fr-FR","@id":"https:\/\/elmawkie.dz\/fr\/#\/schema\/person\/image\/","url":"https:\/\/secure.gravatar.com\/avatar\/f0f773456344da4d2788c054a3d30a0c?s=96&d=mm&r=g","contentUrl":"https:\/\/secure.gravatar.com\/avatar\/f0f773456344da4d2788c054a3d30a0c?s=96&d=mm&r=g","caption":"R\u00e9daction"},"url":"https:\/\/elmawkie.dz\/fr\/author\/redaction\/"}]}},"_links":{"self":[{"href":"https:\/\/elmawkie.dz\/fr\/wp-json\/wp\/v2\/posts\/6500","targetHints":{"allow":["GET"]}}],"collection":[{"href":"https:\/\/elmawkie.dz\/fr\/wp-json\/wp\/v2\/posts"}],"about":[{"href":"https:\/\/elmawkie.dz\/fr\/wp-json\/wp\/v2\/types\/post"}],"author":[{"embeddable":true,"href":"https:\/\/elmawkie.dz\/fr\/wp-json\/wp\/v2\/users\/9"}],"replies":[{"embeddable":true,"href":"https:\/\/elmawkie.dz\/fr\/wp-json\/wp\/v2\/comments?post=6500"}],"version-history":[{"count":0,"href":"https:\/\/elmawkie.dz\/fr\/wp-json\/wp\/v2\/posts\/6500\/revisions"}],"wp:featuredmedia":[{"embeddable":true,"href":"https:\/\/elmawkie.dz\/fr\/wp-json\/wp\/v2\/media\/6501"}],"wp:attachment":[{"href":"https:\/\/elmawkie.dz\/fr\/wp-json\/wp\/v2\/media?parent=6500"}],"wp:term":[{"taxonomy":"category","embeddable":true,"href":"https:\/\/elmawkie.dz\/fr\/wp-json\/wp\/v2\/categories?post=6500"},{"taxonomy":"post_tag","embeddable":true,"href":"https:\/\/elmawkie.dz\/fr\/wp-json\/wp\/v2\/tags?post=6500"}],"curies":[{"name":"wp","href":"https:\/\/api.w.org\/{rel}","templated":true}]}}