{"id":64998,"date":"2026-04-28T19:25:53","date_gmt":"2026-04-28T18:25:53","guid":{"rendered":"https:\/\/elmawkie.dz\/fr\/?p=64998"},"modified":"2026-04-28T19:25:54","modified_gmt":"2026-04-28T18:25:54","slug":"el-bayadh-pres-de-80-eleves-participent-au-championnat-des-ecoles-primaires-des-sports-individuels","status":"publish","type":"post","link":"https:\/\/elmawkie.dz\/fr\/el-bayadh-pres-de-80-eleves-participent-au-championnat-des-ecoles-primaires-des-sports-individuels\/","title":{"rendered":"El Bayadh : pr\u00e8s de 80 \u00e9l\u00e8ves participent au championnat des \u00e9coles primaires des sports individuels"},"content":{"rendered":"\n<p>La phase de wilaya du championnat des \u00e9coles primaires des sports individuels s\u2019est d\u00e9roul\u00e9e, mardi dans la wilaya d\u2019El Bayadh, avec la participation d\u2019environ 80 concurrents, dans le cadre de la saison sportive scolaire en cours (2025-2026), a-t-on appris aupr\u00e8s des responsables de la ligue de wilaya du sport scolaire.<\/p>\n\n\n\n<p>Selon le charg\u00e9 de l\u2019information et de la communication de la ligue, Abdelhamid Rabahallah, cette manifestation sportive, \u00e0 son \u00e9tape de wilaya, a \u00e9t\u00e9 lanc\u00e9e par le directeur de l\u2019\u00e9ducation, Abdelbasset Korichi, en pr\u00e9sence des responsables de la ligue, au niveau du complexe sportif Zakaria El-Medjoub, situ\u00e9 au chef-lieu de la wilaya.<\/p>\n\n\n\n<p>La comp\u00e9tition a regroup\u00e9 pr\u00e8s de 80 \u00e9l\u00e8ves, filles et gar\u00e7ons, issus du cycle primaire, engag\u00e9s dans quatre disciplines sportives : la natation, les \u00e9checs, le tennis de table et l\u2019athl\u00e9tisme.<\/p>\n\n\n\n<p>A l\u2019issue de cette phase, 15 jeunes sportifs se sont qualifi\u00e9s dans les diff\u00e9rentes disciplines pour participer \u00e0 l\u2019\u00e9tape zonale, puis \u00e0 l\u2019\u00e9tape r\u00e9gionale, avant la phase finale pr\u00e9vue au mois de mai prochain, selon la m\u00eame source.&nbsp;<\/p>\n","protected":false},"excerpt":{"rendered":"<p>La phase de wilaya du championnat des \u00e9coles primaires des sports individuels s\u2019est d\u00e9roul\u00e9e, mardi dans la wilaya d\u2019El Bayadh, avec la participation d\u2019environ 80 concurrents, dans le cadre de la saison sportive scolaire en cours (2025-2026), a-t-on appris aupr\u00e8s des responsables de la ligue de wilaya du sport scolaire. Selon le charg\u00e9 de l\u2019information &hellip;<\/p>\n","protected":false},"author":9,"featured_media":65000,"comment_status":"open","ping_status":"open","sticky":false,"template":"","format":"standard","meta":{"footnotes":""},"categories":[50],"tags":[779,6464],"class_list":["post-64998","post","type-post","status-publish","format-standard","has-post-thumbnail","hentry","category-region","tag-el-bayadh","tag-sports-scolaires"],"yoast_head":"<!-- This site is optimized with the Yoast SEO Premium plugin v22.6 (Yoast SEO v22.6) - https:\/\/yoast.com\/wordpress\/plugins\/seo\/ -->\n<title>El Bayadh : pr\u00e8s de 80 \u00e9l\u00e8ves participent au championnat des \u00e9coles primaires des sports individuels - El Mawkie<\/title>\n<meta name=\"robots\" content=\"index, follow, max-snippet:-1, max-image-preview:large, max-video-preview:-1\" \/>\n<link rel=\"canonical\" href=\"https:\/\/elmawkie.dz\/fr\/el-bayadh-pres-de-80-eleves-participent-au-championnat-des-ecoles-primaires-des-sports-individuels\/\" \/>\n<meta property=\"og:locale\" content=\"fr_FR\" \/>\n<meta property=\"og:type\" content=\"article\" \/>\n<meta property=\"og:title\" content=\"El Bayadh : pr\u00e8s de 80 \u00e9l\u00e8ves participent au championnat des \u00e9coles primaires des sports individuels\" \/>\n<meta property=\"og:description\" content=\"La phase de wilaya du championnat des \u00e9coles primaires des sports individuels s\u2019est d\u00e9roul\u00e9e, mardi dans la wilaya d\u2019El Bayadh, avec la participation d\u2019environ 80 concurrents, dans le cadre de la saison sportive scolaire en cours (2025-2026), a-t-on appris aupr\u00e8s des responsables de la ligue de wilaya du sport scolaire. Selon le charg\u00e9 de l\u2019information &hellip;\" \/>\n<meta property=\"og:url\" content=\"https:\/\/elmawkie.dz\/fr\/el-bayadh-pres-de-80-eleves-participent-au-championnat-des-ecoles-primaires-des-sports-individuels\/\" \/>\n<meta property=\"og:site_name\" content=\"El Mawkie\" \/>\n<meta property=\"article:publisher\" content=\"https:\/\/www.facebook.com\/profile.php?id=100088407094989&amp;locale=fr_FR\" \/>\n<meta property=\"article:published_time\" content=\"2026-04-28T18:25:53+00:00\" \/>\n<meta property=\"article:modified_time\" content=\"2026-04-28T18:25:54+00:00\" \/>\n<meta property=\"og:image\" content=\"https:\/\/elmawkie.dz\/fr\/wp-content\/uploads\/2026\/04\/IMG_7151.jpeg\" \/>\n\t<meta property=\"og:image:width\" content=\"588\" \/>\n\t<meta property=\"og:image:height\" content=\"363\" \/>\n\t<meta property=\"og:image:type\" content=\"image\/jpeg\" \/>\n<meta name=\"author\" content=\"R\u00e9daction\" \/>\n<meta name=\"twitter:card\" content=\"summary_large_image\" \/>\n<meta name=\"twitter:label1\" content=\"Written by\" \/>\n\t<meta name=\"twitter:data1\" content=\"R\u00e9daction\" \/>\n\t<meta name=\"twitter:label2\" content=\"Est. reading time\" \/>\n\t<meta name=\"twitter:data2\" content=\"2 minutes\" \/>\n<script type=\"application\/ld+json\" class=\"yoast-schema-graph\">{\"@context\":\"https:\/\/schema.org\",\"@graph\":[{\"@type\":\"Article\",\"@id\":\"https:\/\/elmawkie.dz\/fr\/el-bayadh-pres-de-80-eleves-participent-au-championnat-des-ecoles-primaires-des-sports-individuels\/#article\",\"isPartOf\":{\"@id\":\"https:\/\/elmawkie.dz\/fr\/el-bayadh-pres-de-80-eleves-participent-au-championnat-des-ecoles-primaires-des-sports-individuels\/\"},\"author\":{\"name\":\"R\u00e9daction\",\"@id\":\"https:\/\/elmawkie.dz\/fr\/#\/schema\/person\/e7bd59d6467874ba5c4723d8a9f0a63c\"},\"headline\":\"El Bayadh : pr\u00e8s de 80 \u00e9l\u00e8ves participent au championnat des \u00e9coles primaires des sports individuels\",\"datePublished\":\"2026-04-28T18:25:53+00:00\",\"dateModified\":\"2026-04-28T18:25:54+00:00\",\"mainEntityOfPage\":{\"@id\":\"https:\/\/elmawkie.dz\/fr\/el-bayadh-pres-de-80-eleves-participent-au-championnat-des-ecoles-primaires-des-sports-individuels\/\"},\"wordCount\":206,\"commentCount\":0,\"publisher\":{\"@id\":\"https:\/\/elmawkie.dz\/fr\/#organization\"},\"image\":{\"@id\":\"https:\/\/elmawkie.dz\/fr\/el-bayadh-pres-de-80-eleves-participent-au-championnat-des-ecoles-primaires-des-sports-individuels\/#primaryimage\"},\"thumbnailUrl\":\"https:\/\/elmawkie.dz\/fr\/wp-content\/uploads\/2026\/04\/IMG_7151.jpeg\",\"keywords\":[\"El Bayadh\",\"Sports scolaires\"],\"articleSection\":[\"R\u00e9gion\"],\"inLanguage\":\"fr-FR\",\"potentialAction\":[{\"@type\":\"CommentAction\",\"name\":\"Comment\",\"target\":[\"https:\/\/elmawkie.dz\/fr\/el-bayadh-pres-de-80-eleves-participent-au-championnat-des-ecoles-primaires-des-sports-individuels\/#respond\"]}]},{\"@type\":\"WebPage\",\"@id\":\"https:\/\/elmawkie.dz\/fr\/el-bayadh-pres-de-80-eleves-participent-au-championnat-des-ecoles-primaires-des-sports-individuels\/\",\"url\":\"https:\/\/elmawkie.dz\/fr\/el-bayadh-pres-de-80-eleves-participent-au-championnat-des-ecoles-primaires-des-sports-individuels\/\",\"name\":\"El Bayadh : pr\u00e8s de 80 \u00e9l\u00e8ves participent au championnat des \u00e9coles primaires des sports individuels - El Mawkie\",\"isPartOf\":{\"@id\":\"https:\/\/elmawkie.dz\/fr\/#website\"},\"primaryImageOfPage\":{\"@id\":\"https:\/\/elmawkie.dz\/fr\/el-bayadh-pres-de-80-eleves-participent-au-championnat-des-ecoles-primaires-des-sports-individuels\/#primaryimage\"},\"image\":{\"@id\":\"https:\/\/elmawkie.dz\/fr\/el-bayadh-pres-de-80-eleves-participent-au-championnat-des-ecoles-primaires-des-sports-individuels\/#primaryimage\"},\"thumbnailUrl\":\"https:\/\/elmawkie.dz\/fr\/wp-content\/uploads\/2026\/04\/IMG_7151.jpeg\",\"datePublished\":\"2026-04-28T18:25:53+00:00\",\"dateModified\":\"2026-04-28T18:25:54+00:00\",\"breadcrumb\":{\"@id\":\"https:\/\/elmawkie.dz\/fr\/el-bayadh-pres-de-80-eleves-participent-au-championnat-des-ecoles-primaires-des-sports-individuels\/#breadcrumb\"},\"inLanguage\":\"fr-FR\",\"potentialAction\":[{\"@type\":\"ReadAction\",\"target\":[\"https:\/\/elmawkie.dz\/fr\/el-bayadh-pres-de-80-eleves-participent-au-championnat-des-ecoles-primaires-des-sports-individuels\/\"]}]},{\"@type\":\"ImageObject\",\"inLanguage\":\"fr-FR\",\"@id\":\"https:\/\/elmawkie.dz\/fr\/el-bayadh-pres-de-80-eleves-participent-au-championnat-des-ecoles-primaires-des-sports-individuels\/#primaryimage\",\"url\":\"https:\/\/elmawkie.dz\/fr\/wp-content\/uploads\/2026\/04\/IMG_7151.jpeg\",\"contentUrl\":\"https:\/\/elmawkie.dz\/fr\/wp-content\/uploads\/2026\/04\/IMG_7151.jpeg\",\"width\":588,\"height\":363},{\"@type\":\"BreadcrumbList\",\"@id\":\"https:\/\/elmawkie.dz\/fr\/el-bayadh-pres-de-80-eleves-participent-au-championnat-des-ecoles-primaires-des-sports-individuels\/#breadcrumb\",\"itemListElement\":[{\"@type\":\"ListItem\",\"position\":1,\"name\":\"Home\",\"item\":\"https:\/\/elmawkie.dz\/fr\/\"},{\"@type\":\"ListItem\",\"position\":2,\"name\":\"El Bayadh : pr\u00e8s de 80 \u00e9l\u00e8ves participent au championnat des \u00e9coles primaires des sports individuels\"}]},{\"@type\":\"WebSite\",\"@id\":\"https:\/\/elmawkie.dz\/fr\/#website\",\"url\":\"https:\/\/elmawkie.dz\/fr\/\",\"name\":\"EL MAWKIE\",\"description\":\"Journal \u00c9lectronique Alg\u00e9rien\",\"publisher\":{\"@id\":\"https:\/\/elmawkie.dz\/fr\/#organization\"},\"potentialAction\":[{\"@type\":\"SearchAction\",\"target\":{\"@type\":\"EntryPoint\",\"urlTemplate\":\"https:\/\/elmawkie.dz\/fr\/?s={search_term_string}\"},\"query-input\":\"required name=search_term_string\"}],\"inLanguage\":\"fr-FR\"},{\"@type\":\"Organization\",\"@id\":\"https:\/\/elmawkie.dz\/fr\/#organization\",\"name\":\"EL MAWKIE\",\"url\":\"https:\/\/elmawkie.dz\/fr\/\",\"logo\":{\"@type\":\"ImageObject\",\"inLanguage\":\"fr-FR\",\"@id\":\"https:\/\/elmawkie.dz\/fr\/#\/schema\/logo\/image\/\",\"url\":\"https:\/\/elmawkie.dz\/fr\/wp-content\/uploads\/2024\/05\/logo1.png\",\"contentUrl\":\"https:\/\/elmawkie.dz\/fr\/wp-content\/uploads\/2024\/05\/logo1.png\",\"width\":1648,\"height\":652,\"caption\":\"EL MAWKIE\"},\"image\":{\"@id\":\"https:\/\/elmawkie.dz\/fr\/#\/schema\/logo\/image\/\"},\"sameAs\":[\"https:\/\/www.facebook.com\/profile.php?id=100088407094989&locale=fr_FR\"]},{\"@type\":\"Person\",\"@id\":\"https:\/\/elmawkie.dz\/fr\/#\/schema\/person\/e7bd59d6467874ba5c4723d8a9f0a63c\",\"name\":\"R\u00e9daction\",\"image\":{\"@type\":\"ImageObject\",\"inLanguage\":\"fr-FR\",\"@id\":\"https:\/\/elmawkie.dz\/fr\/#\/schema\/person\/image\/\",\"url\":\"https:\/\/secure.gravatar.com\/avatar\/f0f773456344da4d2788c054a3d30a0c?s=96&d=mm&r=g\",\"contentUrl\":\"https:\/\/secure.gravatar.com\/avatar\/f0f773456344da4d2788c054a3d30a0c?s=96&d=mm&r=g\",\"caption\":\"R\u00e9daction\"},\"url\":\"https:\/\/elmawkie.dz\/fr\/author\/redaction\/\"}]}<\/script>\n<!-- \/ Yoast SEO Premium plugin. -->","yoast_head_json":{"title":"El Bayadh : pr\u00e8s de 80 \u00e9l\u00e8ves participent au championnat des \u00e9coles primaires des sports individuels - El Mawkie","robots":{"index":"index","follow":"follow","max-snippet":"max-snippet:-1","max-image-preview":"max-image-preview:large","max-video-preview":"max-video-preview:-1"},"canonical":"https:\/\/elmawkie.dz\/fr\/el-bayadh-pres-de-80-eleves-participent-au-championnat-des-ecoles-primaires-des-sports-individuels\/","og_locale":"fr_FR","og_type":"article","og_title":"El Bayadh : pr\u00e8s de 80 \u00e9l\u00e8ves participent au championnat des \u00e9coles primaires des sports individuels","og_description":"La phase de wilaya du championnat des \u00e9coles primaires des sports individuels s\u2019est d\u00e9roul\u00e9e, mardi dans la wilaya d\u2019El Bayadh, avec la participation d\u2019environ 80 concurrents, dans le cadre de la saison sportive scolaire en cours (2025-2026), a-t-on appris aupr\u00e8s des responsables de la ligue de wilaya du sport scolaire. Selon le charg\u00e9 de l\u2019information &hellip;","og_url":"https:\/\/elmawkie.dz\/fr\/el-bayadh-pres-de-80-eleves-participent-au-championnat-des-ecoles-primaires-des-sports-individuels\/","og_site_name":"El Mawkie","article_publisher":"https:\/\/www.facebook.com\/profile.php?id=100088407094989&locale=fr_FR","article_published_time":"2026-04-28T18:25:53+00:00","article_modified_time":"2026-04-28T18:25:54+00:00","og_image":[{"width":588,"height":363,"url":"https:\/\/elmawkie.dz\/fr\/wp-content\/uploads\/2026\/04\/IMG_7151.jpeg","type":"image\/jpeg"}],"author":"R\u00e9daction","twitter_card":"summary_large_image","twitter_misc":{"Written by":"R\u00e9daction","Est. reading time":"2 minutes"},"schema":{"@context":"https:\/\/schema.org","@graph":[{"@type":"Article","@id":"https:\/\/elmawkie.dz\/fr\/el-bayadh-pres-de-80-eleves-participent-au-championnat-des-ecoles-primaires-des-sports-individuels\/#article","isPartOf":{"@id":"https:\/\/elmawkie.dz\/fr\/el-bayadh-pres-de-80-eleves-participent-au-championnat-des-ecoles-primaires-des-sports-individuels\/"},"author":{"name":"R\u00e9daction","@id":"https:\/\/elmawkie.dz\/fr\/#\/schema\/person\/e7bd59d6467874ba5c4723d8a9f0a63c"},"headline":"El Bayadh : pr\u00e8s de 80 \u00e9l\u00e8ves participent au championnat des \u00e9coles primaires des sports individuels","datePublished":"2026-04-28T18:25:53+00:00","dateModified":"2026-04-28T18:25:54+00:00","mainEntityOfPage":{"@id":"https:\/\/elmawkie.dz\/fr\/el-bayadh-pres-de-80-eleves-participent-au-championnat-des-ecoles-primaires-des-sports-individuels\/"},"wordCount":206,"commentCount":0,"publisher":{"@id":"https:\/\/elmawkie.dz\/fr\/#organization"},"image":{"@id":"https:\/\/elmawkie.dz\/fr\/el-bayadh-pres-de-80-eleves-participent-au-championnat-des-ecoles-primaires-des-sports-individuels\/#primaryimage"},"thumbnailUrl":"https:\/\/elmawkie.dz\/fr\/wp-content\/uploads\/2026\/04\/IMG_7151.jpeg","keywords":["El Bayadh","Sports scolaires"],"articleSection":["R\u00e9gion"],"inLanguage":"fr-FR","potentialAction":[{"@type":"CommentAction","name":"Comment","target":["https:\/\/elmawkie.dz\/fr\/el-bayadh-pres-de-80-eleves-participent-au-championnat-des-ecoles-primaires-des-sports-individuels\/#respond"]}]},{"@type":"WebPage","@id":"https:\/\/elmawkie.dz\/fr\/el-bayadh-pres-de-80-eleves-participent-au-championnat-des-ecoles-primaires-des-sports-individuels\/","url":"https:\/\/elmawkie.dz\/fr\/el-bayadh-pres-de-80-eleves-participent-au-championnat-des-ecoles-primaires-des-sports-individuels\/","name":"El Bayadh : pr\u00e8s de 80 \u00e9l\u00e8ves participent au championnat des \u00e9coles primaires des sports individuels - El Mawkie","isPartOf":{"@id":"https:\/\/elmawkie.dz\/fr\/#website"},"primaryImageOfPage":{"@id":"https:\/\/elmawkie.dz\/fr\/el-bayadh-pres-de-80-eleves-participent-au-championnat-des-ecoles-primaires-des-sports-individuels\/#primaryimage"},"image":{"@id":"https:\/\/elmawkie.dz\/fr\/el-bayadh-pres-de-80-eleves-participent-au-championnat-des-ecoles-primaires-des-sports-individuels\/#primaryimage"},"thumbnailUrl":"https:\/\/elmawkie.dz\/fr\/wp-content\/uploads\/2026\/04\/IMG_7151.jpeg","datePublished":"2026-04-28T18:25:53+00:00","dateModified":"2026-04-28T18:25:54+00:00","breadcrumb":{"@id":"https:\/\/elmawkie.dz\/fr\/el-bayadh-pres-de-80-eleves-participent-au-championnat-des-ecoles-primaires-des-sports-individuels\/#breadcrumb"},"inLanguage":"fr-FR","potentialAction":[{"@type":"ReadAction","target":["https:\/\/elmawkie.dz\/fr\/el-bayadh-pres-de-80-eleves-participent-au-championnat-des-ecoles-primaires-des-sports-individuels\/"]}]},{"@type":"ImageObject","inLanguage":"fr-FR","@id":"https:\/\/elmawkie.dz\/fr\/el-bayadh-pres-de-80-eleves-participent-au-championnat-des-ecoles-primaires-des-sports-individuels\/#primaryimage","url":"https:\/\/elmawkie.dz\/fr\/wp-content\/uploads\/2026\/04\/IMG_7151.jpeg","contentUrl":"https:\/\/elmawkie.dz\/fr\/wp-content\/uploads\/2026\/04\/IMG_7151.jpeg","width":588,"height":363},{"@type":"BreadcrumbList","@id":"https:\/\/elmawkie.dz\/fr\/el-bayadh-pres-de-80-eleves-participent-au-championnat-des-ecoles-primaires-des-sports-individuels\/#breadcrumb","itemListElement":[{"@type":"ListItem","position":1,"name":"Home","item":"https:\/\/elmawkie.dz\/fr\/"},{"@type":"ListItem","position":2,"name":"El Bayadh : pr\u00e8s de 80 \u00e9l\u00e8ves participent au championnat des \u00e9coles primaires des sports individuels"}]},{"@type":"WebSite","@id":"https:\/\/elmawkie.dz\/fr\/#website","url":"https:\/\/elmawkie.dz\/fr\/","name":"EL MAWKIE","description":"Journal \u00c9lectronique Alg\u00e9rien","publisher":{"@id":"https:\/\/elmawkie.dz\/fr\/#organization"},"potentialAction":[{"@type":"SearchAction","target":{"@type":"EntryPoint","urlTemplate":"https:\/\/elmawkie.dz\/fr\/?s={search_term_string}"},"query-input":"required name=search_term_string"}],"inLanguage":"fr-FR"},{"@type":"Organization","@id":"https:\/\/elmawkie.dz\/fr\/#organization","name":"EL MAWKIE","url":"https:\/\/elmawkie.dz\/fr\/","logo":{"@type":"ImageObject","inLanguage":"fr-FR","@id":"https:\/\/elmawkie.dz\/fr\/#\/schema\/logo\/image\/","url":"https:\/\/elmawkie.dz\/fr\/wp-content\/uploads\/2024\/05\/logo1.png","contentUrl":"https:\/\/elmawkie.dz\/fr\/wp-content\/uploads\/2024\/05\/logo1.png","width":1648,"height":652,"caption":"EL MAWKIE"},"image":{"@id":"https:\/\/elmawkie.dz\/fr\/#\/schema\/logo\/image\/"},"sameAs":["https:\/\/www.facebook.com\/profile.php?id=100088407094989&locale=fr_FR"]},{"@type":"Person","@id":"https:\/\/elmawkie.dz\/fr\/#\/schema\/person\/e7bd59d6467874ba5c4723d8a9f0a63c","name":"R\u00e9daction","image":{"@type":"ImageObject","inLanguage":"fr-FR","@id":"https:\/\/elmawkie.dz\/fr\/#\/schema\/person\/image\/","url":"https:\/\/secure.gravatar.com\/avatar\/f0f773456344da4d2788c054a3d30a0c?s=96&d=mm&r=g","contentUrl":"https:\/\/secure.gravatar.com\/avatar\/f0f773456344da4d2788c054a3d30a0c?s=96&d=mm&r=g","caption":"R\u00e9daction"},"url":"https:\/\/elmawkie.dz\/fr\/author\/redaction\/"}]}},"_links":{"self":[{"href":"https:\/\/elmawkie.dz\/fr\/wp-json\/wp\/v2\/posts\/64998","targetHints":{"allow":["GET"]}}],"collection":[{"href":"https:\/\/elmawkie.dz\/fr\/wp-json\/wp\/v2\/posts"}],"about":[{"href":"https:\/\/elmawkie.dz\/fr\/wp-json\/wp\/v2\/types\/post"}],"author":[{"embeddable":true,"href":"https:\/\/elmawkie.dz\/fr\/wp-json\/wp\/v2\/users\/9"}],"replies":[{"embeddable":true,"href":"https:\/\/elmawkie.dz\/fr\/wp-json\/wp\/v2\/comments?post=64998"}],"version-history":[{"count":1,"href":"https:\/\/elmawkie.dz\/fr\/wp-json\/wp\/v2\/posts\/64998\/revisions"}],"predecessor-version":[{"id":65001,"href":"https:\/\/elmawkie.dz\/fr\/wp-json\/wp\/v2\/posts\/64998\/revisions\/65001"}],"wp:featuredmedia":[{"embeddable":true,"href":"https:\/\/elmawkie.dz\/fr\/wp-json\/wp\/v2\/media\/65000"}],"wp:attachment":[{"href":"https:\/\/elmawkie.dz\/fr\/wp-json\/wp\/v2\/media?parent=64998"}],"wp:term":[{"taxonomy":"category","embeddable":true,"href":"https:\/\/elmawkie.dz\/fr\/wp-json\/wp\/v2\/categories?post=64998"},{"taxonomy":"post_tag","embeddable":true,"href":"https:\/\/elmawkie.dz\/fr\/wp-json\/wp\/v2\/tags?post=64998"}],"curies":[{"name":"wp","href":"https:\/\/api.w.org\/{rel}","templated":true}]}}