{"id":64994,"date":"2026-04-28T19:20:31","date_gmt":"2026-04-28T18:20:31","guid":{"rendered":"https:\/\/elmawkie.dz\/fr\/?p=64994"},"modified":"2026-04-28T19:20:32","modified_gmt":"2026-04-28T18:20:32","slug":"energies-renouvelables-et-securite-energetique-au-coeur-dune-rencontre-du-taj-a-alger","status":"publish","type":"post","link":"https:\/\/elmawkie.dz\/fr\/energies-renouvelables-et-securite-energetique-au-coeur-dune-rencontre-du-taj-a-alger\/","title":{"rendered":"\u00c9nergies renouvelables et s\u00e9curit\u00e9 \u00e9nerg\u00e9tique au c\u0153ur d\u2019une rencontre du TAJ \u00e0 Alger"},"content":{"rendered":"\n<p>Le parti \u00ab\u00a0Tajamou Amel El-Djazair\u00a0\u00bb (TAJ) a organis\u00e9, mardi \u00e0 Alger, une conf\u00e9rence \u00e9conomique intitul\u00e9e \u00ab\u00a0Les \u00e9nergies renouvelables, un enjeu pour garantir la s\u00e9curit\u00e9 \u00e9nerg\u00e9tique et lutter contre les changements climatiques\u00a0\u00bb, avec la participation de sp\u00e9cialistes du secteur de l&rsquo;\u00e9nergie.<\/p>\n\n\n\n<p>Dans une allocution \u00e0 cette occasion, la pr\u00e9sidente du parti, Fatima Zohra Zerouati, a affirm\u00e9 que les \u00e9nergies renouvelables repr\u00e9sentent \u00ab\u00a0un pari pour l&rsquo;avenir et une garantie de la s\u00e9curit\u00e9 \u00e9nerg\u00e9tique\u00a0\u00bb, soulignant l&rsquo;importance d&rsquo;en faire un levier de l&rsquo;\u00e9conomie \u00e0 travers l&rsquo;investissement, la cr\u00e9ation d&#8217;emplois et le d\u00e9veloppement des technologies y aff\u00e9rentes.<\/p>\n\n\n\n<p>La conf\u00e9rence a \u00e9galement \u00e9t\u00e9 ponctu\u00e9e par les interventions des deux experts en \u00e9nergie, Toufik Hosni et Mohamed Boudali, qui ont abord\u00e9 les mutations \u00e9conomiques et climatiques mondiales en cours, leur impact sur le processus de transition \u00e9nerg\u00e9tique ainsi que la n\u00e9cessit\u00e9 de parvenir \u00e0 un \u00e9quilibre entre les \u00e9nergies renouvelables et les \u00e9nergies fossiles.<\/p>\n\n\n\n<p>Les participants ont appel\u00e9 \u00e0 ancrer une culture de rationalisation de la consommation \u00e9nerg\u00e9tique chez le citoyen, tout en accompagnant les entreprises dans l&rsquo;adoption d&rsquo;\u00e9quipements et de pratiques moins \u00e9nergivores, afin de g\u00e9n\u00e9rer des gains \u00e9conomiques et de contribuer \u00e0 la protection de l&rsquo;environnement.<\/p>\n","protected":false},"excerpt":{"rendered":"<p>Le parti \u00ab\u00a0Tajamou Amel El-Djazair\u00a0\u00bb (TAJ) a organis\u00e9, mardi \u00e0 Alger, une conf\u00e9rence \u00e9conomique intitul\u00e9e \u00ab\u00a0Les \u00e9nergies renouvelables, un enjeu pour garantir la s\u00e9curit\u00e9 \u00e9nerg\u00e9tique et lutter contre les changements climatiques\u00a0\u00bb, avec la participation de sp\u00e9cialistes du secteur de l&rsquo;\u00e9nergie. Dans une allocution \u00e0 cette occasion, la pr\u00e9sidente du parti, Fatima Zohra Zerouati, a affirm\u00e9 &hellip;<\/p>\n","protected":false},"author":9,"featured_media":64996,"comment_status":"open","ping_status":"open","sticky":false,"template":"","format":"standard","meta":{"footnotes":""},"categories":[47],"tags":[450,590,6463,6402],"class_list":["post-64994","post","type-post","status-publish","format-standard","has-post-thumbnail","hentry","category-national","tag-alger","tag-energie-renouvelable","tag-securite-energetique","tag-taj"],"yoast_head":"<!-- This site is optimized with the Yoast SEO Premium plugin v22.6 (Yoast SEO v22.6) - https:\/\/yoast.com\/wordpress\/plugins\/seo\/ -->\n<title>\u00c9nergies renouvelables et s\u00e9curit\u00e9 \u00e9nerg\u00e9tique au c\u0153ur d\u2019une rencontre du TAJ \u00e0 Alger - El Mawkie<\/title>\n<meta name=\"robots\" content=\"index, follow, max-snippet:-1, max-image-preview:large, max-video-preview:-1\" \/>\n<link rel=\"canonical\" href=\"https:\/\/elmawkie.dz\/fr\/energies-renouvelables-et-securite-energetique-au-coeur-dune-rencontre-du-taj-a-alger\/\" \/>\n<meta property=\"og:locale\" content=\"fr_FR\" \/>\n<meta property=\"og:type\" content=\"article\" \/>\n<meta property=\"og:title\" content=\"\u00c9nergies renouvelables et s\u00e9curit\u00e9 \u00e9nerg\u00e9tique au c\u0153ur d\u2019une rencontre du TAJ \u00e0 Alger\" \/>\n<meta property=\"og:description\" content=\"Le parti \u00ab\u00a0Tajamou Amel El-Djazair\u00a0\u00bb (TAJ) a organis\u00e9, mardi \u00e0 Alger, une conf\u00e9rence \u00e9conomique intitul\u00e9e \u00ab\u00a0Les \u00e9nergies renouvelables, un enjeu pour garantir la s\u00e9curit\u00e9 \u00e9nerg\u00e9tique et lutter contre les changements climatiques\u00a0\u00bb, avec la participation de sp\u00e9cialistes du secteur de l&rsquo;\u00e9nergie. Dans une allocution \u00e0 cette occasion, la pr\u00e9sidente du parti, Fatima Zohra Zerouati, a affirm\u00e9 &hellip;\" \/>\n<meta property=\"og:url\" content=\"https:\/\/elmawkie.dz\/fr\/energies-renouvelables-et-securite-energetique-au-coeur-dune-rencontre-du-taj-a-alger\/\" \/>\n<meta property=\"og:site_name\" content=\"El Mawkie\" \/>\n<meta property=\"article:publisher\" content=\"https:\/\/www.facebook.com\/profile.php?id=100088407094989&amp;locale=fr_FR\" \/>\n<meta property=\"article:published_time\" content=\"2026-04-28T18:20:31+00:00\" \/>\n<meta property=\"article:modified_time\" content=\"2026-04-28T18:20:32+00:00\" \/>\n<meta property=\"og:image\" content=\"https:\/\/elmawkie.dz\/fr\/wp-content\/uploads\/2026\/04\/85b61966-80fe-4f43-9933-66cf830449d4.jpeg\" \/>\n\t<meta property=\"og:image:width\" content=\"1112\" \/>\n\t<meta property=\"og:image:height\" content=\"679\" \/>\n\t<meta property=\"og:image:type\" content=\"image\/jpeg\" \/>\n<meta name=\"author\" content=\"R\u00e9daction\" \/>\n<meta name=\"twitter:card\" content=\"summary_large_image\" \/>\n<meta name=\"twitter:label1\" content=\"Written by\" \/>\n\t<meta name=\"twitter:data1\" content=\"R\u00e9daction\" \/>\n\t<meta name=\"twitter:label2\" content=\"Est. reading time\" \/>\n\t<meta name=\"twitter:data2\" content=\"2 minutes\" \/>\n<script type=\"application\/ld+json\" class=\"yoast-schema-graph\">{\"@context\":\"https:\/\/schema.org\",\"@graph\":[{\"@type\":\"Article\",\"@id\":\"https:\/\/elmawkie.dz\/fr\/energies-renouvelables-et-securite-energetique-au-coeur-dune-rencontre-du-taj-a-alger\/#article\",\"isPartOf\":{\"@id\":\"https:\/\/elmawkie.dz\/fr\/energies-renouvelables-et-securite-energetique-au-coeur-dune-rencontre-du-taj-a-alger\/\"},\"author\":{\"name\":\"R\u00e9daction\",\"@id\":\"https:\/\/elmawkie.dz\/fr\/#\/schema\/person\/e7bd59d6467874ba5c4723d8a9f0a63c\"},\"headline\":\"\u00c9nergies renouvelables et s\u00e9curit\u00e9 \u00e9nerg\u00e9tique au c\u0153ur d\u2019une rencontre du TAJ \u00e0 Alger\",\"datePublished\":\"2026-04-28T18:20:31+00:00\",\"dateModified\":\"2026-04-28T18:20:32+00:00\",\"mainEntityOfPage\":{\"@id\":\"https:\/\/elmawkie.dz\/fr\/energies-renouvelables-et-securite-energetique-au-coeur-dune-rencontre-du-taj-a-alger\/\"},\"wordCount\":230,\"commentCount\":0,\"publisher\":{\"@id\":\"https:\/\/elmawkie.dz\/fr\/#organization\"},\"image\":{\"@id\":\"https:\/\/elmawkie.dz\/fr\/energies-renouvelables-et-securite-energetique-au-coeur-dune-rencontre-du-taj-a-alger\/#primaryimage\"},\"thumbnailUrl\":\"https:\/\/elmawkie.dz\/fr\/wp-content\/uploads\/2026\/04\/85b61966-80fe-4f43-9933-66cf830449d4.jpeg\",\"keywords\":[\"alger\",\"\u00e9nergie renouvelable\",\"s\u00e9curit\u00e9 \u00e9nerg\u00e9tique\",\"TAJ\"],\"articleSection\":[\"National\"],\"inLanguage\":\"fr-FR\",\"potentialAction\":[{\"@type\":\"CommentAction\",\"name\":\"Comment\",\"target\":[\"https:\/\/elmawkie.dz\/fr\/energies-renouvelables-et-securite-energetique-au-coeur-dune-rencontre-du-taj-a-alger\/#respond\"]}]},{\"@type\":\"WebPage\",\"@id\":\"https:\/\/elmawkie.dz\/fr\/energies-renouvelables-et-securite-energetique-au-coeur-dune-rencontre-du-taj-a-alger\/\",\"url\":\"https:\/\/elmawkie.dz\/fr\/energies-renouvelables-et-securite-energetique-au-coeur-dune-rencontre-du-taj-a-alger\/\",\"name\":\"\u00c9nergies renouvelables et s\u00e9curit\u00e9 \u00e9nerg\u00e9tique au c\u0153ur d\u2019une rencontre du TAJ \u00e0 Alger - El Mawkie\",\"isPartOf\":{\"@id\":\"https:\/\/elmawkie.dz\/fr\/#website\"},\"primaryImageOfPage\":{\"@id\":\"https:\/\/elmawkie.dz\/fr\/energies-renouvelables-et-securite-energetique-au-coeur-dune-rencontre-du-taj-a-alger\/#primaryimage\"},\"image\":{\"@id\":\"https:\/\/elmawkie.dz\/fr\/energies-renouvelables-et-securite-energetique-au-coeur-dune-rencontre-du-taj-a-alger\/#primaryimage\"},\"thumbnailUrl\":\"https:\/\/elmawkie.dz\/fr\/wp-content\/uploads\/2026\/04\/85b61966-80fe-4f43-9933-66cf830449d4.jpeg\",\"datePublished\":\"2026-04-28T18:20:31+00:00\",\"dateModified\":\"2026-04-28T18:20:32+00:00\",\"breadcrumb\":{\"@id\":\"https:\/\/elmawkie.dz\/fr\/energies-renouvelables-et-securite-energetique-au-coeur-dune-rencontre-du-taj-a-alger\/#breadcrumb\"},\"inLanguage\":\"fr-FR\",\"potentialAction\":[{\"@type\":\"ReadAction\",\"target\":[\"https:\/\/elmawkie.dz\/fr\/energies-renouvelables-et-securite-energetique-au-coeur-dune-rencontre-du-taj-a-alger\/\"]}]},{\"@type\":\"ImageObject\",\"inLanguage\":\"fr-FR\",\"@id\":\"https:\/\/elmawkie.dz\/fr\/energies-renouvelables-et-securite-energetique-au-coeur-dune-rencontre-du-taj-a-alger\/#primaryimage\",\"url\":\"https:\/\/elmawkie.dz\/fr\/wp-content\/uploads\/2026\/04\/85b61966-80fe-4f43-9933-66cf830449d4.jpeg\",\"contentUrl\":\"https:\/\/elmawkie.dz\/fr\/wp-content\/uploads\/2026\/04\/85b61966-80fe-4f43-9933-66cf830449d4.jpeg\",\"width\":1112,\"height\":679},{\"@type\":\"BreadcrumbList\",\"@id\":\"https:\/\/elmawkie.dz\/fr\/energies-renouvelables-et-securite-energetique-au-coeur-dune-rencontre-du-taj-a-alger\/#breadcrumb\",\"itemListElement\":[{\"@type\":\"ListItem\",\"position\":1,\"name\":\"Home\",\"item\":\"https:\/\/elmawkie.dz\/fr\/\"},{\"@type\":\"ListItem\",\"position\":2,\"name\":\"\u00c9nergies renouvelables et s\u00e9curit\u00e9 \u00e9nerg\u00e9tique au c\u0153ur d\u2019une rencontre du TAJ \u00e0 Alger\"}]},{\"@type\":\"WebSite\",\"@id\":\"https:\/\/elmawkie.dz\/fr\/#website\",\"url\":\"https:\/\/elmawkie.dz\/fr\/\",\"name\":\"EL MAWKIE\",\"description\":\"Journal \u00c9lectronique Alg\u00e9rien\",\"publisher\":{\"@id\":\"https:\/\/elmawkie.dz\/fr\/#organization\"},\"potentialAction\":[{\"@type\":\"SearchAction\",\"target\":{\"@type\":\"EntryPoint\",\"urlTemplate\":\"https:\/\/elmawkie.dz\/fr\/?s={search_term_string}\"},\"query-input\":\"required name=search_term_string\"}],\"inLanguage\":\"fr-FR\"},{\"@type\":\"Organization\",\"@id\":\"https:\/\/elmawkie.dz\/fr\/#organization\",\"name\":\"EL MAWKIE\",\"url\":\"https:\/\/elmawkie.dz\/fr\/\",\"logo\":{\"@type\":\"ImageObject\",\"inLanguage\":\"fr-FR\",\"@id\":\"https:\/\/elmawkie.dz\/fr\/#\/schema\/logo\/image\/\",\"url\":\"https:\/\/elmawkie.dz\/fr\/wp-content\/uploads\/2024\/05\/logo1.png\",\"contentUrl\":\"https:\/\/elmawkie.dz\/fr\/wp-content\/uploads\/2024\/05\/logo1.png\",\"width\":1648,\"height\":652,\"caption\":\"EL MAWKIE\"},\"image\":{\"@id\":\"https:\/\/elmawkie.dz\/fr\/#\/schema\/logo\/image\/\"},\"sameAs\":[\"https:\/\/www.facebook.com\/profile.php?id=100088407094989&locale=fr_FR\"]},{\"@type\":\"Person\",\"@id\":\"https:\/\/elmawkie.dz\/fr\/#\/schema\/person\/e7bd59d6467874ba5c4723d8a9f0a63c\",\"name\":\"R\u00e9daction\",\"image\":{\"@type\":\"ImageObject\",\"inLanguage\":\"fr-FR\",\"@id\":\"https:\/\/elmawkie.dz\/fr\/#\/schema\/person\/image\/\",\"url\":\"https:\/\/secure.gravatar.com\/avatar\/f0f773456344da4d2788c054a3d30a0c?s=96&d=mm&r=g\",\"contentUrl\":\"https:\/\/secure.gravatar.com\/avatar\/f0f773456344da4d2788c054a3d30a0c?s=96&d=mm&r=g\",\"caption\":\"R\u00e9daction\"},\"url\":\"https:\/\/elmawkie.dz\/fr\/author\/redaction\/\"}]}<\/script>\n<!-- \/ Yoast SEO Premium plugin. -->","yoast_head_json":{"title":"\u00c9nergies renouvelables et s\u00e9curit\u00e9 \u00e9nerg\u00e9tique au c\u0153ur d\u2019une rencontre du TAJ \u00e0 Alger - El Mawkie","robots":{"index":"index","follow":"follow","max-snippet":"max-snippet:-1","max-image-preview":"max-image-preview:large","max-video-preview":"max-video-preview:-1"},"canonical":"https:\/\/elmawkie.dz\/fr\/energies-renouvelables-et-securite-energetique-au-coeur-dune-rencontre-du-taj-a-alger\/","og_locale":"fr_FR","og_type":"article","og_title":"\u00c9nergies renouvelables et s\u00e9curit\u00e9 \u00e9nerg\u00e9tique au c\u0153ur d\u2019une rencontre du TAJ \u00e0 Alger","og_description":"Le parti \u00ab\u00a0Tajamou Amel El-Djazair\u00a0\u00bb (TAJ) a organis\u00e9, mardi \u00e0 Alger, une conf\u00e9rence \u00e9conomique intitul\u00e9e \u00ab\u00a0Les \u00e9nergies renouvelables, un enjeu pour garantir la s\u00e9curit\u00e9 \u00e9nerg\u00e9tique et lutter contre les changements climatiques\u00a0\u00bb, avec la participation de sp\u00e9cialistes du secteur de l&rsquo;\u00e9nergie. Dans une allocution \u00e0 cette occasion, la pr\u00e9sidente du parti, Fatima Zohra Zerouati, a affirm\u00e9 &hellip;","og_url":"https:\/\/elmawkie.dz\/fr\/energies-renouvelables-et-securite-energetique-au-coeur-dune-rencontre-du-taj-a-alger\/","og_site_name":"El Mawkie","article_publisher":"https:\/\/www.facebook.com\/profile.php?id=100088407094989&locale=fr_FR","article_published_time":"2026-04-28T18:20:31+00:00","article_modified_time":"2026-04-28T18:20:32+00:00","og_image":[{"width":1112,"height":679,"url":"https:\/\/elmawkie.dz\/fr\/wp-content\/uploads\/2026\/04\/85b61966-80fe-4f43-9933-66cf830449d4.jpeg","type":"image\/jpeg"}],"author":"R\u00e9daction","twitter_card":"summary_large_image","twitter_misc":{"Written by":"R\u00e9daction","Est. reading time":"2 minutes"},"schema":{"@context":"https:\/\/schema.org","@graph":[{"@type":"Article","@id":"https:\/\/elmawkie.dz\/fr\/energies-renouvelables-et-securite-energetique-au-coeur-dune-rencontre-du-taj-a-alger\/#article","isPartOf":{"@id":"https:\/\/elmawkie.dz\/fr\/energies-renouvelables-et-securite-energetique-au-coeur-dune-rencontre-du-taj-a-alger\/"},"author":{"name":"R\u00e9daction","@id":"https:\/\/elmawkie.dz\/fr\/#\/schema\/person\/e7bd59d6467874ba5c4723d8a9f0a63c"},"headline":"\u00c9nergies renouvelables et s\u00e9curit\u00e9 \u00e9nerg\u00e9tique au c\u0153ur d\u2019une rencontre du TAJ \u00e0 Alger","datePublished":"2026-04-28T18:20:31+00:00","dateModified":"2026-04-28T18:20:32+00:00","mainEntityOfPage":{"@id":"https:\/\/elmawkie.dz\/fr\/energies-renouvelables-et-securite-energetique-au-coeur-dune-rencontre-du-taj-a-alger\/"},"wordCount":230,"commentCount":0,"publisher":{"@id":"https:\/\/elmawkie.dz\/fr\/#organization"},"image":{"@id":"https:\/\/elmawkie.dz\/fr\/energies-renouvelables-et-securite-energetique-au-coeur-dune-rencontre-du-taj-a-alger\/#primaryimage"},"thumbnailUrl":"https:\/\/elmawkie.dz\/fr\/wp-content\/uploads\/2026\/04\/85b61966-80fe-4f43-9933-66cf830449d4.jpeg","keywords":["alger","\u00e9nergie renouvelable","s\u00e9curit\u00e9 \u00e9nerg\u00e9tique","TAJ"],"articleSection":["National"],"inLanguage":"fr-FR","potentialAction":[{"@type":"CommentAction","name":"Comment","target":["https:\/\/elmawkie.dz\/fr\/energies-renouvelables-et-securite-energetique-au-coeur-dune-rencontre-du-taj-a-alger\/#respond"]}]},{"@type":"WebPage","@id":"https:\/\/elmawkie.dz\/fr\/energies-renouvelables-et-securite-energetique-au-coeur-dune-rencontre-du-taj-a-alger\/","url":"https:\/\/elmawkie.dz\/fr\/energies-renouvelables-et-securite-energetique-au-coeur-dune-rencontre-du-taj-a-alger\/","name":"\u00c9nergies renouvelables et s\u00e9curit\u00e9 \u00e9nerg\u00e9tique au c\u0153ur d\u2019une rencontre du TAJ \u00e0 Alger - El Mawkie","isPartOf":{"@id":"https:\/\/elmawkie.dz\/fr\/#website"},"primaryImageOfPage":{"@id":"https:\/\/elmawkie.dz\/fr\/energies-renouvelables-et-securite-energetique-au-coeur-dune-rencontre-du-taj-a-alger\/#primaryimage"},"image":{"@id":"https:\/\/elmawkie.dz\/fr\/energies-renouvelables-et-securite-energetique-au-coeur-dune-rencontre-du-taj-a-alger\/#primaryimage"},"thumbnailUrl":"https:\/\/elmawkie.dz\/fr\/wp-content\/uploads\/2026\/04\/85b61966-80fe-4f43-9933-66cf830449d4.jpeg","datePublished":"2026-04-28T18:20:31+00:00","dateModified":"2026-04-28T18:20:32+00:00","breadcrumb":{"@id":"https:\/\/elmawkie.dz\/fr\/energies-renouvelables-et-securite-energetique-au-coeur-dune-rencontre-du-taj-a-alger\/#breadcrumb"},"inLanguage":"fr-FR","potentialAction":[{"@type":"ReadAction","target":["https:\/\/elmawkie.dz\/fr\/energies-renouvelables-et-securite-energetique-au-coeur-dune-rencontre-du-taj-a-alger\/"]}]},{"@type":"ImageObject","inLanguage":"fr-FR","@id":"https:\/\/elmawkie.dz\/fr\/energies-renouvelables-et-securite-energetique-au-coeur-dune-rencontre-du-taj-a-alger\/#primaryimage","url":"https:\/\/elmawkie.dz\/fr\/wp-content\/uploads\/2026\/04\/85b61966-80fe-4f43-9933-66cf830449d4.jpeg","contentUrl":"https:\/\/elmawkie.dz\/fr\/wp-content\/uploads\/2026\/04\/85b61966-80fe-4f43-9933-66cf830449d4.jpeg","width":1112,"height":679},{"@type":"BreadcrumbList","@id":"https:\/\/elmawkie.dz\/fr\/energies-renouvelables-et-securite-energetique-au-coeur-dune-rencontre-du-taj-a-alger\/#breadcrumb","itemListElement":[{"@type":"ListItem","position":1,"name":"Home","item":"https:\/\/elmawkie.dz\/fr\/"},{"@type":"ListItem","position":2,"name":"\u00c9nergies renouvelables et s\u00e9curit\u00e9 \u00e9nerg\u00e9tique au c\u0153ur d\u2019une rencontre du TAJ \u00e0 Alger"}]},{"@type":"WebSite","@id":"https:\/\/elmawkie.dz\/fr\/#website","url":"https:\/\/elmawkie.dz\/fr\/","name":"EL MAWKIE","description":"Journal \u00c9lectronique Alg\u00e9rien","publisher":{"@id":"https:\/\/elmawkie.dz\/fr\/#organization"},"potentialAction":[{"@type":"SearchAction","target":{"@type":"EntryPoint","urlTemplate":"https:\/\/elmawkie.dz\/fr\/?s={search_term_string}"},"query-input":"required name=search_term_string"}],"inLanguage":"fr-FR"},{"@type":"Organization","@id":"https:\/\/elmawkie.dz\/fr\/#organization","name":"EL MAWKIE","url":"https:\/\/elmawkie.dz\/fr\/","logo":{"@type":"ImageObject","inLanguage":"fr-FR","@id":"https:\/\/elmawkie.dz\/fr\/#\/schema\/logo\/image\/","url":"https:\/\/elmawkie.dz\/fr\/wp-content\/uploads\/2024\/05\/logo1.png","contentUrl":"https:\/\/elmawkie.dz\/fr\/wp-content\/uploads\/2024\/05\/logo1.png","width":1648,"height":652,"caption":"EL MAWKIE"},"image":{"@id":"https:\/\/elmawkie.dz\/fr\/#\/schema\/logo\/image\/"},"sameAs":["https:\/\/www.facebook.com\/profile.php?id=100088407094989&locale=fr_FR"]},{"@type":"Person","@id":"https:\/\/elmawkie.dz\/fr\/#\/schema\/person\/e7bd59d6467874ba5c4723d8a9f0a63c","name":"R\u00e9daction","image":{"@type":"ImageObject","inLanguage":"fr-FR","@id":"https:\/\/elmawkie.dz\/fr\/#\/schema\/person\/image\/","url":"https:\/\/secure.gravatar.com\/avatar\/f0f773456344da4d2788c054a3d30a0c?s=96&d=mm&r=g","contentUrl":"https:\/\/secure.gravatar.com\/avatar\/f0f773456344da4d2788c054a3d30a0c?s=96&d=mm&r=g","caption":"R\u00e9daction"},"url":"https:\/\/elmawkie.dz\/fr\/author\/redaction\/"}]}},"_links":{"self":[{"href":"https:\/\/elmawkie.dz\/fr\/wp-json\/wp\/v2\/posts\/64994","targetHints":{"allow":["GET"]}}],"collection":[{"href":"https:\/\/elmawkie.dz\/fr\/wp-json\/wp\/v2\/posts"}],"about":[{"href":"https:\/\/elmawkie.dz\/fr\/wp-json\/wp\/v2\/types\/post"}],"author":[{"embeddable":true,"href":"https:\/\/elmawkie.dz\/fr\/wp-json\/wp\/v2\/users\/9"}],"replies":[{"embeddable":true,"href":"https:\/\/elmawkie.dz\/fr\/wp-json\/wp\/v2\/comments?post=64994"}],"version-history":[{"count":1,"href":"https:\/\/elmawkie.dz\/fr\/wp-json\/wp\/v2\/posts\/64994\/revisions"}],"predecessor-version":[{"id":64997,"href":"https:\/\/elmawkie.dz\/fr\/wp-json\/wp\/v2\/posts\/64994\/revisions\/64997"}],"wp:featuredmedia":[{"embeddable":true,"href":"https:\/\/elmawkie.dz\/fr\/wp-json\/wp\/v2\/media\/64996"}],"wp:attachment":[{"href":"https:\/\/elmawkie.dz\/fr\/wp-json\/wp\/v2\/media?parent=64994"}],"wp:term":[{"taxonomy":"category","embeddable":true,"href":"https:\/\/elmawkie.dz\/fr\/wp-json\/wp\/v2\/categories?post=64994"},{"taxonomy":"post_tag","embeddable":true,"href":"https:\/\/elmawkie.dz\/fr\/wp-json\/wp\/v2\/tags?post=64994"}],"curies":[{"name":"wp","href":"https:\/\/api.w.org\/{rel}","templated":true}]}}