{"id":64990,"date":"2026-04-28T19:15:58","date_gmt":"2026-04-28T18:15:58","guid":{"rendered":"https:\/\/elmawkie.dz\/fr\/?p=64990"},"modified":"2026-04-28T19:15:58","modified_gmt":"2026-04-28T18:15:58","slug":"le-karakou-un-habit-traditionnel-algerien-aux-racines-millenaires","status":"publish","type":"post","link":"https:\/\/elmawkie.dz\/fr\/le-karakou-un-habit-traditionnel-algerien-aux-racines-millenaires\/","title":{"rendered":"Le \u00ab\u00a0Karakou\u00a0\u00bb, un habit traditionnel alg\u00e9rien aux racines mill\u00e9naires"},"content":{"rendered":"\n<p>Les participants \u00e0 un s\u00e9minaire intitul\u00e9 \u00ab\u00a0Notre patrimoine, notre civilisation\u00a0\u00bb, organis\u00e9 mardi au mus\u00e9e public national de S\u00e9tif, ont soulign\u00e9 que le \u00ab\u00a0Karakou\u00a0\u00bb fait partie int\u00e9grante du patrimoine mat\u00e9riel alg\u00e9rien authentique et constitue l\u2019un des habits traditionnels les plus anciens du pays.<\/p>\n\n\n\n<p>L&rsquo;anthropologue Nac\u00e9ra Kechiouche, de la facult\u00e9 des sciences humaines et sociales de l&rsquo;universit\u00e9 de Tlemcen, a affirm\u00e9 dans son intervention intitul\u00e9e \u00ab\u00a0Le Karakou alg\u00e9rien : histoire, \u00e9volution et fonction\u00a0\u00bb que \u00ab\u00a0la majorit\u00e9 des \u00e9tudes, \u00e9tay\u00e9es par des preuves mat\u00e9rielles, confirment l&rsquo;apparition de cette veste (Karakou) en Alg\u00e9rie d\u00e8s l&rsquo;\u00e8re pr\u00e9historique, \u00e0 l&rsquo;instar des peintures et gravures rupestres du Tassili et du site arch\u00e9ologique de Sefar, qui t\u00e9moignent de l&rsquo;anciennet\u00e9 de la civilisation en Alg\u00e9rie\u00a0\u00bb. L\u2019intervenante a ajout\u00e9 que \u00ab\u00a0l\u2019Alg\u00e9rie a connu les m\u00e9tiers de la couture et de la broderie bien avant l\u2019\u00e8re chr\u00e9tienne. Les fresques du Tassili montrent des femmes v\u00eatues d\u2019habits orn\u00e9s, ce qui prouve l\u2019existence d\u2019un savoir-faire dans la confection et la d\u00e9coration vestimentaire, refl\u00e9tant ainsi un haut niveau de raffinement esth\u00e9tique et culturel dans la soci\u00e9t\u00e9 alg\u00e9rienne antique\u00a0\u00bb.<\/p>\n\n\n\n<p>L&rsquo;acad\u00e9micienne s\u2019est appuy\u00e9e sur plusieurs recherches d&rsquo;experts ainsi que sur de nombreux sites arch\u00e9ologiques \u00e0 travers le pays.<\/p>\n\n\n\n<p>Elle a pr\u00e9sent\u00e9 des preuves (photos et vid\u00e9os \u00e0 l&rsquo;appui) concernant des d\u00e9couvertes r\u00e9alis\u00e9es dans des abris sous roche ayant fait l&rsquo;objet de fouilles dans les environs d&rsquo;Oran, d&rsquo;Alger et de Sa\u00efda, ainsi que dans d&rsquo;autres sites ayant servi d&rsquo;habitat \u00e0 l&rsquo;homme pr\u00e9historique.<\/p>\n\n\n\n<p>De son c\u00f4t\u00e9, le conservateur du patrimoine culturel au mus\u00e9e public national des arts et expressions populaires de Tlemcen, Far\u00e8s El Majdoub, a abord\u00e9, lors de sa communication, le th\u00e8me de \u00ab\u00a0La conservation dans les mus\u00e9es : entre r\u00e9alit\u00e9 et aspirations\u00a0\u00bb.<\/p>\n\n\n\n<p>La directrice du mus\u00e9e public national de S\u00e9tif, Chadia Khalfallah, a d\u00e9clar\u00e9 \u00e0 l\u2019APS que les participants \u00e0 cette rencontre, qui s\u2019inscrit dans le cadre de la c\u00e9l\u00e9bration du mois du patrimoine 2026, effectueront une visite virtuelle du mus\u00e9e de Tlemcen gr\u00e2ce \u00e0 des lunettes \u00e9lectroniques et visionneront une vid\u00e9o immersive animant d&rsquo;anciennes images de la ville de Tlemcen par l&rsquo;intelligence artificielle (IA).<\/p>\n\n\n\n<p>A noter que, toujours dans le cadre du mois du patrimoine, une exposition a \u00e9t\u00e9 organis\u00e9e mardi pour mettre en lumi\u00e8re le patrimoine mat\u00e9riel et immat\u00e9riel de la capitale des Zianides (Tlemcen) \u00e0 travers ses monuments arch\u00e9ologiques les plus embl\u00e9matiques.<\/p>\n","protected":false},"excerpt":{"rendered":"<p>Les participants \u00e0 un s\u00e9minaire intitul\u00e9 \u00ab\u00a0Notre patrimoine, notre civilisation\u00a0\u00bb, organis\u00e9 mardi au mus\u00e9e public national de S\u00e9tif, ont soulign\u00e9 que le \u00ab\u00a0Karakou\u00a0\u00bb fait partie int\u00e9grante du patrimoine mat\u00e9riel alg\u00e9rien authentique et constitue l\u2019un des habits traditionnels les plus anciens du pays. L&rsquo;anthropologue Nac\u00e9ra Kechiouche, de la facult\u00e9 des sciences humaines et sociales de l&rsquo;universit\u00e9 &hellip;<\/p>\n","protected":false},"author":9,"featured_media":64992,"comment_status":"open","ping_status":"open","sticky":false,"template":"","format":"standard","meta":{"footnotes":""},"categories":[3],"tags":[1394,6462,6461],"class_list":["post-64990","post","type-post","status-publish","format-standard","has-post-thumbnail","hentry","category-bs-culture","tag-algerien","tag-habit-traditionnel","tag-le-karakou"],"yoast_head":"<!-- This site is optimized with the Yoast SEO Premium plugin v22.6 (Yoast SEO v22.6) - https:\/\/yoast.com\/wordpress\/plugins\/seo\/ -->\n<title>Le &quot;Karakou&quot;, un habit traditionnel alg\u00e9rien aux racines mill\u00e9naires - El Mawkie<\/title>\n<meta name=\"robots\" content=\"index, follow, max-snippet:-1, max-image-preview:large, max-video-preview:-1\" \/>\n<link rel=\"canonical\" href=\"https:\/\/elmawkie.dz\/fr\/le-karakou-un-habit-traditionnel-algerien-aux-racines-millenaires\/\" \/>\n<meta property=\"og:locale\" content=\"fr_FR\" \/>\n<meta property=\"og:type\" content=\"article\" \/>\n<meta property=\"og:title\" content=\"Le &quot;Karakou&quot;, un habit traditionnel alg\u00e9rien aux racines mill\u00e9naires\" \/>\n<meta property=\"og:description\" content=\"Les participants \u00e0 un s\u00e9minaire intitul\u00e9 \u00ab\u00a0Notre patrimoine, notre civilisation\u00a0\u00bb, organis\u00e9 mardi au mus\u00e9e public national de S\u00e9tif, ont soulign\u00e9 que le \u00ab\u00a0Karakou\u00a0\u00bb fait partie int\u00e9grante du patrimoine mat\u00e9riel alg\u00e9rien authentique et constitue l\u2019un des habits traditionnels les plus anciens du pays. L&rsquo;anthropologue Nac\u00e9ra Kechiouche, de la facult\u00e9 des sciences humaines et sociales de l&rsquo;universit\u00e9 &hellip;\" \/>\n<meta property=\"og:url\" content=\"https:\/\/elmawkie.dz\/fr\/le-karakou-un-habit-traditionnel-algerien-aux-racines-millenaires\/\" \/>\n<meta property=\"og:site_name\" content=\"El Mawkie\" \/>\n<meta property=\"article:publisher\" content=\"https:\/\/www.facebook.com\/profile.php?id=100088407094989&amp;locale=fr_FR\" \/>\n<meta property=\"article:published_time\" content=\"2026-04-28T18:15:58+00:00\" \/>\n<meta property=\"og:image\" content=\"https:\/\/elmawkie.dz\/fr\/wp-content\/uploads\/2026\/04\/IMG_7148.jpeg\" \/>\n\t<meta property=\"og:image:width\" content=\"720\" \/>\n\t<meta property=\"og:image:height\" content=\"401\" \/>\n\t<meta property=\"og:image:type\" content=\"image\/jpeg\" \/>\n<meta name=\"author\" content=\"R\u00e9daction\" \/>\n<meta name=\"twitter:card\" content=\"summary_large_image\" \/>\n<meta name=\"twitter:label1\" content=\"Written by\" \/>\n\t<meta name=\"twitter:data1\" content=\"R\u00e9daction\" \/>\n\t<meta name=\"twitter:label2\" content=\"Est. reading time\" \/>\n\t<meta name=\"twitter:data2\" content=\"3 minutes\" \/>\n<script type=\"application\/ld+json\" class=\"yoast-schema-graph\">{\"@context\":\"https:\/\/schema.org\",\"@graph\":[{\"@type\":\"Article\",\"@id\":\"https:\/\/elmawkie.dz\/fr\/le-karakou-un-habit-traditionnel-algerien-aux-racines-millenaires\/#article\",\"isPartOf\":{\"@id\":\"https:\/\/elmawkie.dz\/fr\/le-karakou-un-habit-traditionnel-algerien-aux-racines-millenaires\/\"},\"author\":{\"name\":\"R\u00e9daction\",\"@id\":\"https:\/\/elmawkie.dz\/fr\/#\/schema\/person\/e7bd59d6467874ba5c4723d8a9f0a63c\"},\"headline\":\"Le \u00ab\u00a0Karakou\u00a0\u00bb, un habit traditionnel alg\u00e9rien aux racines mill\u00e9naires\",\"datePublished\":\"2026-04-28T18:15:58+00:00\",\"dateModified\":\"2026-04-28T18:15:58+00:00\",\"mainEntityOfPage\":{\"@id\":\"https:\/\/elmawkie.dz\/fr\/le-karakou-un-habit-traditionnel-algerien-aux-racines-millenaires\/\"},\"wordCount\":462,\"commentCount\":0,\"publisher\":{\"@id\":\"https:\/\/elmawkie.dz\/fr\/#organization\"},\"image\":{\"@id\":\"https:\/\/elmawkie.dz\/fr\/le-karakou-un-habit-traditionnel-algerien-aux-racines-millenaires\/#primaryimage\"},\"thumbnailUrl\":\"https:\/\/elmawkie.dz\/fr\/wp-content\/uploads\/2026\/04\/IMG_7148.jpeg\",\"keywords\":[\"alg\u00e9rien\",\"habit traditionnel\",\"Le karakou\"],\"articleSection\":[\"Culture\"],\"inLanguage\":\"fr-FR\",\"potentialAction\":[{\"@type\":\"CommentAction\",\"name\":\"Comment\",\"target\":[\"https:\/\/elmawkie.dz\/fr\/le-karakou-un-habit-traditionnel-algerien-aux-racines-millenaires\/#respond\"]}]},{\"@type\":\"WebPage\",\"@id\":\"https:\/\/elmawkie.dz\/fr\/le-karakou-un-habit-traditionnel-algerien-aux-racines-millenaires\/\",\"url\":\"https:\/\/elmawkie.dz\/fr\/le-karakou-un-habit-traditionnel-algerien-aux-racines-millenaires\/\",\"name\":\"Le \\\"Karakou\\\", un habit traditionnel alg\u00e9rien aux racines mill\u00e9naires - El Mawkie\",\"isPartOf\":{\"@id\":\"https:\/\/elmawkie.dz\/fr\/#website\"},\"primaryImageOfPage\":{\"@id\":\"https:\/\/elmawkie.dz\/fr\/le-karakou-un-habit-traditionnel-algerien-aux-racines-millenaires\/#primaryimage\"},\"image\":{\"@id\":\"https:\/\/elmawkie.dz\/fr\/le-karakou-un-habit-traditionnel-algerien-aux-racines-millenaires\/#primaryimage\"},\"thumbnailUrl\":\"https:\/\/elmawkie.dz\/fr\/wp-content\/uploads\/2026\/04\/IMG_7148.jpeg\",\"datePublished\":\"2026-04-28T18:15:58+00:00\",\"dateModified\":\"2026-04-28T18:15:58+00:00\",\"breadcrumb\":{\"@id\":\"https:\/\/elmawkie.dz\/fr\/le-karakou-un-habit-traditionnel-algerien-aux-racines-millenaires\/#breadcrumb\"},\"inLanguage\":\"fr-FR\",\"potentialAction\":[{\"@type\":\"ReadAction\",\"target\":[\"https:\/\/elmawkie.dz\/fr\/le-karakou-un-habit-traditionnel-algerien-aux-racines-millenaires\/\"]}]},{\"@type\":\"ImageObject\",\"inLanguage\":\"fr-FR\",\"@id\":\"https:\/\/elmawkie.dz\/fr\/le-karakou-un-habit-traditionnel-algerien-aux-racines-millenaires\/#primaryimage\",\"url\":\"https:\/\/elmawkie.dz\/fr\/wp-content\/uploads\/2026\/04\/IMG_7148.jpeg\",\"contentUrl\":\"https:\/\/elmawkie.dz\/fr\/wp-content\/uploads\/2026\/04\/IMG_7148.jpeg\",\"width\":720,\"height\":401},{\"@type\":\"BreadcrumbList\",\"@id\":\"https:\/\/elmawkie.dz\/fr\/le-karakou-un-habit-traditionnel-algerien-aux-racines-millenaires\/#breadcrumb\",\"itemListElement\":[{\"@type\":\"ListItem\",\"position\":1,\"name\":\"Home\",\"item\":\"https:\/\/elmawkie.dz\/fr\/\"},{\"@type\":\"ListItem\",\"position\":2,\"name\":\"Le \u00ab\u00a0Karakou\u00a0\u00bb, un habit traditionnel alg\u00e9rien aux racines mill\u00e9naires\"}]},{\"@type\":\"WebSite\",\"@id\":\"https:\/\/elmawkie.dz\/fr\/#website\",\"url\":\"https:\/\/elmawkie.dz\/fr\/\",\"name\":\"EL MAWKIE\",\"description\":\"Journal \u00c9lectronique Alg\u00e9rien\",\"publisher\":{\"@id\":\"https:\/\/elmawkie.dz\/fr\/#organization\"},\"potentialAction\":[{\"@type\":\"SearchAction\",\"target\":{\"@type\":\"EntryPoint\",\"urlTemplate\":\"https:\/\/elmawkie.dz\/fr\/?s={search_term_string}\"},\"query-input\":\"required name=search_term_string\"}],\"inLanguage\":\"fr-FR\"},{\"@type\":\"Organization\",\"@id\":\"https:\/\/elmawkie.dz\/fr\/#organization\",\"name\":\"EL MAWKIE\",\"url\":\"https:\/\/elmawkie.dz\/fr\/\",\"logo\":{\"@type\":\"ImageObject\",\"inLanguage\":\"fr-FR\",\"@id\":\"https:\/\/elmawkie.dz\/fr\/#\/schema\/logo\/image\/\",\"url\":\"https:\/\/elmawkie.dz\/fr\/wp-content\/uploads\/2024\/05\/logo1.png\",\"contentUrl\":\"https:\/\/elmawkie.dz\/fr\/wp-content\/uploads\/2024\/05\/logo1.png\",\"width\":1648,\"height\":652,\"caption\":\"EL MAWKIE\"},\"image\":{\"@id\":\"https:\/\/elmawkie.dz\/fr\/#\/schema\/logo\/image\/\"},\"sameAs\":[\"https:\/\/www.facebook.com\/profile.php?id=100088407094989&locale=fr_FR\"]},{\"@type\":\"Person\",\"@id\":\"https:\/\/elmawkie.dz\/fr\/#\/schema\/person\/e7bd59d6467874ba5c4723d8a9f0a63c\",\"name\":\"R\u00e9daction\",\"image\":{\"@type\":\"ImageObject\",\"inLanguage\":\"fr-FR\",\"@id\":\"https:\/\/elmawkie.dz\/fr\/#\/schema\/person\/image\/\",\"url\":\"https:\/\/secure.gravatar.com\/avatar\/f0f773456344da4d2788c054a3d30a0c?s=96&d=mm&r=g\",\"contentUrl\":\"https:\/\/secure.gravatar.com\/avatar\/f0f773456344da4d2788c054a3d30a0c?s=96&d=mm&r=g\",\"caption\":\"R\u00e9daction\"},\"url\":\"https:\/\/elmawkie.dz\/fr\/author\/redaction\/\"}]}<\/script>\n<!-- \/ Yoast SEO Premium plugin. -->","yoast_head_json":{"title":"Le \"Karakou\", un habit traditionnel alg\u00e9rien aux racines mill\u00e9naires - El Mawkie","robots":{"index":"index","follow":"follow","max-snippet":"max-snippet:-1","max-image-preview":"max-image-preview:large","max-video-preview":"max-video-preview:-1"},"canonical":"https:\/\/elmawkie.dz\/fr\/le-karakou-un-habit-traditionnel-algerien-aux-racines-millenaires\/","og_locale":"fr_FR","og_type":"article","og_title":"Le \"Karakou\", un habit traditionnel alg\u00e9rien aux racines mill\u00e9naires","og_description":"Les participants \u00e0 un s\u00e9minaire intitul\u00e9 \u00ab\u00a0Notre patrimoine, notre civilisation\u00a0\u00bb, organis\u00e9 mardi au mus\u00e9e public national de S\u00e9tif, ont soulign\u00e9 que le \u00ab\u00a0Karakou\u00a0\u00bb fait partie int\u00e9grante du patrimoine mat\u00e9riel alg\u00e9rien authentique et constitue l\u2019un des habits traditionnels les plus anciens du pays. L&rsquo;anthropologue Nac\u00e9ra Kechiouche, de la facult\u00e9 des sciences humaines et sociales de l&rsquo;universit\u00e9 &hellip;","og_url":"https:\/\/elmawkie.dz\/fr\/le-karakou-un-habit-traditionnel-algerien-aux-racines-millenaires\/","og_site_name":"El Mawkie","article_publisher":"https:\/\/www.facebook.com\/profile.php?id=100088407094989&locale=fr_FR","article_published_time":"2026-04-28T18:15:58+00:00","og_image":[{"width":720,"height":401,"url":"https:\/\/elmawkie.dz\/fr\/wp-content\/uploads\/2026\/04\/IMG_7148.jpeg","type":"image\/jpeg"}],"author":"R\u00e9daction","twitter_card":"summary_large_image","twitter_misc":{"Written by":"R\u00e9daction","Est. reading time":"3 minutes"},"schema":{"@context":"https:\/\/schema.org","@graph":[{"@type":"Article","@id":"https:\/\/elmawkie.dz\/fr\/le-karakou-un-habit-traditionnel-algerien-aux-racines-millenaires\/#article","isPartOf":{"@id":"https:\/\/elmawkie.dz\/fr\/le-karakou-un-habit-traditionnel-algerien-aux-racines-millenaires\/"},"author":{"name":"R\u00e9daction","@id":"https:\/\/elmawkie.dz\/fr\/#\/schema\/person\/e7bd59d6467874ba5c4723d8a9f0a63c"},"headline":"Le \u00ab\u00a0Karakou\u00a0\u00bb, un habit traditionnel alg\u00e9rien aux racines mill\u00e9naires","datePublished":"2026-04-28T18:15:58+00:00","dateModified":"2026-04-28T18:15:58+00:00","mainEntityOfPage":{"@id":"https:\/\/elmawkie.dz\/fr\/le-karakou-un-habit-traditionnel-algerien-aux-racines-millenaires\/"},"wordCount":462,"commentCount":0,"publisher":{"@id":"https:\/\/elmawkie.dz\/fr\/#organization"},"image":{"@id":"https:\/\/elmawkie.dz\/fr\/le-karakou-un-habit-traditionnel-algerien-aux-racines-millenaires\/#primaryimage"},"thumbnailUrl":"https:\/\/elmawkie.dz\/fr\/wp-content\/uploads\/2026\/04\/IMG_7148.jpeg","keywords":["alg\u00e9rien","habit traditionnel","Le karakou"],"articleSection":["Culture"],"inLanguage":"fr-FR","potentialAction":[{"@type":"CommentAction","name":"Comment","target":["https:\/\/elmawkie.dz\/fr\/le-karakou-un-habit-traditionnel-algerien-aux-racines-millenaires\/#respond"]}]},{"@type":"WebPage","@id":"https:\/\/elmawkie.dz\/fr\/le-karakou-un-habit-traditionnel-algerien-aux-racines-millenaires\/","url":"https:\/\/elmawkie.dz\/fr\/le-karakou-un-habit-traditionnel-algerien-aux-racines-millenaires\/","name":"Le \"Karakou\", un habit traditionnel alg\u00e9rien aux racines mill\u00e9naires - El Mawkie","isPartOf":{"@id":"https:\/\/elmawkie.dz\/fr\/#website"},"primaryImageOfPage":{"@id":"https:\/\/elmawkie.dz\/fr\/le-karakou-un-habit-traditionnel-algerien-aux-racines-millenaires\/#primaryimage"},"image":{"@id":"https:\/\/elmawkie.dz\/fr\/le-karakou-un-habit-traditionnel-algerien-aux-racines-millenaires\/#primaryimage"},"thumbnailUrl":"https:\/\/elmawkie.dz\/fr\/wp-content\/uploads\/2026\/04\/IMG_7148.jpeg","datePublished":"2026-04-28T18:15:58+00:00","dateModified":"2026-04-28T18:15:58+00:00","breadcrumb":{"@id":"https:\/\/elmawkie.dz\/fr\/le-karakou-un-habit-traditionnel-algerien-aux-racines-millenaires\/#breadcrumb"},"inLanguage":"fr-FR","potentialAction":[{"@type":"ReadAction","target":["https:\/\/elmawkie.dz\/fr\/le-karakou-un-habit-traditionnel-algerien-aux-racines-millenaires\/"]}]},{"@type":"ImageObject","inLanguage":"fr-FR","@id":"https:\/\/elmawkie.dz\/fr\/le-karakou-un-habit-traditionnel-algerien-aux-racines-millenaires\/#primaryimage","url":"https:\/\/elmawkie.dz\/fr\/wp-content\/uploads\/2026\/04\/IMG_7148.jpeg","contentUrl":"https:\/\/elmawkie.dz\/fr\/wp-content\/uploads\/2026\/04\/IMG_7148.jpeg","width":720,"height":401},{"@type":"BreadcrumbList","@id":"https:\/\/elmawkie.dz\/fr\/le-karakou-un-habit-traditionnel-algerien-aux-racines-millenaires\/#breadcrumb","itemListElement":[{"@type":"ListItem","position":1,"name":"Home","item":"https:\/\/elmawkie.dz\/fr\/"},{"@type":"ListItem","position":2,"name":"Le \u00ab\u00a0Karakou\u00a0\u00bb, un habit traditionnel alg\u00e9rien aux racines mill\u00e9naires"}]},{"@type":"WebSite","@id":"https:\/\/elmawkie.dz\/fr\/#website","url":"https:\/\/elmawkie.dz\/fr\/","name":"EL MAWKIE","description":"Journal \u00c9lectronique Alg\u00e9rien","publisher":{"@id":"https:\/\/elmawkie.dz\/fr\/#organization"},"potentialAction":[{"@type":"SearchAction","target":{"@type":"EntryPoint","urlTemplate":"https:\/\/elmawkie.dz\/fr\/?s={search_term_string}"},"query-input":"required name=search_term_string"}],"inLanguage":"fr-FR"},{"@type":"Organization","@id":"https:\/\/elmawkie.dz\/fr\/#organization","name":"EL MAWKIE","url":"https:\/\/elmawkie.dz\/fr\/","logo":{"@type":"ImageObject","inLanguage":"fr-FR","@id":"https:\/\/elmawkie.dz\/fr\/#\/schema\/logo\/image\/","url":"https:\/\/elmawkie.dz\/fr\/wp-content\/uploads\/2024\/05\/logo1.png","contentUrl":"https:\/\/elmawkie.dz\/fr\/wp-content\/uploads\/2024\/05\/logo1.png","width":1648,"height":652,"caption":"EL MAWKIE"},"image":{"@id":"https:\/\/elmawkie.dz\/fr\/#\/schema\/logo\/image\/"},"sameAs":["https:\/\/www.facebook.com\/profile.php?id=100088407094989&locale=fr_FR"]},{"@type":"Person","@id":"https:\/\/elmawkie.dz\/fr\/#\/schema\/person\/e7bd59d6467874ba5c4723d8a9f0a63c","name":"R\u00e9daction","image":{"@type":"ImageObject","inLanguage":"fr-FR","@id":"https:\/\/elmawkie.dz\/fr\/#\/schema\/person\/image\/","url":"https:\/\/secure.gravatar.com\/avatar\/f0f773456344da4d2788c054a3d30a0c?s=96&d=mm&r=g","contentUrl":"https:\/\/secure.gravatar.com\/avatar\/f0f773456344da4d2788c054a3d30a0c?s=96&d=mm&r=g","caption":"R\u00e9daction"},"url":"https:\/\/elmawkie.dz\/fr\/author\/redaction\/"}]}},"_links":{"self":[{"href":"https:\/\/elmawkie.dz\/fr\/wp-json\/wp\/v2\/posts\/64990","targetHints":{"allow":["GET"]}}],"collection":[{"href":"https:\/\/elmawkie.dz\/fr\/wp-json\/wp\/v2\/posts"}],"about":[{"href":"https:\/\/elmawkie.dz\/fr\/wp-json\/wp\/v2\/types\/post"}],"author":[{"embeddable":true,"href":"https:\/\/elmawkie.dz\/fr\/wp-json\/wp\/v2\/users\/9"}],"replies":[{"embeddable":true,"href":"https:\/\/elmawkie.dz\/fr\/wp-json\/wp\/v2\/comments?post=64990"}],"version-history":[{"count":1,"href":"https:\/\/elmawkie.dz\/fr\/wp-json\/wp\/v2\/posts\/64990\/revisions"}],"predecessor-version":[{"id":64993,"href":"https:\/\/elmawkie.dz\/fr\/wp-json\/wp\/v2\/posts\/64990\/revisions\/64993"}],"wp:featuredmedia":[{"embeddable":true,"href":"https:\/\/elmawkie.dz\/fr\/wp-json\/wp\/v2\/media\/64992"}],"wp:attachment":[{"href":"https:\/\/elmawkie.dz\/fr\/wp-json\/wp\/v2\/media?parent=64990"}],"wp:term":[{"taxonomy":"category","embeddable":true,"href":"https:\/\/elmawkie.dz\/fr\/wp-json\/wp\/v2\/categories?post=64990"},{"taxonomy":"post_tag","embeddable":true,"href":"https:\/\/elmawkie.dz\/fr\/wp-json\/wp\/v2\/tags?post=64990"}],"curies":[{"name":"wp","href":"https:\/\/api.w.org\/{rel}","templated":true}]}}