{"id":64982,"date":"2026-04-28T15:29:01","date_gmt":"2026-04-28T14:29:01","guid":{"rendered":"https:\/\/elmawkie.dz\/fr\/?p=64982"},"modified":"2026-04-28T15:29:02","modified_gmt":"2026-04-28T14:29:02","slug":"relizane-ouverture-de-la-premiere-session-de-formation-des-conducteurs-des-moissonneuses-batteuses","status":"publish","type":"post","link":"https:\/\/elmawkie.dz\/fr\/relizane-ouverture-de-la-premiere-session-de-formation-des-conducteurs-des-moissonneuses-batteuses\/","title":{"rendered":"Relizane : ouverture de la premi\u00e8re session de formation des conducteurs des moissonneuses-batteuses"},"content":{"rendered":"\n<p>La premi\u00e8re session de formation d\u00e9di\u00e9e \u00e0 la qualification des conducteurs de moissonneuses-batteuses a \u00e9t\u00e9 lanc\u00e9e dans la wilaya de Relizane, au niveau du Centre de formation professionnelle et d&rsquo;apprentissage (CFPA) Abed-Belhadj dans la commune d&rsquo;Oued Rhiou, a-t-on appris, mardi, aupr\u00e8s de la direction locale du secteur.<\/p>\n\n\n\n<p>Cette formation, d&rsquo;une dur\u00e9e de trois jours, s&rsquo;inscrit dans le cadre de la mise en \u0153uvre de la strat\u00e9gie nationale de m\u00e9canisation agricole, \u00e0 travers la coordination entre les secteurs de la formation professionnelle et de l&rsquo;agriculture. Elle vise \u00e0 renforcer les comp\u00e9tences des ressources humaines et \u00e0 soutenir la modernisation du secteur agricole.<\/p>\n\n\n\n<p>Le programme sera poursuivi par l&rsquo;organisation de sessions au profit de groupes successifs, selon les besoins exprim\u00e9s par le secteur agricole au niveau local, afin de soutenir la campagne de moisson-battage de la saison en cours, d&rsquo;am\u00e9liorer les rendements, de r\u00e9duire les pertes et de pr\u00e9venir les incendies de cultures, notamment des c\u00e9r\u00e9ales.<\/p>\n\n\n\n<p>Selon les organisateurs, cette formation a pour objectif d&rsquo;assurer une qualification professionnelle dans la conduite et la maintenance des machines de r\u00e9colte, en formant une main-d&rsquo;\u0153uvre capable d&rsquo;exploiter efficacement ces \u00e9quipements, tout en contribuant \u00e0 l&rsquo;am\u00e9lioration de la productivit\u00e9 des grandes cultures et \u00e0 la r\u00e9duction des pertes lors des op\u00e9rations de r\u00e9colte.<\/p>\n\n\n\n<p>Les participants b\u00e9n\u00e9ficient d&rsquo;un encadrement assur\u00e9 par des techniciens exp\u00e9riment\u00e9s, couvrant les volets th\u00e9orique et pratique. La direction de la formation et de l&rsquo;enseignement professionnels a mobilis\u00e9 les moyens p\u00e9dagogiques n\u00e9cessaires pour garantir le succ\u00e8s de cette premi\u00e8re session.<\/p>\n\n\n\n<p>Pour sa part, la direction des services agricoles de la wilaya a soulign\u00e9 que cette initiative vise \u00e0 renforcer la pr\u00e9paration des agriculteurs pour la saison de r\u00e9colte, en am\u00e9liorant la ma\u00eetrise des \u00e9quipements, en r\u00e9duisant les pannes et les pertes, et en augmentant les rendements. Elle s&rsquo;inscrit dans une d\u00e9marche d&rsquo;investissement dans le capital humain, consid\u00e9r\u00e9 comme un levier essentiel pour le d\u00e9veloppement d&rsquo;une agriculture moderne, contribuant ainsi \u00e0 la s\u00e9curit\u00e9 alimentaire et au d\u00e9veloppement local durable.<\/p>\n","protected":false},"excerpt":{"rendered":"<p>La premi\u00e8re session de formation d\u00e9di\u00e9e \u00e0 la qualification des conducteurs de moissonneuses-batteuses a \u00e9t\u00e9 lanc\u00e9e dans la wilaya de Relizane, au niveau du Centre de formation professionnelle et d&rsquo;apprentissage (CFPA) Abed-Belhadj dans la commune d&rsquo;Oued Rhiou, a-t-on appris, mardi, aupr\u00e8s de la direction locale du secteur. Cette formation, d&rsquo;une dur\u00e9e de trois jours, s&rsquo;inscrit &hellip;<\/p>\n","protected":false},"author":9,"featured_media":64984,"comment_status":"open","ping_status":"open","sticky":false,"template":"","format":"standard","meta":{"footnotes":""},"categories":[50],"tags":[],"class_list":["post-64982","post","type-post","status-publish","format-standard","has-post-thumbnail","hentry","category-region"],"yoast_head":"<!-- This site is optimized with the Yoast SEO Premium plugin v22.6 (Yoast SEO v22.6) - https:\/\/yoast.com\/wordpress\/plugins\/seo\/ -->\n<title>Relizane : ouverture de la premi\u00e8re session de formation des conducteurs des moissonneuses-batteuses - El Mawkie<\/title>\n<meta name=\"robots\" content=\"index, follow, max-snippet:-1, max-image-preview:large, max-video-preview:-1\" \/>\n<link rel=\"canonical\" href=\"https:\/\/elmawkie.dz\/fr\/relizane-ouverture-de-la-premiere-session-de-formation-des-conducteurs-des-moissonneuses-batteuses\/\" \/>\n<meta property=\"og:locale\" content=\"fr_FR\" \/>\n<meta property=\"og:type\" content=\"article\" \/>\n<meta property=\"og:title\" content=\"Relizane : ouverture de la premi\u00e8re session de formation des conducteurs des moissonneuses-batteuses\" \/>\n<meta property=\"og:description\" content=\"La premi\u00e8re session de formation d\u00e9di\u00e9e \u00e0 la qualification des conducteurs de moissonneuses-batteuses a \u00e9t\u00e9 lanc\u00e9e dans la wilaya de Relizane, au niveau du Centre de formation professionnelle et d&rsquo;apprentissage (CFPA) Abed-Belhadj dans la commune d&rsquo;Oued Rhiou, a-t-on appris, mardi, aupr\u00e8s de la direction locale du secteur. Cette formation, d&rsquo;une dur\u00e9e de trois jours, s&rsquo;inscrit &hellip;\" \/>\n<meta property=\"og:url\" content=\"https:\/\/elmawkie.dz\/fr\/relizane-ouverture-de-la-premiere-session-de-formation-des-conducteurs-des-moissonneuses-batteuses\/\" \/>\n<meta property=\"og:site_name\" content=\"El Mawkie\" \/>\n<meta property=\"article:publisher\" content=\"https:\/\/www.facebook.com\/profile.php?id=100088407094989&amp;locale=fr_FR\" \/>\n<meta property=\"article:published_time\" content=\"2026-04-28T14:29:01+00:00\" \/>\n<meta property=\"article:modified_time\" content=\"2026-04-28T14:29:02+00:00\" \/>\n<meta property=\"og:image\" content=\"https:\/\/elmawkie.dz\/fr\/wp-content\/uploads\/2026\/04\/IMG_6886.jpeg\" \/>\n\t<meta property=\"og:image:width\" content=\"1000\" \/>\n\t<meta property=\"og:image:height\" content=\"560\" \/>\n\t<meta property=\"og:image:type\" content=\"image\/jpeg\" \/>\n<meta name=\"author\" content=\"R\u00e9daction\" \/>\n<meta name=\"twitter:card\" content=\"summary_large_image\" \/>\n<meta name=\"twitter:label1\" content=\"Written by\" \/>\n\t<meta name=\"twitter:data1\" content=\"R\u00e9daction\" \/>\n\t<meta name=\"twitter:label2\" content=\"Est. reading time\" \/>\n\t<meta name=\"twitter:data2\" content=\"2 minutes\" \/>\n<script type=\"application\/ld+json\" class=\"yoast-schema-graph\">{\"@context\":\"https:\/\/schema.org\",\"@graph\":[{\"@type\":\"Article\",\"@id\":\"https:\/\/elmawkie.dz\/fr\/relizane-ouverture-de-la-premiere-session-de-formation-des-conducteurs-des-moissonneuses-batteuses\/#article\",\"isPartOf\":{\"@id\":\"https:\/\/elmawkie.dz\/fr\/relizane-ouverture-de-la-premiere-session-de-formation-des-conducteurs-des-moissonneuses-batteuses\/\"},\"author\":{\"name\":\"R\u00e9daction\",\"@id\":\"https:\/\/elmawkie.dz\/fr\/#\/schema\/person\/e7bd59d6467874ba5c4723d8a9f0a63c\"},\"headline\":\"Relizane : ouverture de la premi\u00e8re session de formation des conducteurs des moissonneuses-batteuses\",\"datePublished\":\"2026-04-28T14:29:01+00:00\",\"dateModified\":\"2026-04-28T14:29:02+00:00\",\"mainEntityOfPage\":{\"@id\":\"https:\/\/elmawkie.dz\/fr\/relizane-ouverture-de-la-premiere-session-de-formation-des-conducteurs-des-moissonneuses-batteuses\/\"},\"wordCount\":384,\"commentCount\":0,\"publisher\":{\"@id\":\"https:\/\/elmawkie.dz\/fr\/#organization\"},\"image\":{\"@id\":\"https:\/\/elmawkie.dz\/fr\/relizane-ouverture-de-la-premiere-session-de-formation-des-conducteurs-des-moissonneuses-batteuses\/#primaryimage\"},\"thumbnailUrl\":\"https:\/\/elmawkie.dz\/fr\/wp-content\/uploads\/2026\/04\/IMG_6886.jpeg\",\"articleSection\":[\"R\u00e9gion\"],\"inLanguage\":\"fr-FR\",\"potentialAction\":[{\"@type\":\"CommentAction\",\"name\":\"Comment\",\"target\":[\"https:\/\/elmawkie.dz\/fr\/relizane-ouverture-de-la-premiere-session-de-formation-des-conducteurs-des-moissonneuses-batteuses\/#respond\"]}]},{\"@type\":\"WebPage\",\"@id\":\"https:\/\/elmawkie.dz\/fr\/relizane-ouverture-de-la-premiere-session-de-formation-des-conducteurs-des-moissonneuses-batteuses\/\",\"url\":\"https:\/\/elmawkie.dz\/fr\/relizane-ouverture-de-la-premiere-session-de-formation-des-conducteurs-des-moissonneuses-batteuses\/\",\"name\":\"Relizane : ouverture de la premi\u00e8re session de formation des conducteurs des moissonneuses-batteuses - El Mawkie\",\"isPartOf\":{\"@id\":\"https:\/\/elmawkie.dz\/fr\/#website\"},\"primaryImageOfPage\":{\"@id\":\"https:\/\/elmawkie.dz\/fr\/relizane-ouverture-de-la-premiere-session-de-formation-des-conducteurs-des-moissonneuses-batteuses\/#primaryimage\"},\"image\":{\"@id\":\"https:\/\/elmawkie.dz\/fr\/relizane-ouverture-de-la-premiere-session-de-formation-des-conducteurs-des-moissonneuses-batteuses\/#primaryimage\"},\"thumbnailUrl\":\"https:\/\/elmawkie.dz\/fr\/wp-content\/uploads\/2026\/04\/IMG_6886.jpeg\",\"datePublished\":\"2026-04-28T14:29:01+00:00\",\"dateModified\":\"2026-04-28T14:29:02+00:00\",\"breadcrumb\":{\"@id\":\"https:\/\/elmawkie.dz\/fr\/relizane-ouverture-de-la-premiere-session-de-formation-des-conducteurs-des-moissonneuses-batteuses\/#breadcrumb\"},\"inLanguage\":\"fr-FR\",\"potentialAction\":[{\"@type\":\"ReadAction\",\"target\":[\"https:\/\/elmawkie.dz\/fr\/relizane-ouverture-de-la-premiere-session-de-formation-des-conducteurs-des-moissonneuses-batteuses\/\"]}]},{\"@type\":\"ImageObject\",\"inLanguage\":\"fr-FR\",\"@id\":\"https:\/\/elmawkie.dz\/fr\/relizane-ouverture-de-la-premiere-session-de-formation-des-conducteurs-des-moissonneuses-batteuses\/#primaryimage\",\"url\":\"https:\/\/elmawkie.dz\/fr\/wp-content\/uploads\/2026\/04\/IMG_6886.jpeg\",\"contentUrl\":\"https:\/\/elmawkie.dz\/fr\/wp-content\/uploads\/2026\/04\/IMG_6886.jpeg\",\"width\":1000,\"height\":560},{\"@type\":\"BreadcrumbList\",\"@id\":\"https:\/\/elmawkie.dz\/fr\/relizane-ouverture-de-la-premiere-session-de-formation-des-conducteurs-des-moissonneuses-batteuses\/#breadcrumb\",\"itemListElement\":[{\"@type\":\"ListItem\",\"position\":1,\"name\":\"Home\",\"item\":\"https:\/\/elmawkie.dz\/fr\/\"},{\"@type\":\"ListItem\",\"position\":2,\"name\":\"Relizane : ouverture de la premi\u00e8re session de formation des conducteurs des moissonneuses-batteuses\"}]},{\"@type\":\"WebSite\",\"@id\":\"https:\/\/elmawkie.dz\/fr\/#website\",\"url\":\"https:\/\/elmawkie.dz\/fr\/\",\"name\":\"EL MAWKIE\",\"description\":\"Journal \u00c9lectronique Alg\u00e9rien\",\"publisher\":{\"@id\":\"https:\/\/elmawkie.dz\/fr\/#organization\"},\"potentialAction\":[{\"@type\":\"SearchAction\",\"target\":{\"@type\":\"EntryPoint\",\"urlTemplate\":\"https:\/\/elmawkie.dz\/fr\/?s={search_term_string}\"},\"query-input\":\"required name=search_term_string\"}],\"inLanguage\":\"fr-FR\"},{\"@type\":\"Organization\",\"@id\":\"https:\/\/elmawkie.dz\/fr\/#organization\",\"name\":\"EL MAWKIE\",\"url\":\"https:\/\/elmawkie.dz\/fr\/\",\"logo\":{\"@type\":\"ImageObject\",\"inLanguage\":\"fr-FR\",\"@id\":\"https:\/\/elmawkie.dz\/fr\/#\/schema\/logo\/image\/\",\"url\":\"https:\/\/elmawkie.dz\/fr\/wp-content\/uploads\/2024\/05\/logo1.png\",\"contentUrl\":\"https:\/\/elmawkie.dz\/fr\/wp-content\/uploads\/2024\/05\/logo1.png\",\"width\":1648,\"height\":652,\"caption\":\"EL MAWKIE\"},\"image\":{\"@id\":\"https:\/\/elmawkie.dz\/fr\/#\/schema\/logo\/image\/\"},\"sameAs\":[\"https:\/\/www.facebook.com\/profile.php?id=100088407094989&locale=fr_FR\"]},{\"@type\":\"Person\",\"@id\":\"https:\/\/elmawkie.dz\/fr\/#\/schema\/person\/e7bd59d6467874ba5c4723d8a9f0a63c\",\"name\":\"R\u00e9daction\",\"image\":{\"@type\":\"ImageObject\",\"inLanguage\":\"fr-FR\",\"@id\":\"https:\/\/elmawkie.dz\/fr\/#\/schema\/person\/image\/\",\"url\":\"https:\/\/secure.gravatar.com\/avatar\/f0f773456344da4d2788c054a3d30a0c?s=96&d=mm&r=g\",\"contentUrl\":\"https:\/\/secure.gravatar.com\/avatar\/f0f773456344da4d2788c054a3d30a0c?s=96&d=mm&r=g\",\"caption\":\"R\u00e9daction\"},\"url\":\"https:\/\/elmawkie.dz\/fr\/author\/redaction\/\"}]}<\/script>\n<!-- \/ Yoast SEO Premium plugin. -->","yoast_head_json":{"title":"Relizane : ouverture de la premi\u00e8re session de formation des conducteurs des moissonneuses-batteuses - El Mawkie","robots":{"index":"index","follow":"follow","max-snippet":"max-snippet:-1","max-image-preview":"max-image-preview:large","max-video-preview":"max-video-preview:-1"},"canonical":"https:\/\/elmawkie.dz\/fr\/relizane-ouverture-de-la-premiere-session-de-formation-des-conducteurs-des-moissonneuses-batteuses\/","og_locale":"fr_FR","og_type":"article","og_title":"Relizane : ouverture de la premi\u00e8re session de formation des conducteurs des moissonneuses-batteuses","og_description":"La premi\u00e8re session de formation d\u00e9di\u00e9e \u00e0 la qualification des conducteurs de moissonneuses-batteuses a \u00e9t\u00e9 lanc\u00e9e dans la wilaya de Relizane, au niveau du Centre de formation professionnelle et d&rsquo;apprentissage (CFPA) Abed-Belhadj dans la commune d&rsquo;Oued Rhiou, a-t-on appris, mardi, aupr\u00e8s de la direction locale du secteur. Cette formation, d&rsquo;une dur\u00e9e de trois jours, s&rsquo;inscrit &hellip;","og_url":"https:\/\/elmawkie.dz\/fr\/relizane-ouverture-de-la-premiere-session-de-formation-des-conducteurs-des-moissonneuses-batteuses\/","og_site_name":"El Mawkie","article_publisher":"https:\/\/www.facebook.com\/profile.php?id=100088407094989&locale=fr_FR","article_published_time":"2026-04-28T14:29:01+00:00","article_modified_time":"2026-04-28T14:29:02+00:00","og_image":[{"width":1000,"height":560,"url":"https:\/\/elmawkie.dz\/fr\/wp-content\/uploads\/2026\/04\/IMG_6886.jpeg","type":"image\/jpeg"}],"author":"R\u00e9daction","twitter_card":"summary_large_image","twitter_misc":{"Written by":"R\u00e9daction","Est. reading time":"2 minutes"},"schema":{"@context":"https:\/\/schema.org","@graph":[{"@type":"Article","@id":"https:\/\/elmawkie.dz\/fr\/relizane-ouverture-de-la-premiere-session-de-formation-des-conducteurs-des-moissonneuses-batteuses\/#article","isPartOf":{"@id":"https:\/\/elmawkie.dz\/fr\/relizane-ouverture-de-la-premiere-session-de-formation-des-conducteurs-des-moissonneuses-batteuses\/"},"author":{"name":"R\u00e9daction","@id":"https:\/\/elmawkie.dz\/fr\/#\/schema\/person\/e7bd59d6467874ba5c4723d8a9f0a63c"},"headline":"Relizane : ouverture de la premi\u00e8re session de formation des conducteurs des moissonneuses-batteuses","datePublished":"2026-04-28T14:29:01+00:00","dateModified":"2026-04-28T14:29:02+00:00","mainEntityOfPage":{"@id":"https:\/\/elmawkie.dz\/fr\/relizane-ouverture-de-la-premiere-session-de-formation-des-conducteurs-des-moissonneuses-batteuses\/"},"wordCount":384,"commentCount":0,"publisher":{"@id":"https:\/\/elmawkie.dz\/fr\/#organization"},"image":{"@id":"https:\/\/elmawkie.dz\/fr\/relizane-ouverture-de-la-premiere-session-de-formation-des-conducteurs-des-moissonneuses-batteuses\/#primaryimage"},"thumbnailUrl":"https:\/\/elmawkie.dz\/fr\/wp-content\/uploads\/2026\/04\/IMG_6886.jpeg","articleSection":["R\u00e9gion"],"inLanguage":"fr-FR","potentialAction":[{"@type":"CommentAction","name":"Comment","target":["https:\/\/elmawkie.dz\/fr\/relizane-ouverture-de-la-premiere-session-de-formation-des-conducteurs-des-moissonneuses-batteuses\/#respond"]}]},{"@type":"WebPage","@id":"https:\/\/elmawkie.dz\/fr\/relizane-ouverture-de-la-premiere-session-de-formation-des-conducteurs-des-moissonneuses-batteuses\/","url":"https:\/\/elmawkie.dz\/fr\/relizane-ouverture-de-la-premiere-session-de-formation-des-conducteurs-des-moissonneuses-batteuses\/","name":"Relizane : ouverture de la premi\u00e8re session de formation des conducteurs des moissonneuses-batteuses - El Mawkie","isPartOf":{"@id":"https:\/\/elmawkie.dz\/fr\/#website"},"primaryImageOfPage":{"@id":"https:\/\/elmawkie.dz\/fr\/relizane-ouverture-de-la-premiere-session-de-formation-des-conducteurs-des-moissonneuses-batteuses\/#primaryimage"},"image":{"@id":"https:\/\/elmawkie.dz\/fr\/relizane-ouverture-de-la-premiere-session-de-formation-des-conducteurs-des-moissonneuses-batteuses\/#primaryimage"},"thumbnailUrl":"https:\/\/elmawkie.dz\/fr\/wp-content\/uploads\/2026\/04\/IMG_6886.jpeg","datePublished":"2026-04-28T14:29:01+00:00","dateModified":"2026-04-28T14:29:02+00:00","breadcrumb":{"@id":"https:\/\/elmawkie.dz\/fr\/relizane-ouverture-de-la-premiere-session-de-formation-des-conducteurs-des-moissonneuses-batteuses\/#breadcrumb"},"inLanguage":"fr-FR","potentialAction":[{"@type":"ReadAction","target":["https:\/\/elmawkie.dz\/fr\/relizane-ouverture-de-la-premiere-session-de-formation-des-conducteurs-des-moissonneuses-batteuses\/"]}]},{"@type":"ImageObject","inLanguage":"fr-FR","@id":"https:\/\/elmawkie.dz\/fr\/relizane-ouverture-de-la-premiere-session-de-formation-des-conducteurs-des-moissonneuses-batteuses\/#primaryimage","url":"https:\/\/elmawkie.dz\/fr\/wp-content\/uploads\/2026\/04\/IMG_6886.jpeg","contentUrl":"https:\/\/elmawkie.dz\/fr\/wp-content\/uploads\/2026\/04\/IMG_6886.jpeg","width":1000,"height":560},{"@type":"BreadcrumbList","@id":"https:\/\/elmawkie.dz\/fr\/relizane-ouverture-de-la-premiere-session-de-formation-des-conducteurs-des-moissonneuses-batteuses\/#breadcrumb","itemListElement":[{"@type":"ListItem","position":1,"name":"Home","item":"https:\/\/elmawkie.dz\/fr\/"},{"@type":"ListItem","position":2,"name":"Relizane : ouverture de la premi\u00e8re session de formation des conducteurs des moissonneuses-batteuses"}]},{"@type":"WebSite","@id":"https:\/\/elmawkie.dz\/fr\/#website","url":"https:\/\/elmawkie.dz\/fr\/","name":"EL MAWKIE","description":"Journal \u00c9lectronique Alg\u00e9rien","publisher":{"@id":"https:\/\/elmawkie.dz\/fr\/#organization"},"potentialAction":[{"@type":"SearchAction","target":{"@type":"EntryPoint","urlTemplate":"https:\/\/elmawkie.dz\/fr\/?s={search_term_string}"},"query-input":"required name=search_term_string"}],"inLanguage":"fr-FR"},{"@type":"Organization","@id":"https:\/\/elmawkie.dz\/fr\/#organization","name":"EL MAWKIE","url":"https:\/\/elmawkie.dz\/fr\/","logo":{"@type":"ImageObject","inLanguage":"fr-FR","@id":"https:\/\/elmawkie.dz\/fr\/#\/schema\/logo\/image\/","url":"https:\/\/elmawkie.dz\/fr\/wp-content\/uploads\/2024\/05\/logo1.png","contentUrl":"https:\/\/elmawkie.dz\/fr\/wp-content\/uploads\/2024\/05\/logo1.png","width":1648,"height":652,"caption":"EL MAWKIE"},"image":{"@id":"https:\/\/elmawkie.dz\/fr\/#\/schema\/logo\/image\/"},"sameAs":["https:\/\/www.facebook.com\/profile.php?id=100088407094989&locale=fr_FR"]},{"@type":"Person","@id":"https:\/\/elmawkie.dz\/fr\/#\/schema\/person\/e7bd59d6467874ba5c4723d8a9f0a63c","name":"R\u00e9daction","image":{"@type":"ImageObject","inLanguage":"fr-FR","@id":"https:\/\/elmawkie.dz\/fr\/#\/schema\/person\/image\/","url":"https:\/\/secure.gravatar.com\/avatar\/f0f773456344da4d2788c054a3d30a0c?s=96&d=mm&r=g","contentUrl":"https:\/\/secure.gravatar.com\/avatar\/f0f773456344da4d2788c054a3d30a0c?s=96&d=mm&r=g","caption":"R\u00e9daction"},"url":"https:\/\/elmawkie.dz\/fr\/author\/redaction\/"}]}},"_links":{"self":[{"href":"https:\/\/elmawkie.dz\/fr\/wp-json\/wp\/v2\/posts\/64982","targetHints":{"allow":["GET"]}}],"collection":[{"href":"https:\/\/elmawkie.dz\/fr\/wp-json\/wp\/v2\/posts"}],"about":[{"href":"https:\/\/elmawkie.dz\/fr\/wp-json\/wp\/v2\/types\/post"}],"author":[{"embeddable":true,"href":"https:\/\/elmawkie.dz\/fr\/wp-json\/wp\/v2\/users\/9"}],"replies":[{"embeddable":true,"href":"https:\/\/elmawkie.dz\/fr\/wp-json\/wp\/v2\/comments?post=64982"}],"version-history":[{"count":1,"href":"https:\/\/elmawkie.dz\/fr\/wp-json\/wp\/v2\/posts\/64982\/revisions"}],"predecessor-version":[{"id":64985,"href":"https:\/\/elmawkie.dz\/fr\/wp-json\/wp\/v2\/posts\/64982\/revisions\/64985"}],"wp:featuredmedia":[{"embeddable":true,"href":"https:\/\/elmawkie.dz\/fr\/wp-json\/wp\/v2\/media\/64984"}],"wp:attachment":[{"href":"https:\/\/elmawkie.dz\/fr\/wp-json\/wp\/v2\/media?parent=64982"}],"wp:term":[{"taxonomy":"category","embeddable":true,"href":"https:\/\/elmawkie.dz\/fr\/wp-json\/wp\/v2\/categories?post=64982"},{"taxonomy":"post_tag","embeddable":true,"href":"https:\/\/elmawkie.dz\/fr\/wp-json\/wp\/v2\/tags?post=64982"}],"curies":[{"name":"wp","href":"https:\/\/api.w.org\/{rel}","templated":true}]}}