{"id":64974,"date":"2026-04-28T15:20:46","date_gmt":"2026-04-28T14:20:46","guid":{"rendered":"https:\/\/elmawkie.dz\/fr\/?p=64974"},"modified":"2026-04-28T15:20:46","modified_gmt":"2026-04-28T14:20:46","slug":"conseil-de-securite-reunion-de-haut-niveau-sur-le-moyen-orient-y-compris-la-question-palestinienne","status":"publish","type":"post","link":"https:\/\/elmawkie.dz\/fr\/conseil-de-securite-reunion-de-haut-niveau-sur-le-moyen-orient-y-compris-la-question-palestinienne\/","title":{"rendered":"Conseil de s\u00e9curit\u00e9: r\u00e9union de haut niveau sur le Moyen-Orient, y compris la question palestinienne"},"content":{"rendered":"\n<p>Le Conseil de s\u00e9curit\u00e9 des Nations unies tiendra mardi un d\u00e9bat ouvert de haut niveau consacr\u00e9 \u00e0 la situation au Moyen-Orient, y compris la question palestinienne, sous la pr\u00e9sidence du Bahre\u00efn pour le mois d&rsquo;avril.<\/p>\n\n\n\n<p>La s\u00e9ance sera pr\u00e9sid\u00e9e par le ministre des Affaires \u00e9trang\u00e8res du Bahre\u00efn, l&rsquo;ambassadeur Abdelatif ben Rachid Al-Zayani.<\/p>\n\n\n\n<p>Des expos\u00e9s seront pr\u00e9sent\u00e9s par le secr\u00e9taire g\u00e9n\u00e9ral adjoint de l&rsquo;ONU charg\u00e9 des affaires du Moyen-Orient, Khaled Al-Khiari, ainsi que par le ministre des Affaires \u00e9trang\u00e8res de la Norv\u00e8ge, Espen Barth Eide, en sa qualit\u00e9 de pr\u00e9sident du Comit\u00e9 de liaison ad hoc.<\/p>\n\n\n\n<p>Les discussions devraient se concentrer sur les efforts internationaux visant \u00e0 consolider le fragile cessez-le-feu dans la bande de Ghaza.<\/p>\n\n\n\n<p>Malgr\u00e9 la poursuite du cessez-le-feu, des rapports des Nations unies indiquent des violations r\u00e9p\u00e9t\u00e9es, avec des centaines de Palestiniens tomb\u00e9s en martyrs depuis son entr\u00e9e en vigueur en octobre 2025, dans un contexte d&rsquo;inqui\u00e9tudes croissantes concernant la d\u00e9t\u00e9rioration de la situation humanitaire, notamment apr\u00e8s des attaques contre des installations civiles et la perturbation de services essentiels.<\/p>\n\n\n\n<p>Sur le plan humanitaire, une \u00e9valuation conjointe des Nations unies, de l&rsquo;Union europ\u00e9enne et de la Banque mondiale estime les besoins de reconstruction \u00e0 Ghaza \u00e0 environ 71,4 milliards de dollars sur la prochaine d\u00e9cennie, en raison des destructions massives touchant les infrastructures et les habitations, ainsi que les \u00e9tablissements de sant\u00e9 et d&rsquo;\u00e9ducation, avec le d\u00e9placement d&rsquo;environ 1,9 million de personnes.<\/p>\n\n\n\n<p>La session devrait \u00e9galement aborder l&rsquo;\u00e9volution de la situation en Cisjordanie, o\u00f9 les violences li\u00e9es aux colonies et aux op\u00e9rations militaires se sont intensifi\u00e9es, ainsi que des mesures renfor\u00e7ant le contr\u00f4le administratif sioniste sur certaines zones.<\/p>\n","protected":false},"excerpt":{"rendered":"<p>Le Conseil de s\u00e9curit\u00e9 des Nations unies tiendra mardi un d\u00e9bat ouvert de haut niveau consacr\u00e9 \u00e0 la situation au Moyen-Orient, y compris la question palestinienne, sous la pr\u00e9sidence du Bahre\u00efn pour le mois d&rsquo;avril. La s\u00e9ance sera pr\u00e9sid\u00e9e par le ministre des Affaires \u00e9trang\u00e8res du Bahre\u00efn, l&rsquo;ambassadeur Abdelatif ben Rachid Al-Zayani. Des expos\u00e9s seront &hellip;<\/p>\n","protected":false},"author":9,"featured_media":64976,"comment_status":"open","ping_status":"open","sticky":false,"template":"","format":"standard","meta":{"footnotes":""},"categories":[44],"tags":[709],"class_list":["post-64974","post","type-post","status-publish","format-standard","has-post-thumbnail","hentry","category-international","tag-conseil-de-la-nation"],"yoast_head":"<!-- This site is optimized with the Yoast SEO Premium plugin v22.6 (Yoast SEO v22.6) - https:\/\/yoast.com\/wordpress\/plugins\/seo\/ -->\n<title>Conseil de s\u00e9curit\u00e9: r\u00e9union de haut niveau sur le Moyen-Orient, y compris la question palestinienne - El Mawkie<\/title>\n<meta name=\"robots\" content=\"index, follow, max-snippet:-1, max-image-preview:large, max-video-preview:-1\" \/>\n<link rel=\"canonical\" href=\"https:\/\/elmawkie.dz\/fr\/conseil-de-securite-reunion-de-haut-niveau-sur-le-moyen-orient-y-compris-la-question-palestinienne\/\" \/>\n<meta property=\"og:locale\" content=\"fr_FR\" \/>\n<meta property=\"og:type\" content=\"article\" \/>\n<meta property=\"og:title\" content=\"Conseil de s\u00e9curit\u00e9: r\u00e9union de haut niveau sur le Moyen-Orient, y compris la question palestinienne\" \/>\n<meta property=\"og:description\" content=\"Le Conseil de s\u00e9curit\u00e9 des Nations unies tiendra mardi un d\u00e9bat ouvert de haut niveau consacr\u00e9 \u00e0 la situation au Moyen-Orient, y compris la question palestinienne, sous la pr\u00e9sidence du Bahre\u00efn pour le mois d&rsquo;avril. La s\u00e9ance sera pr\u00e9sid\u00e9e par le ministre des Affaires \u00e9trang\u00e8res du Bahre\u00efn, l&rsquo;ambassadeur Abdelatif ben Rachid Al-Zayani. Des expos\u00e9s seront &hellip;\" \/>\n<meta property=\"og:url\" content=\"https:\/\/elmawkie.dz\/fr\/conseil-de-securite-reunion-de-haut-niveau-sur-le-moyen-orient-y-compris-la-question-palestinienne\/\" \/>\n<meta property=\"og:site_name\" content=\"El Mawkie\" \/>\n<meta property=\"article:publisher\" content=\"https:\/\/www.facebook.com\/profile.php?id=100088407094989&amp;locale=fr_FR\" \/>\n<meta property=\"article:published_time\" content=\"2026-04-28T14:20:46+00:00\" \/>\n<meta property=\"og:image\" content=\"https:\/\/elmawkie.dz\/fr\/wp-content\/uploads\/2026\/04\/IMG_7103.jpeg\" \/>\n\t<meta property=\"og:image:width\" content=\"588\" \/>\n\t<meta property=\"og:image:height\" content=\"393\" \/>\n\t<meta property=\"og:image:type\" content=\"image\/jpeg\" \/>\n<meta name=\"author\" content=\"R\u00e9daction\" \/>\n<meta name=\"twitter:card\" content=\"summary_large_image\" \/>\n<meta name=\"twitter:label1\" content=\"Written by\" \/>\n\t<meta name=\"twitter:data1\" content=\"R\u00e9daction\" \/>\n\t<meta name=\"twitter:label2\" content=\"Est. reading time\" \/>\n\t<meta name=\"twitter:data2\" content=\"2 minutes\" \/>\n<script type=\"application\/ld+json\" class=\"yoast-schema-graph\">{\"@context\":\"https:\/\/schema.org\",\"@graph\":[{\"@type\":\"Article\",\"@id\":\"https:\/\/elmawkie.dz\/fr\/conseil-de-securite-reunion-de-haut-niveau-sur-le-moyen-orient-y-compris-la-question-palestinienne\/#article\",\"isPartOf\":{\"@id\":\"https:\/\/elmawkie.dz\/fr\/conseil-de-securite-reunion-de-haut-niveau-sur-le-moyen-orient-y-compris-la-question-palestinienne\/\"},\"author\":{\"name\":\"R\u00e9daction\",\"@id\":\"https:\/\/elmawkie.dz\/fr\/#\/schema\/person\/e7bd59d6467874ba5c4723d8a9f0a63c\"},\"headline\":\"Conseil de s\u00e9curit\u00e9: r\u00e9union de haut niveau sur le Moyen-Orient, y compris la question palestinienne\",\"datePublished\":\"2026-04-28T14:20:46+00:00\",\"dateModified\":\"2026-04-28T14:20:46+00:00\",\"mainEntityOfPage\":{\"@id\":\"https:\/\/elmawkie.dz\/fr\/conseil-de-securite-reunion-de-haut-niveau-sur-le-moyen-orient-y-compris-la-question-palestinienne\/\"},\"wordCount\":322,\"commentCount\":0,\"publisher\":{\"@id\":\"https:\/\/elmawkie.dz\/fr\/#organization\"},\"image\":{\"@id\":\"https:\/\/elmawkie.dz\/fr\/conseil-de-securite-reunion-de-haut-niveau-sur-le-moyen-orient-y-compris-la-question-palestinienne\/#primaryimage\"},\"thumbnailUrl\":\"https:\/\/elmawkie.dz\/fr\/wp-content\/uploads\/2026\/04\/IMG_7103.jpeg\",\"keywords\":[\"Conseil de la Nation\"],\"articleSection\":[\"International\"],\"inLanguage\":\"fr-FR\",\"potentialAction\":[{\"@type\":\"CommentAction\",\"name\":\"Comment\",\"target\":[\"https:\/\/elmawkie.dz\/fr\/conseil-de-securite-reunion-de-haut-niveau-sur-le-moyen-orient-y-compris-la-question-palestinienne\/#respond\"]}]},{\"@type\":\"WebPage\",\"@id\":\"https:\/\/elmawkie.dz\/fr\/conseil-de-securite-reunion-de-haut-niveau-sur-le-moyen-orient-y-compris-la-question-palestinienne\/\",\"url\":\"https:\/\/elmawkie.dz\/fr\/conseil-de-securite-reunion-de-haut-niveau-sur-le-moyen-orient-y-compris-la-question-palestinienne\/\",\"name\":\"Conseil de s\u00e9curit\u00e9: r\u00e9union de haut niveau sur le Moyen-Orient, y compris la question palestinienne - El Mawkie\",\"isPartOf\":{\"@id\":\"https:\/\/elmawkie.dz\/fr\/#website\"},\"primaryImageOfPage\":{\"@id\":\"https:\/\/elmawkie.dz\/fr\/conseil-de-securite-reunion-de-haut-niveau-sur-le-moyen-orient-y-compris-la-question-palestinienne\/#primaryimage\"},\"image\":{\"@id\":\"https:\/\/elmawkie.dz\/fr\/conseil-de-securite-reunion-de-haut-niveau-sur-le-moyen-orient-y-compris-la-question-palestinienne\/#primaryimage\"},\"thumbnailUrl\":\"https:\/\/elmawkie.dz\/fr\/wp-content\/uploads\/2026\/04\/IMG_7103.jpeg\",\"datePublished\":\"2026-04-28T14:20:46+00:00\",\"dateModified\":\"2026-04-28T14:20:46+00:00\",\"breadcrumb\":{\"@id\":\"https:\/\/elmawkie.dz\/fr\/conseil-de-securite-reunion-de-haut-niveau-sur-le-moyen-orient-y-compris-la-question-palestinienne\/#breadcrumb\"},\"inLanguage\":\"fr-FR\",\"potentialAction\":[{\"@type\":\"ReadAction\",\"target\":[\"https:\/\/elmawkie.dz\/fr\/conseil-de-securite-reunion-de-haut-niveau-sur-le-moyen-orient-y-compris-la-question-palestinienne\/\"]}]},{\"@type\":\"ImageObject\",\"inLanguage\":\"fr-FR\",\"@id\":\"https:\/\/elmawkie.dz\/fr\/conseil-de-securite-reunion-de-haut-niveau-sur-le-moyen-orient-y-compris-la-question-palestinienne\/#primaryimage\",\"url\":\"https:\/\/elmawkie.dz\/fr\/wp-content\/uploads\/2026\/04\/IMG_7103.jpeg\",\"contentUrl\":\"https:\/\/elmawkie.dz\/fr\/wp-content\/uploads\/2026\/04\/IMG_7103.jpeg\",\"width\":588,\"height\":393},{\"@type\":\"BreadcrumbList\",\"@id\":\"https:\/\/elmawkie.dz\/fr\/conseil-de-securite-reunion-de-haut-niveau-sur-le-moyen-orient-y-compris-la-question-palestinienne\/#breadcrumb\",\"itemListElement\":[{\"@type\":\"ListItem\",\"position\":1,\"name\":\"Home\",\"item\":\"https:\/\/elmawkie.dz\/fr\/\"},{\"@type\":\"ListItem\",\"position\":2,\"name\":\"Conseil de s\u00e9curit\u00e9: r\u00e9union de haut niveau sur le Moyen-Orient, y compris la question palestinienne\"}]},{\"@type\":\"WebSite\",\"@id\":\"https:\/\/elmawkie.dz\/fr\/#website\",\"url\":\"https:\/\/elmawkie.dz\/fr\/\",\"name\":\"EL MAWKIE\",\"description\":\"Journal \u00c9lectronique Alg\u00e9rien\",\"publisher\":{\"@id\":\"https:\/\/elmawkie.dz\/fr\/#organization\"},\"potentialAction\":[{\"@type\":\"SearchAction\",\"target\":{\"@type\":\"EntryPoint\",\"urlTemplate\":\"https:\/\/elmawkie.dz\/fr\/?s={search_term_string}\"},\"query-input\":\"required name=search_term_string\"}],\"inLanguage\":\"fr-FR\"},{\"@type\":\"Organization\",\"@id\":\"https:\/\/elmawkie.dz\/fr\/#organization\",\"name\":\"EL MAWKIE\",\"url\":\"https:\/\/elmawkie.dz\/fr\/\",\"logo\":{\"@type\":\"ImageObject\",\"inLanguage\":\"fr-FR\",\"@id\":\"https:\/\/elmawkie.dz\/fr\/#\/schema\/logo\/image\/\",\"url\":\"https:\/\/elmawkie.dz\/fr\/wp-content\/uploads\/2024\/05\/logo1.png\",\"contentUrl\":\"https:\/\/elmawkie.dz\/fr\/wp-content\/uploads\/2024\/05\/logo1.png\",\"width\":1648,\"height\":652,\"caption\":\"EL MAWKIE\"},\"image\":{\"@id\":\"https:\/\/elmawkie.dz\/fr\/#\/schema\/logo\/image\/\"},\"sameAs\":[\"https:\/\/www.facebook.com\/profile.php?id=100088407094989&locale=fr_FR\"]},{\"@type\":\"Person\",\"@id\":\"https:\/\/elmawkie.dz\/fr\/#\/schema\/person\/e7bd59d6467874ba5c4723d8a9f0a63c\",\"name\":\"R\u00e9daction\",\"image\":{\"@type\":\"ImageObject\",\"inLanguage\":\"fr-FR\",\"@id\":\"https:\/\/elmawkie.dz\/fr\/#\/schema\/person\/image\/\",\"url\":\"https:\/\/secure.gravatar.com\/avatar\/f0f773456344da4d2788c054a3d30a0c?s=96&d=mm&r=g\",\"contentUrl\":\"https:\/\/secure.gravatar.com\/avatar\/f0f773456344da4d2788c054a3d30a0c?s=96&d=mm&r=g\",\"caption\":\"R\u00e9daction\"},\"url\":\"https:\/\/elmawkie.dz\/fr\/author\/redaction\/\"}]}<\/script>\n<!-- \/ Yoast SEO Premium plugin. -->","yoast_head_json":{"title":"Conseil de s\u00e9curit\u00e9: r\u00e9union de haut niveau sur le Moyen-Orient, y compris la question palestinienne - El Mawkie","robots":{"index":"index","follow":"follow","max-snippet":"max-snippet:-1","max-image-preview":"max-image-preview:large","max-video-preview":"max-video-preview:-1"},"canonical":"https:\/\/elmawkie.dz\/fr\/conseil-de-securite-reunion-de-haut-niveau-sur-le-moyen-orient-y-compris-la-question-palestinienne\/","og_locale":"fr_FR","og_type":"article","og_title":"Conseil de s\u00e9curit\u00e9: r\u00e9union de haut niveau sur le Moyen-Orient, y compris la question palestinienne","og_description":"Le Conseil de s\u00e9curit\u00e9 des Nations unies tiendra mardi un d\u00e9bat ouvert de haut niveau consacr\u00e9 \u00e0 la situation au Moyen-Orient, y compris la question palestinienne, sous la pr\u00e9sidence du Bahre\u00efn pour le mois d&rsquo;avril. La s\u00e9ance sera pr\u00e9sid\u00e9e par le ministre des Affaires \u00e9trang\u00e8res du Bahre\u00efn, l&rsquo;ambassadeur Abdelatif ben Rachid Al-Zayani. Des expos\u00e9s seront &hellip;","og_url":"https:\/\/elmawkie.dz\/fr\/conseil-de-securite-reunion-de-haut-niveau-sur-le-moyen-orient-y-compris-la-question-palestinienne\/","og_site_name":"El Mawkie","article_publisher":"https:\/\/www.facebook.com\/profile.php?id=100088407094989&locale=fr_FR","article_published_time":"2026-04-28T14:20:46+00:00","og_image":[{"width":588,"height":393,"url":"https:\/\/elmawkie.dz\/fr\/wp-content\/uploads\/2026\/04\/IMG_7103.jpeg","type":"image\/jpeg"}],"author":"R\u00e9daction","twitter_card":"summary_large_image","twitter_misc":{"Written by":"R\u00e9daction","Est. reading time":"2 minutes"},"schema":{"@context":"https:\/\/schema.org","@graph":[{"@type":"Article","@id":"https:\/\/elmawkie.dz\/fr\/conseil-de-securite-reunion-de-haut-niveau-sur-le-moyen-orient-y-compris-la-question-palestinienne\/#article","isPartOf":{"@id":"https:\/\/elmawkie.dz\/fr\/conseil-de-securite-reunion-de-haut-niveau-sur-le-moyen-orient-y-compris-la-question-palestinienne\/"},"author":{"name":"R\u00e9daction","@id":"https:\/\/elmawkie.dz\/fr\/#\/schema\/person\/e7bd59d6467874ba5c4723d8a9f0a63c"},"headline":"Conseil de s\u00e9curit\u00e9: r\u00e9union de haut niveau sur le Moyen-Orient, y compris la question palestinienne","datePublished":"2026-04-28T14:20:46+00:00","dateModified":"2026-04-28T14:20:46+00:00","mainEntityOfPage":{"@id":"https:\/\/elmawkie.dz\/fr\/conseil-de-securite-reunion-de-haut-niveau-sur-le-moyen-orient-y-compris-la-question-palestinienne\/"},"wordCount":322,"commentCount":0,"publisher":{"@id":"https:\/\/elmawkie.dz\/fr\/#organization"},"image":{"@id":"https:\/\/elmawkie.dz\/fr\/conseil-de-securite-reunion-de-haut-niveau-sur-le-moyen-orient-y-compris-la-question-palestinienne\/#primaryimage"},"thumbnailUrl":"https:\/\/elmawkie.dz\/fr\/wp-content\/uploads\/2026\/04\/IMG_7103.jpeg","keywords":["Conseil de la Nation"],"articleSection":["International"],"inLanguage":"fr-FR","potentialAction":[{"@type":"CommentAction","name":"Comment","target":["https:\/\/elmawkie.dz\/fr\/conseil-de-securite-reunion-de-haut-niveau-sur-le-moyen-orient-y-compris-la-question-palestinienne\/#respond"]}]},{"@type":"WebPage","@id":"https:\/\/elmawkie.dz\/fr\/conseil-de-securite-reunion-de-haut-niveau-sur-le-moyen-orient-y-compris-la-question-palestinienne\/","url":"https:\/\/elmawkie.dz\/fr\/conseil-de-securite-reunion-de-haut-niveau-sur-le-moyen-orient-y-compris-la-question-palestinienne\/","name":"Conseil de s\u00e9curit\u00e9: r\u00e9union de haut niveau sur le Moyen-Orient, y compris la question palestinienne - El Mawkie","isPartOf":{"@id":"https:\/\/elmawkie.dz\/fr\/#website"},"primaryImageOfPage":{"@id":"https:\/\/elmawkie.dz\/fr\/conseil-de-securite-reunion-de-haut-niveau-sur-le-moyen-orient-y-compris-la-question-palestinienne\/#primaryimage"},"image":{"@id":"https:\/\/elmawkie.dz\/fr\/conseil-de-securite-reunion-de-haut-niveau-sur-le-moyen-orient-y-compris-la-question-palestinienne\/#primaryimage"},"thumbnailUrl":"https:\/\/elmawkie.dz\/fr\/wp-content\/uploads\/2026\/04\/IMG_7103.jpeg","datePublished":"2026-04-28T14:20:46+00:00","dateModified":"2026-04-28T14:20:46+00:00","breadcrumb":{"@id":"https:\/\/elmawkie.dz\/fr\/conseil-de-securite-reunion-de-haut-niveau-sur-le-moyen-orient-y-compris-la-question-palestinienne\/#breadcrumb"},"inLanguage":"fr-FR","potentialAction":[{"@type":"ReadAction","target":["https:\/\/elmawkie.dz\/fr\/conseil-de-securite-reunion-de-haut-niveau-sur-le-moyen-orient-y-compris-la-question-palestinienne\/"]}]},{"@type":"ImageObject","inLanguage":"fr-FR","@id":"https:\/\/elmawkie.dz\/fr\/conseil-de-securite-reunion-de-haut-niveau-sur-le-moyen-orient-y-compris-la-question-palestinienne\/#primaryimage","url":"https:\/\/elmawkie.dz\/fr\/wp-content\/uploads\/2026\/04\/IMG_7103.jpeg","contentUrl":"https:\/\/elmawkie.dz\/fr\/wp-content\/uploads\/2026\/04\/IMG_7103.jpeg","width":588,"height":393},{"@type":"BreadcrumbList","@id":"https:\/\/elmawkie.dz\/fr\/conseil-de-securite-reunion-de-haut-niveau-sur-le-moyen-orient-y-compris-la-question-palestinienne\/#breadcrumb","itemListElement":[{"@type":"ListItem","position":1,"name":"Home","item":"https:\/\/elmawkie.dz\/fr\/"},{"@type":"ListItem","position":2,"name":"Conseil de s\u00e9curit\u00e9: r\u00e9union de haut niveau sur le Moyen-Orient, y compris la question palestinienne"}]},{"@type":"WebSite","@id":"https:\/\/elmawkie.dz\/fr\/#website","url":"https:\/\/elmawkie.dz\/fr\/","name":"EL MAWKIE","description":"Journal \u00c9lectronique Alg\u00e9rien","publisher":{"@id":"https:\/\/elmawkie.dz\/fr\/#organization"},"potentialAction":[{"@type":"SearchAction","target":{"@type":"EntryPoint","urlTemplate":"https:\/\/elmawkie.dz\/fr\/?s={search_term_string}"},"query-input":"required name=search_term_string"}],"inLanguage":"fr-FR"},{"@type":"Organization","@id":"https:\/\/elmawkie.dz\/fr\/#organization","name":"EL MAWKIE","url":"https:\/\/elmawkie.dz\/fr\/","logo":{"@type":"ImageObject","inLanguage":"fr-FR","@id":"https:\/\/elmawkie.dz\/fr\/#\/schema\/logo\/image\/","url":"https:\/\/elmawkie.dz\/fr\/wp-content\/uploads\/2024\/05\/logo1.png","contentUrl":"https:\/\/elmawkie.dz\/fr\/wp-content\/uploads\/2024\/05\/logo1.png","width":1648,"height":652,"caption":"EL MAWKIE"},"image":{"@id":"https:\/\/elmawkie.dz\/fr\/#\/schema\/logo\/image\/"},"sameAs":["https:\/\/www.facebook.com\/profile.php?id=100088407094989&locale=fr_FR"]},{"@type":"Person","@id":"https:\/\/elmawkie.dz\/fr\/#\/schema\/person\/e7bd59d6467874ba5c4723d8a9f0a63c","name":"R\u00e9daction","image":{"@type":"ImageObject","inLanguage":"fr-FR","@id":"https:\/\/elmawkie.dz\/fr\/#\/schema\/person\/image\/","url":"https:\/\/secure.gravatar.com\/avatar\/f0f773456344da4d2788c054a3d30a0c?s=96&d=mm&r=g","contentUrl":"https:\/\/secure.gravatar.com\/avatar\/f0f773456344da4d2788c054a3d30a0c?s=96&d=mm&r=g","caption":"R\u00e9daction"},"url":"https:\/\/elmawkie.dz\/fr\/author\/redaction\/"}]}},"_links":{"self":[{"href":"https:\/\/elmawkie.dz\/fr\/wp-json\/wp\/v2\/posts\/64974","targetHints":{"allow":["GET"]}}],"collection":[{"href":"https:\/\/elmawkie.dz\/fr\/wp-json\/wp\/v2\/posts"}],"about":[{"href":"https:\/\/elmawkie.dz\/fr\/wp-json\/wp\/v2\/types\/post"}],"author":[{"embeddable":true,"href":"https:\/\/elmawkie.dz\/fr\/wp-json\/wp\/v2\/users\/9"}],"replies":[{"embeddable":true,"href":"https:\/\/elmawkie.dz\/fr\/wp-json\/wp\/v2\/comments?post=64974"}],"version-history":[{"count":1,"href":"https:\/\/elmawkie.dz\/fr\/wp-json\/wp\/v2\/posts\/64974\/revisions"}],"predecessor-version":[{"id":64977,"href":"https:\/\/elmawkie.dz\/fr\/wp-json\/wp\/v2\/posts\/64974\/revisions\/64977"}],"wp:featuredmedia":[{"embeddable":true,"href":"https:\/\/elmawkie.dz\/fr\/wp-json\/wp\/v2\/media\/64976"}],"wp:attachment":[{"href":"https:\/\/elmawkie.dz\/fr\/wp-json\/wp\/v2\/media?parent=64974"}],"wp:term":[{"taxonomy":"category","embeddable":true,"href":"https:\/\/elmawkie.dz\/fr\/wp-json\/wp\/v2\/categories?post=64974"},{"taxonomy":"post_tag","embeddable":true,"href":"https:\/\/elmawkie.dz\/fr\/wp-json\/wp\/v2\/tags?post=64974"}],"curies":[{"name":"wp","href":"https:\/\/api.w.org\/{rel}","templated":true}]}}