{"id":64958,"date":"2026-04-28T15:12:21","date_gmt":"2026-04-28T14:12:21","guid":{"rendered":"https:\/\/elmawkie.dz\/fr\/?p=64958"},"modified":"2026-04-28T15:12:22","modified_gmt":"2026-04-28T14:12:22","slug":"m-sayoud-recoit-le-conseiller-du-president-russe-pour-la-cooperation-internationale-dans-le-domaine-des-transports","status":"publish","type":"post","link":"https:\/\/elmawkie.dz\/fr\/m-sayoud-recoit-le-conseiller-du-president-russe-pour-la-cooperation-internationale-dans-le-domaine-des-transports\/","title":{"rendered":"M. Sayoud re\u00e7oit le conseiller du pr\u00e9sident russe pour la coop\u00e9ration internationale dans le domaine des transports"},"content":{"rendered":"\n<p>Le ministre de l&rsquo;Int\u00e9rieur, des Collectivit\u00e9s locales et des Transports, M. Sa\u00efd Sayoud a re\u00e7u mardi \u00e0 Alger le conseiller et repr\u00e9sentant sp\u00e9cial du pr\u00e9sident russe pour la coop\u00e9ration internationale dans les transports, Igor Levitin, qui effectue une visite de travail en Alg\u00e9rie \u00e0 la t\u00eate d&rsquo;une d\u00e9l\u00e9gation de haut niveau, indique un communiqu\u00e9 du minist\u00e8re.<\/p>\n\n\n\n<p>Lors de cette rencontre, qui s&rsquo;est d\u00e9roul\u00e9e en pr\u00e9sence de l&rsquo;ambassadeur de la F\u00e9d\u00e9ration de Russie en Alg\u00e9rie, Alexey Solomatine, et de cadres centraux du minist\u00e8re, les deux parties ont pass\u00e9 en revue l&rsquo;\u00e9tat et les perspectives de la coop\u00e9ration bilat\u00e9rale dans le domaine des transports, o\u00f9 l&rsquo;accent a \u00e9t\u00e9 mis sur l&rsquo;importance du renforcement des relations de partenariat, notamment dans les domaines maritime, a\u00e9rien et ferroviaire, afin de r\u00e9pondre \u00e0 la dynamique \u00e9conomique que connaissent les deux pays.<\/p>\n\n\n\n<p>A cette occasion, M. Sayoud a \u00e9voqu\u00e9 les potentialit\u00e9s consid\u00e9rables dont dispose l&rsquo;Alg\u00e9rie en mati\u00e8re de transport maritime, mettant en avant les infrastructures portuaires qui font l&rsquo;objet d&rsquo;une activit\u00e9 accrue et d&rsquo;un processus de modernisation globale, refl\u00e9tant ainsi la mutation qualitative du secteur.<\/p>\n\n\n\n<p>M. Levitin est accompagn\u00e9, lors de cette visite, du pr\u00e9sident du Conseil d&rsquo;affaires alg\u00e9ro-russe, du conseiller au cabinet de la pr\u00e9sidence de la F\u00e9d\u00e9ration de Russie et du directeur g\u00e9n\u00e9ral adjoint d&rsquo;un groupe russe sp\u00e9cialis\u00e9 dans le transport et la logistique, ajoute la m\u00eame source.<\/p>\n\n\n\n<p>Par ailleurs, M. Sayoud a mis en exergue l&rsquo;exp\u00e9rience alg\u00e9rienne dans le domaine ferroviaire, citant plusieurs projets \u00e0 l&rsquo;instar de la ligne Tindouf-B\u00e9char-Oran et de la ligne mini\u00e8re Est, outre le projet de la ligne Alger-Tamanrasset, qui s&rsquo;inscrit dans le cadre d&rsquo;une vision globale visant \u00e0 relier les diff\u00e9rentes r\u00e9gions du pays et \u00e0 promouvoir le d\u00e9veloppement \u00e9conomique, pr\u00e9cise le communiqu\u00e9.<\/p>\n\n\n\n<p>Concernant le transport a\u00e9rien, les deux parties ont \u00e9voqu\u00e9 les opportunit\u00e9s de d\u00e9veloppement de la coop\u00e9ration et l&rsquo;intensification de la coordination pour renforcer la connectivit\u00e9 a\u00e9rienne et l&rsquo;\u00e9change d&rsquo;expertises dans ce domaine vital.<\/p>\n\n\n\n<p>La rencontre a \u00e9galement \u00e9t\u00e9 l&rsquo;occasion d&rsquo;\u00e9voquer les voies de d\u00e9veloppement de la coop\u00e9ration dans le domaine de la logistique, \u00e0 travers l&rsquo;\u00e9change d&rsquo;exp\u00e9riences, notamment en ce qui concerne la modernisation du secteur, la num\u00e9risation des op\u00e9rations de traitement des marchandises et l&rsquo;optimisation des cha\u00eenes d&rsquo;approvisionnement.&nbsp;<\/p>\n","protected":false},"excerpt":{"rendered":"<p>Le ministre de l&rsquo;Int\u00e9rieur, des Collectivit\u00e9s locales et des Transports, M. Sa\u00efd Sayoud a re\u00e7u mardi \u00e0 Alger le conseiller et repr\u00e9sentant sp\u00e9cial du pr\u00e9sident russe pour la coop\u00e9ration internationale dans les transports, Igor Levitin, qui effectue une visite de travail en Alg\u00e9rie \u00e0 la t\u00eate d&rsquo;une d\u00e9l\u00e9gation de haut niveau, indique un communiqu\u00e9 du &hellip;<\/p>\n","protected":false},"author":9,"featured_media":64960,"comment_status":"open","ping_status":"open","sticky":false,"template":"","format":"standard","meta":{"footnotes":""},"categories":[47],"tags":[],"class_list":["post-64958","post","type-post","status-publish","format-standard","has-post-thumbnail","hentry","category-national"],"yoast_head":"<!-- This site is optimized with the Yoast SEO Premium plugin v22.6 (Yoast SEO v22.6) - https:\/\/yoast.com\/wordpress\/plugins\/seo\/ -->\n<title>M. Sayoud re\u00e7oit le conseiller du pr\u00e9sident russe pour la coop\u00e9ration internationale dans le domaine des transports - El Mawkie<\/title>\n<meta name=\"robots\" content=\"index, follow, max-snippet:-1, max-image-preview:large, max-video-preview:-1\" \/>\n<link rel=\"canonical\" href=\"https:\/\/elmawkie.dz\/fr\/m-sayoud-recoit-le-conseiller-du-president-russe-pour-la-cooperation-internationale-dans-le-domaine-des-transports\/\" \/>\n<meta property=\"og:locale\" content=\"fr_FR\" \/>\n<meta property=\"og:type\" content=\"article\" \/>\n<meta property=\"og:title\" content=\"M. Sayoud re\u00e7oit le conseiller du pr\u00e9sident russe pour la coop\u00e9ration internationale dans le domaine des transports\" \/>\n<meta property=\"og:description\" content=\"Le ministre de l&rsquo;Int\u00e9rieur, des Collectivit\u00e9s locales et des Transports, M. Sa\u00efd Sayoud a re\u00e7u mardi \u00e0 Alger le conseiller et repr\u00e9sentant sp\u00e9cial du pr\u00e9sident russe pour la coop\u00e9ration internationale dans les transports, Igor Levitin, qui effectue une visite de travail en Alg\u00e9rie \u00e0 la t\u00eate d&rsquo;une d\u00e9l\u00e9gation de haut niveau, indique un communiqu\u00e9 du &hellip;\" \/>\n<meta property=\"og:url\" content=\"https:\/\/elmawkie.dz\/fr\/m-sayoud-recoit-le-conseiller-du-president-russe-pour-la-cooperation-internationale-dans-le-domaine-des-transports\/\" \/>\n<meta property=\"og:site_name\" content=\"El Mawkie\" \/>\n<meta property=\"article:publisher\" content=\"https:\/\/www.facebook.com\/profile.php?id=100088407094989&amp;locale=fr_FR\" \/>\n<meta property=\"article:published_time\" content=\"2026-04-28T14:12:21+00:00\" \/>\n<meta property=\"article:modified_time\" content=\"2026-04-28T14:12:22+00:00\" \/>\n<meta property=\"og:image\" content=\"https:\/\/elmawkie.dz\/fr\/wp-content\/uploads\/2026\/04\/IMG_7054.jpeg\" \/>\n\t<meta property=\"og:image:width\" content=\"2048\" \/>\n\t<meta property=\"og:image:height\" content=\"1364\" \/>\n\t<meta property=\"og:image:type\" content=\"image\/jpeg\" \/>\n<meta name=\"author\" content=\"R\u00e9daction\" \/>\n<meta name=\"twitter:card\" content=\"summary_large_image\" \/>\n<meta name=\"twitter:label1\" content=\"Written by\" \/>\n\t<meta name=\"twitter:data1\" content=\"R\u00e9daction\" \/>\n\t<meta name=\"twitter:label2\" content=\"Est. reading time\" \/>\n\t<meta name=\"twitter:data2\" content=\"3 minutes\" \/>\n<script type=\"application\/ld+json\" class=\"yoast-schema-graph\">{\"@context\":\"https:\/\/schema.org\",\"@graph\":[{\"@type\":\"Article\",\"@id\":\"https:\/\/elmawkie.dz\/fr\/m-sayoud-recoit-le-conseiller-du-president-russe-pour-la-cooperation-internationale-dans-le-domaine-des-transports\/#article\",\"isPartOf\":{\"@id\":\"https:\/\/elmawkie.dz\/fr\/m-sayoud-recoit-le-conseiller-du-president-russe-pour-la-cooperation-internationale-dans-le-domaine-des-transports\/\"},\"author\":{\"name\":\"R\u00e9daction\",\"@id\":\"https:\/\/elmawkie.dz\/fr\/#\/schema\/person\/e7bd59d6467874ba5c4723d8a9f0a63c\"},\"headline\":\"M. Sayoud re\u00e7oit le conseiller du pr\u00e9sident russe pour la coop\u00e9ration internationale dans le domaine des transports\",\"datePublished\":\"2026-04-28T14:12:21+00:00\",\"dateModified\":\"2026-04-28T14:12:22+00:00\",\"mainEntityOfPage\":{\"@id\":\"https:\/\/elmawkie.dz\/fr\/m-sayoud-recoit-le-conseiller-du-president-russe-pour-la-cooperation-internationale-dans-le-domaine-des-transports\/\"},\"wordCount\":460,\"commentCount\":0,\"publisher\":{\"@id\":\"https:\/\/elmawkie.dz\/fr\/#organization\"},\"image\":{\"@id\":\"https:\/\/elmawkie.dz\/fr\/m-sayoud-recoit-le-conseiller-du-president-russe-pour-la-cooperation-internationale-dans-le-domaine-des-transports\/#primaryimage\"},\"thumbnailUrl\":\"https:\/\/elmawkie.dz\/fr\/wp-content\/uploads\/2026\/04\/IMG_7054.jpeg\",\"articleSection\":[\"National\"],\"inLanguage\":\"fr-FR\",\"potentialAction\":[{\"@type\":\"CommentAction\",\"name\":\"Comment\",\"target\":[\"https:\/\/elmawkie.dz\/fr\/m-sayoud-recoit-le-conseiller-du-president-russe-pour-la-cooperation-internationale-dans-le-domaine-des-transports\/#respond\"]}]},{\"@type\":\"WebPage\",\"@id\":\"https:\/\/elmawkie.dz\/fr\/m-sayoud-recoit-le-conseiller-du-president-russe-pour-la-cooperation-internationale-dans-le-domaine-des-transports\/\",\"url\":\"https:\/\/elmawkie.dz\/fr\/m-sayoud-recoit-le-conseiller-du-president-russe-pour-la-cooperation-internationale-dans-le-domaine-des-transports\/\",\"name\":\"M. Sayoud re\u00e7oit le conseiller du pr\u00e9sident russe pour la coop\u00e9ration internationale dans le domaine des transports - El Mawkie\",\"isPartOf\":{\"@id\":\"https:\/\/elmawkie.dz\/fr\/#website\"},\"primaryImageOfPage\":{\"@id\":\"https:\/\/elmawkie.dz\/fr\/m-sayoud-recoit-le-conseiller-du-president-russe-pour-la-cooperation-internationale-dans-le-domaine-des-transports\/#primaryimage\"},\"image\":{\"@id\":\"https:\/\/elmawkie.dz\/fr\/m-sayoud-recoit-le-conseiller-du-president-russe-pour-la-cooperation-internationale-dans-le-domaine-des-transports\/#primaryimage\"},\"thumbnailUrl\":\"https:\/\/elmawkie.dz\/fr\/wp-content\/uploads\/2026\/04\/IMG_7054.jpeg\",\"datePublished\":\"2026-04-28T14:12:21+00:00\",\"dateModified\":\"2026-04-28T14:12:22+00:00\",\"breadcrumb\":{\"@id\":\"https:\/\/elmawkie.dz\/fr\/m-sayoud-recoit-le-conseiller-du-president-russe-pour-la-cooperation-internationale-dans-le-domaine-des-transports\/#breadcrumb\"},\"inLanguage\":\"fr-FR\",\"potentialAction\":[{\"@type\":\"ReadAction\",\"target\":[\"https:\/\/elmawkie.dz\/fr\/m-sayoud-recoit-le-conseiller-du-president-russe-pour-la-cooperation-internationale-dans-le-domaine-des-transports\/\"]}]},{\"@type\":\"ImageObject\",\"inLanguage\":\"fr-FR\",\"@id\":\"https:\/\/elmawkie.dz\/fr\/m-sayoud-recoit-le-conseiller-du-president-russe-pour-la-cooperation-internationale-dans-le-domaine-des-transports\/#primaryimage\",\"url\":\"https:\/\/elmawkie.dz\/fr\/wp-content\/uploads\/2026\/04\/IMG_7054.jpeg\",\"contentUrl\":\"https:\/\/elmawkie.dz\/fr\/wp-content\/uploads\/2026\/04\/IMG_7054.jpeg\",\"width\":2048,\"height\":1364},{\"@type\":\"BreadcrumbList\",\"@id\":\"https:\/\/elmawkie.dz\/fr\/m-sayoud-recoit-le-conseiller-du-president-russe-pour-la-cooperation-internationale-dans-le-domaine-des-transports\/#breadcrumb\",\"itemListElement\":[{\"@type\":\"ListItem\",\"position\":1,\"name\":\"Home\",\"item\":\"https:\/\/elmawkie.dz\/fr\/\"},{\"@type\":\"ListItem\",\"position\":2,\"name\":\"M. Sayoud re\u00e7oit le conseiller du pr\u00e9sident russe pour la coop\u00e9ration internationale dans le domaine des transports\"}]},{\"@type\":\"WebSite\",\"@id\":\"https:\/\/elmawkie.dz\/fr\/#website\",\"url\":\"https:\/\/elmawkie.dz\/fr\/\",\"name\":\"EL MAWKIE\",\"description\":\"Journal \u00c9lectronique Alg\u00e9rien\",\"publisher\":{\"@id\":\"https:\/\/elmawkie.dz\/fr\/#organization\"},\"potentialAction\":[{\"@type\":\"SearchAction\",\"target\":{\"@type\":\"EntryPoint\",\"urlTemplate\":\"https:\/\/elmawkie.dz\/fr\/?s={search_term_string}\"},\"query-input\":\"required name=search_term_string\"}],\"inLanguage\":\"fr-FR\"},{\"@type\":\"Organization\",\"@id\":\"https:\/\/elmawkie.dz\/fr\/#organization\",\"name\":\"EL MAWKIE\",\"url\":\"https:\/\/elmawkie.dz\/fr\/\",\"logo\":{\"@type\":\"ImageObject\",\"inLanguage\":\"fr-FR\",\"@id\":\"https:\/\/elmawkie.dz\/fr\/#\/schema\/logo\/image\/\",\"url\":\"https:\/\/elmawkie.dz\/fr\/wp-content\/uploads\/2024\/05\/logo1.png\",\"contentUrl\":\"https:\/\/elmawkie.dz\/fr\/wp-content\/uploads\/2024\/05\/logo1.png\",\"width\":1648,\"height\":652,\"caption\":\"EL MAWKIE\"},\"image\":{\"@id\":\"https:\/\/elmawkie.dz\/fr\/#\/schema\/logo\/image\/\"},\"sameAs\":[\"https:\/\/www.facebook.com\/profile.php?id=100088407094989&locale=fr_FR\"]},{\"@type\":\"Person\",\"@id\":\"https:\/\/elmawkie.dz\/fr\/#\/schema\/person\/e7bd59d6467874ba5c4723d8a9f0a63c\",\"name\":\"R\u00e9daction\",\"image\":{\"@type\":\"ImageObject\",\"inLanguage\":\"fr-FR\",\"@id\":\"https:\/\/elmawkie.dz\/fr\/#\/schema\/person\/image\/\",\"url\":\"https:\/\/secure.gravatar.com\/avatar\/f0f773456344da4d2788c054a3d30a0c?s=96&d=mm&r=g\",\"contentUrl\":\"https:\/\/secure.gravatar.com\/avatar\/f0f773456344da4d2788c054a3d30a0c?s=96&d=mm&r=g\",\"caption\":\"R\u00e9daction\"},\"url\":\"https:\/\/elmawkie.dz\/fr\/author\/redaction\/\"}]}<\/script>\n<!-- \/ Yoast SEO Premium plugin. -->","yoast_head_json":{"title":"M. Sayoud re\u00e7oit le conseiller du pr\u00e9sident russe pour la coop\u00e9ration internationale dans le domaine des transports - El Mawkie","robots":{"index":"index","follow":"follow","max-snippet":"max-snippet:-1","max-image-preview":"max-image-preview:large","max-video-preview":"max-video-preview:-1"},"canonical":"https:\/\/elmawkie.dz\/fr\/m-sayoud-recoit-le-conseiller-du-president-russe-pour-la-cooperation-internationale-dans-le-domaine-des-transports\/","og_locale":"fr_FR","og_type":"article","og_title":"M. Sayoud re\u00e7oit le conseiller du pr\u00e9sident russe pour la coop\u00e9ration internationale dans le domaine des transports","og_description":"Le ministre de l&rsquo;Int\u00e9rieur, des Collectivit\u00e9s locales et des Transports, M. Sa\u00efd Sayoud a re\u00e7u mardi \u00e0 Alger le conseiller et repr\u00e9sentant sp\u00e9cial du pr\u00e9sident russe pour la coop\u00e9ration internationale dans les transports, Igor Levitin, qui effectue une visite de travail en Alg\u00e9rie \u00e0 la t\u00eate d&rsquo;une d\u00e9l\u00e9gation de haut niveau, indique un communiqu\u00e9 du &hellip;","og_url":"https:\/\/elmawkie.dz\/fr\/m-sayoud-recoit-le-conseiller-du-president-russe-pour-la-cooperation-internationale-dans-le-domaine-des-transports\/","og_site_name":"El Mawkie","article_publisher":"https:\/\/www.facebook.com\/profile.php?id=100088407094989&locale=fr_FR","article_published_time":"2026-04-28T14:12:21+00:00","article_modified_time":"2026-04-28T14:12:22+00:00","og_image":[{"width":2048,"height":1364,"url":"https:\/\/elmawkie.dz\/fr\/wp-content\/uploads\/2026\/04\/IMG_7054.jpeg","type":"image\/jpeg"}],"author":"R\u00e9daction","twitter_card":"summary_large_image","twitter_misc":{"Written by":"R\u00e9daction","Est. reading time":"3 minutes"},"schema":{"@context":"https:\/\/schema.org","@graph":[{"@type":"Article","@id":"https:\/\/elmawkie.dz\/fr\/m-sayoud-recoit-le-conseiller-du-president-russe-pour-la-cooperation-internationale-dans-le-domaine-des-transports\/#article","isPartOf":{"@id":"https:\/\/elmawkie.dz\/fr\/m-sayoud-recoit-le-conseiller-du-president-russe-pour-la-cooperation-internationale-dans-le-domaine-des-transports\/"},"author":{"name":"R\u00e9daction","@id":"https:\/\/elmawkie.dz\/fr\/#\/schema\/person\/e7bd59d6467874ba5c4723d8a9f0a63c"},"headline":"M. Sayoud re\u00e7oit le conseiller du pr\u00e9sident russe pour la coop\u00e9ration internationale dans le domaine des transports","datePublished":"2026-04-28T14:12:21+00:00","dateModified":"2026-04-28T14:12:22+00:00","mainEntityOfPage":{"@id":"https:\/\/elmawkie.dz\/fr\/m-sayoud-recoit-le-conseiller-du-president-russe-pour-la-cooperation-internationale-dans-le-domaine-des-transports\/"},"wordCount":460,"commentCount":0,"publisher":{"@id":"https:\/\/elmawkie.dz\/fr\/#organization"},"image":{"@id":"https:\/\/elmawkie.dz\/fr\/m-sayoud-recoit-le-conseiller-du-president-russe-pour-la-cooperation-internationale-dans-le-domaine-des-transports\/#primaryimage"},"thumbnailUrl":"https:\/\/elmawkie.dz\/fr\/wp-content\/uploads\/2026\/04\/IMG_7054.jpeg","articleSection":["National"],"inLanguage":"fr-FR","potentialAction":[{"@type":"CommentAction","name":"Comment","target":["https:\/\/elmawkie.dz\/fr\/m-sayoud-recoit-le-conseiller-du-president-russe-pour-la-cooperation-internationale-dans-le-domaine-des-transports\/#respond"]}]},{"@type":"WebPage","@id":"https:\/\/elmawkie.dz\/fr\/m-sayoud-recoit-le-conseiller-du-president-russe-pour-la-cooperation-internationale-dans-le-domaine-des-transports\/","url":"https:\/\/elmawkie.dz\/fr\/m-sayoud-recoit-le-conseiller-du-president-russe-pour-la-cooperation-internationale-dans-le-domaine-des-transports\/","name":"M. Sayoud re\u00e7oit le conseiller du pr\u00e9sident russe pour la coop\u00e9ration internationale dans le domaine des transports - El Mawkie","isPartOf":{"@id":"https:\/\/elmawkie.dz\/fr\/#website"},"primaryImageOfPage":{"@id":"https:\/\/elmawkie.dz\/fr\/m-sayoud-recoit-le-conseiller-du-president-russe-pour-la-cooperation-internationale-dans-le-domaine-des-transports\/#primaryimage"},"image":{"@id":"https:\/\/elmawkie.dz\/fr\/m-sayoud-recoit-le-conseiller-du-president-russe-pour-la-cooperation-internationale-dans-le-domaine-des-transports\/#primaryimage"},"thumbnailUrl":"https:\/\/elmawkie.dz\/fr\/wp-content\/uploads\/2026\/04\/IMG_7054.jpeg","datePublished":"2026-04-28T14:12:21+00:00","dateModified":"2026-04-28T14:12:22+00:00","breadcrumb":{"@id":"https:\/\/elmawkie.dz\/fr\/m-sayoud-recoit-le-conseiller-du-president-russe-pour-la-cooperation-internationale-dans-le-domaine-des-transports\/#breadcrumb"},"inLanguage":"fr-FR","potentialAction":[{"@type":"ReadAction","target":["https:\/\/elmawkie.dz\/fr\/m-sayoud-recoit-le-conseiller-du-president-russe-pour-la-cooperation-internationale-dans-le-domaine-des-transports\/"]}]},{"@type":"ImageObject","inLanguage":"fr-FR","@id":"https:\/\/elmawkie.dz\/fr\/m-sayoud-recoit-le-conseiller-du-president-russe-pour-la-cooperation-internationale-dans-le-domaine-des-transports\/#primaryimage","url":"https:\/\/elmawkie.dz\/fr\/wp-content\/uploads\/2026\/04\/IMG_7054.jpeg","contentUrl":"https:\/\/elmawkie.dz\/fr\/wp-content\/uploads\/2026\/04\/IMG_7054.jpeg","width":2048,"height":1364},{"@type":"BreadcrumbList","@id":"https:\/\/elmawkie.dz\/fr\/m-sayoud-recoit-le-conseiller-du-president-russe-pour-la-cooperation-internationale-dans-le-domaine-des-transports\/#breadcrumb","itemListElement":[{"@type":"ListItem","position":1,"name":"Home","item":"https:\/\/elmawkie.dz\/fr\/"},{"@type":"ListItem","position":2,"name":"M. Sayoud re\u00e7oit le conseiller du pr\u00e9sident russe pour la coop\u00e9ration internationale dans le domaine des transports"}]},{"@type":"WebSite","@id":"https:\/\/elmawkie.dz\/fr\/#website","url":"https:\/\/elmawkie.dz\/fr\/","name":"EL MAWKIE","description":"Journal \u00c9lectronique Alg\u00e9rien","publisher":{"@id":"https:\/\/elmawkie.dz\/fr\/#organization"},"potentialAction":[{"@type":"SearchAction","target":{"@type":"EntryPoint","urlTemplate":"https:\/\/elmawkie.dz\/fr\/?s={search_term_string}"},"query-input":"required name=search_term_string"}],"inLanguage":"fr-FR"},{"@type":"Organization","@id":"https:\/\/elmawkie.dz\/fr\/#organization","name":"EL MAWKIE","url":"https:\/\/elmawkie.dz\/fr\/","logo":{"@type":"ImageObject","inLanguage":"fr-FR","@id":"https:\/\/elmawkie.dz\/fr\/#\/schema\/logo\/image\/","url":"https:\/\/elmawkie.dz\/fr\/wp-content\/uploads\/2024\/05\/logo1.png","contentUrl":"https:\/\/elmawkie.dz\/fr\/wp-content\/uploads\/2024\/05\/logo1.png","width":1648,"height":652,"caption":"EL MAWKIE"},"image":{"@id":"https:\/\/elmawkie.dz\/fr\/#\/schema\/logo\/image\/"},"sameAs":["https:\/\/www.facebook.com\/profile.php?id=100088407094989&locale=fr_FR"]},{"@type":"Person","@id":"https:\/\/elmawkie.dz\/fr\/#\/schema\/person\/e7bd59d6467874ba5c4723d8a9f0a63c","name":"R\u00e9daction","image":{"@type":"ImageObject","inLanguage":"fr-FR","@id":"https:\/\/elmawkie.dz\/fr\/#\/schema\/person\/image\/","url":"https:\/\/secure.gravatar.com\/avatar\/f0f773456344da4d2788c054a3d30a0c?s=96&d=mm&r=g","contentUrl":"https:\/\/secure.gravatar.com\/avatar\/f0f773456344da4d2788c054a3d30a0c?s=96&d=mm&r=g","caption":"R\u00e9daction"},"url":"https:\/\/elmawkie.dz\/fr\/author\/redaction\/"}]}},"_links":{"self":[{"href":"https:\/\/elmawkie.dz\/fr\/wp-json\/wp\/v2\/posts\/64958","targetHints":{"allow":["GET"]}}],"collection":[{"href":"https:\/\/elmawkie.dz\/fr\/wp-json\/wp\/v2\/posts"}],"about":[{"href":"https:\/\/elmawkie.dz\/fr\/wp-json\/wp\/v2\/types\/post"}],"author":[{"embeddable":true,"href":"https:\/\/elmawkie.dz\/fr\/wp-json\/wp\/v2\/users\/9"}],"replies":[{"embeddable":true,"href":"https:\/\/elmawkie.dz\/fr\/wp-json\/wp\/v2\/comments?post=64958"}],"version-history":[{"count":1,"href":"https:\/\/elmawkie.dz\/fr\/wp-json\/wp\/v2\/posts\/64958\/revisions"}],"predecessor-version":[{"id":64961,"href":"https:\/\/elmawkie.dz\/fr\/wp-json\/wp\/v2\/posts\/64958\/revisions\/64961"}],"wp:featuredmedia":[{"embeddable":true,"href":"https:\/\/elmawkie.dz\/fr\/wp-json\/wp\/v2\/media\/64960"}],"wp:attachment":[{"href":"https:\/\/elmawkie.dz\/fr\/wp-json\/wp\/v2\/media?parent=64958"}],"wp:term":[{"taxonomy":"category","embeddable":true,"href":"https:\/\/elmawkie.dz\/fr\/wp-json\/wp\/v2\/categories?post=64958"},{"taxonomy":"post_tag","embeddable":true,"href":"https:\/\/elmawkie.dz\/fr\/wp-json\/wp\/v2\/tags?post=64958"}],"curies":[{"name":"wp","href":"https:\/\/api.w.org\/{rel}","templated":true}]}}