{"id":64936,"date":"2026-04-28T10:01:05","date_gmt":"2026-04-28T09:01:05","guid":{"rendered":"https:\/\/elmawkie.dz\/fr\/?p=64936"},"modified":"2026-04-28T10:01:06","modified_gmt":"2026-04-28T09:01:06","slug":"foot-lancement-de-la-formation-continue-de-la-licence-caf-a","status":"publish","type":"post","link":"https:\/\/elmawkie.dz\/fr\/foot-lancement-de-la-formation-continue-de-la-licence-caf-a\/","title":{"rendered":"Foot: Lancement de la formation continue de la licence CAF A"},"content":{"rendered":"\n<p>La Direction technique nationale a donn\u00e9, lundi au Centre de regroupement et de pr\u00e9paration de l\u2019\u00e9lite sportive de Fouka (Tipaza), le coup d\u2019envoi de la session de formation continue destin\u00e9e aux entra\u00eeneurs d\u00e9tenteurs de la Licence CAF A, a indiqu\u00e9 la F\u00e9d\u00e9ration alg\u00e9rienne de football -FAF) sur son site officiel.<\/p>\n\n\n\n<p>La c\u00e9r\u00e9monie d\u2019ouverture a \u00e9t\u00e9 pr\u00e9sid\u00e9e par le Directeur technique national, Ali Moucer, en pr\u00e9sence de M. Karim Kaced, responsable du d\u00e9partement formation au sein de la DTN.<\/p>\n\n\n\n<p>Pr\u00e9vue sur une dur\u00e9e de deux jours, cette session regroupe 45 participants, qui b\u00e9n\u00e9ficieront d\u2019un programme totalisant 16 heures de formation.<\/p>\n\n\n\n<p>Cette op\u00e9ration s\u2019inscrit dans le cadre des exigences de la Conf\u00e9d\u00e9ration Africaine de Football (CAF), qui impose aux entra\u00eeneurs titulaires de la Licence CAF A de suivre des sessions de formation p\u00e9riodique tous les trois ans (saisons sportives).<\/p>\n","protected":false},"excerpt":{"rendered":"<p>La Direction technique nationale a donn\u00e9, lundi au Centre de regroupement et de pr\u00e9paration de l\u2019\u00e9lite sportive de Fouka (Tipaza), le coup d\u2019envoi de la session de formation continue destin\u00e9e aux entra\u00eeneurs d\u00e9tenteurs de la Licence CAF A, a indiqu\u00e9 la F\u00e9d\u00e9ration alg\u00e9rienne de football -FAF) sur son site officiel. La c\u00e9r\u00e9monie d\u2019ouverture a \u00e9t\u00e9 &hellip;<\/p>\n","protected":false},"author":9,"featured_media":64938,"comment_status":"open","ping_status":"open","sticky":false,"template":"","format":"standard","meta":{"footnotes":""},"categories":[57],"tags":[],"class_list":["post-64936","post","type-post","status-publish","format-standard","has-post-thumbnail","hentry","category-sport"],"yoast_head":"<!-- This site is optimized with the Yoast SEO Premium plugin v22.6 (Yoast SEO v22.6) - https:\/\/yoast.com\/wordpress\/plugins\/seo\/ -->\n<title>Foot: Lancement de la formation continue de la licence CAF A - El Mawkie<\/title>\n<meta name=\"robots\" content=\"index, follow, max-snippet:-1, max-image-preview:large, max-video-preview:-1\" \/>\n<link rel=\"canonical\" href=\"https:\/\/elmawkie.dz\/fr\/foot-lancement-de-la-formation-continue-de-la-licence-caf-a\/\" \/>\n<meta property=\"og:locale\" content=\"fr_FR\" \/>\n<meta property=\"og:type\" content=\"article\" \/>\n<meta property=\"og:title\" content=\"Foot: Lancement de la formation continue de la licence CAF A\" \/>\n<meta property=\"og:description\" content=\"La Direction technique nationale a donn\u00e9, lundi au Centre de regroupement et de pr\u00e9paration de l\u2019\u00e9lite sportive de Fouka (Tipaza), le coup d\u2019envoi de la session de formation continue destin\u00e9e aux entra\u00eeneurs d\u00e9tenteurs de la Licence CAF A, a indiqu\u00e9 la F\u00e9d\u00e9ration alg\u00e9rienne de football -FAF) sur son site officiel. La c\u00e9r\u00e9monie d\u2019ouverture a \u00e9t\u00e9 &hellip;\" \/>\n<meta property=\"og:url\" content=\"https:\/\/elmawkie.dz\/fr\/foot-lancement-de-la-formation-continue-de-la-licence-caf-a\/\" \/>\n<meta property=\"og:site_name\" content=\"El Mawkie\" \/>\n<meta property=\"article:publisher\" content=\"https:\/\/www.facebook.com\/profile.php?id=100088407094989&amp;locale=fr_FR\" \/>\n<meta property=\"article:published_time\" content=\"2026-04-28T09:01:05+00:00\" \/>\n<meta property=\"article:modified_time\" content=\"2026-04-28T09:01:06+00:00\" \/>\n<meta property=\"og:image\" content=\"https:\/\/elmawkie.dz\/fr\/wp-content\/uploads\/2026\/04\/IMG_7025.jpeg\" \/>\n\t<meta property=\"og:image:width\" content=\"1440\" \/>\n\t<meta property=\"og:image:height\" content=\"962\" \/>\n\t<meta property=\"og:image:type\" content=\"image\/jpeg\" \/>\n<meta name=\"author\" content=\"R\u00e9daction\" \/>\n<meta name=\"twitter:card\" content=\"summary_large_image\" \/>\n<meta name=\"twitter:label1\" content=\"Written by\" \/>\n\t<meta name=\"twitter:data1\" content=\"R\u00e9daction\" \/>\n\t<meta name=\"twitter:label2\" content=\"Est. reading time\" \/>\n\t<meta name=\"twitter:data2\" content=\"1 minute\" \/>\n<script type=\"application\/ld+json\" class=\"yoast-schema-graph\">{\"@context\":\"https:\/\/schema.org\",\"@graph\":[{\"@type\":\"Article\",\"@id\":\"https:\/\/elmawkie.dz\/fr\/foot-lancement-de-la-formation-continue-de-la-licence-caf-a\/#article\",\"isPartOf\":{\"@id\":\"https:\/\/elmawkie.dz\/fr\/foot-lancement-de-la-formation-continue-de-la-licence-caf-a\/\"},\"author\":{\"name\":\"R\u00e9daction\",\"@id\":\"https:\/\/elmawkie.dz\/fr\/#\/schema\/person\/e7bd59d6467874ba5c4723d8a9f0a63c\"},\"headline\":\"Foot: Lancement de la formation continue de la licence CAF A\",\"datePublished\":\"2026-04-28T09:01:05+00:00\",\"dateModified\":\"2026-04-28T09:01:06+00:00\",\"mainEntityOfPage\":{\"@id\":\"https:\/\/elmawkie.dz\/fr\/foot-lancement-de-la-formation-continue-de-la-licence-caf-a\/\"},\"wordCount\":173,\"commentCount\":0,\"publisher\":{\"@id\":\"https:\/\/elmawkie.dz\/fr\/#organization\"},\"image\":{\"@id\":\"https:\/\/elmawkie.dz\/fr\/foot-lancement-de-la-formation-continue-de-la-licence-caf-a\/#primaryimage\"},\"thumbnailUrl\":\"https:\/\/elmawkie.dz\/fr\/wp-content\/uploads\/2026\/04\/IMG_7025.jpeg\",\"articleSection\":[\"Sport\"],\"inLanguage\":\"fr-FR\",\"potentialAction\":[{\"@type\":\"CommentAction\",\"name\":\"Comment\",\"target\":[\"https:\/\/elmawkie.dz\/fr\/foot-lancement-de-la-formation-continue-de-la-licence-caf-a\/#respond\"]}]},{\"@type\":\"WebPage\",\"@id\":\"https:\/\/elmawkie.dz\/fr\/foot-lancement-de-la-formation-continue-de-la-licence-caf-a\/\",\"url\":\"https:\/\/elmawkie.dz\/fr\/foot-lancement-de-la-formation-continue-de-la-licence-caf-a\/\",\"name\":\"Foot: Lancement de la formation continue de la licence CAF A - El Mawkie\",\"isPartOf\":{\"@id\":\"https:\/\/elmawkie.dz\/fr\/#website\"},\"primaryImageOfPage\":{\"@id\":\"https:\/\/elmawkie.dz\/fr\/foot-lancement-de-la-formation-continue-de-la-licence-caf-a\/#primaryimage\"},\"image\":{\"@id\":\"https:\/\/elmawkie.dz\/fr\/foot-lancement-de-la-formation-continue-de-la-licence-caf-a\/#primaryimage\"},\"thumbnailUrl\":\"https:\/\/elmawkie.dz\/fr\/wp-content\/uploads\/2026\/04\/IMG_7025.jpeg\",\"datePublished\":\"2026-04-28T09:01:05+00:00\",\"dateModified\":\"2026-04-28T09:01:06+00:00\",\"breadcrumb\":{\"@id\":\"https:\/\/elmawkie.dz\/fr\/foot-lancement-de-la-formation-continue-de-la-licence-caf-a\/#breadcrumb\"},\"inLanguage\":\"fr-FR\",\"potentialAction\":[{\"@type\":\"ReadAction\",\"target\":[\"https:\/\/elmawkie.dz\/fr\/foot-lancement-de-la-formation-continue-de-la-licence-caf-a\/\"]}]},{\"@type\":\"ImageObject\",\"inLanguage\":\"fr-FR\",\"@id\":\"https:\/\/elmawkie.dz\/fr\/foot-lancement-de-la-formation-continue-de-la-licence-caf-a\/#primaryimage\",\"url\":\"https:\/\/elmawkie.dz\/fr\/wp-content\/uploads\/2026\/04\/IMG_7025.jpeg\",\"contentUrl\":\"https:\/\/elmawkie.dz\/fr\/wp-content\/uploads\/2026\/04\/IMG_7025.jpeg\",\"width\":1440,\"height\":962},{\"@type\":\"BreadcrumbList\",\"@id\":\"https:\/\/elmawkie.dz\/fr\/foot-lancement-de-la-formation-continue-de-la-licence-caf-a\/#breadcrumb\",\"itemListElement\":[{\"@type\":\"ListItem\",\"position\":1,\"name\":\"Home\",\"item\":\"https:\/\/elmawkie.dz\/fr\/\"},{\"@type\":\"ListItem\",\"position\":2,\"name\":\"Foot: Lancement de la formation continue de la licence CAF A\"}]},{\"@type\":\"WebSite\",\"@id\":\"https:\/\/elmawkie.dz\/fr\/#website\",\"url\":\"https:\/\/elmawkie.dz\/fr\/\",\"name\":\"EL MAWKIE\",\"description\":\"Journal \u00c9lectronique Alg\u00e9rien\",\"publisher\":{\"@id\":\"https:\/\/elmawkie.dz\/fr\/#organization\"},\"potentialAction\":[{\"@type\":\"SearchAction\",\"target\":{\"@type\":\"EntryPoint\",\"urlTemplate\":\"https:\/\/elmawkie.dz\/fr\/?s={search_term_string}\"},\"query-input\":\"required name=search_term_string\"}],\"inLanguage\":\"fr-FR\"},{\"@type\":\"Organization\",\"@id\":\"https:\/\/elmawkie.dz\/fr\/#organization\",\"name\":\"EL MAWKIE\",\"url\":\"https:\/\/elmawkie.dz\/fr\/\",\"logo\":{\"@type\":\"ImageObject\",\"inLanguage\":\"fr-FR\",\"@id\":\"https:\/\/elmawkie.dz\/fr\/#\/schema\/logo\/image\/\",\"url\":\"https:\/\/elmawkie.dz\/fr\/wp-content\/uploads\/2024\/05\/logo1.png\",\"contentUrl\":\"https:\/\/elmawkie.dz\/fr\/wp-content\/uploads\/2024\/05\/logo1.png\",\"width\":1648,\"height\":652,\"caption\":\"EL MAWKIE\"},\"image\":{\"@id\":\"https:\/\/elmawkie.dz\/fr\/#\/schema\/logo\/image\/\"},\"sameAs\":[\"https:\/\/www.facebook.com\/profile.php?id=100088407094989&locale=fr_FR\"]},{\"@type\":\"Person\",\"@id\":\"https:\/\/elmawkie.dz\/fr\/#\/schema\/person\/e7bd59d6467874ba5c4723d8a9f0a63c\",\"name\":\"R\u00e9daction\",\"image\":{\"@type\":\"ImageObject\",\"inLanguage\":\"fr-FR\",\"@id\":\"https:\/\/elmawkie.dz\/fr\/#\/schema\/person\/image\/\",\"url\":\"https:\/\/secure.gravatar.com\/avatar\/f0f773456344da4d2788c054a3d30a0c?s=96&d=mm&r=g\",\"contentUrl\":\"https:\/\/secure.gravatar.com\/avatar\/f0f773456344da4d2788c054a3d30a0c?s=96&d=mm&r=g\",\"caption\":\"R\u00e9daction\"},\"url\":\"https:\/\/elmawkie.dz\/fr\/author\/redaction\/\"}]}<\/script>\n<!-- \/ Yoast SEO Premium plugin. -->","yoast_head_json":{"title":"Foot: Lancement de la formation continue de la licence CAF A - El Mawkie","robots":{"index":"index","follow":"follow","max-snippet":"max-snippet:-1","max-image-preview":"max-image-preview:large","max-video-preview":"max-video-preview:-1"},"canonical":"https:\/\/elmawkie.dz\/fr\/foot-lancement-de-la-formation-continue-de-la-licence-caf-a\/","og_locale":"fr_FR","og_type":"article","og_title":"Foot: Lancement de la formation continue de la licence CAF A","og_description":"La Direction technique nationale a donn\u00e9, lundi au Centre de regroupement et de pr\u00e9paration de l\u2019\u00e9lite sportive de Fouka (Tipaza), le coup d\u2019envoi de la session de formation continue destin\u00e9e aux entra\u00eeneurs d\u00e9tenteurs de la Licence CAF A, a indiqu\u00e9 la F\u00e9d\u00e9ration alg\u00e9rienne de football -FAF) sur son site officiel. La c\u00e9r\u00e9monie d\u2019ouverture a \u00e9t\u00e9 &hellip;","og_url":"https:\/\/elmawkie.dz\/fr\/foot-lancement-de-la-formation-continue-de-la-licence-caf-a\/","og_site_name":"El Mawkie","article_publisher":"https:\/\/www.facebook.com\/profile.php?id=100088407094989&locale=fr_FR","article_published_time":"2026-04-28T09:01:05+00:00","article_modified_time":"2026-04-28T09:01:06+00:00","og_image":[{"width":1440,"height":962,"url":"https:\/\/elmawkie.dz\/fr\/wp-content\/uploads\/2026\/04\/IMG_7025.jpeg","type":"image\/jpeg"}],"author":"R\u00e9daction","twitter_card":"summary_large_image","twitter_misc":{"Written by":"R\u00e9daction","Est. reading time":"1 minute"},"schema":{"@context":"https:\/\/schema.org","@graph":[{"@type":"Article","@id":"https:\/\/elmawkie.dz\/fr\/foot-lancement-de-la-formation-continue-de-la-licence-caf-a\/#article","isPartOf":{"@id":"https:\/\/elmawkie.dz\/fr\/foot-lancement-de-la-formation-continue-de-la-licence-caf-a\/"},"author":{"name":"R\u00e9daction","@id":"https:\/\/elmawkie.dz\/fr\/#\/schema\/person\/e7bd59d6467874ba5c4723d8a9f0a63c"},"headline":"Foot: Lancement de la formation continue de la licence CAF A","datePublished":"2026-04-28T09:01:05+00:00","dateModified":"2026-04-28T09:01:06+00:00","mainEntityOfPage":{"@id":"https:\/\/elmawkie.dz\/fr\/foot-lancement-de-la-formation-continue-de-la-licence-caf-a\/"},"wordCount":173,"commentCount":0,"publisher":{"@id":"https:\/\/elmawkie.dz\/fr\/#organization"},"image":{"@id":"https:\/\/elmawkie.dz\/fr\/foot-lancement-de-la-formation-continue-de-la-licence-caf-a\/#primaryimage"},"thumbnailUrl":"https:\/\/elmawkie.dz\/fr\/wp-content\/uploads\/2026\/04\/IMG_7025.jpeg","articleSection":["Sport"],"inLanguage":"fr-FR","potentialAction":[{"@type":"CommentAction","name":"Comment","target":["https:\/\/elmawkie.dz\/fr\/foot-lancement-de-la-formation-continue-de-la-licence-caf-a\/#respond"]}]},{"@type":"WebPage","@id":"https:\/\/elmawkie.dz\/fr\/foot-lancement-de-la-formation-continue-de-la-licence-caf-a\/","url":"https:\/\/elmawkie.dz\/fr\/foot-lancement-de-la-formation-continue-de-la-licence-caf-a\/","name":"Foot: Lancement de la formation continue de la licence CAF A - El Mawkie","isPartOf":{"@id":"https:\/\/elmawkie.dz\/fr\/#website"},"primaryImageOfPage":{"@id":"https:\/\/elmawkie.dz\/fr\/foot-lancement-de-la-formation-continue-de-la-licence-caf-a\/#primaryimage"},"image":{"@id":"https:\/\/elmawkie.dz\/fr\/foot-lancement-de-la-formation-continue-de-la-licence-caf-a\/#primaryimage"},"thumbnailUrl":"https:\/\/elmawkie.dz\/fr\/wp-content\/uploads\/2026\/04\/IMG_7025.jpeg","datePublished":"2026-04-28T09:01:05+00:00","dateModified":"2026-04-28T09:01:06+00:00","breadcrumb":{"@id":"https:\/\/elmawkie.dz\/fr\/foot-lancement-de-la-formation-continue-de-la-licence-caf-a\/#breadcrumb"},"inLanguage":"fr-FR","potentialAction":[{"@type":"ReadAction","target":["https:\/\/elmawkie.dz\/fr\/foot-lancement-de-la-formation-continue-de-la-licence-caf-a\/"]}]},{"@type":"ImageObject","inLanguage":"fr-FR","@id":"https:\/\/elmawkie.dz\/fr\/foot-lancement-de-la-formation-continue-de-la-licence-caf-a\/#primaryimage","url":"https:\/\/elmawkie.dz\/fr\/wp-content\/uploads\/2026\/04\/IMG_7025.jpeg","contentUrl":"https:\/\/elmawkie.dz\/fr\/wp-content\/uploads\/2026\/04\/IMG_7025.jpeg","width":1440,"height":962},{"@type":"BreadcrumbList","@id":"https:\/\/elmawkie.dz\/fr\/foot-lancement-de-la-formation-continue-de-la-licence-caf-a\/#breadcrumb","itemListElement":[{"@type":"ListItem","position":1,"name":"Home","item":"https:\/\/elmawkie.dz\/fr\/"},{"@type":"ListItem","position":2,"name":"Foot: Lancement de la formation continue de la licence CAF A"}]},{"@type":"WebSite","@id":"https:\/\/elmawkie.dz\/fr\/#website","url":"https:\/\/elmawkie.dz\/fr\/","name":"EL MAWKIE","description":"Journal \u00c9lectronique Alg\u00e9rien","publisher":{"@id":"https:\/\/elmawkie.dz\/fr\/#organization"},"potentialAction":[{"@type":"SearchAction","target":{"@type":"EntryPoint","urlTemplate":"https:\/\/elmawkie.dz\/fr\/?s={search_term_string}"},"query-input":"required name=search_term_string"}],"inLanguage":"fr-FR"},{"@type":"Organization","@id":"https:\/\/elmawkie.dz\/fr\/#organization","name":"EL MAWKIE","url":"https:\/\/elmawkie.dz\/fr\/","logo":{"@type":"ImageObject","inLanguage":"fr-FR","@id":"https:\/\/elmawkie.dz\/fr\/#\/schema\/logo\/image\/","url":"https:\/\/elmawkie.dz\/fr\/wp-content\/uploads\/2024\/05\/logo1.png","contentUrl":"https:\/\/elmawkie.dz\/fr\/wp-content\/uploads\/2024\/05\/logo1.png","width":1648,"height":652,"caption":"EL MAWKIE"},"image":{"@id":"https:\/\/elmawkie.dz\/fr\/#\/schema\/logo\/image\/"},"sameAs":["https:\/\/www.facebook.com\/profile.php?id=100088407094989&locale=fr_FR"]},{"@type":"Person","@id":"https:\/\/elmawkie.dz\/fr\/#\/schema\/person\/e7bd59d6467874ba5c4723d8a9f0a63c","name":"R\u00e9daction","image":{"@type":"ImageObject","inLanguage":"fr-FR","@id":"https:\/\/elmawkie.dz\/fr\/#\/schema\/person\/image\/","url":"https:\/\/secure.gravatar.com\/avatar\/f0f773456344da4d2788c054a3d30a0c?s=96&d=mm&r=g","contentUrl":"https:\/\/secure.gravatar.com\/avatar\/f0f773456344da4d2788c054a3d30a0c?s=96&d=mm&r=g","caption":"R\u00e9daction"},"url":"https:\/\/elmawkie.dz\/fr\/author\/redaction\/"}]}},"_links":{"self":[{"href":"https:\/\/elmawkie.dz\/fr\/wp-json\/wp\/v2\/posts\/64936","targetHints":{"allow":["GET"]}}],"collection":[{"href":"https:\/\/elmawkie.dz\/fr\/wp-json\/wp\/v2\/posts"}],"about":[{"href":"https:\/\/elmawkie.dz\/fr\/wp-json\/wp\/v2\/types\/post"}],"author":[{"embeddable":true,"href":"https:\/\/elmawkie.dz\/fr\/wp-json\/wp\/v2\/users\/9"}],"replies":[{"embeddable":true,"href":"https:\/\/elmawkie.dz\/fr\/wp-json\/wp\/v2\/comments?post=64936"}],"version-history":[{"count":1,"href":"https:\/\/elmawkie.dz\/fr\/wp-json\/wp\/v2\/posts\/64936\/revisions"}],"predecessor-version":[{"id":64939,"href":"https:\/\/elmawkie.dz\/fr\/wp-json\/wp\/v2\/posts\/64936\/revisions\/64939"}],"wp:featuredmedia":[{"embeddable":true,"href":"https:\/\/elmawkie.dz\/fr\/wp-json\/wp\/v2\/media\/64938"}],"wp:attachment":[{"href":"https:\/\/elmawkie.dz\/fr\/wp-json\/wp\/v2\/media?parent=64936"}],"wp:term":[{"taxonomy":"category","embeddable":true,"href":"https:\/\/elmawkie.dz\/fr\/wp-json\/wp\/v2\/categories?post=64936"},{"taxonomy":"post_tag","embeddable":true,"href":"https:\/\/elmawkie.dz\/fr\/wp-json\/wp\/v2\/tags?post=64936"}],"curies":[{"name":"wp","href":"https:\/\/api.w.org\/{rel}","templated":true}]}}