{"id":64926,"date":"2026-04-27T14:08:49","date_gmt":"2026-04-27T13:08:49","guid":{"rendered":"https:\/\/elmawkie.dz\/fr\/?p=64926"},"modified":"2026-04-27T14:08:49","modified_gmt":"2026-04-27T13:08:49","slug":"sidi-bel-abbes-accord-de-cooperation-signe-entre-lenie-et-lufc","status":"publish","type":"post","link":"https:\/\/elmawkie.dz\/fr\/sidi-bel-abbes-accord-de-cooperation-signe-entre-lenie-et-lufc\/","title":{"rendered":"Sidi Bel-Abbes : accord de coop\u00e9ration sign\u00e9 entre l\u2019ENIE et l\u2019UFC"},"content":{"rendered":"\n<p>Une convention-cadre de coop\u00e9ration a \u00e9t\u00e9 sign\u00e9e \u00e0 Sidi Bel-Abbes entre l&rsquo;Entreprise Nationale des Industries Electroniques (ENIE) et l&rsquo;Universit\u00e9 de la Formation Continue (UFC), dans l&rsquo;objectif de renforcer les passerelles entre le secteur \u00e9conomique et le monde universitaire, tout en contribuant au d\u00e9veloppement des comp\u00e9tences humaines, a indiqu\u00e9 lundi l&rsquo;entreprise.<\/p>\n\n\n\n<p>Selon la cellule de communication, cet accord, paraph\u00e9 par le Pr\u00e9sident-directeur g\u00e9n\u00e9ral de l&rsquo;ENIE, Abdesselam Bouab, et le directeur de l&rsquo;UFC, le professeur Yahia Jafari, vise \u00e0 instaurer un cadre de travail commun permettant d&rsquo;adapter la formation acad\u00e9mique aux exigences du terrain. Il s&rsquo;agit notamment de mieux qualifier les ressources humaines en fonction des besoins du march\u00e9 de l&#8217;emploi, en mettant l&rsquo;accent sur les volets pratiques et professionnels dans plusieurs sp\u00e9cialit\u00e9s techniques et administratives.<\/p>\n\n\n\n<p>Dans ce cadre, l&rsquo;ENIE accompagnera le d\u00e9veloppement de programmes de formation continue au profit de ses cadres et employ\u00e9s, tout en s&rsquo;appuyant sur l&rsquo;expertise de l&rsquo;UFC pour concevoir des parcours de formation sp\u00e9cialis\u00e9s, en ad\u00e9quation avec les sp\u00e9cificit\u00e9s de son activit\u00e9 industrielle. L&rsquo;accord pr\u00e9voit \u00e9galement la mise en place de nouvelles offres de formation de type Licence et Master \u00e0 forte dimension pratique.<\/p>\n\n\n\n<p>Par ailleurs, cette convention permettra aux \u00e9tudiants de b\u00e9n\u00e9ficier de stages au sein des unit\u00e9s et ateliers de l&rsquo;entreprise, leur offrant ainsi une exp\u00e9rience professionnelle concr\u00e8te de nature \u00e0 renforcer leur employabilit\u00e9 d\u00e8s l&rsquo;obtention de leur dipl\u00f4me.<\/p>\n\n\n\n<p>Lors de la c\u00e9r\u00e9monie de signature, les deux parties ont soulign\u00e9 que ce partenariat devrait impulser une \u00ab\u00a0dynamique de coop\u00e9ration fructueuse\u00a0\u00bb, fond\u00e9e sur l&rsquo;\u00e9change d&rsquo;expertises et la compl\u00e9mentarit\u00e9 des r\u00f4les, afin de soutenir l&rsquo;innovation et d&rsquo;accompagner les \u00e9volutions technologiques du secteur de l&rsquo;\u00e9lectronique.<\/p>\n\n\n\n<p>Cette initiative s&rsquo;inscrit, enfin, dans la strat\u00e9gie de l&rsquo;ENIE visant \u00e0 renforcer son ouverture sur l&rsquo;environnement universitaire et \u00e0 contribuer au d\u00e9veloppement des comp\u00e9tences nationales, en soutien au processus de croissance \u00e9conomique du pays.&nbsp;<\/p>\n","protected":false},"excerpt":{"rendered":"<p>Une convention-cadre de coop\u00e9ration a \u00e9t\u00e9 sign\u00e9e \u00e0 Sidi Bel-Abbes entre l&rsquo;Entreprise Nationale des Industries Electroniques (ENIE) et l&rsquo;Universit\u00e9 de la Formation Continue (UFC), dans l&rsquo;objectif de renforcer les passerelles entre le secteur \u00e9conomique et le monde universitaire, tout en contribuant au d\u00e9veloppement des comp\u00e9tences humaines, a indiqu\u00e9 lundi l&rsquo;entreprise. Selon la cellule de communication, &hellip;<\/p>\n","protected":false},"author":9,"featured_media":64928,"comment_status":"open","ping_status":"open","sticky":false,"template":"","format":"standard","meta":{"footnotes":""},"categories":[50],"tags":[210,2269,5077],"class_list":["post-64926","post","type-post","status-publish","format-standard","has-post-thumbnail","hentry","category-region","tag-enie","tag-sidi-bel-abbes","tag-ufc"],"yoast_head":"<!-- This site is optimized with the Yoast SEO Premium plugin v22.6 (Yoast SEO v22.6) - https:\/\/yoast.com\/wordpress\/plugins\/seo\/ -->\n<title>Sidi Bel-Abbes : accord de coop\u00e9ration sign\u00e9 entre l\u2019ENIE et l\u2019UFC - El Mawkie<\/title>\n<meta name=\"robots\" content=\"index, follow, max-snippet:-1, max-image-preview:large, max-video-preview:-1\" \/>\n<link rel=\"canonical\" href=\"https:\/\/elmawkie.dz\/fr\/sidi-bel-abbes-accord-de-cooperation-signe-entre-lenie-et-lufc\/\" \/>\n<meta property=\"og:locale\" content=\"fr_FR\" \/>\n<meta property=\"og:type\" content=\"article\" \/>\n<meta property=\"og:title\" content=\"Sidi Bel-Abbes : accord de coop\u00e9ration sign\u00e9 entre l\u2019ENIE et l\u2019UFC\" \/>\n<meta property=\"og:description\" content=\"Une convention-cadre de coop\u00e9ration a \u00e9t\u00e9 sign\u00e9e \u00e0 Sidi Bel-Abbes entre l&rsquo;Entreprise Nationale des Industries Electroniques (ENIE) et l&rsquo;Universit\u00e9 de la Formation Continue (UFC), dans l&rsquo;objectif de renforcer les passerelles entre le secteur \u00e9conomique et le monde universitaire, tout en contribuant au d\u00e9veloppement des comp\u00e9tences humaines, a indiqu\u00e9 lundi l&rsquo;entreprise. Selon la cellule de communication, &hellip;\" \/>\n<meta property=\"og:url\" content=\"https:\/\/elmawkie.dz\/fr\/sidi-bel-abbes-accord-de-cooperation-signe-entre-lenie-et-lufc\/\" \/>\n<meta property=\"og:site_name\" content=\"El Mawkie\" \/>\n<meta property=\"article:publisher\" content=\"https:\/\/www.facebook.com\/profile.php?id=100088407094989&amp;locale=fr_FR\" \/>\n<meta property=\"article:published_time\" content=\"2026-04-27T13:08:49+00:00\" \/>\n<meta property=\"og:image\" content=\"https:\/\/elmawkie.dz\/fr\/wp-content\/uploads\/2026\/04\/IMG_6985.jpeg\" \/>\n\t<meta property=\"og:image:width\" content=\"2048\" \/>\n\t<meta property=\"og:image:height\" content=\"1198\" \/>\n\t<meta property=\"og:image:type\" content=\"image\/jpeg\" \/>\n<meta name=\"author\" content=\"R\u00e9daction\" \/>\n<meta name=\"twitter:card\" content=\"summary_large_image\" \/>\n<meta name=\"twitter:label1\" content=\"Written by\" \/>\n\t<meta name=\"twitter:data1\" content=\"R\u00e9daction\" \/>\n\t<meta name=\"twitter:label2\" content=\"Est. reading time\" \/>\n\t<meta name=\"twitter:data2\" content=\"2 minutes\" \/>\n<script type=\"application\/ld+json\" class=\"yoast-schema-graph\">{\"@context\":\"https:\/\/schema.org\",\"@graph\":[{\"@type\":\"Article\",\"@id\":\"https:\/\/elmawkie.dz\/fr\/sidi-bel-abbes-accord-de-cooperation-signe-entre-lenie-et-lufc\/#article\",\"isPartOf\":{\"@id\":\"https:\/\/elmawkie.dz\/fr\/sidi-bel-abbes-accord-de-cooperation-signe-entre-lenie-et-lufc\/\"},\"author\":{\"name\":\"R\u00e9daction\",\"@id\":\"https:\/\/elmawkie.dz\/fr\/#\/schema\/person\/e7bd59d6467874ba5c4723d8a9f0a63c\"},\"headline\":\"Sidi Bel-Abbes : accord de coop\u00e9ration sign\u00e9 entre l\u2019ENIE et l\u2019UFC\",\"datePublished\":\"2026-04-27T13:08:49+00:00\",\"dateModified\":\"2026-04-27T13:08:49+00:00\",\"mainEntityOfPage\":{\"@id\":\"https:\/\/elmawkie.dz\/fr\/sidi-bel-abbes-accord-de-cooperation-signe-entre-lenie-et-lufc\/\"},\"wordCount\":368,\"commentCount\":0,\"publisher\":{\"@id\":\"https:\/\/elmawkie.dz\/fr\/#organization\"},\"image\":{\"@id\":\"https:\/\/elmawkie.dz\/fr\/sidi-bel-abbes-accord-de-cooperation-signe-entre-lenie-et-lufc\/#primaryimage\"},\"thumbnailUrl\":\"https:\/\/elmawkie.dz\/fr\/wp-content\/uploads\/2026\/04\/IMG_6985.jpeg\",\"keywords\":[\"ENIE\",\"Sidi Bel-Abbes\",\"UFC\"],\"articleSection\":[\"R\u00e9gion\"],\"inLanguage\":\"fr-FR\",\"potentialAction\":[{\"@type\":\"CommentAction\",\"name\":\"Comment\",\"target\":[\"https:\/\/elmawkie.dz\/fr\/sidi-bel-abbes-accord-de-cooperation-signe-entre-lenie-et-lufc\/#respond\"]}]},{\"@type\":\"WebPage\",\"@id\":\"https:\/\/elmawkie.dz\/fr\/sidi-bel-abbes-accord-de-cooperation-signe-entre-lenie-et-lufc\/\",\"url\":\"https:\/\/elmawkie.dz\/fr\/sidi-bel-abbes-accord-de-cooperation-signe-entre-lenie-et-lufc\/\",\"name\":\"Sidi Bel-Abbes : accord de coop\u00e9ration sign\u00e9 entre l\u2019ENIE et l\u2019UFC - El Mawkie\",\"isPartOf\":{\"@id\":\"https:\/\/elmawkie.dz\/fr\/#website\"},\"primaryImageOfPage\":{\"@id\":\"https:\/\/elmawkie.dz\/fr\/sidi-bel-abbes-accord-de-cooperation-signe-entre-lenie-et-lufc\/#primaryimage\"},\"image\":{\"@id\":\"https:\/\/elmawkie.dz\/fr\/sidi-bel-abbes-accord-de-cooperation-signe-entre-lenie-et-lufc\/#primaryimage\"},\"thumbnailUrl\":\"https:\/\/elmawkie.dz\/fr\/wp-content\/uploads\/2026\/04\/IMG_6985.jpeg\",\"datePublished\":\"2026-04-27T13:08:49+00:00\",\"dateModified\":\"2026-04-27T13:08:49+00:00\",\"breadcrumb\":{\"@id\":\"https:\/\/elmawkie.dz\/fr\/sidi-bel-abbes-accord-de-cooperation-signe-entre-lenie-et-lufc\/#breadcrumb\"},\"inLanguage\":\"fr-FR\",\"potentialAction\":[{\"@type\":\"ReadAction\",\"target\":[\"https:\/\/elmawkie.dz\/fr\/sidi-bel-abbes-accord-de-cooperation-signe-entre-lenie-et-lufc\/\"]}]},{\"@type\":\"ImageObject\",\"inLanguage\":\"fr-FR\",\"@id\":\"https:\/\/elmawkie.dz\/fr\/sidi-bel-abbes-accord-de-cooperation-signe-entre-lenie-et-lufc\/#primaryimage\",\"url\":\"https:\/\/elmawkie.dz\/fr\/wp-content\/uploads\/2026\/04\/IMG_6985.jpeg\",\"contentUrl\":\"https:\/\/elmawkie.dz\/fr\/wp-content\/uploads\/2026\/04\/IMG_6985.jpeg\",\"width\":2048,\"height\":1198},{\"@type\":\"BreadcrumbList\",\"@id\":\"https:\/\/elmawkie.dz\/fr\/sidi-bel-abbes-accord-de-cooperation-signe-entre-lenie-et-lufc\/#breadcrumb\",\"itemListElement\":[{\"@type\":\"ListItem\",\"position\":1,\"name\":\"Home\",\"item\":\"https:\/\/elmawkie.dz\/fr\/\"},{\"@type\":\"ListItem\",\"position\":2,\"name\":\"Sidi Bel-Abbes : accord de coop\u00e9ration sign\u00e9 entre l\u2019ENIE et l\u2019UFC\"}]},{\"@type\":\"WebSite\",\"@id\":\"https:\/\/elmawkie.dz\/fr\/#website\",\"url\":\"https:\/\/elmawkie.dz\/fr\/\",\"name\":\"EL MAWKIE\",\"description\":\"Journal \u00c9lectronique Alg\u00e9rien\",\"publisher\":{\"@id\":\"https:\/\/elmawkie.dz\/fr\/#organization\"},\"potentialAction\":[{\"@type\":\"SearchAction\",\"target\":{\"@type\":\"EntryPoint\",\"urlTemplate\":\"https:\/\/elmawkie.dz\/fr\/?s={search_term_string}\"},\"query-input\":\"required name=search_term_string\"}],\"inLanguage\":\"fr-FR\"},{\"@type\":\"Organization\",\"@id\":\"https:\/\/elmawkie.dz\/fr\/#organization\",\"name\":\"EL MAWKIE\",\"url\":\"https:\/\/elmawkie.dz\/fr\/\",\"logo\":{\"@type\":\"ImageObject\",\"inLanguage\":\"fr-FR\",\"@id\":\"https:\/\/elmawkie.dz\/fr\/#\/schema\/logo\/image\/\",\"url\":\"https:\/\/elmawkie.dz\/fr\/wp-content\/uploads\/2024\/05\/logo1.png\",\"contentUrl\":\"https:\/\/elmawkie.dz\/fr\/wp-content\/uploads\/2024\/05\/logo1.png\",\"width\":1648,\"height\":652,\"caption\":\"EL MAWKIE\"},\"image\":{\"@id\":\"https:\/\/elmawkie.dz\/fr\/#\/schema\/logo\/image\/\"},\"sameAs\":[\"https:\/\/www.facebook.com\/profile.php?id=100088407094989&locale=fr_FR\"]},{\"@type\":\"Person\",\"@id\":\"https:\/\/elmawkie.dz\/fr\/#\/schema\/person\/e7bd59d6467874ba5c4723d8a9f0a63c\",\"name\":\"R\u00e9daction\",\"image\":{\"@type\":\"ImageObject\",\"inLanguage\":\"fr-FR\",\"@id\":\"https:\/\/elmawkie.dz\/fr\/#\/schema\/person\/image\/\",\"url\":\"https:\/\/secure.gravatar.com\/avatar\/f0f773456344da4d2788c054a3d30a0c?s=96&d=mm&r=g\",\"contentUrl\":\"https:\/\/secure.gravatar.com\/avatar\/f0f773456344da4d2788c054a3d30a0c?s=96&d=mm&r=g\",\"caption\":\"R\u00e9daction\"},\"url\":\"https:\/\/elmawkie.dz\/fr\/author\/redaction\/\"}]}<\/script>\n<!-- \/ Yoast SEO Premium plugin. -->","yoast_head_json":{"title":"Sidi Bel-Abbes : accord de coop\u00e9ration sign\u00e9 entre l\u2019ENIE et l\u2019UFC - El Mawkie","robots":{"index":"index","follow":"follow","max-snippet":"max-snippet:-1","max-image-preview":"max-image-preview:large","max-video-preview":"max-video-preview:-1"},"canonical":"https:\/\/elmawkie.dz\/fr\/sidi-bel-abbes-accord-de-cooperation-signe-entre-lenie-et-lufc\/","og_locale":"fr_FR","og_type":"article","og_title":"Sidi Bel-Abbes : accord de coop\u00e9ration sign\u00e9 entre l\u2019ENIE et l\u2019UFC","og_description":"Une convention-cadre de coop\u00e9ration a \u00e9t\u00e9 sign\u00e9e \u00e0 Sidi Bel-Abbes entre l&rsquo;Entreprise Nationale des Industries Electroniques (ENIE) et l&rsquo;Universit\u00e9 de la Formation Continue (UFC), dans l&rsquo;objectif de renforcer les passerelles entre le secteur \u00e9conomique et le monde universitaire, tout en contribuant au d\u00e9veloppement des comp\u00e9tences humaines, a indiqu\u00e9 lundi l&rsquo;entreprise. Selon la cellule de communication, &hellip;","og_url":"https:\/\/elmawkie.dz\/fr\/sidi-bel-abbes-accord-de-cooperation-signe-entre-lenie-et-lufc\/","og_site_name":"El Mawkie","article_publisher":"https:\/\/www.facebook.com\/profile.php?id=100088407094989&locale=fr_FR","article_published_time":"2026-04-27T13:08:49+00:00","og_image":[{"width":2048,"height":1198,"url":"https:\/\/elmawkie.dz\/fr\/wp-content\/uploads\/2026\/04\/IMG_6985.jpeg","type":"image\/jpeg"}],"author":"R\u00e9daction","twitter_card":"summary_large_image","twitter_misc":{"Written by":"R\u00e9daction","Est. reading time":"2 minutes"},"schema":{"@context":"https:\/\/schema.org","@graph":[{"@type":"Article","@id":"https:\/\/elmawkie.dz\/fr\/sidi-bel-abbes-accord-de-cooperation-signe-entre-lenie-et-lufc\/#article","isPartOf":{"@id":"https:\/\/elmawkie.dz\/fr\/sidi-bel-abbes-accord-de-cooperation-signe-entre-lenie-et-lufc\/"},"author":{"name":"R\u00e9daction","@id":"https:\/\/elmawkie.dz\/fr\/#\/schema\/person\/e7bd59d6467874ba5c4723d8a9f0a63c"},"headline":"Sidi Bel-Abbes : accord de coop\u00e9ration sign\u00e9 entre l\u2019ENIE et l\u2019UFC","datePublished":"2026-04-27T13:08:49+00:00","dateModified":"2026-04-27T13:08:49+00:00","mainEntityOfPage":{"@id":"https:\/\/elmawkie.dz\/fr\/sidi-bel-abbes-accord-de-cooperation-signe-entre-lenie-et-lufc\/"},"wordCount":368,"commentCount":0,"publisher":{"@id":"https:\/\/elmawkie.dz\/fr\/#organization"},"image":{"@id":"https:\/\/elmawkie.dz\/fr\/sidi-bel-abbes-accord-de-cooperation-signe-entre-lenie-et-lufc\/#primaryimage"},"thumbnailUrl":"https:\/\/elmawkie.dz\/fr\/wp-content\/uploads\/2026\/04\/IMG_6985.jpeg","keywords":["ENIE","Sidi Bel-Abbes","UFC"],"articleSection":["R\u00e9gion"],"inLanguage":"fr-FR","potentialAction":[{"@type":"CommentAction","name":"Comment","target":["https:\/\/elmawkie.dz\/fr\/sidi-bel-abbes-accord-de-cooperation-signe-entre-lenie-et-lufc\/#respond"]}]},{"@type":"WebPage","@id":"https:\/\/elmawkie.dz\/fr\/sidi-bel-abbes-accord-de-cooperation-signe-entre-lenie-et-lufc\/","url":"https:\/\/elmawkie.dz\/fr\/sidi-bel-abbes-accord-de-cooperation-signe-entre-lenie-et-lufc\/","name":"Sidi Bel-Abbes : accord de coop\u00e9ration sign\u00e9 entre l\u2019ENIE et l\u2019UFC - El Mawkie","isPartOf":{"@id":"https:\/\/elmawkie.dz\/fr\/#website"},"primaryImageOfPage":{"@id":"https:\/\/elmawkie.dz\/fr\/sidi-bel-abbes-accord-de-cooperation-signe-entre-lenie-et-lufc\/#primaryimage"},"image":{"@id":"https:\/\/elmawkie.dz\/fr\/sidi-bel-abbes-accord-de-cooperation-signe-entre-lenie-et-lufc\/#primaryimage"},"thumbnailUrl":"https:\/\/elmawkie.dz\/fr\/wp-content\/uploads\/2026\/04\/IMG_6985.jpeg","datePublished":"2026-04-27T13:08:49+00:00","dateModified":"2026-04-27T13:08:49+00:00","breadcrumb":{"@id":"https:\/\/elmawkie.dz\/fr\/sidi-bel-abbes-accord-de-cooperation-signe-entre-lenie-et-lufc\/#breadcrumb"},"inLanguage":"fr-FR","potentialAction":[{"@type":"ReadAction","target":["https:\/\/elmawkie.dz\/fr\/sidi-bel-abbes-accord-de-cooperation-signe-entre-lenie-et-lufc\/"]}]},{"@type":"ImageObject","inLanguage":"fr-FR","@id":"https:\/\/elmawkie.dz\/fr\/sidi-bel-abbes-accord-de-cooperation-signe-entre-lenie-et-lufc\/#primaryimage","url":"https:\/\/elmawkie.dz\/fr\/wp-content\/uploads\/2026\/04\/IMG_6985.jpeg","contentUrl":"https:\/\/elmawkie.dz\/fr\/wp-content\/uploads\/2026\/04\/IMG_6985.jpeg","width":2048,"height":1198},{"@type":"BreadcrumbList","@id":"https:\/\/elmawkie.dz\/fr\/sidi-bel-abbes-accord-de-cooperation-signe-entre-lenie-et-lufc\/#breadcrumb","itemListElement":[{"@type":"ListItem","position":1,"name":"Home","item":"https:\/\/elmawkie.dz\/fr\/"},{"@type":"ListItem","position":2,"name":"Sidi Bel-Abbes : accord de coop\u00e9ration sign\u00e9 entre l\u2019ENIE et l\u2019UFC"}]},{"@type":"WebSite","@id":"https:\/\/elmawkie.dz\/fr\/#website","url":"https:\/\/elmawkie.dz\/fr\/","name":"EL MAWKIE","description":"Journal \u00c9lectronique Alg\u00e9rien","publisher":{"@id":"https:\/\/elmawkie.dz\/fr\/#organization"},"potentialAction":[{"@type":"SearchAction","target":{"@type":"EntryPoint","urlTemplate":"https:\/\/elmawkie.dz\/fr\/?s={search_term_string}"},"query-input":"required name=search_term_string"}],"inLanguage":"fr-FR"},{"@type":"Organization","@id":"https:\/\/elmawkie.dz\/fr\/#organization","name":"EL MAWKIE","url":"https:\/\/elmawkie.dz\/fr\/","logo":{"@type":"ImageObject","inLanguage":"fr-FR","@id":"https:\/\/elmawkie.dz\/fr\/#\/schema\/logo\/image\/","url":"https:\/\/elmawkie.dz\/fr\/wp-content\/uploads\/2024\/05\/logo1.png","contentUrl":"https:\/\/elmawkie.dz\/fr\/wp-content\/uploads\/2024\/05\/logo1.png","width":1648,"height":652,"caption":"EL MAWKIE"},"image":{"@id":"https:\/\/elmawkie.dz\/fr\/#\/schema\/logo\/image\/"},"sameAs":["https:\/\/www.facebook.com\/profile.php?id=100088407094989&locale=fr_FR"]},{"@type":"Person","@id":"https:\/\/elmawkie.dz\/fr\/#\/schema\/person\/e7bd59d6467874ba5c4723d8a9f0a63c","name":"R\u00e9daction","image":{"@type":"ImageObject","inLanguage":"fr-FR","@id":"https:\/\/elmawkie.dz\/fr\/#\/schema\/person\/image\/","url":"https:\/\/secure.gravatar.com\/avatar\/f0f773456344da4d2788c054a3d30a0c?s=96&d=mm&r=g","contentUrl":"https:\/\/secure.gravatar.com\/avatar\/f0f773456344da4d2788c054a3d30a0c?s=96&d=mm&r=g","caption":"R\u00e9daction"},"url":"https:\/\/elmawkie.dz\/fr\/author\/redaction\/"}]}},"_links":{"self":[{"href":"https:\/\/elmawkie.dz\/fr\/wp-json\/wp\/v2\/posts\/64926","targetHints":{"allow":["GET"]}}],"collection":[{"href":"https:\/\/elmawkie.dz\/fr\/wp-json\/wp\/v2\/posts"}],"about":[{"href":"https:\/\/elmawkie.dz\/fr\/wp-json\/wp\/v2\/types\/post"}],"author":[{"embeddable":true,"href":"https:\/\/elmawkie.dz\/fr\/wp-json\/wp\/v2\/users\/9"}],"replies":[{"embeddable":true,"href":"https:\/\/elmawkie.dz\/fr\/wp-json\/wp\/v2\/comments?post=64926"}],"version-history":[{"count":1,"href":"https:\/\/elmawkie.dz\/fr\/wp-json\/wp\/v2\/posts\/64926\/revisions"}],"predecessor-version":[{"id":64929,"href":"https:\/\/elmawkie.dz\/fr\/wp-json\/wp\/v2\/posts\/64926\/revisions\/64929"}],"wp:featuredmedia":[{"embeddable":true,"href":"https:\/\/elmawkie.dz\/fr\/wp-json\/wp\/v2\/media\/64928"}],"wp:attachment":[{"href":"https:\/\/elmawkie.dz\/fr\/wp-json\/wp\/v2\/media?parent=64926"}],"wp:term":[{"taxonomy":"category","embeddable":true,"href":"https:\/\/elmawkie.dz\/fr\/wp-json\/wp\/v2\/categories?post=64926"},{"taxonomy":"post_tag","embeddable":true,"href":"https:\/\/elmawkie.dz\/fr\/wp-json\/wp\/v2\/tags?post=64926"}],"curies":[{"name":"wp","href":"https:\/\/api.w.org\/{rel}","templated":true}]}}