{"id":64901,"date":"2026-04-26T20:08:36","date_gmt":"2026-04-26T19:08:36","guid":{"rendered":"https:\/\/elmawkie.dz\/fr\/?p=64901"},"modified":"2026-04-26T20:08:37","modified_gmt":"2026-04-26T19:08:37","slug":"ain-defla-ouverture-de-la-7e-edition-du-salon-national-des-arts-plastiques","status":"publish","type":"post","link":"https:\/\/elmawkie.dz\/fr\/ain-defla-ouverture-de-la-7e-edition-du-salon-national-des-arts-plastiques\/","title":{"rendered":"A\u00efn-Defla : ouverture de la 7e \u00e9dition du Salon national des arts plastiques"},"content":{"rendered":"\n<p>La 7e \u00e9dition du Salon national des arts plastiques s\u2019est ouverte dimanche \u00e0 A\u00efn-Defla, dans une ambiance artistique marqu\u00e9e par une forte participation d\u2019artistes et cr\u00e9ateurs venus de plusieurs wilayas.<\/p>\n\n\n\n<p>Abrit\u00e9e par la Maison de la culture \u00ab\u00a0Emir Abdelkader\u00a0\u00bb, cette manifestation culturelle s\u2019inscrit dans le cadre de la c\u00e9l\u00e9bration du Mois du patrimoine (18 avril-18 mai), organis\u00e9 cette ann\u00e9e sous le th\u00e8me \u00ab\u00a0Notre patrimoine, notre civilisation\u00a0\u00bb.<\/p>\n\n\n\n<p>Cette \u00e9dition enregistre une large participation d\u2019artistes plasticiens repr\u00e9sentant 21 wilayas (en plus de celle d\u2019A\u00efn Defla), notamment Mascara, A\u00efn T\u00e9mouchent, Chlef, Tlemcen, Tissemsilt, Sa\u00efda, Oum El Bouaghi, Blida, Beja\u00efa et Alger, \u00a0\u00bb ce qui conf\u00e8re au salon une dimension nationale et en fait un espace propice \u00e0 l\u2019\u00e9change d\u2019exp\u00e9riences artistiques \u00ab\u00a0, a indiqu\u00e9 le directeur de la culture, Abdelhakim Djamaa.<\/p>\n\n\n\n<p>Il a assur\u00e9 la mobilisation de toutes les conditions n\u00e9cessaires au succ\u00e8s de cet \u00e9v\u00e9nement, qui vise \u00e0 promouvoir les arts plastiques et \u00e0 valoriser les talents nationaux.<\/p>\n\n\n\n<p>Le programme, qui se poursuit jusqu\u2019au 29 avril, comprend des expositions, des ateliers cr\u00e9atifs et des rencontres entre artistes et public, favorisant le rapprochement de l\u2019art avec les citoyens, notamment les jeunes.<\/p>\n\n\n\n<p>Une sortie exploratoire vers les sites patrimoniaux de Miliana est \u00e9galement pr\u00e9vue au profit des artistes, avant la cl\u00f4ture du salon par une soir\u00e9e andalouse.<\/p>\n\n\n\n<p>Ce rendez-vous culturel constitue ainsi une opportunit\u00e9 de mettre en valeur la richesse du patrimoine alg\u00e9rien \u00e0 travers des \u0153uvres refl\u00e9tant l\u2019identit\u00e9 nationale et conjuguant authenticit\u00e9 et modernit\u00e9.&nbsp;<\/p>\n","protected":false},"excerpt":{"rendered":"<p>La 7e \u00e9dition du Salon national des arts plastiques s\u2019est ouverte dimanche \u00e0 A\u00efn-Defla, dans une ambiance artistique marqu\u00e9e par une forte participation d\u2019artistes et cr\u00e9ateurs venus de plusieurs wilayas. Abrit\u00e9e par la Maison de la culture \u00ab\u00a0Emir Abdelkader\u00a0\u00bb, cette manifestation culturelle s\u2019inscrit dans le cadre de la c\u00e9l\u00e9bration du Mois du patrimoine (18 avril-18 &hellip;<\/p>\n","protected":false},"author":9,"featured_media":64903,"comment_status":"open","ping_status":"open","sticky":false,"template":"","format":"standard","meta":{"footnotes":""},"categories":[3],"tags":[6454],"class_list":["post-64901","post","type-post","status-publish","format-standard","has-post-thumbnail","hentry","category-bs-culture","tag-ain-defla-3"],"yoast_head":"<!-- This site is optimized with the Yoast SEO Premium plugin v22.6 (Yoast SEO v22.6) - https:\/\/yoast.com\/wordpress\/plugins\/seo\/ -->\n<title>A\u00efn-Defla : ouverture de la 7e \u00e9dition du Salon national des arts plastiques - El Mawkie<\/title>\n<meta name=\"robots\" content=\"index, follow, max-snippet:-1, max-image-preview:large, max-video-preview:-1\" \/>\n<link rel=\"canonical\" href=\"https:\/\/elmawkie.dz\/fr\/ain-defla-ouverture-de-la-7e-edition-du-salon-national-des-arts-plastiques\/\" \/>\n<meta property=\"og:locale\" content=\"fr_FR\" \/>\n<meta property=\"og:type\" content=\"article\" \/>\n<meta property=\"og:title\" content=\"A\u00efn-Defla : ouverture de la 7e \u00e9dition du Salon national des arts plastiques\" \/>\n<meta property=\"og:description\" content=\"La 7e \u00e9dition du Salon national des arts plastiques s\u2019est ouverte dimanche \u00e0 A\u00efn-Defla, dans une ambiance artistique marqu\u00e9e par une forte participation d\u2019artistes et cr\u00e9ateurs venus de plusieurs wilayas. Abrit\u00e9e par la Maison de la culture \u00ab\u00a0Emir Abdelkader\u00a0\u00bb, cette manifestation culturelle s\u2019inscrit dans le cadre de la c\u00e9l\u00e9bration du Mois du patrimoine (18 avril-18 &hellip;\" \/>\n<meta property=\"og:url\" content=\"https:\/\/elmawkie.dz\/fr\/ain-defla-ouverture-de-la-7e-edition-du-salon-national-des-arts-plastiques\/\" \/>\n<meta property=\"og:site_name\" content=\"El Mawkie\" \/>\n<meta property=\"article:publisher\" content=\"https:\/\/www.facebook.com\/profile.php?id=100088407094989&amp;locale=fr_FR\" \/>\n<meta property=\"article:published_time\" content=\"2026-04-26T19:08:36+00:00\" \/>\n<meta property=\"article:modified_time\" content=\"2026-04-26T19:08:37+00:00\" \/>\n<meta property=\"og:image\" content=\"https:\/\/elmawkie.dz\/fr\/wp-content\/uploads\/2026\/04\/IMG_6907.jpeg\" \/>\n\t<meta property=\"og:image:width\" content=\"588\" \/>\n\t<meta property=\"og:image:height\" content=\"354\" \/>\n\t<meta property=\"og:image:type\" content=\"image\/jpeg\" \/>\n<meta name=\"author\" content=\"R\u00e9daction\" \/>\n<meta name=\"twitter:card\" content=\"summary_large_image\" \/>\n<meta name=\"twitter:label1\" content=\"Written by\" \/>\n\t<meta name=\"twitter:data1\" content=\"R\u00e9daction\" \/>\n\t<meta name=\"twitter:label2\" content=\"Est. reading time\" \/>\n\t<meta name=\"twitter:data2\" content=\"2 minutes\" \/>\n<script type=\"application\/ld+json\" class=\"yoast-schema-graph\">{\"@context\":\"https:\/\/schema.org\",\"@graph\":[{\"@type\":\"Article\",\"@id\":\"https:\/\/elmawkie.dz\/fr\/ain-defla-ouverture-de-la-7e-edition-du-salon-national-des-arts-plastiques\/#article\",\"isPartOf\":{\"@id\":\"https:\/\/elmawkie.dz\/fr\/ain-defla-ouverture-de-la-7e-edition-du-salon-national-des-arts-plastiques\/\"},\"author\":{\"name\":\"R\u00e9daction\",\"@id\":\"https:\/\/elmawkie.dz\/fr\/#\/schema\/person\/e7bd59d6467874ba5c4723d8a9f0a63c\"},\"headline\":\"A\u00efn-Defla : ouverture de la 7e \u00e9dition du Salon national des arts plastiques\",\"datePublished\":\"2026-04-26T19:08:36+00:00\",\"dateModified\":\"2026-04-26T19:08:37+00:00\",\"mainEntityOfPage\":{\"@id\":\"https:\/\/elmawkie.dz\/fr\/ain-defla-ouverture-de-la-7e-edition-du-salon-national-des-arts-plastiques\/\"},\"wordCount\":279,\"commentCount\":0,\"publisher\":{\"@id\":\"https:\/\/elmawkie.dz\/fr\/#organization\"},\"image\":{\"@id\":\"https:\/\/elmawkie.dz\/fr\/ain-defla-ouverture-de-la-7e-edition-du-salon-national-des-arts-plastiques\/#primaryimage\"},\"thumbnailUrl\":\"https:\/\/elmawkie.dz\/fr\/wp-content\/uploads\/2026\/04\/IMG_6907.jpeg\",\"keywords\":[\"Ain-Defla\"],\"articleSection\":[\"Culture\"],\"inLanguage\":\"fr-FR\",\"potentialAction\":[{\"@type\":\"CommentAction\",\"name\":\"Comment\",\"target\":[\"https:\/\/elmawkie.dz\/fr\/ain-defla-ouverture-de-la-7e-edition-du-salon-national-des-arts-plastiques\/#respond\"]}]},{\"@type\":\"WebPage\",\"@id\":\"https:\/\/elmawkie.dz\/fr\/ain-defla-ouverture-de-la-7e-edition-du-salon-national-des-arts-plastiques\/\",\"url\":\"https:\/\/elmawkie.dz\/fr\/ain-defla-ouverture-de-la-7e-edition-du-salon-national-des-arts-plastiques\/\",\"name\":\"A\u00efn-Defla : ouverture de la 7e \u00e9dition du Salon national des arts plastiques - El Mawkie\",\"isPartOf\":{\"@id\":\"https:\/\/elmawkie.dz\/fr\/#website\"},\"primaryImageOfPage\":{\"@id\":\"https:\/\/elmawkie.dz\/fr\/ain-defla-ouverture-de-la-7e-edition-du-salon-national-des-arts-plastiques\/#primaryimage\"},\"image\":{\"@id\":\"https:\/\/elmawkie.dz\/fr\/ain-defla-ouverture-de-la-7e-edition-du-salon-national-des-arts-plastiques\/#primaryimage\"},\"thumbnailUrl\":\"https:\/\/elmawkie.dz\/fr\/wp-content\/uploads\/2026\/04\/IMG_6907.jpeg\",\"datePublished\":\"2026-04-26T19:08:36+00:00\",\"dateModified\":\"2026-04-26T19:08:37+00:00\",\"breadcrumb\":{\"@id\":\"https:\/\/elmawkie.dz\/fr\/ain-defla-ouverture-de-la-7e-edition-du-salon-national-des-arts-plastiques\/#breadcrumb\"},\"inLanguage\":\"fr-FR\",\"potentialAction\":[{\"@type\":\"ReadAction\",\"target\":[\"https:\/\/elmawkie.dz\/fr\/ain-defla-ouverture-de-la-7e-edition-du-salon-national-des-arts-plastiques\/\"]}]},{\"@type\":\"ImageObject\",\"inLanguage\":\"fr-FR\",\"@id\":\"https:\/\/elmawkie.dz\/fr\/ain-defla-ouverture-de-la-7e-edition-du-salon-national-des-arts-plastiques\/#primaryimage\",\"url\":\"https:\/\/elmawkie.dz\/fr\/wp-content\/uploads\/2026\/04\/IMG_6907.jpeg\",\"contentUrl\":\"https:\/\/elmawkie.dz\/fr\/wp-content\/uploads\/2026\/04\/IMG_6907.jpeg\",\"width\":588,\"height\":354},{\"@type\":\"BreadcrumbList\",\"@id\":\"https:\/\/elmawkie.dz\/fr\/ain-defla-ouverture-de-la-7e-edition-du-salon-national-des-arts-plastiques\/#breadcrumb\",\"itemListElement\":[{\"@type\":\"ListItem\",\"position\":1,\"name\":\"Home\",\"item\":\"https:\/\/elmawkie.dz\/fr\/\"},{\"@type\":\"ListItem\",\"position\":2,\"name\":\"A\u00efn-Defla : ouverture de la 7e \u00e9dition du Salon national des arts plastiques\"}]},{\"@type\":\"WebSite\",\"@id\":\"https:\/\/elmawkie.dz\/fr\/#website\",\"url\":\"https:\/\/elmawkie.dz\/fr\/\",\"name\":\"EL MAWKIE\",\"description\":\"Journal \u00c9lectronique Alg\u00e9rien\",\"publisher\":{\"@id\":\"https:\/\/elmawkie.dz\/fr\/#organization\"},\"potentialAction\":[{\"@type\":\"SearchAction\",\"target\":{\"@type\":\"EntryPoint\",\"urlTemplate\":\"https:\/\/elmawkie.dz\/fr\/?s={search_term_string}\"},\"query-input\":\"required name=search_term_string\"}],\"inLanguage\":\"fr-FR\"},{\"@type\":\"Organization\",\"@id\":\"https:\/\/elmawkie.dz\/fr\/#organization\",\"name\":\"EL MAWKIE\",\"url\":\"https:\/\/elmawkie.dz\/fr\/\",\"logo\":{\"@type\":\"ImageObject\",\"inLanguage\":\"fr-FR\",\"@id\":\"https:\/\/elmawkie.dz\/fr\/#\/schema\/logo\/image\/\",\"url\":\"https:\/\/elmawkie.dz\/fr\/wp-content\/uploads\/2024\/05\/logo1.png\",\"contentUrl\":\"https:\/\/elmawkie.dz\/fr\/wp-content\/uploads\/2024\/05\/logo1.png\",\"width\":1648,\"height\":652,\"caption\":\"EL MAWKIE\"},\"image\":{\"@id\":\"https:\/\/elmawkie.dz\/fr\/#\/schema\/logo\/image\/\"},\"sameAs\":[\"https:\/\/www.facebook.com\/profile.php?id=100088407094989&locale=fr_FR\"]},{\"@type\":\"Person\",\"@id\":\"https:\/\/elmawkie.dz\/fr\/#\/schema\/person\/e7bd59d6467874ba5c4723d8a9f0a63c\",\"name\":\"R\u00e9daction\",\"image\":{\"@type\":\"ImageObject\",\"inLanguage\":\"fr-FR\",\"@id\":\"https:\/\/elmawkie.dz\/fr\/#\/schema\/person\/image\/\",\"url\":\"https:\/\/secure.gravatar.com\/avatar\/f0f773456344da4d2788c054a3d30a0c?s=96&d=mm&r=g\",\"contentUrl\":\"https:\/\/secure.gravatar.com\/avatar\/f0f773456344da4d2788c054a3d30a0c?s=96&d=mm&r=g\",\"caption\":\"R\u00e9daction\"},\"url\":\"https:\/\/elmawkie.dz\/fr\/author\/redaction\/\"}]}<\/script>\n<!-- \/ Yoast SEO Premium plugin. -->","yoast_head_json":{"title":"A\u00efn-Defla : ouverture de la 7e \u00e9dition du Salon national des arts plastiques - El Mawkie","robots":{"index":"index","follow":"follow","max-snippet":"max-snippet:-1","max-image-preview":"max-image-preview:large","max-video-preview":"max-video-preview:-1"},"canonical":"https:\/\/elmawkie.dz\/fr\/ain-defla-ouverture-de-la-7e-edition-du-salon-national-des-arts-plastiques\/","og_locale":"fr_FR","og_type":"article","og_title":"A\u00efn-Defla : ouverture de la 7e \u00e9dition du Salon national des arts plastiques","og_description":"La 7e \u00e9dition du Salon national des arts plastiques s\u2019est ouverte dimanche \u00e0 A\u00efn-Defla, dans une ambiance artistique marqu\u00e9e par une forte participation d\u2019artistes et cr\u00e9ateurs venus de plusieurs wilayas. Abrit\u00e9e par la Maison de la culture \u00ab\u00a0Emir Abdelkader\u00a0\u00bb, cette manifestation culturelle s\u2019inscrit dans le cadre de la c\u00e9l\u00e9bration du Mois du patrimoine (18 avril-18 &hellip;","og_url":"https:\/\/elmawkie.dz\/fr\/ain-defla-ouverture-de-la-7e-edition-du-salon-national-des-arts-plastiques\/","og_site_name":"El Mawkie","article_publisher":"https:\/\/www.facebook.com\/profile.php?id=100088407094989&locale=fr_FR","article_published_time":"2026-04-26T19:08:36+00:00","article_modified_time":"2026-04-26T19:08:37+00:00","og_image":[{"width":588,"height":354,"url":"https:\/\/elmawkie.dz\/fr\/wp-content\/uploads\/2026\/04\/IMG_6907.jpeg","type":"image\/jpeg"}],"author":"R\u00e9daction","twitter_card":"summary_large_image","twitter_misc":{"Written by":"R\u00e9daction","Est. reading time":"2 minutes"},"schema":{"@context":"https:\/\/schema.org","@graph":[{"@type":"Article","@id":"https:\/\/elmawkie.dz\/fr\/ain-defla-ouverture-de-la-7e-edition-du-salon-national-des-arts-plastiques\/#article","isPartOf":{"@id":"https:\/\/elmawkie.dz\/fr\/ain-defla-ouverture-de-la-7e-edition-du-salon-national-des-arts-plastiques\/"},"author":{"name":"R\u00e9daction","@id":"https:\/\/elmawkie.dz\/fr\/#\/schema\/person\/e7bd59d6467874ba5c4723d8a9f0a63c"},"headline":"A\u00efn-Defla : ouverture de la 7e \u00e9dition du Salon national des arts plastiques","datePublished":"2026-04-26T19:08:36+00:00","dateModified":"2026-04-26T19:08:37+00:00","mainEntityOfPage":{"@id":"https:\/\/elmawkie.dz\/fr\/ain-defla-ouverture-de-la-7e-edition-du-salon-national-des-arts-plastiques\/"},"wordCount":279,"commentCount":0,"publisher":{"@id":"https:\/\/elmawkie.dz\/fr\/#organization"},"image":{"@id":"https:\/\/elmawkie.dz\/fr\/ain-defla-ouverture-de-la-7e-edition-du-salon-national-des-arts-plastiques\/#primaryimage"},"thumbnailUrl":"https:\/\/elmawkie.dz\/fr\/wp-content\/uploads\/2026\/04\/IMG_6907.jpeg","keywords":["Ain-Defla"],"articleSection":["Culture"],"inLanguage":"fr-FR","potentialAction":[{"@type":"CommentAction","name":"Comment","target":["https:\/\/elmawkie.dz\/fr\/ain-defla-ouverture-de-la-7e-edition-du-salon-national-des-arts-plastiques\/#respond"]}]},{"@type":"WebPage","@id":"https:\/\/elmawkie.dz\/fr\/ain-defla-ouverture-de-la-7e-edition-du-salon-national-des-arts-plastiques\/","url":"https:\/\/elmawkie.dz\/fr\/ain-defla-ouverture-de-la-7e-edition-du-salon-national-des-arts-plastiques\/","name":"A\u00efn-Defla : ouverture de la 7e \u00e9dition du Salon national des arts plastiques - El Mawkie","isPartOf":{"@id":"https:\/\/elmawkie.dz\/fr\/#website"},"primaryImageOfPage":{"@id":"https:\/\/elmawkie.dz\/fr\/ain-defla-ouverture-de-la-7e-edition-du-salon-national-des-arts-plastiques\/#primaryimage"},"image":{"@id":"https:\/\/elmawkie.dz\/fr\/ain-defla-ouverture-de-la-7e-edition-du-salon-national-des-arts-plastiques\/#primaryimage"},"thumbnailUrl":"https:\/\/elmawkie.dz\/fr\/wp-content\/uploads\/2026\/04\/IMG_6907.jpeg","datePublished":"2026-04-26T19:08:36+00:00","dateModified":"2026-04-26T19:08:37+00:00","breadcrumb":{"@id":"https:\/\/elmawkie.dz\/fr\/ain-defla-ouverture-de-la-7e-edition-du-salon-national-des-arts-plastiques\/#breadcrumb"},"inLanguage":"fr-FR","potentialAction":[{"@type":"ReadAction","target":["https:\/\/elmawkie.dz\/fr\/ain-defla-ouverture-de-la-7e-edition-du-salon-national-des-arts-plastiques\/"]}]},{"@type":"ImageObject","inLanguage":"fr-FR","@id":"https:\/\/elmawkie.dz\/fr\/ain-defla-ouverture-de-la-7e-edition-du-salon-national-des-arts-plastiques\/#primaryimage","url":"https:\/\/elmawkie.dz\/fr\/wp-content\/uploads\/2026\/04\/IMG_6907.jpeg","contentUrl":"https:\/\/elmawkie.dz\/fr\/wp-content\/uploads\/2026\/04\/IMG_6907.jpeg","width":588,"height":354},{"@type":"BreadcrumbList","@id":"https:\/\/elmawkie.dz\/fr\/ain-defla-ouverture-de-la-7e-edition-du-salon-national-des-arts-plastiques\/#breadcrumb","itemListElement":[{"@type":"ListItem","position":1,"name":"Home","item":"https:\/\/elmawkie.dz\/fr\/"},{"@type":"ListItem","position":2,"name":"A\u00efn-Defla : ouverture de la 7e \u00e9dition du Salon national des arts plastiques"}]},{"@type":"WebSite","@id":"https:\/\/elmawkie.dz\/fr\/#website","url":"https:\/\/elmawkie.dz\/fr\/","name":"EL MAWKIE","description":"Journal \u00c9lectronique Alg\u00e9rien","publisher":{"@id":"https:\/\/elmawkie.dz\/fr\/#organization"},"potentialAction":[{"@type":"SearchAction","target":{"@type":"EntryPoint","urlTemplate":"https:\/\/elmawkie.dz\/fr\/?s={search_term_string}"},"query-input":"required name=search_term_string"}],"inLanguage":"fr-FR"},{"@type":"Organization","@id":"https:\/\/elmawkie.dz\/fr\/#organization","name":"EL MAWKIE","url":"https:\/\/elmawkie.dz\/fr\/","logo":{"@type":"ImageObject","inLanguage":"fr-FR","@id":"https:\/\/elmawkie.dz\/fr\/#\/schema\/logo\/image\/","url":"https:\/\/elmawkie.dz\/fr\/wp-content\/uploads\/2024\/05\/logo1.png","contentUrl":"https:\/\/elmawkie.dz\/fr\/wp-content\/uploads\/2024\/05\/logo1.png","width":1648,"height":652,"caption":"EL MAWKIE"},"image":{"@id":"https:\/\/elmawkie.dz\/fr\/#\/schema\/logo\/image\/"},"sameAs":["https:\/\/www.facebook.com\/profile.php?id=100088407094989&locale=fr_FR"]},{"@type":"Person","@id":"https:\/\/elmawkie.dz\/fr\/#\/schema\/person\/e7bd59d6467874ba5c4723d8a9f0a63c","name":"R\u00e9daction","image":{"@type":"ImageObject","inLanguage":"fr-FR","@id":"https:\/\/elmawkie.dz\/fr\/#\/schema\/person\/image\/","url":"https:\/\/secure.gravatar.com\/avatar\/f0f773456344da4d2788c054a3d30a0c?s=96&d=mm&r=g","contentUrl":"https:\/\/secure.gravatar.com\/avatar\/f0f773456344da4d2788c054a3d30a0c?s=96&d=mm&r=g","caption":"R\u00e9daction"},"url":"https:\/\/elmawkie.dz\/fr\/author\/redaction\/"}]}},"_links":{"self":[{"href":"https:\/\/elmawkie.dz\/fr\/wp-json\/wp\/v2\/posts\/64901","targetHints":{"allow":["GET"]}}],"collection":[{"href":"https:\/\/elmawkie.dz\/fr\/wp-json\/wp\/v2\/posts"}],"about":[{"href":"https:\/\/elmawkie.dz\/fr\/wp-json\/wp\/v2\/types\/post"}],"author":[{"embeddable":true,"href":"https:\/\/elmawkie.dz\/fr\/wp-json\/wp\/v2\/users\/9"}],"replies":[{"embeddable":true,"href":"https:\/\/elmawkie.dz\/fr\/wp-json\/wp\/v2\/comments?post=64901"}],"version-history":[{"count":1,"href":"https:\/\/elmawkie.dz\/fr\/wp-json\/wp\/v2\/posts\/64901\/revisions"}],"predecessor-version":[{"id":64904,"href":"https:\/\/elmawkie.dz\/fr\/wp-json\/wp\/v2\/posts\/64901\/revisions\/64904"}],"wp:featuredmedia":[{"embeddable":true,"href":"https:\/\/elmawkie.dz\/fr\/wp-json\/wp\/v2\/media\/64903"}],"wp:attachment":[{"href":"https:\/\/elmawkie.dz\/fr\/wp-json\/wp\/v2\/media?parent=64901"}],"wp:term":[{"taxonomy":"category","embeddable":true,"href":"https:\/\/elmawkie.dz\/fr\/wp-json\/wp\/v2\/categories?post=64901"},{"taxonomy":"post_tag","embeddable":true,"href":"https:\/\/elmawkie.dz\/fr\/wp-json\/wp\/v2\/tags?post=64901"}],"curies":[{"name":"wp","href":"https:\/\/api.w.org\/{rel}","templated":true}]}}