{"id":64892,"date":"2026-04-26T19:26:54","date_gmt":"2026-04-26T18:26:54","guid":{"rendered":"https:\/\/elmawkie.dz\/fr\/?p=64892"},"modified":"2026-04-26T19:26:55","modified_gmt":"2026-04-26T18:26:55","slug":"patrimoine-et-litterature-amazighe-au-coeur-dun-colloque-national-a-bejaia","status":"publish","type":"post","link":"https:\/\/elmawkie.dz\/fr\/patrimoine-et-litterature-amazighe-au-coeur-dun-colloque-national-a-bejaia\/","title":{"rendered":"Patrimoine et litt\u00e9rature amazighe au c\u0153ur d\u2019un colloque national \u00e0 B\u00e9ja\u00efa"},"content":{"rendered":"\n<p>La manifestation du patrimoine mat\u00e9riel et immat\u00e9riel dans la litt\u00e9rature amazighe est au centre des d\u00e9bats, lors d&rsquo;un colloque national organis\u00e9 \u00e0 partir de dimanche, par le Centre de recherche en langue et culture amazighes (CRCLA) de B\u00e9jaia.<\/p>\n\n\n\n<p>Intitul\u00e9e \u00ab\u00a0La manifestation du patrimoine dans la litt\u00e9rature amazighe : entre m\u00e9moire, identit\u00e9 et cr\u00e9ation\u00a0\u00bb, la rencontre scientifique organis\u00e9e dans le cadre du mois du patrimoine, r\u00e9unit une trentaine d&rsquo;enseignants et de chercheurs des universit\u00e9s de Bouira, B\u00e9jaia, Tizi Ouzou et de Boumerd\u00e8s.<\/p>\n\n\n\n<p>La pr\u00e9sidente du colloque et directrice de la division \u00ab\u00a0Litt\u00e9rature, art et patrimoine amazighs\u00a0\u00bb au sein du CRLCA, Dr. Hayat Bennadji, a soulign\u00e9 que des romanciers, chanteurs et po\u00e8tes \u00ab\u00a0ont exploit\u00e9 le patrimoine dans leurs travaux\u00a0\u00bb, et qu&rsquo;il s&rsquo;agissait de mettre en exergue cet aspect.<\/p>\n\n\n\n<p>Outre des \u00e9crivains et romanciers, des chanteurs et des po\u00e8tes ont \u00e9galement puis\u00e9 dans la richesse patrimoniale locale pour leurs cr\u00e9ations litt\u00e9raires et artistiques, a soulign\u00e9 la m\u00eame source, estimant que cela permet de sauvegarder et de pr\u00e9server cet h\u00e9ritage.<\/p>\n\n\n\n<p>Pour sa part, le professeur Moussa Imarazene, sp\u00e9cialiste en linguistique \u00e0 l&rsquo;universit\u00e9 Mouloud Mammeri de Tizi Ouzou, a mis l&rsquo;accent sur la n\u00e9cessit\u00e9 de conserver \u00ab\u00a0cette richesse patrimoniale que nous avons h\u00e9rit\u00e9e de nos a\u00efeuls\u00a0\u00bb.<\/p>\n\n\n\n<p>Il a \u00e9galement soulign\u00e9 l&rsquo;importance \u00ab\u00a0d&rsquo;enrichir ce patrimoine linguistique et symbolique \u00e0 travers son usage au quotidien dans la litt\u00e9rature, notamment le roman, le th\u00e9\u00e2tre, la po\u00e9sie et le chant\u00a0\u00bb.<\/p>\n\n\n\n<p>Le colloque, qui se d\u00e9roule sur deux jours, comprend cinq sessions et trois ateliers, au cours desquels plusieurs communications seront pr\u00e9sent\u00e9es autour du th\u00e8me principal de la rencontre.<\/p>\n","protected":false},"excerpt":{"rendered":"<p>La manifestation du patrimoine mat\u00e9riel et immat\u00e9riel dans la litt\u00e9rature amazighe est au centre des d\u00e9bats, lors d&rsquo;un colloque national organis\u00e9 \u00e0 partir de dimanche, par le Centre de recherche en langue et culture amazighes (CRCLA) de B\u00e9jaia. Intitul\u00e9e \u00ab\u00a0La manifestation du patrimoine dans la litt\u00e9rature amazighe : entre m\u00e9moire, identit\u00e9 et cr\u00e9ation\u00a0\u00bb, la rencontre &hellip;<\/p>\n","protected":false},"author":9,"featured_media":64894,"comment_status":"open","ping_status":"open","sticky":false,"template":"","format":"standard","meta":{"footnotes":""},"categories":[50],"tags":[5850,5042,859],"class_list":["post-64892","post","type-post","status-publish","format-standard","has-post-thumbnail","hentry","category-region","tag-bejaia-4","tag-chanson-amazighe","tag-colloque-national"],"yoast_head":"<!-- This site is optimized with the Yoast SEO Premium plugin v22.6 (Yoast SEO v22.6) - https:\/\/yoast.com\/wordpress\/plugins\/seo\/ -->\n<title>Patrimoine et litt\u00e9rature amazighe au c\u0153ur d\u2019un colloque national \u00e0 B\u00e9ja\u00efa - El Mawkie<\/title>\n<meta name=\"robots\" content=\"index, follow, max-snippet:-1, max-image-preview:large, max-video-preview:-1\" \/>\n<link rel=\"canonical\" href=\"https:\/\/elmawkie.dz\/fr\/patrimoine-et-litterature-amazighe-au-coeur-dun-colloque-national-a-bejaia\/\" \/>\n<meta property=\"og:locale\" content=\"fr_FR\" \/>\n<meta property=\"og:type\" content=\"article\" \/>\n<meta property=\"og:title\" content=\"Patrimoine et litt\u00e9rature amazighe au c\u0153ur d\u2019un colloque national \u00e0 B\u00e9ja\u00efa\" \/>\n<meta property=\"og:description\" content=\"La manifestation du patrimoine mat\u00e9riel et immat\u00e9riel dans la litt\u00e9rature amazighe est au centre des d\u00e9bats, lors d&rsquo;un colloque national organis\u00e9 \u00e0 partir de dimanche, par le Centre de recherche en langue et culture amazighes (CRCLA) de B\u00e9jaia. Intitul\u00e9e \u00ab\u00a0La manifestation du patrimoine dans la litt\u00e9rature amazighe : entre m\u00e9moire, identit\u00e9 et cr\u00e9ation\u00a0\u00bb, la rencontre &hellip;\" \/>\n<meta property=\"og:url\" content=\"https:\/\/elmawkie.dz\/fr\/patrimoine-et-litterature-amazighe-au-coeur-dun-colloque-national-a-bejaia\/\" \/>\n<meta property=\"og:site_name\" content=\"El Mawkie\" \/>\n<meta property=\"article:publisher\" content=\"https:\/\/www.facebook.com\/profile.php?id=100088407094989&amp;locale=fr_FR\" \/>\n<meta property=\"article:published_time\" content=\"2026-04-26T18:26:54+00:00\" \/>\n<meta property=\"article:modified_time\" content=\"2026-04-26T18:26:55+00:00\" \/>\n<meta property=\"og:image\" content=\"https:\/\/elmawkie.dz\/fr\/wp-content\/uploads\/2026\/04\/IMG_6900.jpeg\" \/>\n\t<meta property=\"og:image:width\" content=\"2048\" \/>\n\t<meta property=\"og:image:height\" content=\"1365\" \/>\n\t<meta property=\"og:image:type\" content=\"image\/jpeg\" \/>\n<meta name=\"author\" content=\"R\u00e9daction\" \/>\n<meta name=\"twitter:card\" content=\"summary_large_image\" \/>\n<meta name=\"twitter:label1\" content=\"Written by\" \/>\n\t<meta name=\"twitter:data1\" content=\"R\u00e9daction\" \/>\n\t<meta name=\"twitter:label2\" content=\"Est. reading time\" \/>\n\t<meta name=\"twitter:data2\" content=\"2 minutes\" \/>\n<script type=\"application\/ld+json\" class=\"yoast-schema-graph\">{\"@context\":\"https:\/\/schema.org\",\"@graph\":[{\"@type\":\"Article\",\"@id\":\"https:\/\/elmawkie.dz\/fr\/patrimoine-et-litterature-amazighe-au-coeur-dun-colloque-national-a-bejaia\/#article\",\"isPartOf\":{\"@id\":\"https:\/\/elmawkie.dz\/fr\/patrimoine-et-litterature-amazighe-au-coeur-dun-colloque-national-a-bejaia\/\"},\"author\":{\"name\":\"R\u00e9daction\",\"@id\":\"https:\/\/elmawkie.dz\/fr\/#\/schema\/person\/e7bd59d6467874ba5c4723d8a9f0a63c\"},\"headline\":\"Patrimoine et litt\u00e9rature amazighe au c\u0153ur d\u2019un colloque national \u00e0 B\u00e9ja\u00efa\",\"datePublished\":\"2026-04-26T18:26:54+00:00\",\"dateModified\":\"2026-04-26T18:26:55+00:00\",\"mainEntityOfPage\":{\"@id\":\"https:\/\/elmawkie.dz\/fr\/patrimoine-et-litterature-amazighe-au-coeur-dun-colloque-national-a-bejaia\/\"},\"wordCount\":313,\"commentCount\":0,\"publisher\":{\"@id\":\"https:\/\/elmawkie.dz\/fr\/#organization\"},\"image\":{\"@id\":\"https:\/\/elmawkie.dz\/fr\/patrimoine-et-litterature-amazighe-au-coeur-dun-colloque-national-a-bejaia\/#primaryimage\"},\"thumbnailUrl\":\"https:\/\/elmawkie.dz\/fr\/wp-content\/uploads\/2026\/04\/IMG_6900.jpeg\",\"keywords\":[\"Beja\u00efa\",\"Chanson amazighe\",\"Colloque national\"],\"articleSection\":[\"R\u00e9gion\"],\"inLanguage\":\"fr-FR\",\"potentialAction\":[{\"@type\":\"CommentAction\",\"name\":\"Comment\",\"target\":[\"https:\/\/elmawkie.dz\/fr\/patrimoine-et-litterature-amazighe-au-coeur-dun-colloque-national-a-bejaia\/#respond\"]}]},{\"@type\":\"WebPage\",\"@id\":\"https:\/\/elmawkie.dz\/fr\/patrimoine-et-litterature-amazighe-au-coeur-dun-colloque-national-a-bejaia\/\",\"url\":\"https:\/\/elmawkie.dz\/fr\/patrimoine-et-litterature-amazighe-au-coeur-dun-colloque-national-a-bejaia\/\",\"name\":\"Patrimoine et litt\u00e9rature amazighe au c\u0153ur d\u2019un colloque national \u00e0 B\u00e9ja\u00efa - El Mawkie\",\"isPartOf\":{\"@id\":\"https:\/\/elmawkie.dz\/fr\/#website\"},\"primaryImageOfPage\":{\"@id\":\"https:\/\/elmawkie.dz\/fr\/patrimoine-et-litterature-amazighe-au-coeur-dun-colloque-national-a-bejaia\/#primaryimage\"},\"image\":{\"@id\":\"https:\/\/elmawkie.dz\/fr\/patrimoine-et-litterature-amazighe-au-coeur-dun-colloque-national-a-bejaia\/#primaryimage\"},\"thumbnailUrl\":\"https:\/\/elmawkie.dz\/fr\/wp-content\/uploads\/2026\/04\/IMG_6900.jpeg\",\"datePublished\":\"2026-04-26T18:26:54+00:00\",\"dateModified\":\"2026-04-26T18:26:55+00:00\",\"breadcrumb\":{\"@id\":\"https:\/\/elmawkie.dz\/fr\/patrimoine-et-litterature-amazighe-au-coeur-dun-colloque-national-a-bejaia\/#breadcrumb\"},\"inLanguage\":\"fr-FR\",\"potentialAction\":[{\"@type\":\"ReadAction\",\"target\":[\"https:\/\/elmawkie.dz\/fr\/patrimoine-et-litterature-amazighe-au-coeur-dun-colloque-national-a-bejaia\/\"]}]},{\"@type\":\"ImageObject\",\"inLanguage\":\"fr-FR\",\"@id\":\"https:\/\/elmawkie.dz\/fr\/patrimoine-et-litterature-amazighe-au-coeur-dun-colloque-national-a-bejaia\/#primaryimage\",\"url\":\"https:\/\/elmawkie.dz\/fr\/wp-content\/uploads\/2026\/04\/IMG_6900.jpeg\",\"contentUrl\":\"https:\/\/elmawkie.dz\/fr\/wp-content\/uploads\/2026\/04\/IMG_6900.jpeg\",\"width\":2048,\"height\":1365},{\"@type\":\"BreadcrumbList\",\"@id\":\"https:\/\/elmawkie.dz\/fr\/patrimoine-et-litterature-amazighe-au-coeur-dun-colloque-national-a-bejaia\/#breadcrumb\",\"itemListElement\":[{\"@type\":\"ListItem\",\"position\":1,\"name\":\"Home\",\"item\":\"https:\/\/elmawkie.dz\/fr\/\"},{\"@type\":\"ListItem\",\"position\":2,\"name\":\"Patrimoine et litt\u00e9rature amazighe au c\u0153ur d\u2019un colloque national \u00e0 B\u00e9ja\u00efa\"}]},{\"@type\":\"WebSite\",\"@id\":\"https:\/\/elmawkie.dz\/fr\/#website\",\"url\":\"https:\/\/elmawkie.dz\/fr\/\",\"name\":\"EL MAWKIE\",\"description\":\"Journal \u00c9lectronique Alg\u00e9rien\",\"publisher\":{\"@id\":\"https:\/\/elmawkie.dz\/fr\/#organization\"},\"potentialAction\":[{\"@type\":\"SearchAction\",\"target\":{\"@type\":\"EntryPoint\",\"urlTemplate\":\"https:\/\/elmawkie.dz\/fr\/?s={search_term_string}\"},\"query-input\":\"required name=search_term_string\"}],\"inLanguage\":\"fr-FR\"},{\"@type\":\"Organization\",\"@id\":\"https:\/\/elmawkie.dz\/fr\/#organization\",\"name\":\"EL MAWKIE\",\"url\":\"https:\/\/elmawkie.dz\/fr\/\",\"logo\":{\"@type\":\"ImageObject\",\"inLanguage\":\"fr-FR\",\"@id\":\"https:\/\/elmawkie.dz\/fr\/#\/schema\/logo\/image\/\",\"url\":\"https:\/\/elmawkie.dz\/fr\/wp-content\/uploads\/2024\/05\/logo1.png\",\"contentUrl\":\"https:\/\/elmawkie.dz\/fr\/wp-content\/uploads\/2024\/05\/logo1.png\",\"width\":1648,\"height\":652,\"caption\":\"EL MAWKIE\"},\"image\":{\"@id\":\"https:\/\/elmawkie.dz\/fr\/#\/schema\/logo\/image\/\"},\"sameAs\":[\"https:\/\/www.facebook.com\/profile.php?id=100088407094989&locale=fr_FR\"]},{\"@type\":\"Person\",\"@id\":\"https:\/\/elmawkie.dz\/fr\/#\/schema\/person\/e7bd59d6467874ba5c4723d8a9f0a63c\",\"name\":\"R\u00e9daction\",\"image\":{\"@type\":\"ImageObject\",\"inLanguage\":\"fr-FR\",\"@id\":\"https:\/\/elmawkie.dz\/fr\/#\/schema\/person\/image\/\",\"url\":\"https:\/\/secure.gravatar.com\/avatar\/f0f773456344da4d2788c054a3d30a0c?s=96&d=mm&r=g\",\"contentUrl\":\"https:\/\/secure.gravatar.com\/avatar\/f0f773456344da4d2788c054a3d30a0c?s=96&d=mm&r=g\",\"caption\":\"R\u00e9daction\"},\"url\":\"https:\/\/elmawkie.dz\/fr\/author\/redaction\/\"}]}<\/script>\n<!-- \/ Yoast SEO Premium plugin. -->","yoast_head_json":{"title":"Patrimoine et litt\u00e9rature amazighe au c\u0153ur d\u2019un colloque national \u00e0 B\u00e9ja\u00efa - El Mawkie","robots":{"index":"index","follow":"follow","max-snippet":"max-snippet:-1","max-image-preview":"max-image-preview:large","max-video-preview":"max-video-preview:-1"},"canonical":"https:\/\/elmawkie.dz\/fr\/patrimoine-et-litterature-amazighe-au-coeur-dun-colloque-national-a-bejaia\/","og_locale":"fr_FR","og_type":"article","og_title":"Patrimoine et litt\u00e9rature amazighe au c\u0153ur d\u2019un colloque national \u00e0 B\u00e9ja\u00efa","og_description":"La manifestation du patrimoine mat\u00e9riel et immat\u00e9riel dans la litt\u00e9rature amazighe est au centre des d\u00e9bats, lors d&rsquo;un colloque national organis\u00e9 \u00e0 partir de dimanche, par le Centre de recherche en langue et culture amazighes (CRCLA) de B\u00e9jaia. Intitul\u00e9e \u00ab\u00a0La manifestation du patrimoine dans la litt\u00e9rature amazighe : entre m\u00e9moire, identit\u00e9 et cr\u00e9ation\u00a0\u00bb, la rencontre &hellip;","og_url":"https:\/\/elmawkie.dz\/fr\/patrimoine-et-litterature-amazighe-au-coeur-dun-colloque-national-a-bejaia\/","og_site_name":"El Mawkie","article_publisher":"https:\/\/www.facebook.com\/profile.php?id=100088407094989&locale=fr_FR","article_published_time":"2026-04-26T18:26:54+00:00","article_modified_time":"2026-04-26T18:26:55+00:00","og_image":[{"width":2048,"height":1365,"url":"https:\/\/elmawkie.dz\/fr\/wp-content\/uploads\/2026\/04\/IMG_6900.jpeg","type":"image\/jpeg"}],"author":"R\u00e9daction","twitter_card":"summary_large_image","twitter_misc":{"Written by":"R\u00e9daction","Est. reading time":"2 minutes"},"schema":{"@context":"https:\/\/schema.org","@graph":[{"@type":"Article","@id":"https:\/\/elmawkie.dz\/fr\/patrimoine-et-litterature-amazighe-au-coeur-dun-colloque-national-a-bejaia\/#article","isPartOf":{"@id":"https:\/\/elmawkie.dz\/fr\/patrimoine-et-litterature-amazighe-au-coeur-dun-colloque-national-a-bejaia\/"},"author":{"name":"R\u00e9daction","@id":"https:\/\/elmawkie.dz\/fr\/#\/schema\/person\/e7bd59d6467874ba5c4723d8a9f0a63c"},"headline":"Patrimoine et litt\u00e9rature amazighe au c\u0153ur d\u2019un colloque national \u00e0 B\u00e9ja\u00efa","datePublished":"2026-04-26T18:26:54+00:00","dateModified":"2026-04-26T18:26:55+00:00","mainEntityOfPage":{"@id":"https:\/\/elmawkie.dz\/fr\/patrimoine-et-litterature-amazighe-au-coeur-dun-colloque-national-a-bejaia\/"},"wordCount":313,"commentCount":0,"publisher":{"@id":"https:\/\/elmawkie.dz\/fr\/#organization"},"image":{"@id":"https:\/\/elmawkie.dz\/fr\/patrimoine-et-litterature-amazighe-au-coeur-dun-colloque-national-a-bejaia\/#primaryimage"},"thumbnailUrl":"https:\/\/elmawkie.dz\/fr\/wp-content\/uploads\/2026\/04\/IMG_6900.jpeg","keywords":["Beja\u00efa","Chanson amazighe","Colloque national"],"articleSection":["R\u00e9gion"],"inLanguage":"fr-FR","potentialAction":[{"@type":"CommentAction","name":"Comment","target":["https:\/\/elmawkie.dz\/fr\/patrimoine-et-litterature-amazighe-au-coeur-dun-colloque-national-a-bejaia\/#respond"]}]},{"@type":"WebPage","@id":"https:\/\/elmawkie.dz\/fr\/patrimoine-et-litterature-amazighe-au-coeur-dun-colloque-national-a-bejaia\/","url":"https:\/\/elmawkie.dz\/fr\/patrimoine-et-litterature-amazighe-au-coeur-dun-colloque-national-a-bejaia\/","name":"Patrimoine et litt\u00e9rature amazighe au c\u0153ur d\u2019un colloque national \u00e0 B\u00e9ja\u00efa - El Mawkie","isPartOf":{"@id":"https:\/\/elmawkie.dz\/fr\/#website"},"primaryImageOfPage":{"@id":"https:\/\/elmawkie.dz\/fr\/patrimoine-et-litterature-amazighe-au-coeur-dun-colloque-national-a-bejaia\/#primaryimage"},"image":{"@id":"https:\/\/elmawkie.dz\/fr\/patrimoine-et-litterature-amazighe-au-coeur-dun-colloque-national-a-bejaia\/#primaryimage"},"thumbnailUrl":"https:\/\/elmawkie.dz\/fr\/wp-content\/uploads\/2026\/04\/IMG_6900.jpeg","datePublished":"2026-04-26T18:26:54+00:00","dateModified":"2026-04-26T18:26:55+00:00","breadcrumb":{"@id":"https:\/\/elmawkie.dz\/fr\/patrimoine-et-litterature-amazighe-au-coeur-dun-colloque-national-a-bejaia\/#breadcrumb"},"inLanguage":"fr-FR","potentialAction":[{"@type":"ReadAction","target":["https:\/\/elmawkie.dz\/fr\/patrimoine-et-litterature-amazighe-au-coeur-dun-colloque-national-a-bejaia\/"]}]},{"@type":"ImageObject","inLanguage":"fr-FR","@id":"https:\/\/elmawkie.dz\/fr\/patrimoine-et-litterature-amazighe-au-coeur-dun-colloque-national-a-bejaia\/#primaryimage","url":"https:\/\/elmawkie.dz\/fr\/wp-content\/uploads\/2026\/04\/IMG_6900.jpeg","contentUrl":"https:\/\/elmawkie.dz\/fr\/wp-content\/uploads\/2026\/04\/IMG_6900.jpeg","width":2048,"height":1365},{"@type":"BreadcrumbList","@id":"https:\/\/elmawkie.dz\/fr\/patrimoine-et-litterature-amazighe-au-coeur-dun-colloque-national-a-bejaia\/#breadcrumb","itemListElement":[{"@type":"ListItem","position":1,"name":"Home","item":"https:\/\/elmawkie.dz\/fr\/"},{"@type":"ListItem","position":2,"name":"Patrimoine et litt\u00e9rature amazighe au c\u0153ur d\u2019un colloque national \u00e0 B\u00e9ja\u00efa"}]},{"@type":"WebSite","@id":"https:\/\/elmawkie.dz\/fr\/#website","url":"https:\/\/elmawkie.dz\/fr\/","name":"EL MAWKIE","description":"Journal \u00c9lectronique Alg\u00e9rien","publisher":{"@id":"https:\/\/elmawkie.dz\/fr\/#organization"},"potentialAction":[{"@type":"SearchAction","target":{"@type":"EntryPoint","urlTemplate":"https:\/\/elmawkie.dz\/fr\/?s={search_term_string}"},"query-input":"required name=search_term_string"}],"inLanguage":"fr-FR"},{"@type":"Organization","@id":"https:\/\/elmawkie.dz\/fr\/#organization","name":"EL MAWKIE","url":"https:\/\/elmawkie.dz\/fr\/","logo":{"@type":"ImageObject","inLanguage":"fr-FR","@id":"https:\/\/elmawkie.dz\/fr\/#\/schema\/logo\/image\/","url":"https:\/\/elmawkie.dz\/fr\/wp-content\/uploads\/2024\/05\/logo1.png","contentUrl":"https:\/\/elmawkie.dz\/fr\/wp-content\/uploads\/2024\/05\/logo1.png","width":1648,"height":652,"caption":"EL MAWKIE"},"image":{"@id":"https:\/\/elmawkie.dz\/fr\/#\/schema\/logo\/image\/"},"sameAs":["https:\/\/www.facebook.com\/profile.php?id=100088407094989&locale=fr_FR"]},{"@type":"Person","@id":"https:\/\/elmawkie.dz\/fr\/#\/schema\/person\/e7bd59d6467874ba5c4723d8a9f0a63c","name":"R\u00e9daction","image":{"@type":"ImageObject","inLanguage":"fr-FR","@id":"https:\/\/elmawkie.dz\/fr\/#\/schema\/person\/image\/","url":"https:\/\/secure.gravatar.com\/avatar\/f0f773456344da4d2788c054a3d30a0c?s=96&d=mm&r=g","contentUrl":"https:\/\/secure.gravatar.com\/avatar\/f0f773456344da4d2788c054a3d30a0c?s=96&d=mm&r=g","caption":"R\u00e9daction"},"url":"https:\/\/elmawkie.dz\/fr\/author\/redaction\/"}]}},"_links":{"self":[{"href":"https:\/\/elmawkie.dz\/fr\/wp-json\/wp\/v2\/posts\/64892","targetHints":{"allow":["GET"]}}],"collection":[{"href":"https:\/\/elmawkie.dz\/fr\/wp-json\/wp\/v2\/posts"}],"about":[{"href":"https:\/\/elmawkie.dz\/fr\/wp-json\/wp\/v2\/types\/post"}],"author":[{"embeddable":true,"href":"https:\/\/elmawkie.dz\/fr\/wp-json\/wp\/v2\/users\/9"}],"replies":[{"embeddable":true,"href":"https:\/\/elmawkie.dz\/fr\/wp-json\/wp\/v2\/comments?post=64892"}],"version-history":[{"count":1,"href":"https:\/\/elmawkie.dz\/fr\/wp-json\/wp\/v2\/posts\/64892\/revisions"}],"predecessor-version":[{"id":64895,"href":"https:\/\/elmawkie.dz\/fr\/wp-json\/wp\/v2\/posts\/64892\/revisions\/64895"}],"wp:featuredmedia":[{"embeddable":true,"href":"https:\/\/elmawkie.dz\/fr\/wp-json\/wp\/v2\/media\/64894"}],"wp:attachment":[{"href":"https:\/\/elmawkie.dz\/fr\/wp-json\/wp\/v2\/media?parent=64892"}],"wp:term":[{"taxonomy":"category","embeddable":true,"href":"https:\/\/elmawkie.dz\/fr\/wp-json\/wp\/v2\/categories?post=64892"},{"taxonomy":"post_tag","embeddable":true,"href":"https:\/\/elmawkie.dz\/fr\/wp-json\/wp\/v2\/tags?post=64892"}],"curies":[{"name":"wp","href":"https:\/\/api.w.org\/{rel}","templated":true}]}}