{"id":64884,"date":"2026-04-26T19:19:53","date_gmt":"2026-04-26T18:19:53","guid":{"rendered":"https:\/\/elmawkie.dz\/fr\/?p=64884"},"modified":"2026-04-26T19:19:54","modified_gmt":"2026-04-26T18:19:54","slug":"la-cour-constitutionnelle-organise-la-3e-session-de-formation-dediee-a-la-justice-constitutionnelle","status":"publish","type":"post","link":"https:\/\/elmawkie.dz\/fr\/la-cour-constitutionnelle-organise-la-3e-session-de-formation-dediee-a-la-justice-constitutionnelle\/","title":{"rendered":"La Cour constitutionnelle organise la 3e session de formation d\u00e9di\u00e9e \u00e0 la justice constitutionnelle"},"content":{"rendered":"\n<p>La Cour constitutionnelle abrite, \u00e0 partir de dimanche, la 3e session de formation consacr\u00e9e \u00e0 la \u00ab\u00a0justice constitutionnelle\u00a0\u00bb, organis\u00e9e en collaboration avec le minist\u00e8re de l&rsquo;Enseignement sup\u00e9rieur et de la Recherche scientifique, au profit des \u00e9tudiants doctorants et en master en droit constitutionnel, relevant de la conf\u00e9rence r\u00e9gionale des universit\u00e9s du Centre ainsi que de l&rsquo;Ecole sup\u00e9rieure de magistrature (ESM).<\/p>\n\n\n\n<p>Cette session de formation, qui s&rsquo;articule autour de plusieurs axes scientifiques sp\u00e9cialis\u00e9s, est anim\u00e9e par des membres de la Cour constitutionnelle, en plus d&rsquo;enseignants universitaires. Elle fait suite \u00e0 une premi\u00e8re session de formation organis\u00e9e autour du m\u00eame th\u00e8me \u00e0 l&rsquo;Universit\u00e9 de Na\u00e2ma et \u00e0 une deuxi\u00e8me tenue \u00e0 l&rsquo;Universit\u00e9 d&rsquo;Annaba.<\/p>\n\n\n\n<p>Supervisant le lancement de cette session, qui se poursuivra jusqu&rsquo;\u00e0 mardi prochain, la pr\u00e9sidente de la Cour constitutionnelle, Mme Leila Aslaoui, a indiqu\u00e9 que cette session constitue \u00ab\u00a0une traduction concr\u00e8te de la d\u00e9marche d&rsquo;ouverture durable adopt\u00e9e par la Cour constitutionnelle sur l&rsquo;espace universitaire, de m\u00eame que sa volont\u00e9 d&rsquo;ancrer le principe d&rsquo;\u00e9galit\u00e9 des chances dans l&rsquo;acc\u00e8s \u00e0 une formation sp\u00e9cialis\u00e9e fond\u00e9e sur l&rsquo;interaction directe entre l&rsquo;\u00e9tudiant-chercheur et la Cour constitutionnelle, de mani\u00e8re \u00e0 contribuer \u00e0 la formation de comp\u00e9tences juridiques nationales\u00a0\u00bb.<\/p>\n\n\n\n<p>Cette session \u00ab\u00a0rev\u00eat une importance particuli\u00e8re, \u00e0 la lumi\u00e8re des apports de la r\u00e9vision constitutionnelle de 2020, laquelle a induit une transformation qualitative du syst\u00e8me de la justice constitutionnelle en Alg\u00e9rie, en posant les fondements d&rsquo;une nouvelle institution constitutionnelle, en renfor\u00e7ant ses pr\u00e9rogatives, en \u00e9largissant ses comp\u00e9tences et en consacrant le m\u00e9canisme de l&rsquo;exception d&rsquo;inconstitutionnalit\u00e9 en tant que droit constitutionnel fondamental garantissant au citoyen la protection de ses droits et libert\u00e9s\u00a0\u00bb, a-t-elle ajout\u00e9.<\/p>\n\n\n\n<p>De son c\u00f4t\u00e9, le ministre de l&rsquo;Enseignement sup\u00e9rieur et de la Recherche scientifique, M. Kamel Baddari, a soulign\u00e9 dans une allocution lue en son nom par le secr\u00e9taire g\u00e9n\u00e9ral du minist\u00e8re, M. Toufik Guendouzi, que cette session de formation constitue \u00ab\u00a0une \u00e9tape charni\u00e8re traduisant une prise de conscience institutionnelle de l&rsquo;importance de l&rsquo;investissement dans le capital humain, notamment les \u00e9tudiants, \u00e9tant la force intellectuelle appel\u00e9e \u00e0 assurer, \u00e0 l&rsquo;avenir, le d\u00e9veloppement du syst\u00e8me juridique et constitutionnel du pays\u00a0\u00bb.<\/p>\n\n\n\n<p>Selon lui, \u00ab\u00a0l\u2019approfondissement de la formation en droit constitutionnel n\u2019est plus seulement un choix acad\u00e9mique, mais une n\u00e9cessit\u00e9 nationale dict\u00e9e par les mutations politico-institutionnelles acc\u00e9l\u00e9r\u00e9es que conna\u00eet le pays\u00a0\u00bb. \u00ab\u00a0L\u2019Alg\u00e9rie a connu ces derni\u00e8res ann\u00e9es une dynamique constitutionnelle qualitative, consacr\u00e9e par le renforcement du r\u00f4le de la Cour constitutionnelle en tant qu\u2019organe ind\u00e9pendant assumant des missions centrales de protection de la Constitution et de garantie de sa supr\u00e9matie. Les pr\u00e9rogatives de la Cour s\u2019\u00e9tendent \u00e9galement au contr\u00f4le de la constitutionnalit\u00e9 des lois et \u00e0 la cons\u00e9cration de nouveaux m\u00e9canismes permettant au citoyen de contribuer, de mani\u00e8re indirecte, \u00e0 la protection de ses droits constitutionnels\u00a0\u00bb, a-t-il ajout\u00e9.<\/p>\n\n\n\n<p>De son c\u00f4t\u00e9, le ministre, wali d\u2019Alger, M. Mohamed Abdenour Rabehi, a mis en avant le r\u00f4le central de la Cour constitutionnelle dans l\u2019\u00e9dification de l\u2019Etat de droit et la cons\u00e9cration du principe de la primaut\u00e9 de la loi. Il a estim\u00e9 que l\u2019accueil de cette manifestation par la Cour constitutionnelle \u00ab\u00a0refl\u00e8te la volont\u00e9 des pouvoirs publics de soutenir les initiatives visant \u00e0 promouvoir la culture constitutionnelle et \u00e0 renforcer la formation juridique sp\u00e9cialis\u00e9e au profit des \u00e9tudiants et des chercheurs, en tant que socle de l\u2019avenir\u00a0\u00bb.<\/p>\n\n\n\n<p>Pour sa part, le membre de la Cour constitutionnelle et coordinateur de la session de formation, le professeur Bouziane Aliane, a \u00e9voqu\u00e9 les objectifs de cette session, notamment la contribution \u00e0 la diffusion de la culture constitutionnelle dans le domaine du recours \u00e0 la justice constitutionnelle, l\u2019ancrage des valeurs de citoyennet\u00e9 constitutionnelle et de justice constitutionnelle, ainsi que le respect de la Constitution, outre la pr\u00e9sentation des d\u00e9cisions de la Cour constitutionnelle alg\u00e9rienne au sein des milieux acad\u00e9miques et sp\u00e9cialis\u00e9s.<\/p>\n\n\n\n<p>A noter que cette session aborde plusieurs th\u00e8mes, dont la th\u00e9orie g\u00e9n\u00e9rale de la Constitution et le syst\u00e8me constitutionnel alg\u00e9rien, le contr\u00f4le de constitutionnalit\u00e9 \u00e0 travers le mod\u00e8le de la Cour constitutionnelle alg\u00e9rienne, ainsi que les droits fondamentaux et les libert\u00e9s publiques, les proc\u00e9dures d\u2019exception d\u2019inconstitutionnalit\u00e9 et le contentieux \u00e9lectoral. Elle traite \u00e9galement des m\u00e9thodes d\u2019interpr\u00e9tation constitutionnelle et de leurs applications dans la jurisprudence de la Cour constitutionnelle alg\u00e9rienne, ainsi que du droit constitutionnel compar\u00e9 et des nouvelles comp\u00e9tences de la Cour constitutionnelle.<\/p>\n","protected":false},"excerpt":{"rendered":"<p>La Cour constitutionnelle abrite, \u00e0 partir de dimanche, la 3e session de formation consacr\u00e9e \u00e0 la \u00ab\u00a0justice constitutionnelle\u00a0\u00bb, organis\u00e9e en collaboration avec le minist\u00e8re de l&rsquo;Enseignement sup\u00e9rieur et de la Recherche scientifique, au profit des \u00e9tudiants doctorants et en master en droit constitutionnel, relevant de la conf\u00e9rence r\u00e9gionale des universit\u00e9s du Centre ainsi que de &hellip;<\/p>\n","protected":false},"author":9,"featured_media":64886,"comment_status":"open","ping_status":"open","sticky":false,"template":"","format":"standard","meta":{"footnotes":""},"categories":[47],"tags":[],"class_list":["post-64884","post","type-post","status-publish","format-standard","has-post-thumbnail","hentry","category-national"],"yoast_head":"<!-- This site is optimized with the Yoast SEO Premium plugin v22.6 (Yoast SEO v22.6) - https:\/\/yoast.com\/wordpress\/plugins\/seo\/ -->\n<title>La Cour constitutionnelle organise la 3e session de formation d\u00e9di\u00e9e \u00e0 la justice constitutionnelle - El Mawkie<\/title>\n<meta name=\"robots\" content=\"index, follow, max-snippet:-1, max-image-preview:large, max-video-preview:-1\" \/>\n<link rel=\"canonical\" href=\"https:\/\/elmawkie.dz\/fr\/la-cour-constitutionnelle-organise-la-3e-session-de-formation-dediee-a-la-justice-constitutionnelle\/\" \/>\n<meta property=\"og:locale\" content=\"fr_FR\" \/>\n<meta property=\"og:type\" content=\"article\" \/>\n<meta property=\"og:title\" content=\"La Cour constitutionnelle organise la 3e session de formation d\u00e9di\u00e9e \u00e0 la justice constitutionnelle\" \/>\n<meta property=\"og:description\" content=\"La Cour constitutionnelle abrite, \u00e0 partir de dimanche, la 3e session de formation consacr\u00e9e \u00e0 la \u00ab\u00a0justice constitutionnelle\u00a0\u00bb, organis\u00e9e en collaboration avec le minist\u00e8re de l&rsquo;Enseignement sup\u00e9rieur et de la Recherche scientifique, au profit des \u00e9tudiants doctorants et en master en droit constitutionnel, relevant de la conf\u00e9rence r\u00e9gionale des universit\u00e9s du Centre ainsi que de &hellip;\" \/>\n<meta property=\"og:url\" content=\"https:\/\/elmawkie.dz\/fr\/la-cour-constitutionnelle-organise-la-3e-session-de-formation-dediee-a-la-justice-constitutionnelle\/\" \/>\n<meta property=\"og:site_name\" content=\"El Mawkie\" \/>\n<meta property=\"article:publisher\" content=\"https:\/\/www.facebook.com\/profile.php?id=100088407094989&amp;locale=fr_FR\" \/>\n<meta property=\"article:published_time\" content=\"2026-04-26T18:19:53+00:00\" \/>\n<meta property=\"article:modified_time\" content=\"2026-04-26T18:19:54+00:00\" \/>\n<meta property=\"og:image\" content=\"https:\/\/elmawkie.dz\/fr\/wp-content\/uploads\/2026\/04\/IMG_6895.jpeg\" \/>\n\t<meta property=\"og:image:width\" content=\"1080\" \/>\n\t<meta property=\"og:image:height\" content=\"720\" \/>\n\t<meta property=\"og:image:type\" content=\"image\/jpeg\" \/>\n<meta name=\"author\" content=\"R\u00e9daction\" \/>\n<meta name=\"twitter:card\" content=\"summary_large_image\" \/>\n<meta name=\"twitter:label1\" content=\"Written by\" \/>\n\t<meta name=\"twitter:data1\" content=\"R\u00e9daction\" \/>\n\t<meta name=\"twitter:label2\" content=\"Est. reading time\" \/>\n\t<meta name=\"twitter:data2\" content=\"4 minutes\" \/>\n<script type=\"application\/ld+json\" class=\"yoast-schema-graph\">{\"@context\":\"https:\/\/schema.org\",\"@graph\":[{\"@type\":\"Article\",\"@id\":\"https:\/\/elmawkie.dz\/fr\/la-cour-constitutionnelle-organise-la-3e-session-de-formation-dediee-a-la-justice-constitutionnelle\/#article\",\"isPartOf\":{\"@id\":\"https:\/\/elmawkie.dz\/fr\/la-cour-constitutionnelle-organise-la-3e-session-de-formation-dediee-a-la-justice-constitutionnelle\/\"},\"author\":{\"name\":\"R\u00e9daction\",\"@id\":\"https:\/\/elmawkie.dz\/fr\/#\/schema\/person\/e7bd59d6467874ba5c4723d8a9f0a63c\"},\"headline\":\"La Cour constitutionnelle organise la 3e session de formation d\u00e9di\u00e9e \u00e0 la justice constitutionnelle\",\"datePublished\":\"2026-04-26T18:19:53+00:00\",\"dateModified\":\"2026-04-26T18:19:54+00:00\",\"mainEntityOfPage\":{\"@id\":\"https:\/\/elmawkie.dz\/fr\/la-cour-constitutionnelle-organise-la-3e-session-de-formation-dediee-a-la-justice-constitutionnelle\/\"},\"wordCount\":824,\"commentCount\":0,\"publisher\":{\"@id\":\"https:\/\/elmawkie.dz\/fr\/#organization\"},\"image\":{\"@id\":\"https:\/\/elmawkie.dz\/fr\/la-cour-constitutionnelle-organise-la-3e-session-de-formation-dediee-a-la-justice-constitutionnelle\/#primaryimage\"},\"thumbnailUrl\":\"https:\/\/elmawkie.dz\/fr\/wp-content\/uploads\/2026\/04\/IMG_6895.jpeg\",\"articleSection\":[\"National\"],\"inLanguage\":\"fr-FR\",\"potentialAction\":[{\"@type\":\"CommentAction\",\"name\":\"Comment\",\"target\":[\"https:\/\/elmawkie.dz\/fr\/la-cour-constitutionnelle-organise-la-3e-session-de-formation-dediee-a-la-justice-constitutionnelle\/#respond\"]}]},{\"@type\":\"WebPage\",\"@id\":\"https:\/\/elmawkie.dz\/fr\/la-cour-constitutionnelle-organise-la-3e-session-de-formation-dediee-a-la-justice-constitutionnelle\/\",\"url\":\"https:\/\/elmawkie.dz\/fr\/la-cour-constitutionnelle-organise-la-3e-session-de-formation-dediee-a-la-justice-constitutionnelle\/\",\"name\":\"La Cour constitutionnelle organise la 3e session de formation d\u00e9di\u00e9e \u00e0 la justice constitutionnelle - El Mawkie\",\"isPartOf\":{\"@id\":\"https:\/\/elmawkie.dz\/fr\/#website\"},\"primaryImageOfPage\":{\"@id\":\"https:\/\/elmawkie.dz\/fr\/la-cour-constitutionnelle-organise-la-3e-session-de-formation-dediee-a-la-justice-constitutionnelle\/#primaryimage\"},\"image\":{\"@id\":\"https:\/\/elmawkie.dz\/fr\/la-cour-constitutionnelle-organise-la-3e-session-de-formation-dediee-a-la-justice-constitutionnelle\/#primaryimage\"},\"thumbnailUrl\":\"https:\/\/elmawkie.dz\/fr\/wp-content\/uploads\/2026\/04\/IMG_6895.jpeg\",\"datePublished\":\"2026-04-26T18:19:53+00:00\",\"dateModified\":\"2026-04-26T18:19:54+00:00\",\"breadcrumb\":{\"@id\":\"https:\/\/elmawkie.dz\/fr\/la-cour-constitutionnelle-organise-la-3e-session-de-formation-dediee-a-la-justice-constitutionnelle\/#breadcrumb\"},\"inLanguage\":\"fr-FR\",\"potentialAction\":[{\"@type\":\"ReadAction\",\"target\":[\"https:\/\/elmawkie.dz\/fr\/la-cour-constitutionnelle-organise-la-3e-session-de-formation-dediee-a-la-justice-constitutionnelle\/\"]}]},{\"@type\":\"ImageObject\",\"inLanguage\":\"fr-FR\",\"@id\":\"https:\/\/elmawkie.dz\/fr\/la-cour-constitutionnelle-organise-la-3e-session-de-formation-dediee-a-la-justice-constitutionnelle\/#primaryimage\",\"url\":\"https:\/\/elmawkie.dz\/fr\/wp-content\/uploads\/2026\/04\/IMG_6895.jpeg\",\"contentUrl\":\"https:\/\/elmawkie.dz\/fr\/wp-content\/uploads\/2026\/04\/IMG_6895.jpeg\",\"width\":1080,\"height\":720},{\"@type\":\"BreadcrumbList\",\"@id\":\"https:\/\/elmawkie.dz\/fr\/la-cour-constitutionnelle-organise-la-3e-session-de-formation-dediee-a-la-justice-constitutionnelle\/#breadcrumb\",\"itemListElement\":[{\"@type\":\"ListItem\",\"position\":1,\"name\":\"Home\",\"item\":\"https:\/\/elmawkie.dz\/fr\/\"},{\"@type\":\"ListItem\",\"position\":2,\"name\":\"La Cour constitutionnelle organise la 3e session de formation d\u00e9di\u00e9e \u00e0 la justice constitutionnelle\"}]},{\"@type\":\"WebSite\",\"@id\":\"https:\/\/elmawkie.dz\/fr\/#website\",\"url\":\"https:\/\/elmawkie.dz\/fr\/\",\"name\":\"EL MAWKIE\",\"description\":\"Journal \u00c9lectronique Alg\u00e9rien\",\"publisher\":{\"@id\":\"https:\/\/elmawkie.dz\/fr\/#organization\"},\"potentialAction\":[{\"@type\":\"SearchAction\",\"target\":{\"@type\":\"EntryPoint\",\"urlTemplate\":\"https:\/\/elmawkie.dz\/fr\/?s={search_term_string}\"},\"query-input\":\"required name=search_term_string\"}],\"inLanguage\":\"fr-FR\"},{\"@type\":\"Organization\",\"@id\":\"https:\/\/elmawkie.dz\/fr\/#organization\",\"name\":\"EL MAWKIE\",\"url\":\"https:\/\/elmawkie.dz\/fr\/\",\"logo\":{\"@type\":\"ImageObject\",\"inLanguage\":\"fr-FR\",\"@id\":\"https:\/\/elmawkie.dz\/fr\/#\/schema\/logo\/image\/\",\"url\":\"https:\/\/elmawkie.dz\/fr\/wp-content\/uploads\/2024\/05\/logo1.png\",\"contentUrl\":\"https:\/\/elmawkie.dz\/fr\/wp-content\/uploads\/2024\/05\/logo1.png\",\"width\":1648,\"height\":652,\"caption\":\"EL MAWKIE\"},\"image\":{\"@id\":\"https:\/\/elmawkie.dz\/fr\/#\/schema\/logo\/image\/\"},\"sameAs\":[\"https:\/\/www.facebook.com\/profile.php?id=100088407094989&locale=fr_FR\"]},{\"@type\":\"Person\",\"@id\":\"https:\/\/elmawkie.dz\/fr\/#\/schema\/person\/e7bd59d6467874ba5c4723d8a9f0a63c\",\"name\":\"R\u00e9daction\",\"image\":{\"@type\":\"ImageObject\",\"inLanguage\":\"fr-FR\",\"@id\":\"https:\/\/elmawkie.dz\/fr\/#\/schema\/person\/image\/\",\"url\":\"https:\/\/secure.gravatar.com\/avatar\/f0f773456344da4d2788c054a3d30a0c?s=96&d=mm&r=g\",\"contentUrl\":\"https:\/\/secure.gravatar.com\/avatar\/f0f773456344da4d2788c054a3d30a0c?s=96&d=mm&r=g\",\"caption\":\"R\u00e9daction\"},\"url\":\"https:\/\/elmawkie.dz\/fr\/author\/redaction\/\"}]}<\/script>\n<!-- \/ Yoast SEO Premium plugin. -->","yoast_head_json":{"title":"La Cour constitutionnelle organise la 3e session de formation d\u00e9di\u00e9e \u00e0 la justice constitutionnelle - El Mawkie","robots":{"index":"index","follow":"follow","max-snippet":"max-snippet:-1","max-image-preview":"max-image-preview:large","max-video-preview":"max-video-preview:-1"},"canonical":"https:\/\/elmawkie.dz\/fr\/la-cour-constitutionnelle-organise-la-3e-session-de-formation-dediee-a-la-justice-constitutionnelle\/","og_locale":"fr_FR","og_type":"article","og_title":"La Cour constitutionnelle organise la 3e session de formation d\u00e9di\u00e9e \u00e0 la justice constitutionnelle","og_description":"La Cour constitutionnelle abrite, \u00e0 partir de dimanche, la 3e session de formation consacr\u00e9e \u00e0 la \u00ab\u00a0justice constitutionnelle\u00a0\u00bb, organis\u00e9e en collaboration avec le minist\u00e8re de l&rsquo;Enseignement sup\u00e9rieur et de la Recherche scientifique, au profit des \u00e9tudiants doctorants et en master en droit constitutionnel, relevant de la conf\u00e9rence r\u00e9gionale des universit\u00e9s du Centre ainsi que de &hellip;","og_url":"https:\/\/elmawkie.dz\/fr\/la-cour-constitutionnelle-organise-la-3e-session-de-formation-dediee-a-la-justice-constitutionnelle\/","og_site_name":"El Mawkie","article_publisher":"https:\/\/www.facebook.com\/profile.php?id=100088407094989&locale=fr_FR","article_published_time":"2026-04-26T18:19:53+00:00","article_modified_time":"2026-04-26T18:19:54+00:00","og_image":[{"width":1080,"height":720,"url":"https:\/\/elmawkie.dz\/fr\/wp-content\/uploads\/2026\/04\/IMG_6895.jpeg","type":"image\/jpeg"}],"author":"R\u00e9daction","twitter_card":"summary_large_image","twitter_misc":{"Written by":"R\u00e9daction","Est. reading time":"4 minutes"},"schema":{"@context":"https:\/\/schema.org","@graph":[{"@type":"Article","@id":"https:\/\/elmawkie.dz\/fr\/la-cour-constitutionnelle-organise-la-3e-session-de-formation-dediee-a-la-justice-constitutionnelle\/#article","isPartOf":{"@id":"https:\/\/elmawkie.dz\/fr\/la-cour-constitutionnelle-organise-la-3e-session-de-formation-dediee-a-la-justice-constitutionnelle\/"},"author":{"name":"R\u00e9daction","@id":"https:\/\/elmawkie.dz\/fr\/#\/schema\/person\/e7bd59d6467874ba5c4723d8a9f0a63c"},"headline":"La Cour constitutionnelle organise la 3e session de formation d\u00e9di\u00e9e \u00e0 la justice constitutionnelle","datePublished":"2026-04-26T18:19:53+00:00","dateModified":"2026-04-26T18:19:54+00:00","mainEntityOfPage":{"@id":"https:\/\/elmawkie.dz\/fr\/la-cour-constitutionnelle-organise-la-3e-session-de-formation-dediee-a-la-justice-constitutionnelle\/"},"wordCount":824,"commentCount":0,"publisher":{"@id":"https:\/\/elmawkie.dz\/fr\/#organization"},"image":{"@id":"https:\/\/elmawkie.dz\/fr\/la-cour-constitutionnelle-organise-la-3e-session-de-formation-dediee-a-la-justice-constitutionnelle\/#primaryimage"},"thumbnailUrl":"https:\/\/elmawkie.dz\/fr\/wp-content\/uploads\/2026\/04\/IMG_6895.jpeg","articleSection":["National"],"inLanguage":"fr-FR","potentialAction":[{"@type":"CommentAction","name":"Comment","target":["https:\/\/elmawkie.dz\/fr\/la-cour-constitutionnelle-organise-la-3e-session-de-formation-dediee-a-la-justice-constitutionnelle\/#respond"]}]},{"@type":"WebPage","@id":"https:\/\/elmawkie.dz\/fr\/la-cour-constitutionnelle-organise-la-3e-session-de-formation-dediee-a-la-justice-constitutionnelle\/","url":"https:\/\/elmawkie.dz\/fr\/la-cour-constitutionnelle-organise-la-3e-session-de-formation-dediee-a-la-justice-constitutionnelle\/","name":"La Cour constitutionnelle organise la 3e session de formation d\u00e9di\u00e9e \u00e0 la justice constitutionnelle - El Mawkie","isPartOf":{"@id":"https:\/\/elmawkie.dz\/fr\/#website"},"primaryImageOfPage":{"@id":"https:\/\/elmawkie.dz\/fr\/la-cour-constitutionnelle-organise-la-3e-session-de-formation-dediee-a-la-justice-constitutionnelle\/#primaryimage"},"image":{"@id":"https:\/\/elmawkie.dz\/fr\/la-cour-constitutionnelle-organise-la-3e-session-de-formation-dediee-a-la-justice-constitutionnelle\/#primaryimage"},"thumbnailUrl":"https:\/\/elmawkie.dz\/fr\/wp-content\/uploads\/2026\/04\/IMG_6895.jpeg","datePublished":"2026-04-26T18:19:53+00:00","dateModified":"2026-04-26T18:19:54+00:00","breadcrumb":{"@id":"https:\/\/elmawkie.dz\/fr\/la-cour-constitutionnelle-organise-la-3e-session-de-formation-dediee-a-la-justice-constitutionnelle\/#breadcrumb"},"inLanguage":"fr-FR","potentialAction":[{"@type":"ReadAction","target":["https:\/\/elmawkie.dz\/fr\/la-cour-constitutionnelle-organise-la-3e-session-de-formation-dediee-a-la-justice-constitutionnelle\/"]}]},{"@type":"ImageObject","inLanguage":"fr-FR","@id":"https:\/\/elmawkie.dz\/fr\/la-cour-constitutionnelle-organise-la-3e-session-de-formation-dediee-a-la-justice-constitutionnelle\/#primaryimage","url":"https:\/\/elmawkie.dz\/fr\/wp-content\/uploads\/2026\/04\/IMG_6895.jpeg","contentUrl":"https:\/\/elmawkie.dz\/fr\/wp-content\/uploads\/2026\/04\/IMG_6895.jpeg","width":1080,"height":720},{"@type":"BreadcrumbList","@id":"https:\/\/elmawkie.dz\/fr\/la-cour-constitutionnelle-organise-la-3e-session-de-formation-dediee-a-la-justice-constitutionnelle\/#breadcrumb","itemListElement":[{"@type":"ListItem","position":1,"name":"Home","item":"https:\/\/elmawkie.dz\/fr\/"},{"@type":"ListItem","position":2,"name":"La Cour constitutionnelle organise la 3e session de formation d\u00e9di\u00e9e \u00e0 la justice constitutionnelle"}]},{"@type":"WebSite","@id":"https:\/\/elmawkie.dz\/fr\/#website","url":"https:\/\/elmawkie.dz\/fr\/","name":"EL MAWKIE","description":"Journal \u00c9lectronique Alg\u00e9rien","publisher":{"@id":"https:\/\/elmawkie.dz\/fr\/#organization"},"potentialAction":[{"@type":"SearchAction","target":{"@type":"EntryPoint","urlTemplate":"https:\/\/elmawkie.dz\/fr\/?s={search_term_string}"},"query-input":"required name=search_term_string"}],"inLanguage":"fr-FR"},{"@type":"Organization","@id":"https:\/\/elmawkie.dz\/fr\/#organization","name":"EL MAWKIE","url":"https:\/\/elmawkie.dz\/fr\/","logo":{"@type":"ImageObject","inLanguage":"fr-FR","@id":"https:\/\/elmawkie.dz\/fr\/#\/schema\/logo\/image\/","url":"https:\/\/elmawkie.dz\/fr\/wp-content\/uploads\/2024\/05\/logo1.png","contentUrl":"https:\/\/elmawkie.dz\/fr\/wp-content\/uploads\/2024\/05\/logo1.png","width":1648,"height":652,"caption":"EL MAWKIE"},"image":{"@id":"https:\/\/elmawkie.dz\/fr\/#\/schema\/logo\/image\/"},"sameAs":["https:\/\/www.facebook.com\/profile.php?id=100088407094989&locale=fr_FR"]},{"@type":"Person","@id":"https:\/\/elmawkie.dz\/fr\/#\/schema\/person\/e7bd59d6467874ba5c4723d8a9f0a63c","name":"R\u00e9daction","image":{"@type":"ImageObject","inLanguage":"fr-FR","@id":"https:\/\/elmawkie.dz\/fr\/#\/schema\/person\/image\/","url":"https:\/\/secure.gravatar.com\/avatar\/f0f773456344da4d2788c054a3d30a0c?s=96&d=mm&r=g","contentUrl":"https:\/\/secure.gravatar.com\/avatar\/f0f773456344da4d2788c054a3d30a0c?s=96&d=mm&r=g","caption":"R\u00e9daction"},"url":"https:\/\/elmawkie.dz\/fr\/author\/redaction\/"}]}},"_links":{"self":[{"href":"https:\/\/elmawkie.dz\/fr\/wp-json\/wp\/v2\/posts\/64884","targetHints":{"allow":["GET"]}}],"collection":[{"href":"https:\/\/elmawkie.dz\/fr\/wp-json\/wp\/v2\/posts"}],"about":[{"href":"https:\/\/elmawkie.dz\/fr\/wp-json\/wp\/v2\/types\/post"}],"author":[{"embeddable":true,"href":"https:\/\/elmawkie.dz\/fr\/wp-json\/wp\/v2\/users\/9"}],"replies":[{"embeddable":true,"href":"https:\/\/elmawkie.dz\/fr\/wp-json\/wp\/v2\/comments?post=64884"}],"version-history":[{"count":1,"href":"https:\/\/elmawkie.dz\/fr\/wp-json\/wp\/v2\/posts\/64884\/revisions"}],"predecessor-version":[{"id":64887,"href":"https:\/\/elmawkie.dz\/fr\/wp-json\/wp\/v2\/posts\/64884\/revisions\/64887"}],"wp:featuredmedia":[{"embeddable":true,"href":"https:\/\/elmawkie.dz\/fr\/wp-json\/wp\/v2\/media\/64886"}],"wp:attachment":[{"href":"https:\/\/elmawkie.dz\/fr\/wp-json\/wp\/v2\/media?parent=64884"}],"wp:term":[{"taxonomy":"category","embeddable":true,"href":"https:\/\/elmawkie.dz\/fr\/wp-json\/wp\/v2\/categories?post=64884"},{"taxonomy":"post_tag","embeddable":true,"href":"https:\/\/elmawkie.dz\/fr\/wp-json\/wp\/v2\/tags?post=64884"}],"curies":[{"name":"wp","href":"https:\/\/api.w.org\/{rel}","templated":true}]}}