{"id":64876,"date":"2026-04-26T19:10:41","date_gmt":"2026-04-26T18:10:41","guid":{"rendered":"https:\/\/elmawkie.dz\/fr\/?p=64876"},"modified":"2026-04-26T19:10:42","modified_gmt":"2026-04-26T18:10:42","slug":"la-cooperation-parlementaire-entre-lalgerie-et-lazerbaidjan-au-centre-dune-rencontre-au-conseil-de-la-nation","status":"publish","type":"post","link":"https:\/\/elmawkie.dz\/fr\/la-cooperation-parlementaire-entre-lalgerie-et-lazerbaidjan-au-centre-dune-rencontre-au-conseil-de-la-nation\/","title":{"rendered":"La coop\u00e9ration parlementaire entre l&rsquo;Alg\u00e9rie et l&rsquo;Azerba\u00efdjan au centre d&rsquo;une rencontre au Conseil de la nation"},"content":{"rendered":"\n<p>Le vice-pr\u00e9sident du Conseil de la nation, charg\u00e9 des relations ext\u00e9rieures, M. Rabah Baghali a re\u00e7u, dimanche \u00e0 Alger, le pr\u00e9sident du groupe parlementaire d&rsquo;amiti\u00e9 Azerba\u00efdjan-Alg\u00e9rie, pr\u00e9sident de la commission de la jeunesse \u00e0 l&rsquo;Assembl\u00e9e nationale de la R\u00e9publique d&rsquo;Azerba\u00efdjan, M. Chahin Ismayilov ainsi que la d\u00e9l\u00e9gation l&rsquo;accompagnant, indique un communiqu\u00e9 du Conseil.<\/p>\n\n\n\n<p>\u00ab\u00a0Charg\u00e9 par le pr\u00e9sident du Conseil de la nation, M. Azouz Nasri, M. Rabah Baghali a re\u00e7u M. Chahin Ismaylov au si\u00e8ge du Conseil, la rencontre ayant constitu\u00e9 l&rsquo;opportunit\u00e9 d&rsquo;\u00e9valuer le parcours des relations alg\u00e9ro-azerba\u00efdjanaises et d&rsquo;examiner les perspectives de leur d\u00e9veloppement, \u00e0 la lumi\u00e8re de l&rsquo;harmonie politique et de la compr\u00e9hension mutuelle qui les caract\u00e9risent concernant les questions d&rsquo;int\u00e9r\u00eat commun\u00a0\u00bb.<\/p>\n\n\n\n<p>La rencontre a \u00e9galement permis de souligner la n\u00e9cessit\u00e9 de \u00ab\u00a0traduire la volont\u00e9 commune des deux pays visant \u00e0 hisser la coop\u00e9ration bilat\u00e9rale \u00e0 des niveaux plus larges et plus dynamiques, au mieux des int\u00e9r\u00eats des deux peuples et du renforcement du partenariat entre les deux pays\u00a0\u00bb, lit-on dans le communiqu\u00e9.<\/p>\n\n\n\n<p>Dans ce cadre, M. Baghali a indiqu\u00e9 que \u00ab\u00a0les liens unissant l&rsquo;Alg\u00e9rie et l&rsquo;Azerba\u00efdjan sont solides et connaissent un d\u00e9veloppement remarquable\u00a0\u00bb, mettant en avant \u00ab\u00a0l&rsquo;importance de cette visite qui s&rsquo;inscrit dans le cadre du renforcement constant des m\u00e9canismes diplomatiques entre les deux parties\u00a0\u00bb.<\/p>\n\n\n\n<p>Il a soulign\u00e9 que \u00ab\u00a0ce processus doit \u00eatre soutenu par une coop\u00e9ration parlementaire efficace, fond\u00e9e sur l&rsquo;intensification des m\u00e9canismes de concertation et de coordination entre les deux institutions l\u00e9gislatives, \u00e0 travers l&rsquo;\u00e9change de visites, d&rsquo;expertises et d&rsquo;exp\u00e9riences dans le domaine l\u00e9gislatif et l&rsquo;activation des outils de la diplomatie parlementaire, notamment les groupes d&rsquo;amiti\u00e9\u00a0\u00bb.<\/p>\n\n\n\n<p>De son c\u00f4t\u00e9, M. Ismayilov s&rsquo;est r\u00e9joui de sa visite en Alg\u00e9rie qui occupe une place particuli\u00e8re \u00e0 l&rsquo;\u00e9chelle r\u00e9gionale et internationale, r\u00e9affirmant la volont\u00e9 de son pays de renforcer les relations d&rsquo;amiti\u00e9 et de coop\u00e9ration avec l&rsquo;Alg\u00e9rie, \u00e0 m\u00eame de refl\u00e9ter la profondeur des liens unissant les peuples alg\u00e9rien et azerba\u00efdjanais, ainsi que la volont\u00e9 commune de les hisser vers des perspectives prometteuses.<\/p>\n\n\n\n<p>Il a \u00e9galement exprim\u00e9 son souhait de rencontrer \u00ab\u00a0nombre de responsables en vue de mener des consultations et de proposer plusieurs partenariats entre les deux pays\u00a0\u00bb.<\/p>\n\n\n\n<p>Au terme de la rencontre, les deux parties ont r\u00e9it\u00e9r\u00e9 leur d\u00e9termination \u00e0 poursuivre le travail commun afin de promouvoir les relations alg\u00e9ro-azerba\u00efdjanaises \u00e0 des niveaux \u00e9lev\u00e9s, de mani\u00e8re \u00e0 refl\u00e9ter l&rsquo;esprit d&rsquo;amiti\u00e9 et la confiance mutuelle entre les deux pays, conclut le communiqu\u00e9.&nbsp;<\/p>\n","protected":false},"excerpt":{"rendered":"<p>Le vice-pr\u00e9sident du Conseil de la nation, charg\u00e9 des relations ext\u00e9rieures, M. Rabah Baghali a re\u00e7u, dimanche \u00e0 Alger, le pr\u00e9sident du groupe parlementaire d&rsquo;amiti\u00e9 Azerba\u00efdjan-Alg\u00e9rie, pr\u00e9sident de la commission de la jeunesse \u00e0 l&rsquo;Assembl\u00e9e nationale de la R\u00e9publique d&rsquo;Azerba\u00efdjan, M. Chahin Ismayilov ainsi que la d\u00e9l\u00e9gation l&rsquo;accompagnant, indique un communiqu\u00e9 du Conseil. \u00ab\u00a0Charg\u00e9 par &hellip;<\/p>\n","protected":false},"author":9,"featured_media":64878,"comment_status":"open","ping_status":"open","sticky":false,"template":"","format":"standard","meta":{"footnotes":""},"categories":[47],"tags":[930,711,4751,294],"class_list":["post-64876","post","type-post","status-publish","format-standard","has-post-thumbnail","hentry","category-national","tag-apn","tag-assemblee-nationale-populaire","tag-azerbaidjan","tag-lalgerie"],"yoast_head":"<!-- This site is optimized with the Yoast SEO Premium plugin v22.6 (Yoast SEO v22.6) - https:\/\/yoast.com\/wordpress\/plugins\/seo\/ -->\n<title>La coop\u00e9ration parlementaire entre l&#039;Alg\u00e9rie et l&#039;Azerba\u00efdjan au centre d&#039;une rencontre au Conseil de la nation - El Mawkie<\/title>\n<meta name=\"robots\" content=\"index, follow, max-snippet:-1, max-image-preview:large, max-video-preview:-1\" \/>\n<link rel=\"canonical\" href=\"https:\/\/elmawkie.dz\/fr\/la-cooperation-parlementaire-entre-lalgerie-et-lazerbaidjan-au-centre-dune-rencontre-au-conseil-de-la-nation\/\" \/>\n<meta property=\"og:locale\" content=\"fr_FR\" \/>\n<meta property=\"og:type\" content=\"article\" \/>\n<meta property=\"og:title\" content=\"La coop\u00e9ration parlementaire entre l&#039;Alg\u00e9rie et l&#039;Azerba\u00efdjan au centre d&#039;une rencontre au Conseil de la nation\" \/>\n<meta property=\"og:description\" content=\"Le vice-pr\u00e9sident du Conseil de la nation, charg\u00e9 des relations ext\u00e9rieures, M. Rabah Baghali a re\u00e7u, dimanche \u00e0 Alger, le pr\u00e9sident du groupe parlementaire d&rsquo;amiti\u00e9 Azerba\u00efdjan-Alg\u00e9rie, pr\u00e9sident de la commission de la jeunesse \u00e0 l&rsquo;Assembl\u00e9e nationale de la R\u00e9publique d&rsquo;Azerba\u00efdjan, M. Chahin Ismayilov ainsi que la d\u00e9l\u00e9gation l&rsquo;accompagnant, indique un communiqu\u00e9 du Conseil. \u00ab\u00a0Charg\u00e9 par &hellip;\" \/>\n<meta property=\"og:url\" content=\"https:\/\/elmawkie.dz\/fr\/la-cooperation-parlementaire-entre-lalgerie-et-lazerbaidjan-au-centre-dune-rencontre-au-conseil-de-la-nation\/\" \/>\n<meta property=\"og:site_name\" content=\"El Mawkie\" \/>\n<meta property=\"article:publisher\" content=\"https:\/\/www.facebook.com\/profile.php?id=100088407094989&amp;locale=fr_FR\" \/>\n<meta property=\"article:published_time\" content=\"2026-04-26T18:10:41+00:00\" \/>\n<meta property=\"article:modified_time\" content=\"2026-04-26T18:10:42+00:00\" \/>\n<meta property=\"og:image\" content=\"https:\/\/elmawkie.dz\/fr\/wp-content\/uploads\/2026\/04\/IMG_6893.jpeg\" \/>\n\t<meta property=\"og:image:width\" content=\"1600\" \/>\n\t<meta property=\"og:image:height\" content=\"1119\" \/>\n\t<meta property=\"og:image:type\" content=\"image\/jpeg\" \/>\n<meta name=\"author\" content=\"R\u00e9daction\" \/>\n<meta name=\"twitter:card\" content=\"summary_large_image\" \/>\n<meta name=\"twitter:label1\" content=\"Written by\" \/>\n\t<meta name=\"twitter:data1\" content=\"R\u00e9daction\" \/>\n\t<meta name=\"twitter:label2\" content=\"Est. reading time\" \/>\n\t<meta name=\"twitter:data2\" content=\"3 minutes\" \/>\n<script type=\"application\/ld+json\" class=\"yoast-schema-graph\">{\"@context\":\"https:\/\/schema.org\",\"@graph\":[{\"@type\":\"Article\",\"@id\":\"https:\/\/elmawkie.dz\/fr\/la-cooperation-parlementaire-entre-lalgerie-et-lazerbaidjan-au-centre-dune-rencontre-au-conseil-de-la-nation\/#article\",\"isPartOf\":{\"@id\":\"https:\/\/elmawkie.dz\/fr\/la-cooperation-parlementaire-entre-lalgerie-et-lazerbaidjan-au-centre-dune-rencontre-au-conseil-de-la-nation\/\"},\"author\":{\"name\":\"R\u00e9daction\",\"@id\":\"https:\/\/elmawkie.dz\/fr\/#\/schema\/person\/e7bd59d6467874ba5c4723d8a9f0a63c\"},\"headline\":\"La coop\u00e9ration parlementaire entre l&rsquo;Alg\u00e9rie et l&rsquo;Azerba\u00efdjan au centre d&rsquo;une rencontre au Conseil de la nation\",\"datePublished\":\"2026-04-26T18:10:41+00:00\",\"dateModified\":\"2026-04-26T18:10:42+00:00\",\"mainEntityOfPage\":{\"@id\":\"https:\/\/elmawkie.dz\/fr\/la-cooperation-parlementaire-entre-lalgerie-et-lazerbaidjan-au-centre-dune-rencontre-au-conseil-de-la-nation\/\"},\"wordCount\":490,\"commentCount\":0,\"publisher\":{\"@id\":\"https:\/\/elmawkie.dz\/fr\/#organization\"},\"image\":{\"@id\":\"https:\/\/elmawkie.dz\/fr\/la-cooperation-parlementaire-entre-lalgerie-et-lazerbaidjan-au-centre-dune-rencontre-au-conseil-de-la-nation\/#primaryimage\"},\"thumbnailUrl\":\"https:\/\/elmawkie.dz\/fr\/wp-content\/uploads\/2026\/04\/IMG_6893.jpeg\",\"keywords\":[\"APN\",\"Assembl\u00e9e nationale populaire\",\"Azerba\u00efdjan\",\"L'Alg\u00e9rie\"],\"articleSection\":[\"National\"],\"inLanguage\":\"fr-FR\",\"potentialAction\":[{\"@type\":\"CommentAction\",\"name\":\"Comment\",\"target\":[\"https:\/\/elmawkie.dz\/fr\/la-cooperation-parlementaire-entre-lalgerie-et-lazerbaidjan-au-centre-dune-rencontre-au-conseil-de-la-nation\/#respond\"]}]},{\"@type\":\"WebPage\",\"@id\":\"https:\/\/elmawkie.dz\/fr\/la-cooperation-parlementaire-entre-lalgerie-et-lazerbaidjan-au-centre-dune-rencontre-au-conseil-de-la-nation\/\",\"url\":\"https:\/\/elmawkie.dz\/fr\/la-cooperation-parlementaire-entre-lalgerie-et-lazerbaidjan-au-centre-dune-rencontre-au-conseil-de-la-nation\/\",\"name\":\"La coop\u00e9ration parlementaire entre l'Alg\u00e9rie et l'Azerba\u00efdjan au centre d'une rencontre au Conseil de la nation - El Mawkie\",\"isPartOf\":{\"@id\":\"https:\/\/elmawkie.dz\/fr\/#website\"},\"primaryImageOfPage\":{\"@id\":\"https:\/\/elmawkie.dz\/fr\/la-cooperation-parlementaire-entre-lalgerie-et-lazerbaidjan-au-centre-dune-rencontre-au-conseil-de-la-nation\/#primaryimage\"},\"image\":{\"@id\":\"https:\/\/elmawkie.dz\/fr\/la-cooperation-parlementaire-entre-lalgerie-et-lazerbaidjan-au-centre-dune-rencontre-au-conseil-de-la-nation\/#primaryimage\"},\"thumbnailUrl\":\"https:\/\/elmawkie.dz\/fr\/wp-content\/uploads\/2026\/04\/IMG_6893.jpeg\",\"datePublished\":\"2026-04-26T18:10:41+00:00\",\"dateModified\":\"2026-04-26T18:10:42+00:00\",\"breadcrumb\":{\"@id\":\"https:\/\/elmawkie.dz\/fr\/la-cooperation-parlementaire-entre-lalgerie-et-lazerbaidjan-au-centre-dune-rencontre-au-conseil-de-la-nation\/#breadcrumb\"},\"inLanguage\":\"fr-FR\",\"potentialAction\":[{\"@type\":\"ReadAction\",\"target\":[\"https:\/\/elmawkie.dz\/fr\/la-cooperation-parlementaire-entre-lalgerie-et-lazerbaidjan-au-centre-dune-rencontre-au-conseil-de-la-nation\/\"]}]},{\"@type\":\"ImageObject\",\"inLanguage\":\"fr-FR\",\"@id\":\"https:\/\/elmawkie.dz\/fr\/la-cooperation-parlementaire-entre-lalgerie-et-lazerbaidjan-au-centre-dune-rencontre-au-conseil-de-la-nation\/#primaryimage\",\"url\":\"https:\/\/elmawkie.dz\/fr\/wp-content\/uploads\/2026\/04\/IMG_6893.jpeg\",\"contentUrl\":\"https:\/\/elmawkie.dz\/fr\/wp-content\/uploads\/2026\/04\/IMG_6893.jpeg\",\"width\":1600,\"height\":1119},{\"@type\":\"BreadcrumbList\",\"@id\":\"https:\/\/elmawkie.dz\/fr\/la-cooperation-parlementaire-entre-lalgerie-et-lazerbaidjan-au-centre-dune-rencontre-au-conseil-de-la-nation\/#breadcrumb\",\"itemListElement\":[{\"@type\":\"ListItem\",\"position\":1,\"name\":\"Home\",\"item\":\"https:\/\/elmawkie.dz\/fr\/\"},{\"@type\":\"ListItem\",\"position\":2,\"name\":\"La coop\u00e9ration parlementaire entre l&rsquo;Alg\u00e9rie et l&rsquo;Azerba\u00efdjan au centre d&rsquo;une rencontre au Conseil de la nation\"}]},{\"@type\":\"WebSite\",\"@id\":\"https:\/\/elmawkie.dz\/fr\/#website\",\"url\":\"https:\/\/elmawkie.dz\/fr\/\",\"name\":\"EL MAWKIE\",\"description\":\"Journal \u00c9lectronique Alg\u00e9rien\",\"publisher\":{\"@id\":\"https:\/\/elmawkie.dz\/fr\/#organization\"},\"potentialAction\":[{\"@type\":\"SearchAction\",\"target\":{\"@type\":\"EntryPoint\",\"urlTemplate\":\"https:\/\/elmawkie.dz\/fr\/?s={search_term_string}\"},\"query-input\":\"required name=search_term_string\"}],\"inLanguage\":\"fr-FR\"},{\"@type\":\"Organization\",\"@id\":\"https:\/\/elmawkie.dz\/fr\/#organization\",\"name\":\"EL MAWKIE\",\"url\":\"https:\/\/elmawkie.dz\/fr\/\",\"logo\":{\"@type\":\"ImageObject\",\"inLanguage\":\"fr-FR\",\"@id\":\"https:\/\/elmawkie.dz\/fr\/#\/schema\/logo\/image\/\",\"url\":\"https:\/\/elmawkie.dz\/fr\/wp-content\/uploads\/2024\/05\/logo1.png\",\"contentUrl\":\"https:\/\/elmawkie.dz\/fr\/wp-content\/uploads\/2024\/05\/logo1.png\",\"width\":1648,\"height\":652,\"caption\":\"EL MAWKIE\"},\"image\":{\"@id\":\"https:\/\/elmawkie.dz\/fr\/#\/schema\/logo\/image\/\"},\"sameAs\":[\"https:\/\/www.facebook.com\/profile.php?id=100088407094989&locale=fr_FR\"]},{\"@type\":\"Person\",\"@id\":\"https:\/\/elmawkie.dz\/fr\/#\/schema\/person\/e7bd59d6467874ba5c4723d8a9f0a63c\",\"name\":\"R\u00e9daction\",\"image\":{\"@type\":\"ImageObject\",\"inLanguage\":\"fr-FR\",\"@id\":\"https:\/\/elmawkie.dz\/fr\/#\/schema\/person\/image\/\",\"url\":\"https:\/\/secure.gravatar.com\/avatar\/f0f773456344da4d2788c054a3d30a0c?s=96&d=mm&r=g\",\"contentUrl\":\"https:\/\/secure.gravatar.com\/avatar\/f0f773456344da4d2788c054a3d30a0c?s=96&d=mm&r=g\",\"caption\":\"R\u00e9daction\"},\"url\":\"https:\/\/elmawkie.dz\/fr\/author\/redaction\/\"}]}<\/script>\n<!-- \/ Yoast SEO Premium plugin. -->","yoast_head_json":{"title":"La coop\u00e9ration parlementaire entre l'Alg\u00e9rie et l'Azerba\u00efdjan au centre d'une rencontre au Conseil de la nation - El Mawkie","robots":{"index":"index","follow":"follow","max-snippet":"max-snippet:-1","max-image-preview":"max-image-preview:large","max-video-preview":"max-video-preview:-1"},"canonical":"https:\/\/elmawkie.dz\/fr\/la-cooperation-parlementaire-entre-lalgerie-et-lazerbaidjan-au-centre-dune-rencontre-au-conseil-de-la-nation\/","og_locale":"fr_FR","og_type":"article","og_title":"La coop\u00e9ration parlementaire entre l'Alg\u00e9rie et l'Azerba\u00efdjan au centre d'une rencontre au Conseil de la nation","og_description":"Le vice-pr\u00e9sident du Conseil de la nation, charg\u00e9 des relations ext\u00e9rieures, M. Rabah Baghali a re\u00e7u, dimanche \u00e0 Alger, le pr\u00e9sident du groupe parlementaire d&rsquo;amiti\u00e9 Azerba\u00efdjan-Alg\u00e9rie, pr\u00e9sident de la commission de la jeunesse \u00e0 l&rsquo;Assembl\u00e9e nationale de la R\u00e9publique d&rsquo;Azerba\u00efdjan, M. Chahin Ismayilov ainsi que la d\u00e9l\u00e9gation l&rsquo;accompagnant, indique un communiqu\u00e9 du Conseil. \u00ab\u00a0Charg\u00e9 par &hellip;","og_url":"https:\/\/elmawkie.dz\/fr\/la-cooperation-parlementaire-entre-lalgerie-et-lazerbaidjan-au-centre-dune-rencontre-au-conseil-de-la-nation\/","og_site_name":"El Mawkie","article_publisher":"https:\/\/www.facebook.com\/profile.php?id=100088407094989&locale=fr_FR","article_published_time":"2026-04-26T18:10:41+00:00","article_modified_time":"2026-04-26T18:10:42+00:00","og_image":[{"width":1600,"height":1119,"url":"https:\/\/elmawkie.dz\/fr\/wp-content\/uploads\/2026\/04\/IMG_6893.jpeg","type":"image\/jpeg"}],"author":"R\u00e9daction","twitter_card":"summary_large_image","twitter_misc":{"Written by":"R\u00e9daction","Est. reading time":"3 minutes"},"schema":{"@context":"https:\/\/schema.org","@graph":[{"@type":"Article","@id":"https:\/\/elmawkie.dz\/fr\/la-cooperation-parlementaire-entre-lalgerie-et-lazerbaidjan-au-centre-dune-rencontre-au-conseil-de-la-nation\/#article","isPartOf":{"@id":"https:\/\/elmawkie.dz\/fr\/la-cooperation-parlementaire-entre-lalgerie-et-lazerbaidjan-au-centre-dune-rencontre-au-conseil-de-la-nation\/"},"author":{"name":"R\u00e9daction","@id":"https:\/\/elmawkie.dz\/fr\/#\/schema\/person\/e7bd59d6467874ba5c4723d8a9f0a63c"},"headline":"La coop\u00e9ration parlementaire entre l&rsquo;Alg\u00e9rie et l&rsquo;Azerba\u00efdjan au centre d&rsquo;une rencontre au Conseil de la nation","datePublished":"2026-04-26T18:10:41+00:00","dateModified":"2026-04-26T18:10:42+00:00","mainEntityOfPage":{"@id":"https:\/\/elmawkie.dz\/fr\/la-cooperation-parlementaire-entre-lalgerie-et-lazerbaidjan-au-centre-dune-rencontre-au-conseil-de-la-nation\/"},"wordCount":490,"commentCount":0,"publisher":{"@id":"https:\/\/elmawkie.dz\/fr\/#organization"},"image":{"@id":"https:\/\/elmawkie.dz\/fr\/la-cooperation-parlementaire-entre-lalgerie-et-lazerbaidjan-au-centre-dune-rencontre-au-conseil-de-la-nation\/#primaryimage"},"thumbnailUrl":"https:\/\/elmawkie.dz\/fr\/wp-content\/uploads\/2026\/04\/IMG_6893.jpeg","keywords":["APN","Assembl\u00e9e nationale populaire","Azerba\u00efdjan","L'Alg\u00e9rie"],"articleSection":["National"],"inLanguage":"fr-FR","potentialAction":[{"@type":"CommentAction","name":"Comment","target":["https:\/\/elmawkie.dz\/fr\/la-cooperation-parlementaire-entre-lalgerie-et-lazerbaidjan-au-centre-dune-rencontre-au-conseil-de-la-nation\/#respond"]}]},{"@type":"WebPage","@id":"https:\/\/elmawkie.dz\/fr\/la-cooperation-parlementaire-entre-lalgerie-et-lazerbaidjan-au-centre-dune-rencontre-au-conseil-de-la-nation\/","url":"https:\/\/elmawkie.dz\/fr\/la-cooperation-parlementaire-entre-lalgerie-et-lazerbaidjan-au-centre-dune-rencontre-au-conseil-de-la-nation\/","name":"La coop\u00e9ration parlementaire entre l'Alg\u00e9rie et l'Azerba\u00efdjan au centre d'une rencontre au Conseil de la nation - El Mawkie","isPartOf":{"@id":"https:\/\/elmawkie.dz\/fr\/#website"},"primaryImageOfPage":{"@id":"https:\/\/elmawkie.dz\/fr\/la-cooperation-parlementaire-entre-lalgerie-et-lazerbaidjan-au-centre-dune-rencontre-au-conseil-de-la-nation\/#primaryimage"},"image":{"@id":"https:\/\/elmawkie.dz\/fr\/la-cooperation-parlementaire-entre-lalgerie-et-lazerbaidjan-au-centre-dune-rencontre-au-conseil-de-la-nation\/#primaryimage"},"thumbnailUrl":"https:\/\/elmawkie.dz\/fr\/wp-content\/uploads\/2026\/04\/IMG_6893.jpeg","datePublished":"2026-04-26T18:10:41+00:00","dateModified":"2026-04-26T18:10:42+00:00","breadcrumb":{"@id":"https:\/\/elmawkie.dz\/fr\/la-cooperation-parlementaire-entre-lalgerie-et-lazerbaidjan-au-centre-dune-rencontre-au-conseil-de-la-nation\/#breadcrumb"},"inLanguage":"fr-FR","potentialAction":[{"@type":"ReadAction","target":["https:\/\/elmawkie.dz\/fr\/la-cooperation-parlementaire-entre-lalgerie-et-lazerbaidjan-au-centre-dune-rencontre-au-conseil-de-la-nation\/"]}]},{"@type":"ImageObject","inLanguage":"fr-FR","@id":"https:\/\/elmawkie.dz\/fr\/la-cooperation-parlementaire-entre-lalgerie-et-lazerbaidjan-au-centre-dune-rencontre-au-conseil-de-la-nation\/#primaryimage","url":"https:\/\/elmawkie.dz\/fr\/wp-content\/uploads\/2026\/04\/IMG_6893.jpeg","contentUrl":"https:\/\/elmawkie.dz\/fr\/wp-content\/uploads\/2026\/04\/IMG_6893.jpeg","width":1600,"height":1119},{"@type":"BreadcrumbList","@id":"https:\/\/elmawkie.dz\/fr\/la-cooperation-parlementaire-entre-lalgerie-et-lazerbaidjan-au-centre-dune-rencontre-au-conseil-de-la-nation\/#breadcrumb","itemListElement":[{"@type":"ListItem","position":1,"name":"Home","item":"https:\/\/elmawkie.dz\/fr\/"},{"@type":"ListItem","position":2,"name":"La coop\u00e9ration parlementaire entre l&rsquo;Alg\u00e9rie et l&rsquo;Azerba\u00efdjan au centre d&rsquo;une rencontre au Conseil de la nation"}]},{"@type":"WebSite","@id":"https:\/\/elmawkie.dz\/fr\/#website","url":"https:\/\/elmawkie.dz\/fr\/","name":"EL MAWKIE","description":"Journal \u00c9lectronique Alg\u00e9rien","publisher":{"@id":"https:\/\/elmawkie.dz\/fr\/#organization"},"potentialAction":[{"@type":"SearchAction","target":{"@type":"EntryPoint","urlTemplate":"https:\/\/elmawkie.dz\/fr\/?s={search_term_string}"},"query-input":"required name=search_term_string"}],"inLanguage":"fr-FR"},{"@type":"Organization","@id":"https:\/\/elmawkie.dz\/fr\/#organization","name":"EL MAWKIE","url":"https:\/\/elmawkie.dz\/fr\/","logo":{"@type":"ImageObject","inLanguage":"fr-FR","@id":"https:\/\/elmawkie.dz\/fr\/#\/schema\/logo\/image\/","url":"https:\/\/elmawkie.dz\/fr\/wp-content\/uploads\/2024\/05\/logo1.png","contentUrl":"https:\/\/elmawkie.dz\/fr\/wp-content\/uploads\/2024\/05\/logo1.png","width":1648,"height":652,"caption":"EL MAWKIE"},"image":{"@id":"https:\/\/elmawkie.dz\/fr\/#\/schema\/logo\/image\/"},"sameAs":["https:\/\/www.facebook.com\/profile.php?id=100088407094989&locale=fr_FR"]},{"@type":"Person","@id":"https:\/\/elmawkie.dz\/fr\/#\/schema\/person\/e7bd59d6467874ba5c4723d8a9f0a63c","name":"R\u00e9daction","image":{"@type":"ImageObject","inLanguage":"fr-FR","@id":"https:\/\/elmawkie.dz\/fr\/#\/schema\/person\/image\/","url":"https:\/\/secure.gravatar.com\/avatar\/f0f773456344da4d2788c054a3d30a0c?s=96&d=mm&r=g","contentUrl":"https:\/\/secure.gravatar.com\/avatar\/f0f773456344da4d2788c054a3d30a0c?s=96&d=mm&r=g","caption":"R\u00e9daction"},"url":"https:\/\/elmawkie.dz\/fr\/author\/redaction\/"}]}},"_links":{"self":[{"href":"https:\/\/elmawkie.dz\/fr\/wp-json\/wp\/v2\/posts\/64876","targetHints":{"allow":["GET"]}}],"collection":[{"href":"https:\/\/elmawkie.dz\/fr\/wp-json\/wp\/v2\/posts"}],"about":[{"href":"https:\/\/elmawkie.dz\/fr\/wp-json\/wp\/v2\/types\/post"}],"author":[{"embeddable":true,"href":"https:\/\/elmawkie.dz\/fr\/wp-json\/wp\/v2\/users\/9"}],"replies":[{"embeddable":true,"href":"https:\/\/elmawkie.dz\/fr\/wp-json\/wp\/v2\/comments?post=64876"}],"version-history":[{"count":1,"href":"https:\/\/elmawkie.dz\/fr\/wp-json\/wp\/v2\/posts\/64876\/revisions"}],"predecessor-version":[{"id":64879,"href":"https:\/\/elmawkie.dz\/fr\/wp-json\/wp\/v2\/posts\/64876\/revisions\/64879"}],"wp:featuredmedia":[{"embeddable":true,"href":"https:\/\/elmawkie.dz\/fr\/wp-json\/wp\/v2\/media\/64878"}],"wp:attachment":[{"href":"https:\/\/elmawkie.dz\/fr\/wp-json\/wp\/v2\/media?parent=64876"}],"wp:term":[{"taxonomy":"category","embeddable":true,"href":"https:\/\/elmawkie.dz\/fr\/wp-json\/wp\/v2\/categories?post=64876"},{"taxonomy":"post_tag","embeddable":true,"href":"https:\/\/elmawkie.dz\/fr\/wp-json\/wp\/v2\/tags?post=64876"}],"curies":[{"name":"wp","href":"https:\/\/api.w.org\/{rel}","templated":true}]}}