{"id":64872,"date":"2026-04-26T15:45:31","date_gmt":"2026-04-26T14:45:31","guid":{"rendered":"https:\/\/elmawkie.dz\/fr\/?p=64872"},"modified":"2026-04-26T15:45:32","modified_gmt":"2026-04-26T14:45:32","slug":"jumelage-inter-hopitaux-debut-des-consultations-specialisees-a-lhopital-mohamed-boudiaf-del-bayadh","status":"publish","type":"post","link":"https:\/\/elmawkie.dz\/fr\/jumelage-inter-hopitaux-debut-des-consultations-specialisees-a-lhopital-mohamed-boudiaf-del-bayadh\/","title":{"rendered":"Jumelage inter-h\u00f4pitaux : d\u00e9but des consultations sp\u00e9cialis\u00e9es \u00e0 l\u2019h\u00f4pital Mohamed Boudiaf d\u2019El Bayadh"},"content":{"rendered":"\n<p>Une \u00e9quipe m\u00e9dicale sp\u00e9cialis\u00e9e du Centre hospitalo-universitaire \u00ab\u00a0Dr Damerdji Tidjani\u00a0\u00bb de Tlemcen a entam\u00e9, dimanche, des consultations m\u00e9dicales sp\u00e9cialis\u00e9es au sein de l\u2019Etablissement public hospitalier \u00ab\u00a0Mohamed Boudiaf\u00a0\u00bb, ainsi que dans plusieurs structures de sant\u00e9 de proximit\u00e9 du chef-lieu de wilaya, dans le cadre de la mise en \u0153uvre de la convention de jumelage liant les deux \u00e9tablissements hospitaliers.<\/p>\n\n\n\n<p>Ces consultations sont assur\u00e9es par une \u00e9quipe compos\u00e9e de 16 m\u00e9decins sp\u00e9cialistes, dont deux professeurs, couvrant cinq sp\u00e9cialit\u00e9s, notamment la cardiologie, la neurologie, la r\u00e9\u00e9ducation fonctionnelle, l\u2019endocrinologie, ainsi que l\u2019imagerie m\u00e9dicale et la radiologie, a indiqu\u00e9 \u00e0 l\u2019APS le directeur de l\u2019EPH \u00ab\u00a0Mohamed Boudiaf\u00a0\u00bb, M. Chetouh Mohamed Tahar.<\/p>\n\n\n\n<p>Ces examens m\u00e9dicaux sp\u00e9cialis\u00e9s, qui se d\u00e9rouleront sur une p\u00e9riode de cinq jours, devraient b\u00e9n\u00e9ficier \u00e0 de nombreux patients de la wilaya. Ces actions, organis\u00e9es p\u00e9riodiquement dans le cadre de ce jumelage, visent \u00e0 rapprocher les services de sant\u00e9 du citoyen, \u00e0 r\u00e9duire les d\u00e9placements des malades vers d\u2019autres wilayas pour se faire soigner, et \u00e0 permettre aux personnels m\u00e9dicaux et param\u00e9dicaux locaux d\u2019\u00e9changer exp\u00e9riences et expertises dans diff\u00e9rentes sp\u00e9cialit\u00e9s.<\/p>\n\n\n\n<p>Par ailleurs, dans le cadre de l\u2019am\u00e9lioration des prestations de sant\u00e9 au sein de l\u2019EPH du chef-lieu de wilaya, plusieurs services et unit\u00e9s ayant b\u00e9n\u00e9fici\u00e9 r\u00e9cemment d\u2019op\u00e9rations de r\u00e9habilitation, de maintenance et de r\u00e9novation compl\u00e8te ont \u00e9t\u00e9 rouverts. Il s\u2019agit notamment des services des urgences m\u00e9dico-chirurgicales, du bloc op\u00e9ratoire, de la chirurgie, ainsi que des services de maternit\u00e9, de l\u2019enfance et de l&rsquo;obst\u00e9trique .<\/p>\n\n\n\n<p>De plus, le service d\u2019urologie et de chirurgie r\u00e9nale a \u00e9t\u00e9 dot\u00e9 d\u2019\u00e9quipements modernes, dans le cadre des efforts continus visant \u00e0 am\u00e9liorer la prise en charge des patients et \u00e0 offrir de meilleures conditions de travail au personnel m\u00e9dical et param\u00e9dical, a ajout\u00e9 le m\u00eame responsable.<\/p>\n","protected":false},"excerpt":{"rendered":"<p>Une \u00e9quipe m\u00e9dicale sp\u00e9cialis\u00e9e du Centre hospitalo-universitaire \u00ab\u00a0Dr Damerdji Tidjani\u00a0\u00bb de Tlemcen a entam\u00e9, dimanche, des consultations m\u00e9dicales sp\u00e9cialis\u00e9es au sein de l\u2019Etablissement public hospitalier \u00ab\u00a0Mohamed Boudiaf\u00a0\u00bb, ainsi que dans plusieurs structures de sant\u00e9 de proximit\u00e9 du chef-lieu de wilaya, dans le cadre de la mise en \u0153uvre de la convention de jumelage liant les &hellip;<\/p>\n","protected":false},"author":9,"featured_media":64874,"comment_status":"open","ping_status":"open","sticky":false,"template":"","format":"standard","meta":{"footnotes":""},"categories":[50],"tags":[4134,6450,6449],"class_list":["post-64872","post","type-post","status-publish","format-standard","has-post-thumbnail","hentry","category-region","tag-el-bayadh-2","tag-inter-hopitaux","tag-jumelage"],"yoast_head":"<!-- This site is optimized with the Yoast SEO Premium plugin v22.6 (Yoast SEO v22.6) - https:\/\/yoast.com\/wordpress\/plugins\/seo\/ -->\n<title>Jumelage inter-h\u00f4pitaux : d\u00e9but des consultations sp\u00e9cialis\u00e9es \u00e0 l\u2019h\u00f4pital Mohamed Boudiaf d\u2019El Bayadh - El Mawkie<\/title>\n<meta name=\"robots\" content=\"index, follow, max-snippet:-1, max-image-preview:large, max-video-preview:-1\" \/>\n<link rel=\"canonical\" href=\"https:\/\/elmawkie.dz\/fr\/jumelage-inter-hopitaux-debut-des-consultations-specialisees-a-lhopital-mohamed-boudiaf-del-bayadh\/\" \/>\n<meta property=\"og:locale\" content=\"fr_FR\" \/>\n<meta property=\"og:type\" content=\"article\" \/>\n<meta property=\"og:title\" content=\"Jumelage inter-h\u00f4pitaux : d\u00e9but des consultations sp\u00e9cialis\u00e9es \u00e0 l\u2019h\u00f4pital Mohamed Boudiaf d\u2019El Bayadh\" \/>\n<meta property=\"og:description\" content=\"Une \u00e9quipe m\u00e9dicale sp\u00e9cialis\u00e9e du Centre hospitalo-universitaire \u00ab\u00a0Dr Damerdji Tidjani\u00a0\u00bb de Tlemcen a entam\u00e9, dimanche, des consultations m\u00e9dicales sp\u00e9cialis\u00e9es au sein de l\u2019Etablissement public hospitalier \u00ab\u00a0Mohamed Boudiaf\u00a0\u00bb, ainsi que dans plusieurs structures de sant\u00e9 de proximit\u00e9 du chef-lieu de wilaya, dans le cadre de la mise en \u0153uvre de la convention de jumelage liant les &hellip;\" \/>\n<meta property=\"og:url\" content=\"https:\/\/elmawkie.dz\/fr\/jumelage-inter-hopitaux-debut-des-consultations-specialisees-a-lhopital-mohamed-boudiaf-del-bayadh\/\" \/>\n<meta property=\"og:site_name\" content=\"El Mawkie\" \/>\n<meta property=\"article:publisher\" content=\"https:\/\/www.facebook.com\/profile.php?id=100088407094989&amp;locale=fr_FR\" \/>\n<meta property=\"article:published_time\" content=\"2026-04-26T14:45:31+00:00\" \/>\n<meta property=\"article:modified_time\" content=\"2026-04-26T14:45:32+00:00\" \/>\n<meta property=\"og:image\" content=\"https:\/\/elmawkie.dz\/fr\/wp-content\/uploads\/2026\/04\/IMG_6860.webp\" \/>\n\t<meta property=\"og:image:width\" content=\"450\" \/>\n\t<meta property=\"og:image:height\" content=\"250\" \/>\n\t<meta property=\"og:image:type\" content=\"image\/webp\" \/>\n<meta name=\"author\" content=\"R\u00e9daction\" \/>\n<meta name=\"twitter:card\" content=\"summary_large_image\" \/>\n<meta name=\"twitter:label1\" content=\"Written by\" \/>\n\t<meta name=\"twitter:data1\" content=\"R\u00e9daction\" \/>\n\t<meta name=\"twitter:label2\" content=\"Est. reading time\" \/>\n\t<meta name=\"twitter:data2\" content=\"2 minutes\" \/>\n<script type=\"application\/ld+json\" class=\"yoast-schema-graph\">{\"@context\":\"https:\/\/schema.org\",\"@graph\":[{\"@type\":\"Article\",\"@id\":\"https:\/\/elmawkie.dz\/fr\/jumelage-inter-hopitaux-debut-des-consultations-specialisees-a-lhopital-mohamed-boudiaf-del-bayadh\/#article\",\"isPartOf\":{\"@id\":\"https:\/\/elmawkie.dz\/fr\/jumelage-inter-hopitaux-debut-des-consultations-specialisees-a-lhopital-mohamed-boudiaf-del-bayadh\/\"},\"author\":{\"name\":\"R\u00e9daction\",\"@id\":\"https:\/\/elmawkie.dz\/fr\/#\/schema\/person\/e7bd59d6467874ba5c4723d8a9f0a63c\"},\"headline\":\"Jumelage inter-h\u00f4pitaux : d\u00e9but des consultations sp\u00e9cialis\u00e9es \u00e0 l\u2019h\u00f4pital Mohamed Boudiaf d\u2019El Bayadh\",\"datePublished\":\"2026-04-26T14:45:31+00:00\",\"dateModified\":\"2026-04-26T14:45:32+00:00\",\"mainEntityOfPage\":{\"@id\":\"https:\/\/elmawkie.dz\/fr\/jumelage-inter-hopitaux-debut-des-consultations-specialisees-a-lhopital-mohamed-boudiaf-del-bayadh\/\"},\"wordCount\":359,\"commentCount\":0,\"publisher\":{\"@id\":\"https:\/\/elmawkie.dz\/fr\/#organization\"},\"image\":{\"@id\":\"https:\/\/elmawkie.dz\/fr\/jumelage-inter-hopitaux-debut-des-consultations-specialisees-a-lhopital-mohamed-boudiaf-del-bayadh\/#primaryimage\"},\"thumbnailUrl\":\"https:\/\/elmawkie.dz\/fr\/wp-content\/uploads\/2026\/04\/IMG_6860.webp\",\"keywords\":[\"El-Bayadh\",\"inter-h\u00f4pitaux\",\"Jumelage\"],\"articleSection\":[\"R\u00e9gion\"],\"inLanguage\":\"fr-FR\",\"potentialAction\":[{\"@type\":\"CommentAction\",\"name\":\"Comment\",\"target\":[\"https:\/\/elmawkie.dz\/fr\/jumelage-inter-hopitaux-debut-des-consultations-specialisees-a-lhopital-mohamed-boudiaf-del-bayadh\/#respond\"]}]},{\"@type\":\"WebPage\",\"@id\":\"https:\/\/elmawkie.dz\/fr\/jumelage-inter-hopitaux-debut-des-consultations-specialisees-a-lhopital-mohamed-boudiaf-del-bayadh\/\",\"url\":\"https:\/\/elmawkie.dz\/fr\/jumelage-inter-hopitaux-debut-des-consultations-specialisees-a-lhopital-mohamed-boudiaf-del-bayadh\/\",\"name\":\"Jumelage inter-h\u00f4pitaux : d\u00e9but des consultations sp\u00e9cialis\u00e9es \u00e0 l\u2019h\u00f4pital Mohamed Boudiaf d\u2019El Bayadh - El Mawkie\",\"isPartOf\":{\"@id\":\"https:\/\/elmawkie.dz\/fr\/#website\"},\"primaryImageOfPage\":{\"@id\":\"https:\/\/elmawkie.dz\/fr\/jumelage-inter-hopitaux-debut-des-consultations-specialisees-a-lhopital-mohamed-boudiaf-del-bayadh\/#primaryimage\"},\"image\":{\"@id\":\"https:\/\/elmawkie.dz\/fr\/jumelage-inter-hopitaux-debut-des-consultations-specialisees-a-lhopital-mohamed-boudiaf-del-bayadh\/#primaryimage\"},\"thumbnailUrl\":\"https:\/\/elmawkie.dz\/fr\/wp-content\/uploads\/2026\/04\/IMG_6860.webp\",\"datePublished\":\"2026-04-26T14:45:31+00:00\",\"dateModified\":\"2026-04-26T14:45:32+00:00\",\"breadcrumb\":{\"@id\":\"https:\/\/elmawkie.dz\/fr\/jumelage-inter-hopitaux-debut-des-consultations-specialisees-a-lhopital-mohamed-boudiaf-del-bayadh\/#breadcrumb\"},\"inLanguage\":\"fr-FR\",\"potentialAction\":[{\"@type\":\"ReadAction\",\"target\":[\"https:\/\/elmawkie.dz\/fr\/jumelage-inter-hopitaux-debut-des-consultations-specialisees-a-lhopital-mohamed-boudiaf-del-bayadh\/\"]}]},{\"@type\":\"ImageObject\",\"inLanguage\":\"fr-FR\",\"@id\":\"https:\/\/elmawkie.dz\/fr\/jumelage-inter-hopitaux-debut-des-consultations-specialisees-a-lhopital-mohamed-boudiaf-del-bayadh\/#primaryimage\",\"url\":\"https:\/\/elmawkie.dz\/fr\/wp-content\/uploads\/2026\/04\/IMG_6860.webp\",\"contentUrl\":\"https:\/\/elmawkie.dz\/fr\/wp-content\/uploads\/2026\/04\/IMG_6860.webp\",\"width\":450,\"height\":250},{\"@type\":\"BreadcrumbList\",\"@id\":\"https:\/\/elmawkie.dz\/fr\/jumelage-inter-hopitaux-debut-des-consultations-specialisees-a-lhopital-mohamed-boudiaf-del-bayadh\/#breadcrumb\",\"itemListElement\":[{\"@type\":\"ListItem\",\"position\":1,\"name\":\"Home\",\"item\":\"https:\/\/elmawkie.dz\/fr\/\"},{\"@type\":\"ListItem\",\"position\":2,\"name\":\"Jumelage inter-h\u00f4pitaux : d\u00e9but des consultations sp\u00e9cialis\u00e9es \u00e0 l\u2019h\u00f4pital Mohamed Boudiaf d\u2019El Bayadh\"}]},{\"@type\":\"WebSite\",\"@id\":\"https:\/\/elmawkie.dz\/fr\/#website\",\"url\":\"https:\/\/elmawkie.dz\/fr\/\",\"name\":\"EL MAWKIE\",\"description\":\"Journal \u00c9lectronique Alg\u00e9rien\",\"publisher\":{\"@id\":\"https:\/\/elmawkie.dz\/fr\/#organization\"},\"potentialAction\":[{\"@type\":\"SearchAction\",\"target\":{\"@type\":\"EntryPoint\",\"urlTemplate\":\"https:\/\/elmawkie.dz\/fr\/?s={search_term_string}\"},\"query-input\":\"required name=search_term_string\"}],\"inLanguage\":\"fr-FR\"},{\"@type\":\"Organization\",\"@id\":\"https:\/\/elmawkie.dz\/fr\/#organization\",\"name\":\"EL MAWKIE\",\"url\":\"https:\/\/elmawkie.dz\/fr\/\",\"logo\":{\"@type\":\"ImageObject\",\"inLanguage\":\"fr-FR\",\"@id\":\"https:\/\/elmawkie.dz\/fr\/#\/schema\/logo\/image\/\",\"url\":\"https:\/\/elmawkie.dz\/fr\/wp-content\/uploads\/2024\/05\/logo1.png\",\"contentUrl\":\"https:\/\/elmawkie.dz\/fr\/wp-content\/uploads\/2024\/05\/logo1.png\",\"width\":1648,\"height\":652,\"caption\":\"EL MAWKIE\"},\"image\":{\"@id\":\"https:\/\/elmawkie.dz\/fr\/#\/schema\/logo\/image\/\"},\"sameAs\":[\"https:\/\/www.facebook.com\/profile.php?id=100088407094989&locale=fr_FR\"]},{\"@type\":\"Person\",\"@id\":\"https:\/\/elmawkie.dz\/fr\/#\/schema\/person\/e7bd59d6467874ba5c4723d8a9f0a63c\",\"name\":\"R\u00e9daction\",\"image\":{\"@type\":\"ImageObject\",\"inLanguage\":\"fr-FR\",\"@id\":\"https:\/\/elmawkie.dz\/fr\/#\/schema\/person\/image\/\",\"url\":\"https:\/\/secure.gravatar.com\/avatar\/f0f773456344da4d2788c054a3d30a0c?s=96&d=mm&r=g\",\"contentUrl\":\"https:\/\/secure.gravatar.com\/avatar\/f0f773456344da4d2788c054a3d30a0c?s=96&d=mm&r=g\",\"caption\":\"R\u00e9daction\"},\"url\":\"https:\/\/elmawkie.dz\/fr\/author\/redaction\/\"}]}<\/script>\n<!-- \/ Yoast SEO Premium plugin. -->","yoast_head_json":{"title":"Jumelage inter-h\u00f4pitaux : d\u00e9but des consultations sp\u00e9cialis\u00e9es \u00e0 l\u2019h\u00f4pital Mohamed Boudiaf d\u2019El Bayadh - El Mawkie","robots":{"index":"index","follow":"follow","max-snippet":"max-snippet:-1","max-image-preview":"max-image-preview:large","max-video-preview":"max-video-preview:-1"},"canonical":"https:\/\/elmawkie.dz\/fr\/jumelage-inter-hopitaux-debut-des-consultations-specialisees-a-lhopital-mohamed-boudiaf-del-bayadh\/","og_locale":"fr_FR","og_type":"article","og_title":"Jumelage inter-h\u00f4pitaux : d\u00e9but des consultations sp\u00e9cialis\u00e9es \u00e0 l\u2019h\u00f4pital Mohamed Boudiaf d\u2019El Bayadh","og_description":"Une \u00e9quipe m\u00e9dicale sp\u00e9cialis\u00e9e du Centre hospitalo-universitaire \u00ab\u00a0Dr Damerdji Tidjani\u00a0\u00bb de Tlemcen a entam\u00e9, dimanche, des consultations m\u00e9dicales sp\u00e9cialis\u00e9es au sein de l\u2019Etablissement public hospitalier \u00ab\u00a0Mohamed Boudiaf\u00a0\u00bb, ainsi que dans plusieurs structures de sant\u00e9 de proximit\u00e9 du chef-lieu de wilaya, dans le cadre de la mise en \u0153uvre de la convention de jumelage liant les &hellip;","og_url":"https:\/\/elmawkie.dz\/fr\/jumelage-inter-hopitaux-debut-des-consultations-specialisees-a-lhopital-mohamed-boudiaf-del-bayadh\/","og_site_name":"El Mawkie","article_publisher":"https:\/\/www.facebook.com\/profile.php?id=100088407094989&locale=fr_FR","article_published_time":"2026-04-26T14:45:31+00:00","article_modified_time":"2026-04-26T14:45:32+00:00","og_image":[{"width":450,"height":250,"url":"https:\/\/elmawkie.dz\/fr\/wp-content\/uploads\/2026\/04\/IMG_6860.webp","type":"image\/webp"}],"author":"R\u00e9daction","twitter_card":"summary_large_image","twitter_misc":{"Written by":"R\u00e9daction","Est. reading time":"2 minutes"},"schema":{"@context":"https:\/\/schema.org","@graph":[{"@type":"Article","@id":"https:\/\/elmawkie.dz\/fr\/jumelage-inter-hopitaux-debut-des-consultations-specialisees-a-lhopital-mohamed-boudiaf-del-bayadh\/#article","isPartOf":{"@id":"https:\/\/elmawkie.dz\/fr\/jumelage-inter-hopitaux-debut-des-consultations-specialisees-a-lhopital-mohamed-boudiaf-del-bayadh\/"},"author":{"name":"R\u00e9daction","@id":"https:\/\/elmawkie.dz\/fr\/#\/schema\/person\/e7bd59d6467874ba5c4723d8a9f0a63c"},"headline":"Jumelage inter-h\u00f4pitaux : d\u00e9but des consultations sp\u00e9cialis\u00e9es \u00e0 l\u2019h\u00f4pital Mohamed Boudiaf d\u2019El Bayadh","datePublished":"2026-04-26T14:45:31+00:00","dateModified":"2026-04-26T14:45:32+00:00","mainEntityOfPage":{"@id":"https:\/\/elmawkie.dz\/fr\/jumelage-inter-hopitaux-debut-des-consultations-specialisees-a-lhopital-mohamed-boudiaf-del-bayadh\/"},"wordCount":359,"commentCount":0,"publisher":{"@id":"https:\/\/elmawkie.dz\/fr\/#organization"},"image":{"@id":"https:\/\/elmawkie.dz\/fr\/jumelage-inter-hopitaux-debut-des-consultations-specialisees-a-lhopital-mohamed-boudiaf-del-bayadh\/#primaryimage"},"thumbnailUrl":"https:\/\/elmawkie.dz\/fr\/wp-content\/uploads\/2026\/04\/IMG_6860.webp","keywords":["El-Bayadh","inter-h\u00f4pitaux","Jumelage"],"articleSection":["R\u00e9gion"],"inLanguage":"fr-FR","potentialAction":[{"@type":"CommentAction","name":"Comment","target":["https:\/\/elmawkie.dz\/fr\/jumelage-inter-hopitaux-debut-des-consultations-specialisees-a-lhopital-mohamed-boudiaf-del-bayadh\/#respond"]}]},{"@type":"WebPage","@id":"https:\/\/elmawkie.dz\/fr\/jumelage-inter-hopitaux-debut-des-consultations-specialisees-a-lhopital-mohamed-boudiaf-del-bayadh\/","url":"https:\/\/elmawkie.dz\/fr\/jumelage-inter-hopitaux-debut-des-consultations-specialisees-a-lhopital-mohamed-boudiaf-del-bayadh\/","name":"Jumelage inter-h\u00f4pitaux : d\u00e9but des consultations sp\u00e9cialis\u00e9es \u00e0 l\u2019h\u00f4pital Mohamed Boudiaf d\u2019El Bayadh - El Mawkie","isPartOf":{"@id":"https:\/\/elmawkie.dz\/fr\/#website"},"primaryImageOfPage":{"@id":"https:\/\/elmawkie.dz\/fr\/jumelage-inter-hopitaux-debut-des-consultations-specialisees-a-lhopital-mohamed-boudiaf-del-bayadh\/#primaryimage"},"image":{"@id":"https:\/\/elmawkie.dz\/fr\/jumelage-inter-hopitaux-debut-des-consultations-specialisees-a-lhopital-mohamed-boudiaf-del-bayadh\/#primaryimage"},"thumbnailUrl":"https:\/\/elmawkie.dz\/fr\/wp-content\/uploads\/2026\/04\/IMG_6860.webp","datePublished":"2026-04-26T14:45:31+00:00","dateModified":"2026-04-26T14:45:32+00:00","breadcrumb":{"@id":"https:\/\/elmawkie.dz\/fr\/jumelage-inter-hopitaux-debut-des-consultations-specialisees-a-lhopital-mohamed-boudiaf-del-bayadh\/#breadcrumb"},"inLanguage":"fr-FR","potentialAction":[{"@type":"ReadAction","target":["https:\/\/elmawkie.dz\/fr\/jumelage-inter-hopitaux-debut-des-consultations-specialisees-a-lhopital-mohamed-boudiaf-del-bayadh\/"]}]},{"@type":"ImageObject","inLanguage":"fr-FR","@id":"https:\/\/elmawkie.dz\/fr\/jumelage-inter-hopitaux-debut-des-consultations-specialisees-a-lhopital-mohamed-boudiaf-del-bayadh\/#primaryimage","url":"https:\/\/elmawkie.dz\/fr\/wp-content\/uploads\/2026\/04\/IMG_6860.webp","contentUrl":"https:\/\/elmawkie.dz\/fr\/wp-content\/uploads\/2026\/04\/IMG_6860.webp","width":450,"height":250},{"@type":"BreadcrumbList","@id":"https:\/\/elmawkie.dz\/fr\/jumelage-inter-hopitaux-debut-des-consultations-specialisees-a-lhopital-mohamed-boudiaf-del-bayadh\/#breadcrumb","itemListElement":[{"@type":"ListItem","position":1,"name":"Home","item":"https:\/\/elmawkie.dz\/fr\/"},{"@type":"ListItem","position":2,"name":"Jumelage inter-h\u00f4pitaux : d\u00e9but des consultations sp\u00e9cialis\u00e9es \u00e0 l\u2019h\u00f4pital Mohamed Boudiaf d\u2019El Bayadh"}]},{"@type":"WebSite","@id":"https:\/\/elmawkie.dz\/fr\/#website","url":"https:\/\/elmawkie.dz\/fr\/","name":"EL MAWKIE","description":"Journal \u00c9lectronique Alg\u00e9rien","publisher":{"@id":"https:\/\/elmawkie.dz\/fr\/#organization"},"potentialAction":[{"@type":"SearchAction","target":{"@type":"EntryPoint","urlTemplate":"https:\/\/elmawkie.dz\/fr\/?s={search_term_string}"},"query-input":"required name=search_term_string"}],"inLanguage":"fr-FR"},{"@type":"Organization","@id":"https:\/\/elmawkie.dz\/fr\/#organization","name":"EL MAWKIE","url":"https:\/\/elmawkie.dz\/fr\/","logo":{"@type":"ImageObject","inLanguage":"fr-FR","@id":"https:\/\/elmawkie.dz\/fr\/#\/schema\/logo\/image\/","url":"https:\/\/elmawkie.dz\/fr\/wp-content\/uploads\/2024\/05\/logo1.png","contentUrl":"https:\/\/elmawkie.dz\/fr\/wp-content\/uploads\/2024\/05\/logo1.png","width":1648,"height":652,"caption":"EL MAWKIE"},"image":{"@id":"https:\/\/elmawkie.dz\/fr\/#\/schema\/logo\/image\/"},"sameAs":["https:\/\/www.facebook.com\/profile.php?id=100088407094989&locale=fr_FR"]},{"@type":"Person","@id":"https:\/\/elmawkie.dz\/fr\/#\/schema\/person\/e7bd59d6467874ba5c4723d8a9f0a63c","name":"R\u00e9daction","image":{"@type":"ImageObject","inLanguage":"fr-FR","@id":"https:\/\/elmawkie.dz\/fr\/#\/schema\/person\/image\/","url":"https:\/\/secure.gravatar.com\/avatar\/f0f773456344da4d2788c054a3d30a0c?s=96&d=mm&r=g","contentUrl":"https:\/\/secure.gravatar.com\/avatar\/f0f773456344da4d2788c054a3d30a0c?s=96&d=mm&r=g","caption":"R\u00e9daction"},"url":"https:\/\/elmawkie.dz\/fr\/author\/redaction\/"}]}},"_links":{"self":[{"href":"https:\/\/elmawkie.dz\/fr\/wp-json\/wp\/v2\/posts\/64872","targetHints":{"allow":["GET"]}}],"collection":[{"href":"https:\/\/elmawkie.dz\/fr\/wp-json\/wp\/v2\/posts"}],"about":[{"href":"https:\/\/elmawkie.dz\/fr\/wp-json\/wp\/v2\/types\/post"}],"author":[{"embeddable":true,"href":"https:\/\/elmawkie.dz\/fr\/wp-json\/wp\/v2\/users\/9"}],"replies":[{"embeddable":true,"href":"https:\/\/elmawkie.dz\/fr\/wp-json\/wp\/v2\/comments?post=64872"}],"version-history":[{"count":1,"href":"https:\/\/elmawkie.dz\/fr\/wp-json\/wp\/v2\/posts\/64872\/revisions"}],"predecessor-version":[{"id":64875,"href":"https:\/\/elmawkie.dz\/fr\/wp-json\/wp\/v2\/posts\/64872\/revisions\/64875"}],"wp:featuredmedia":[{"embeddable":true,"href":"https:\/\/elmawkie.dz\/fr\/wp-json\/wp\/v2\/media\/64874"}],"wp:attachment":[{"href":"https:\/\/elmawkie.dz\/fr\/wp-json\/wp\/v2\/media?parent=64872"}],"wp:term":[{"taxonomy":"category","embeddable":true,"href":"https:\/\/elmawkie.dz\/fr\/wp-json\/wp\/v2\/categories?post=64872"},{"taxonomy":"post_tag","embeddable":true,"href":"https:\/\/elmawkie.dz\/fr\/wp-json\/wp\/v2\/tags?post=64872"}],"curies":[{"name":"wp","href":"https:\/\/api.w.org\/{rel}","templated":true}]}}