{"id":64868,"date":"2026-04-26T15:42:19","date_gmt":"2026-04-26T14:42:19","guid":{"rendered":"https:\/\/elmawkie.dz\/fr\/?p=64868"},"modified":"2026-04-26T15:42:20","modified_gmt":"2026-04-26T14:42:20","slug":"bechar-mise-en-service-de-nouveaux-blocs-operatoires-a-leph-tourabi-boudjemaa","status":"publish","type":"post","link":"https:\/\/elmawkie.dz\/fr\/bechar-mise-en-service-de-nouveaux-blocs-operatoires-a-leph-tourabi-boudjemaa\/","title":{"rendered":"Bechar : mise en service de nouveaux blocs op\u00e9ratoires \u00e0 l\u2019EPH \u201cTourabi Boudjem\u00e2a"},"content":{"rendered":"\n<p>L\u2019\u00e9tablissement public hospitalier (EPH) \u00ab\u00a0Tourabi Boudjem\u00e2a\u00a0\u00bb de Bechar a renforc\u00e9 ses services m\u00e9dicaux sp\u00e9cialis\u00e9s, en se dotant de deux nouveaux blocs op\u00e9ratoires, a-t-on appris, dimanche, aupr\u00e8s du directeur de cet \u00e9tablissement, Abdallah Houissi.<\/p>\n\n\n\n<p>Il s\u2019agit d\u2019un bloc op\u00e9ratoire central de chirurgie g\u00e9n\u00e9rale et d\u2019un bloc de chirurgie orthop\u00e9dique, tous deux dot\u00e9s d\u2019\u00e9quipements ultramodernes. Ces infrastructures viennent s\u2019ajouter au bloc op\u00e9ratoire de chirurgie g\u00e9n\u00e9rale d\u00e9j\u00e0 existant, a-t-il pr\u00e9cis\u00e9.<\/p>\n\n\n\n<p>Cette initiative, concr\u00e9tis\u00e9e avec la contribution de la direction locale de la sant\u00e9 et de la population (DSP), vise \u00e0 favoriser le d\u00e9veloppement de structures m\u00e9dicales sp\u00e9cialis\u00e9es modernes au sein de l\u2019EPH, afin d\u2019am\u00e9liorer la prise en charge des patients, a-t-il expliqu\u00e9.<\/p>\n\n\n\n<p>Elle a \u00e9galement pour objectif d\u2019offrir des conditions optimales aux \u00e9quipes de sp\u00e9cialistes exer\u00e7ant dans ce type de chirurgie, ainsi qu\u2019aux agents param\u00e9dicaux qui travaillent \u00e0 leurs c\u00f4t\u00e9s, a-t-il ajout\u00e9.<\/p>\n\n\n\n<p>Par ailleurs, une unit\u00e9 d\u00e9di\u00e9e \u00e0 la p\u00e9diatrie a \u00e9galement \u00e9t\u00e9 ouverte \u00e0 l\u2019EPH \u00ab\u00a0Belhadj Ahmed\u00a0\u00bb de Bechar, dans le but de renforcer les prestations de services m\u00e9dicaux en p\u00e9diatrie. Cette nouvelle structure vient consolider celles d\u00e9j\u00e0 assur\u00e9es par l\u2019EPH sp\u00e9cialis\u00e9 \u00ab\u00a0Mohamed Boudiaf\u00a0\u00bb M\u00e8re et Enfant, selon le premier responsable de la DSP, Mansour Boukhiar.&nbsp;<\/p>\n","protected":false},"excerpt":{"rendered":"<p>L\u2019\u00e9tablissement public hospitalier (EPH) \u00ab\u00a0Tourabi Boudjem\u00e2a\u00a0\u00bb de Bechar a renforc\u00e9 ses services m\u00e9dicaux sp\u00e9cialis\u00e9s, en se dotant de deux nouveaux blocs op\u00e9ratoires, a-t-on appris, dimanche, aupr\u00e8s du directeur de cet \u00e9tablissement, Abdallah Houissi. Il s\u2019agit d\u2019un bloc op\u00e9ratoire central de chirurgie g\u00e9n\u00e9rale et d\u2019un bloc de chirurgie orthop\u00e9dique, tous deux dot\u00e9s d\u2019\u00e9quipements ultramodernes. Ces infrastructures &hellip;<\/p>\n","protected":false},"author":9,"featured_media":64870,"comment_status":"open","ping_status":"open","sticky":false,"template":"","format":"standard","meta":{"footnotes":""},"categories":[50],"tags":[],"class_list":["post-64868","post","type-post","status-publish","format-standard","has-post-thumbnail","hentry","category-region"],"yoast_head":"<!-- This site is optimized with the Yoast SEO Premium plugin v22.6 (Yoast SEO v22.6) - https:\/\/yoast.com\/wordpress\/plugins\/seo\/ -->\n<title>Bechar : mise en service de nouveaux blocs op\u00e9ratoires \u00e0 l\u2019EPH \u201cTourabi Boudjem\u00e2a - El Mawkie<\/title>\n<meta name=\"robots\" content=\"index, follow, max-snippet:-1, max-image-preview:large, max-video-preview:-1\" \/>\n<link rel=\"canonical\" href=\"https:\/\/elmawkie.dz\/fr\/bechar-mise-en-service-de-nouveaux-blocs-operatoires-a-leph-tourabi-boudjemaa\/\" \/>\n<meta property=\"og:locale\" content=\"fr_FR\" \/>\n<meta property=\"og:type\" content=\"article\" \/>\n<meta property=\"og:title\" content=\"Bechar : mise en service de nouveaux blocs op\u00e9ratoires \u00e0 l\u2019EPH \u201cTourabi Boudjem\u00e2a\" \/>\n<meta property=\"og:description\" content=\"L\u2019\u00e9tablissement public hospitalier (EPH) \u00ab\u00a0Tourabi Boudjem\u00e2a\u00a0\u00bb de Bechar a renforc\u00e9 ses services m\u00e9dicaux sp\u00e9cialis\u00e9s, en se dotant de deux nouveaux blocs op\u00e9ratoires, a-t-on appris, dimanche, aupr\u00e8s du directeur de cet \u00e9tablissement, Abdallah Houissi. Il s\u2019agit d\u2019un bloc op\u00e9ratoire central de chirurgie g\u00e9n\u00e9rale et d\u2019un bloc de chirurgie orthop\u00e9dique, tous deux dot\u00e9s d\u2019\u00e9quipements ultramodernes. Ces infrastructures &hellip;\" \/>\n<meta property=\"og:url\" content=\"https:\/\/elmawkie.dz\/fr\/bechar-mise-en-service-de-nouveaux-blocs-operatoires-a-leph-tourabi-boudjemaa\/\" \/>\n<meta property=\"og:site_name\" content=\"El Mawkie\" \/>\n<meta property=\"article:publisher\" content=\"https:\/\/www.facebook.com\/profile.php?id=100088407094989&amp;locale=fr_FR\" \/>\n<meta property=\"article:published_time\" content=\"2026-04-26T14:42:19+00:00\" \/>\n<meta property=\"article:modified_time\" content=\"2026-04-26T14:42:20+00:00\" \/>\n<meta property=\"og:image\" content=\"https:\/\/elmawkie.dz\/fr\/wp-content\/uploads\/2026\/04\/IMG_6859.webp\" \/>\n\t<meta property=\"og:image:width\" content=\"1080\" \/>\n\t<meta property=\"og:image:height\" content=\"809\" \/>\n\t<meta property=\"og:image:type\" content=\"image\/webp\" \/>\n<meta name=\"author\" content=\"R\u00e9daction\" \/>\n<meta name=\"twitter:card\" content=\"summary_large_image\" \/>\n<meta name=\"twitter:label1\" content=\"Written by\" \/>\n\t<meta name=\"twitter:data1\" content=\"R\u00e9daction\" \/>\n\t<meta name=\"twitter:label2\" content=\"Est. reading time\" \/>\n\t<meta name=\"twitter:data2\" content=\"2 minutes\" \/>\n<script type=\"application\/ld+json\" class=\"yoast-schema-graph\">{\"@context\":\"https:\/\/schema.org\",\"@graph\":[{\"@type\":\"Article\",\"@id\":\"https:\/\/elmawkie.dz\/fr\/bechar-mise-en-service-de-nouveaux-blocs-operatoires-a-leph-tourabi-boudjemaa\/#article\",\"isPartOf\":{\"@id\":\"https:\/\/elmawkie.dz\/fr\/bechar-mise-en-service-de-nouveaux-blocs-operatoires-a-leph-tourabi-boudjemaa\/\"},\"author\":{\"name\":\"R\u00e9daction\",\"@id\":\"https:\/\/elmawkie.dz\/fr\/#\/schema\/person\/e7bd59d6467874ba5c4723d8a9f0a63c\"},\"headline\":\"Bechar : mise en service de nouveaux blocs op\u00e9ratoires \u00e0 l\u2019EPH \u201cTourabi Boudjem\u00e2a\",\"datePublished\":\"2026-04-26T14:42:19+00:00\",\"dateModified\":\"2026-04-26T14:42:20+00:00\",\"mainEntityOfPage\":{\"@id\":\"https:\/\/elmawkie.dz\/fr\/bechar-mise-en-service-de-nouveaux-blocs-operatoires-a-leph-tourabi-boudjemaa\/\"},\"wordCount\":254,\"commentCount\":0,\"publisher\":{\"@id\":\"https:\/\/elmawkie.dz\/fr\/#organization\"},\"image\":{\"@id\":\"https:\/\/elmawkie.dz\/fr\/bechar-mise-en-service-de-nouveaux-blocs-operatoires-a-leph-tourabi-boudjemaa\/#primaryimage\"},\"thumbnailUrl\":\"https:\/\/elmawkie.dz\/fr\/wp-content\/uploads\/2026\/04\/IMG_6859.webp\",\"articleSection\":[\"R\u00e9gion\"],\"inLanguage\":\"fr-FR\",\"potentialAction\":[{\"@type\":\"CommentAction\",\"name\":\"Comment\",\"target\":[\"https:\/\/elmawkie.dz\/fr\/bechar-mise-en-service-de-nouveaux-blocs-operatoires-a-leph-tourabi-boudjemaa\/#respond\"]}]},{\"@type\":\"WebPage\",\"@id\":\"https:\/\/elmawkie.dz\/fr\/bechar-mise-en-service-de-nouveaux-blocs-operatoires-a-leph-tourabi-boudjemaa\/\",\"url\":\"https:\/\/elmawkie.dz\/fr\/bechar-mise-en-service-de-nouveaux-blocs-operatoires-a-leph-tourabi-boudjemaa\/\",\"name\":\"Bechar : mise en service de nouveaux blocs op\u00e9ratoires \u00e0 l\u2019EPH \u201cTourabi Boudjem\u00e2a - El Mawkie\",\"isPartOf\":{\"@id\":\"https:\/\/elmawkie.dz\/fr\/#website\"},\"primaryImageOfPage\":{\"@id\":\"https:\/\/elmawkie.dz\/fr\/bechar-mise-en-service-de-nouveaux-blocs-operatoires-a-leph-tourabi-boudjemaa\/#primaryimage\"},\"image\":{\"@id\":\"https:\/\/elmawkie.dz\/fr\/bechar-mise-en-service-de-nouveaux-blocs-operatoires-a-leph-tourabi-boudjemaa\/#primaryimage\"},\"thumbnailUrl\":\"https:\/\/elmawkie.dz\/fr\/wp-content\/uploads\/2026\/04\/IMG_6859.webp\",\"datePublished\":\"2026-04-26T14:42:19+00:00\",\"dateModified\":\"2026-04-26T14:42:20+00:00\",\"breadcrumb\":{\"@id\":\"https:\/\/elmawkie.dz\/fr\/bechar-mise-en-service-de-nouveaux-blocs-operatoires-a-leph-tourabi-boudjemaa\/#breadcrumb\"},\"inLanguage\":\"fr-FR\",\"potentialAction\":[{\"@type\":\"ReadAction\",\"target\":[\"https:\/\/elmawkie.dz\/fr\/bechar-mise-en-service-de-nouveaux-blocs-operatoires-a-leph-tourabi-boudjemaa\/\"]}]},{\"@type\":\"ImageObject\",\"inLanguage\":\"fr-FR\",\"@id\":\"https:\/\/elmawkie.dz\/fr\/bechar-mise-en-service-de-nouveaux-blocs-operatoires-a-leph-tourabi-boudjemaa\/#primaryimage\",\"url\":\"https:\/\/elmawkie.dz\/fr\/wp-content\/uploads\/2026\/04\/IMG_6859.webp\",\"contentUrl\":\"https:\/\/elmawkie.dz\/fr\/wp-content\/uploads\/2026\/04\/IMG_6859.webp\",\"width\":1080,\"height\":809},{\"@type\":\"BreadcrumbList\",\"@id\":\"https:\/\/elmawkie.dz\/fr\/bechar-mise-en-service-de-nouveaux-blocs-operatoires-a-leph-tourabi-boudjemaa\/#breadcrumb\",\"itemListElement\":[{\"@type\":\"ListItem\",\"position\":1,\"name\":\"Home\",\"item\":\"https:\/\/elmawkie.dz\/fr\/\"},{\"@type\":\"ListItem\",\"position\":2,\"name\":\"Bechar : mise en service de nouveaux blocs op\u00e9ratoires \u00e0 l\u2019EPH \u201cTourabi Boudjem\u00e2a\"}]},{\"@type\":\"WebSite\",\"@id\":\"https:\/\/elmawkie.dz\/fr\/#website\",\"url\":\"https:\/\/elmawkie.dz\/fr\/\",\"name\":\"EL MAWKIE\",\"description\":\"Journal \u00c9lectronique Alg\u00e9rien\",\"publisher\":{\"@id\":\"https:\/\/elmawkie.dz\/fr\/#organization\"},\"potentialAction\":[{\"@type\":\"SearchAction\",\"target\":{\"@type\":\"EntryPoint\",\"urlTemplate\":\"https:\/\/elmawkie.dz\/fr\/?s={search_term_string}\"},\"query-input\":\"required name=search_term_string\"}],\"inLanguage\":\"fr-FR\"},{\"@type\":\"Organization\",\"@id\":\"https:\/\/elmawkie.dz\/fr\/#organization\",\"name\":\"EL MAWKIE\",\"url\":\"https:\/\/elmawkie.dz\/fr\/\",\"logo\":{\"@type\":\"ImageObject\",\"inLanguage\":\"fr-FR\",\"@id\":\"https:\/\/elmawkie.dz\/fr\/#\/schema\/logo\/image\/\",\"url\":\"https:\/\/elmawkie.dz\/fr\/wp-content\/uploads\/2024\/05\/logo1.png\",\"contentUrl\":\"https:\/\/elmawkie.dz\/fr\/wp-content\/uploads\/2024\/05\/logo1.png\",\"width\":1648,\"height\":652,\"caption\":\"EL MAWKIE\"},\"image\":{\"@id\":\"https:\/\/elmawkie.dz\/fr\/#\/schema\/logo\/image\/\"},\"sameAs\":[\"https:\/\/www.facebook.com\/profile.php?id=100088407094989&locale=fr_FR\"]},{\"@type\":\"Person\",\"@id\":\"https:\/\/elmawkie.dz\/fr\/#\/schema\/person\/e7bd59d6467874ba5c4723d8a9f0a63c\",\"name\":\"R\u00e9daction\",\"image\":{\"@type\":\"ImageObject\",\"inLanguage\":\"fr-FR\",\"@id\":\"https:\/\/elmawkie.dz\/fr\/#\/schema\/person\/image\/\",\"url\":\"https:\/\/secure.gravatar.com\/avatar\/f0f773456344da4d2788c054a3d30a0c?s=96&d=mm&r=g\",\"contentUrl\":\"https:\/\/secure.gravatar.com\/avatar\/f0f773456344da4d2788c054a3d30a0c?s=96&d=mm&r=g\",\"caption\":\"R\u00e9daction\"},\"url\":\"https:\/\/elmawkie.dz\/fr\/author\/redaction\/\"}]}<\/script>\n<!-- \/ Yoast SEO Premium plugin. -->","yoast_head_json":{"title":"Bechar : mise en service de nouveaux blocs op\u00e9ratoires \u00e0 l\u2019EPH \u201cTourabi Boudjem\u00e2a - El Mawkie","robots":{"index":"index","follow":"follow","max-snippet":"max-snippet:-1","max-image-preview":"max-image-preview:large","max-video-preview":"max-video-preview:-1"},"canonical":"https:\/\/elmawkie.dz\/fr\/bechar-mise-en-service-de-nouveaux-blocs-operatoires-a-leph-tourabi-boudjemaa\/","og_locale":"fr_FR","og_type":"article","og_title":"Bechar : mise en service de nouveaux blocs op\u00e9ratoires \u00e0 l\u2019EPH \u201cTourabi Boudjem\u00e2a","og_description":"L\u2019\u00e9tablissement public hospitalier (EPH) \u00ab\u00a0Tourabi Boudjem\u00e2a\u00a0\u00bb de Bechar a renforc\u00e9 ses services m\u00e9dicaux sp\u00e9cialis\u00e9s, en se dotant de deux nouveaux blocs op\u00e9ratoires, a-t-on appris, dimanche, aupr\u00e8s du directeur de cet \u00e9tablissement, Abdallah Houissi. Il s\u2019agit d\u2019un bloc op\u00e9ratoire central de chirurgie g\u00e9n\u00e9rale et d\u2019un bloc de chirurgie orthop\u00e9dique, tous deux dot\u00e9s d\u2019\u00e9quipements ultramodernes. Ces infrastructures &hellip;","og_url":"https:\/\/elmawkie.dz\/fr\/bechar-mise-en-service-de-nouveaux-blocs-operatoires-a-leph-tourabi-boudjemaa\/","og_site_name":"El Mawkie","article_publisher":"https:\/\/www.facebook.com\/profile.php?id=100088407094989&locale=fr_FR","article_published_time":"2026-04-26T14:42:19+00:00","article_modified_time":"2026-04-26T14:42:20+00:00","og_image":[{"width":1080,"height":809,"url":"https:\/\/elmawkie.dz\/fr\/wp-content\/uploads\/2026\/04\/IMG_6859.webp","type":"image\/webp"}],"author":"R\u00e9daction","twitter_card":"summary_large_image","twitter_misc":{"Written by":"R\u00e9daction","Est. reading time":"2 minutes"},"schema":{"@context":"https:\/\/schema.org","@graph":[{"@type":"Article","@id":"https:\/\/elmawkie.dz\/fr\/bechar-mise-en-service-de-nouveaux-blocs-operatoires-a-leph-tourabi-boudjemaa\/#article","isPartOf":{"@id":"https:\/\/elmawkie.dz\/fr\/bechar-mise-en-service-de-nouveaux-blocs-operatoires-a-leph-tourabi-boudjemaa\/"},"author":{"name":"R\u00e9daction","@id":"https:\/\/elmawkie.dz\/fr\/#\/schema\/person\/e7bd59d6467874ba5c4723d8a9f0a63c"},"headline":"Bechar : mise en service de nouveaux blocs op\u00e9ratoires \u00e0 l\u2019EPH \u201cTourabi Boudjem\u00e2a","datePublished":"2026-04-26T14:42:19+00:00","dateModified":"2026-04-26T14:42:20+00:00","mainEntityOfPage":{"@id":"https:\/\/elmawkie.dz\/fr\/bechar-mise-en-service-de-nouveaux-blocs-operatoires-a-leph-tourabi-boudjemaa\/"},"wordCount":254,"commentCount":0,"publisher":{"@id":"https:\/\/elmawkie.dz\/fr\/#organization"},"image":{"@id":"https:\/\/elmawkie.dz\/fr\/bechar-mise-en-service-de-nouveaux-blocs-operatoires-a-leph-tourabi-boudjemaa\/#primaryimage"},"thumbnailUrl":"https:\/\/elmawkie.dz\/fr\/wp-content\/uploads\/2026\/04\/IMG_6859.webp","articleSection":["R\u00e9gion"],"inLanguage":"fr-FR","potentialAction":[{"@type":"CommentAction","name":"Comment","target":["https:\/\/elmawkie.dz\/fr\/bechar-mise-en-service-de-nouveaux-blocs-operatoires-a-leph-tourabi-boudjemaa\/#respond"]}]},{"@type":"WebPage","@id":"https:\/\/elmawkie.dz\/fr\/bechar-mise-en-service-de-nouveaux-blocs-operatoires-a-leph-tourabi-boudjemaa\/","url":"https:\/\/elmawkie.dz\/fr\/bechar-mise-en-service-de-nouveaux-blocs-operatoires-a-leph-tourabi-boudjemaa\/","name":"Bechar : mise en service de nouveaux blocs op\u00e9ratoires \u00e0 l\u2019EPH \u201cTourabi Boudjem\u00e2a - El Mawkie","isPartOf":{"@id":"https:\/\/elmawkie.dz\/fr\/#website"},"primaryImageOfPage":{"@id":"https:\/\/elmawkie.dz\/fr\/bechar-mise-en-service-de-nouveaux-blocs-operatoires-a-leph-tourabi-boudjemaa\/#primaryimage"},"image":{"@id":"https:\/\/elmawkie.dz\/fr\/bechar-mise-en-service-de-nouveaux-blocs-operatoires-a-leph-tourabi-boudjemaa\/#primaryimage"},"thumbnailUrl":"https:\/\/elmawkie.dz\/fr\/wp-content\/uploads\/2026\/04\/IMG_6859.webp","datePublished":"2026-04-26T14:42:19+00:00","dateModified":"2026-04-26T14:42:20+00:00","breadcrumb":{"@id":"https:\/\/elmawkie.dz\/fr\/bechar-mise-en-service-de-nouveaux-blocs-operatoires-a-leph-tourabi-boudjemaa\/#breadcrumb"},"inLanguage":"fr-FR","potentialAction":[{"@type":"ReadAction","target":["https:\/\/elmawkie.dz\/fr\/bechar-mise-en-service-de-nouveaux-blocs-operatoires-a-leph-tourabi-boudjemaa\/"]}]},{"@type":"ImageObject","inLanguage":"fr-FR","@id":"https:\/\/elmawkie.dz\/fr\/bechar-mise-en-service-de-nouveaux-blocs-operatoires-a-leph-tourabi-boudjemaa\/#primaryimage","url":"https:\/\/elmawkie.dz\/fr\/wp-content\/uploads\/2026\/04\/IMG_6859.webp","contentUrl":"https:\/\/elmawkie.dz\/fr\/wp-content\/uploads\/2026\/04\/IMG_6859.webp","width":1080,"height":809},{"@type":"BreadcrumbList","@id":"https:\/\/elmawkie.dz\/fr\/bechar-mise-en-service-de-nouveaux-blocs-operatoires-a-leph-tourabi-boudjemaa\/#breadcrumb","itemListElement":[{"@type":"ListItem","position":1,"name":"Home","item":"https:\/\/elmawkie.dz\/fr\/"},{"@type":"ListItem","position":2,"name":"Bechar : mise en service de nouveaux blocs op\u00e9ratoires \u00e0 l\u2019EPH \u201cTourabi Boudjem\u00e2a"}]},{"@type":"WebSite","@id":"https:\/\/elmawkie.dz\/fr\/#website","url":"https:\/\/elmawkie.dz\/fr\/","name":"EL MAWKIE","description":"Journal \u00c9lectronique Alg\u00e9rien","publisher":{"@id":"https:\/\/elmawkie.dz\/fr\/#organization"},"potentialAction":[{"@type":"SearchAction","target":{"@type":"EntryPoint","urlTemplate":"https:\/\/elmawkie.dz\/fr\/?s={search_term_string}"},"query-input":"required name=search_term_string"}],"inLanguage":"fr-FR"},{"@type":"Organization","@id":"https:\/\/elmawkie.dz\/fr\/#organization","name":"EL MAWKIE","url":"https:\/\/elmawkie.dz\/fr\/","logo":{"@type":"ImageObject","inLanguage":"fr-FR","@id":"https:\/\/elmawkie.dz\/fr\/#\/schema\/logo\/image\/","url":"https:\/\/elmawkie.dz\/fr\/wp-content\/uploads\/2024\/05\/logo1.png","contentUrl":"https:\/\/elmawkie.dz\/fr\/wp-content\/uploads\/2024\/05\/logo1.png","width":1648,"height":652,"caption":"EL MAWKIE"},"image":{"@id":"https:\/\/elmawkie.dz\/fr\/#\/schema\/logo\/image\/"},"sameAs":["https:\/\/www.facebook.com\/profile.php?id=100088407094989&locale=fr_FR"]},{"@type":"Person","@id":"https:\/\/elmawkie.dz\/fr\/#\/schema\/person\/e7bd59d6467874ba5c4723d8a9f0a63c","name":"R\u00e9daction","image":{"@type":"ImageObject","inLanguage":"fr-FR","@id":"https:\/\/elmawkie.dz\/fr\/#\/schema\/person\/image\/","url":"https:\/\/secure.gravatar.com\/avatar\/f0f773456344da4d2788c054a3d30a0c?s=96&d=mm&r=g","contentUrl":"https:\/\/secure.gravatar.com\/avatar\/f0f773456344da4d2788c054a3d30a0c?s=96&d=mm&r=g","caption":"R\u00e9daction"},"url":"https:\/\/elmawkie.dz\/fr\/author\/redaction\/"}]}},"_links":{"self":[{"href":"https:\/\/elmawkie.dz\/fr\/wp-json\/wp\/v2\/posts\/64868","targetHints":{"allow":["GET"]}}],"collection":[{"href":"https:\/\/elmawkie.dz\/fr\/wp-json\/wp\/v2\/posts"}],"about":[{"href":"https:\/\/elmawkie.dz\/fr\/wp-json\/wp\/v2\/types\/post"}],"author":[{"embeddable":true,"href":"https:\/\/elmawkie.dz\/fr\/wp-json\/wp\/v2\/users\/9"}],"replies":[{"embeddable":true,"href":"https:\/\/elmawkie.dz\/fr\/wp-json\/wp\/v2\/comments?post=64868"}],"version-history":[{"count":1,"href":"https:\/\/elmawkie.dz\/fr\/wp-json\/wp\/v2\/posts\/64868\/revisions"}],"predecessor-version":[{"id":64871,"href":"https:\/\/elmawkie.dz\/fr\/wp-json\/wp\/v2\/posts\/64868\/revisions\/64871"}],"wp:featuredmedia":[{"embeddable":true,"href":"https:\/\/elmawkie.dz\/fr\/wp-json\/wp\/v2\/media\/64870"}],"wp:attachment":[{"href":"https:\/\/elmawkie.dz\/fr\/wp-json\/wp\/v2\/media?parent=64868"}],"wp:term":[{"taxonomy":"category","embeddable":true,"href":"https:\/\/elmawkie.dz\/fr\/wp-json\/wp\/v2\/categories?post=64868"},{"taxonomy":"post_tag","embeddable":true,"href":"https:\/\/elmawkie.dz\/fr\/wp-json\/wp\/v2\/tags?post=64868"}],"curies":[{"name":"wp","href":"https:\/\/api.w.org\/{rel}","templated":true}]}}