{"id":64860,"date":"2026-04-26T13:39:33","date_gmt":"2026-04-26T12:39:33","guid":{"rendered":"https:\/\/elmawkie.dz\/fr\/?p=64860"},"modified":"2026-04-26T13:39:34","modified_gmt":"2026-04-26T12:39:34","slug":"festival-dannaba-du-film-mediterraneen-exposition-consacree-a-la-memoire-des-cinemas-algerien-et-egyptien","status":"publish","type":"post","link":"https:\/\/elmawkie.dz\/fr\/festival-dannaba-du-film-mediterraneen-exposition-consacree-a-la-memoire-des-cinemas-algerien-et-egyptien\/","title":{"rendered":"Festival d\u2019Annaba du film m\u00e9diterran\u00e9en : exposition consacr\u00e9e \u00e0 la m\u00e9moire des cin\u00e9mas alg\u00e9rien et \u00e9gyptien"},"content":{"rendered":"\n<p>Une exposition d\u00e9di\u00e9e \u00e0 la m\u00e9moire des cin\u00e9mas alg\u00e9rien et \u00e9gyptien se tient dans le hall de la gare ferroviaire d&rsquo;Annaba dans le cadre du 6\u00e8me Festival du film m\u00e9diterran\u00e9en d&rsquo;Annaba.<\/p>\n\n\n\n<p>Cette manifestation a \u00e9t\u00e9 inaugur\u00e9e samedi soir en pr\u00e9sence du chef de cabinet du wali d\u2019Annaba, de l\u2019ambassadeur de la R\u00e9publique arabe d&rsquo;Egypte en Alg\u00e9rie, Abdelatif El-La\u00efh, du commissaire du festival, Mohamed Allal, de la directrice de la culture et des arts de la wilaya d&rsquo;Annaba, Saliha Berkouk et de nombreux artistes et invit\u00e9s de cet \u00e9v\u00e9nement cin\u00e9matographique international.<\/p>\n\n\n\n<p>Le commissaire du festival a soulign\u00e9 que l&rsquo;organisation de cette exposition \u00e0 la gare ferroviaire de l\u2019antique Hippone, class\u00e9e monument national prot\u00e9g\u00e9, \u00a0\u00bb vise \u00e0 rapprocher le 7\u00e8me art du public et \u00e0 placer le cin\u00e9ma au c\u0153ur des espaces publics dynamiques \u00ab\u00a0.<\/p>\n\n\n\n<p>Il a ajout\u00e9 que l&rsquo;exposition \u00a0\u00bb c\u00e9l\u00e8bre la solidit\u00e9 des liens artistiques entre les cin\u00e9mas alg\u00e9rien et \u00e9gyptien \u00ab\u00a0, et \u00a0\u00bb t\u00e9moigne de l&rsquo;engagement du commissariat du festival \u00e0 valoriser le patrimoine cin\u00e9matographique en tant que partie int\u00e9grante de l&rsquo;identit\u00e9 culturelle m\u00e9diterran\u00e9enne \u00ab\u00a0.<\/p>\n\n\n\n<p>La directrice de la culture a indiqu\u00e9, quant \u00e0 elle, que le fait que cette exposition soit organis\u00e9e dans l\u2019enceinte de la gare d\u2019Annaba, \u00ab\u00a0rev\u00eat une signification particuli\u00e8re d\u00e8s lors que ce lieu embl\u00e9matique est un espace historique profond\u00e9ment li\u00e9 \u00e0 la m\u00e9moire\u00a0\u00bb.<\/p>\n\n\n\n<p>Ella a \u00e9galement soulign\u00e9 que cette manifestation \u00a0\u00bb proc\u00e8de de l\u2019ambition du festival de raviver la m\u00e9moire cin\u00e9matographique commune (entre l\u2019Alg\u00e9rie et l\u2019Egypte) et des efforts d\u00e9ploy\u00e9s par le secteur de la culture pour promouvoir la dynamique artistique en s\u2019ouvrant aux diff\u00e9rentes formes d&rsquo;expression artistique \u00ab\u00a0.<\/p>\n\n\n\n<p>L&rsquo;exposition propose \u00e0 ses visiteurs une vari\u00e9t\u00e9 d&rsquo;affiches cin\u00e9matographiques documentant et mettant en valeur les \u0153uvres les plus marquantes du cin\u00e9ma alg\u00e9rien et \u00e9gyptien, ainsi que des \u00e9quipements techniques, anciens et modernes, t\u00e9moin de l&rsquo;\u00e9volution de la production cin\u00e9matographiques.<\/p>\n\n\n\n<p>L&rsquo;\u00e9v\u00e9nement se distingue \u00e9galement par la contribution de l&rsquo;association \u00ab\u00a0Lumi\u00e8res\u00a0\u00bb d&rsquo;Alger\u00a0\u00bb qui y participe avec des collections et des mod\u00e8les documentaires qui enrichissent le contenu de l&rsquo;exposition et contribuent \u00e0 mettre en lumi\u00e8re des \u00e9tapes marquantes de l&rsquo;histoire du cin\u00e9ma.<\/p>\n\n\n\n<p>Notons que l&rsquo;exposition est un espace ouvert au public et aux passionn\u00e9s des salles obscures, durant toute la dur\u00e9e du festival, dans le but de valoriser le patrimoine cin\u00e9matographique commun et de renforcer les \u00e9changes culturels entre pays du pourtour m\u00e9diterran\u00e9en.&nbsp;<\/p>\n","protected":false},"excerpt":{"rendered":"<p>Une exposition d\u00e9di\u00e9e \u00e0 la m\u00e9moire des cin\u00e9mas alg\u00e9rien et \u00e9gyptien se tient dans le hall de la gare ferroviaire d&rsquo;Annaba dans le cadre du 6\u00e8me Festival du film m\u00e9diterran\u00e9en d&rsquo;Annaba. Cette manifestation a \u00e9t\u00e9 inaugur\u00e9e samedi soir en pr\u00e9sence du chef de cabinet du wali d\u2019Annaba, de l\u2019ambassadeur de la R\u00e9publique arabe d&rsquo;Egypte en &hellip;<\/p>\n","protected":false},"author":9,"featured_media":64862,"comment_status":"open","ping_status":"open","sticky":false,"template":"","format":"standard","meta":{"footnotes":""},"categories":[3],"tags":[1216,6264,6441],"class_list":["post-64860","post","type-post","status-publish","format-standard","has-post-thumbnail","hentry","category-bs-culture","tag-annaba","tag-festival","tag-film-mediterraneen"],"yoast_head":"<!-- This site is optimized with the Yoast SEO Premium plugin v22.6 (Yoast SEO v22.6) - https:\/\/yoast.com\/wordpress\/plugins\/seo\/ -->\n<title>Festival d\u2019Annaba du film m\u00e9diterran\u00e9en : exposition consacr\u00e9e \u00e0 la m\u00e9moire des cin\u00e9mas alg\u00e9rien et \u00e9gyptien - El Mawkie<\/title>\n<meta name=\"robots\" content=\"index, follow, max-snippet:-1, max-image-preview:large, max-video-preview:-1\" \/>\n<link rel=\"canonical\" href=\"https:\/\/elmawkie.dz\/fr\/festival-dannaba-du-film-mediterraneen-exposition-consacree-a-la-memoire-des-cinemas-algerien-et-egyptien\/\" \/>\n<meta property=\"og:locale\" content=\"fr_FR\" \/>\n<meta property=\"og:type\" content=\"article\" \/>\n<meta property=\"og:title\" content=\"Festival d\u2019Annaba du film m\u00e9diterran\u00e9en : exposition consacr\u00e9e \u00e0 la m\u00e9moire des cin\u00e9mas alg\u00e9rien et \u00e9gyptien\" \/>\n<meta property=\"og:description\" content=\"Une exposition d\u00e9di\u00e9e \u00e0 la m\u00e9moire des cin\u00e9mas alg\u00e9rien et \u00e9gyptien se tient dans le hall de la gare ferroviaire d&rsquo;Annaba dans le cadre du 6\u00e8me Festival du film m\u00e9diterran\u00e9en d&rsquo;Annaba. Cette manifestation a \u00e9t\u00e9 inaugur\u00e9e samedi soir en pr\u00e9sence du chef de cabinet du wali d\u2019Annaba, de l\u2019ambassadeur de la R\u00e9publique arabe d&rsquo;Egypte en &hellip;\" \/>\n<meta property=\"og:url\" content=\"https:\/\/elmawkie.dz\/fr\/festival-dannaba-du-film-mediterraneen-exposition-consacree-a-la-memoire-des-cinemas-algerien-et-egyptien\/\" \/>\n<meta property=\"og:site_name\" content=\"El Mawkie\" \/>\n<meta property=\"article:publisher\" content=\"https:\/\/www.facebook.com\/profile.php?id=100088407094989&amp;locale=fr_FR\" \/>\n<meta property=\"article:published_time\" content=\"2026-04-26T12:39:33+00:00\" \/>\n<meta property=\"article:modified_time\" content=\"2026-04-26T12:39:34+00:00\" \/>\n<meta property=\"og:image\" content=\"https:\/\/elmawkie.dz\/fr\/wp-content\/uploads\/2026\/04\/IMG_6836.jpeg\" \/>\n\t<meta property=\"og:image:width\" content=\"1440\" \/>\n\t<meta property=\"og:image:height\" content=\"960\" \/>\n\t<meta property=\"og:image:type\" content=\"image\/jpeg\" \/>\n<meta name=\"author\" content=\"R\u00e9daction\" \/>\n<meta name=\"twitter:card\" content=\"summary_large_image\" \/>\n<meta name=\"twitter:label1\" content=\"Written by\" \/>\n\t<meta name=\"twitter:data1\" content=\"R\u00e9daction\" \/>\n\t<meta name=\"twitter:label2\" content=\"Est. reading time\" \/>\n\t<meta name=\"twitter:data2\" content=\"3 minutes\" \/>\n<script type=\"application\/ld+json\" class=\"yoast-schema-graph\">{\"@context\":\"https:\/\/schema.org\",\"@graph\":[{\"@type\":\"Article\",\"@id\":\"https:\/\/elmawkie.dz\/fr\/festival-dannaba-du-film-mediterraneen-exposition-consacree-a-la-memoire-des-cinemas-algerien-et-egyptien\/#article\",\"isPartOf\":{\"@id\":\"https:\/\/elmawkie.dz\/fr\/festival-dannaba-du-film-mediterraneen-exposition-consacree-a-la-memoire-des-cinemas-algerien-et-egyptien\/\"},\"author\":{\"name\":\"R\u00e9daction\",\"@id\":\"https:\/\/elmawkie.dz\/fr\/#\/schema\/person\/e7bd59d6467874ba5c4723d8a9f0a63c\"},\"headline\":\"Festival d\u2019Annaba du film m\u00e9diterran\u00e9en : exposition consacr\u00e9e \u00e0 la m\u00e9moire des cin\u00e9mas alg\u00e9rien et \u00e9gyptien\",\"datePublished\":\"2026-04-26T12:39:33+00:00\",\"dateModified\":\"2026-04-26T12:39:34+00:00\",\"mainEntityOfPage\":{\"@id\":\"https:\/\/elmawkie.dz\/fr\/festival-dannaba-du-film-mediterraneen-exposition-consacree-a-la-memoire-des-cinemas-algerien-et-egyptien\/\"},\"wordCount\":475,\"commentCount\":0,\"publisher\":{\"@id\":\"https:\/\/elmawkie.dz\/fr\/#organization\"},\"image\":{\"@id\":\"https:\/\/elmawkie.dz\/fr\/festival-dannaba-du-film-mediterraneen-exposition-consacree-a-la-memoire-des-cinemas-algerien-et-egyptien\/#primaryimage\"},\"thumbnailUrl\":\"https:\/\/elmawkie.dz\/fr\/wp-content\/uploads\/2026\/04\/IMG_6836.jpeg\",\"keywords\":[\"Annaba\",\"Festival\",\"Film m\u00e9diterran\u00e9en\"],\"articleSection\":[\"Culture\"],\"inLanguage\":\"fr-FR\",\"potentialAction\":[{\"@type\":\"CommentAction\",\"name\":\"Comment\",\"target\":[\"https:\/\/elmawkie.dz\/fr\/festival-dannaba-du-film-mediterraneen-exposition-consacree-a-la-memoire-des-cinemas-algerien-et-egyptien\/#respond\"]}]},{\"@type\":\"WebPage\",\"@id\":\"https:\/\/elmawkie.dz\/fr\/festival-dannaba-du-film-mediterraneen-exposition-consacree-a-la-memoire-des-cinemas-algerien-et-egyptien\/\",\"url\":\"https:\/\/elmawkie.dz\/fr\/festival-dannaba-du-film-mediterraneen-exposition-consacree-a-la-memoire-des-cinemas-algerien-et-egyptien\/\",\"name\":\"Festival d\u2019Annaba du film m\u00e9diterran\u00e9en : exposition consacr\u00e9e \u00e0 la m\u00e9moire des cin\u00e9mas alg\u00e9rien et \u00e9gyptien - El Mawkie\",\"isPartOf\":{\"@id\":\"https:\/\/elmawkie.dz\/fr\/#website\"},\"primaryImageOfPage\":{\"@id\":\"https:\/\/elmawkie.dz\/fr\/festival-dannaba-du-film-mediterraneen-exposition-consacree-a-la-memoire-des-cinemas-algerien-et-egyptien\/#primaryimage\"},\"image\":{\"@id\":\"https:\/\/elmawkie.dz\/fr\/festival-dannaba-du-film-mediterraneen-exposition-consacree-a-la-memoire-des-cinemas-algerien-et-egyptien\/#primaryimage\"},\"thumbnailUrl\":\"https:\/\/elmawkie.dz\/fr\/wp-content\/uploads\/2026\/04\/IMG_6836.jpeg\",\"datePublished\":\"2026-04-26T12:39:33+00:00\",\"dateModified\":\"2026-04-26T12:39:34+00:00\",\"breadcrumb\":{\"@id\":\"https:\/\/elmawkie.dz\/fr\/festival-dannaba-du-film-mediterraneen-exposition-consacree-a-la-memoire-des-cinemas-algerien-et-egyptien\/#breadcrumb\"},\"inLanguage\":\"fr-FR\",\"potentialAction\":[{\"@type\":\"ReadAction\",\"target\":[\"https:\/\/elmawkie.dz\/fr\/festival-dannaba-du-film-mediterraneen-exposition-consacree-a-la-memoire-des-cinemas-algerien-et-egyptien\/\"]}]},{\"@type\":\"ImageObject\",\"inLanguage\":\"fr-FR\",\"@id\":\"https:\/\/elmawkie.dz\/fr\/festival-dannaba-du-film-mediterraneen-exposition-consacree-a-la-memoire-des-cinemas-algerien-et-egyptien\/#primaryimage\",\"url\":\"https:\/\/elmawkie.dz\/fr\/wp-content\/uploads\/2026\/04\/IMG_6836.jpeg\",\"contentUrl\":\"https:\/\/elmawkie.dz\/fr\/wp-content\/uploads\/2026\/04\/IMG_6836.jpeg\",\"width\":1440,\"height\":960},{\"@type\":\"BreadcrumbList\",\"@id\":\"https:\/\/elmawkie.dz\/fr\/festival-dannaba-du-film-mediterraneen-exposition-consacree-a-la-memoire-des-cinemas-algerien-et-egyptien\/#breadcrumb\",\"itemListElement\":[{\"@type\":\"ListItem\",\"position\":1,\"name\":\"Home\",\"item\":\"https:\/\/elmawkie.dz\/fr\/\"},{\"@type\":\"ListItem\",\"position\":2,\"name\":\"Festival d\u2019Annaba du film m\u00e9diterran\u00e9en : exposition consacr\u00e9e \u00e0 la m\u00e9moire des cin\u00e9mas alg\u00e9rien et \u00e9gyptien\"}]},{\"@type\":\"WebSite\",\"@id\":\"https:\/\/elmawkie.dz\/fr\/#website\",\"url\":\"https:\/\/elmawkie.dz\/fr\/\",\"name\":\"EL MAWKIE\",\"description\":\"Journal \u00c9lectronique Alg\u00e9rien\",\"publisher\":{\"@id\":\"https:\/\/elmawkie.dz\/fr\/#organization\"},\"potentialAction\":[{\"@type\":\"SearchAction\",\"target\":{\"@type\":\"EntryPoint\",\"urlTemplate\":\"https:\/\/elmawkie.dz\/fr\/?s={search_term_string}\"},\"query-input\":\"required name=search_term_string\"}],\"inLanguage\":\"fr-FR\"},{\"@type\":\"Organization\",\"@id\":\"https:\/\/elmawkie.dz\/fr\/#organization\",\"name\":\"EL MAWKIE\",\"url\":\"https:\/\/elmawkie.dz\/fr\/\",\"logo\":{\"@type\":\"ImageObject\",\"inLanguage\":\"fr-FR\",\"@id\":\"https:\/\/elmawkie.dz\/fr\/#\/schema\/logo\/image\/\",\"url\":\"https:\/\/elmawkie.dz\/fr\/wp-content\/uploads\/2024\/05\/logo1.png\",\"contentUrl\":\"https:\/\/elmawkie.dz\/fr\/wp-content\/uploads\/2024\/05\/logo1.png\",\"width\":1648,\"height\":652,\"caption\":\"EL MAWKIE\"},\"image\":{\"@id\":\"https:\/\/elmawkie.dz\/fr\/#\/schema\/logo\/image\/\"},\"sameAs\":[\"https:\/\/www.facebook.com\/profile.php?id=100088407094989&locale=fr_FR\"]},{\"@type\":\"Person\",\"@id\":\"https:\/\/elmawkie.dz\/fr\/#\/schema\/person\/e7bd59d6467874ba5c4723d8a9f0a63c\",\"name\":\"R\u00e9daction\",\"image\":{\"@type\":\"ImageObject\",\"inLanguage\":\"fr-FR\",\"@id\":\"https:\/\/elmawkie.dz\/fr\/#\/schema\/person\/image\/\",\"url\":\"https:\/\/secure.gravatar.com\/avatar\/f0f773456344da4d2788c054a3d30a0c?s=96&d=mm&r=g\",\"contentUrl\":\"https:\/\/secure.gravatar.com\/avatar\/f0f773456344da4d2788c054a3d30a0c?s=96&d=mm&r=g\",\"caption\":\"R\u00e9daction\"},\"url\":\"https:\/\/elmawkie.dz\/fr\/author\/redaction\/\"}]}<\/script>\n<!-- \/ Yoast SEO Premium plugin. -->","yoast_head_json":{"title":"Festival d\u2019Annaba du film m\u00e9diterran\u00e9en : exposition consacr\u00e9e \u00e0 la m\u00e9moire des cin\u00e9mas alg\u00e9rien et \u00e9gyptien - El Mawkie","robots":{"index":"index","follow":"follow","max-snippet":"max-snippet:-1","max-image-preview":"max-image-preview:large","max-video-preview":"max-video-preview:-1"},"canonical":"https:\/\/elmawkie.dz\/fr\/festival-dannaba-du-film-mediterraneen-exposition-consacree-a-la-memoire-des-cinemas-algerien-et-egyptien\/","og_locale":"fr_FR","og_type":"article","og_title":"Festival d\u2019Annaba du film m\u00e9diterran\u00e9en : exposition consacr\u00e9e \u00e0 la m\u00e9moire des cin\u00e9mas alg\u00e9rien et \u00e9gyptien","og_description":"Une exposition d\u00e9di\u00e9e \u00e0 la m\u00e9moire des cin\u00e9mas alg\u00e9rien et \u00e9gyptien se tient dans le hall de la gare ferroviaire d&rsquo;Annaba dans le cadre du 6\u00e8me Festival du film m\u00e9diterran\u00e9en d&rsquo;Annaba. Cette manifestation a \u00e9t\u00e9 inaugur\u00e9e samedi soir en pr\u00e9sence du chef de cabinet du wali d\u2019Annaba, de l\u2019ambassadeur de la R\u00e9publique arabe d&rsquo;Egypte en &hellip;","og_url":"https:\/\/elmawkie.dz\/fr\/festival-dannaba-du-film-mediterraneen-exposition-consacree-a-la-memoire-des-cinemas-algerien-et-egyptien\/","og_site_name":"El Mawkie","article_publisher":"https:\/\/www.facebook.com\/profile.php?id=100088407094989&locale=fr_FR","article_published_time":"2026-04-26T12:39:33+00:00","article_modified_time":"2026-04-26T12:39:34+00:00","og_image":[{"width":1440,"height":960,"url":"https:\/\/elmawkie.dz\/fr\/wp-content\/uploads\/2026\/04\/IMG_6836.jpeg","type":"image\/jpeg"}],"author":"R\u00e9daction","twitter_card":"summary_large_image","twitter_misc":{"Written by":"R\u00e9daction","Est. reading time":"3 minutes"},"schema":{"@context":"https:\/\/schema.org","@graph":[{"@type":"Article","@id":"https:\/\/elmawkie.dz\/fr\/festival-dannaba-du-film-mediterraneen-exposition-consacree-a-la-memoire-des-cinemas-algerien-et-egyptien\/#article","isPartOf":{"@id":"https:\/\/elmawkie.dz\/fr\/festival-dannaba-du-film-mediterraneen-exposition-consacree-a-la-memoire-des-cinemas-algerien-et-egyptien\/"},"author":{"name":"R\u00e9daction","@id":"https:\/\/elmawkie.dz\/fr\/#\/schema\/person\/e7bd59d6467874ba5c4723d8a9f0a63c"},"headline":"Festival d\u2019Annaba du film m\u00e9diterran\u00e9en : exposition consacr\u00e9e \u00e0 la m\u00e9moire des cin\u00e9mas alg\u00e9rien et \u00e9gyptien","datePublished":"2026-04-26T12:39:33+00:00","dateModified":"2026-04-26T12:39:34+00:00","mainEntityOfPage":{"@id":"https:\/\/elmawkie.dz\/fr\/festival-dannaba-du-film-mediterraneen-exposition-consacree-a-la-memoire-des-cinemas-algerien-et-egyptien\/"},"wordCount":475,"commentCount":0,"publisher":{"@id":"https:\/\/elmawkie.dz\/fr\/#organization"},"image":{"@id":"https:\/\/elmawkie.dz\/fr\/festival-dannaba-du-film-mediterraneen-exposition-consacree-a-la-memoire-des-cinemas-algerien-et-egyptien\/#primaryimage"},"thumbnailUrl":"https:\/\/elmawkie.dz\/fr\/wp-content\/uploads\/2026\/04\/IMG_6836.jpeg","keywords":["Annaba","Festival","Film m\u00e9diterran\u00e9en"],"articleSection":["Culture"],"inLanguage":"fr-FR","potentialAction":[{"@type":"CommentAction","name":"Comment","target":["https:\/\/elmawkie.dz\/fr\/festival-dannaba-du-film-mediterraneen-exposition-consacree-a-la-memoire-des-cinemas-algerien-et-egyptien\/#respond"]}]},{"@type":"WebPage","@id":"https:\/\/elmawkie.dz\/fr\/festival-dannaba-du-film-mediterraneen-exposition-consacree-a-la-memoire-des-cinemas-algerien-et-egyptien\/","url":"https:\/\/elmawkie.dz\/fr\/festival-dannaba-du-film-mediterraneen-exposition-consacree-a-la-memoire-des-cinemas-algerien-et-egyptien\/","name":"Festival d\u2019Annaba du film m\u00e9diterran\u00e9en : exposition consacr\u00e9e \u00e0 la m\u00e9moire des cin\u00e9mas alg\u00e9rien et \u00e9gyptien - El Mawkie","isPartOf":{"@id":"https:\/\/elmawkie.dz\/fr\/#website"},"primaryImageOfPage":{"@id":"https:\/\/elmawkie.dz\/fr\/festival-dannaba-du-film-mediterraneen-exposition-consacree-a-la-memoire-des-cinemas-algerien-et-egyptien\/#primaryimage"},"image":{"@id":"https:\/\/elmawkie.dz\/fr\/festival-dannaba-du-film-mediterraneen-exposition-consacree-a-la-memoire-des-cinemas-algerien-et-egyptien\/#primaryimage"},"thumbnailUrl":"https:\/\/elmawkie.dz\/fr\/wp-content\/uploads\/2026\/04\/IMG_6836.jpeg","datePublished":"2026-04-26T12:39:33+00:00","dateModified":"2026-04-26T12:39:34+00:00","breadcrumb":{"@id":"https:\/\/elmawkie.dz\/fr\/festival-dannaba-du-film-mediterraneen-exposition-consacree-a-la-memoire-des-cinemas-algerien-et-egyptien\/#breadcrumb"},"inLanguage":"fr-FR","potentialAction":[{"@type":"ReadAction","target":["https:\/\/elmawkie.dz\/fr\/festival-dannaba-du-film-mediterraneen-exposition-consacree-a-la-memoire-des-cinemas-algerien-et-egyptien\/"]}]},{"@type":"ImageObject","inLanguage":"fr-FR","@id":"https:\/\/elmawkie.dz\/fr\/festival-dannaba-du-film-mediterraneen-exposition-consacree-a-la-memoire-des-cinemas-algerien-et-egyptien\/#primaryimage","url":"https:\/\/elmawkie.dz\/fr\/wp-content\/uploads\/2026\/04\/IMG_6836.jpeg","contentUrl":"https:\/\/elmawkie.dz\/fr\/wp-content\/uploads\/2026\/04\/IMG_6836.jpeg","width":1440,"height":960},{"@type":"BreadcrumbList","@id":"https:\/\/elmawkie.dz\/fr\/festival-dannaba-du-film-mediterraneen-exposition-consacree-a-la-memoire-des-cinemas-algerien-et-egyptien\/#breadcrumb","itemListElement":[{"@type":"ListItem","position":1,"name":"Home","item":"https:\/\/elmawkie.dz\/fr\/"},{"@type":"ListItem","position":2,"name":"Festival d\u2019Annaba du film m\u00e9diterran\u00e9en : exposition consacr\u00e9e \u00e0 la m\u00e9moire des cin\u00e9mas alg\u00e9rien et \u00e9gyptien"}]},{"@type":"WebSite","@id":"https:\/\/elmawkie.dz\/fr\/#website","url":"https:\/\/elmawkie.dz\/fr\/","name":"EL MAWKIE","description":"Journal \u00c9lectronique Alg\u00e9rien","publisher":{"@id":"https:\/\/elmawkie.dz\/fr\/#organization"},"potentialAction":[{"@type":"SearchAction","target":{"@type":"EntryPoint","urlTemplate":"https:\/\/elmawkie.dz\/fr\/?s={search_term_string}"},"query-input":"required name=search_term_string"}],"inLanguage":"fr-FR"},{"@type":"Organization","@id":"https:\/\/elmawkie.dz\/fr\/#organization","name":"EL MAWKIE","url":"https:\/\/elmawkie.dz\/fr\/","logo":{"@type":"ImageObject","inLanguage":"fr-FR","@id":"https:\/\/elmawkie.dz\/fr\/#\/schema\/logo\/image\/","url":"https:\/\/elmawkie.dz\/fr\/wp-content\/uploads\/2024\/05\/logo1.png","contentUrl":"https:\/\/elmawkie.dz\/fr\/wp-content\/uploads\/2024\/05\/logo1.png","width":1648,"height":652,"caption":"EL MAWKIE"},"image":{"@id":"https:\/\/elmawkie.dz\/fr\/#\/schema\/logo\/image\/"},"sameAs":["https:\/\/www.facebook.com\/profile.php?id=100088407094989&locale=fr_FR"]},{"@type":"Person","@id":"https:\/\/elmawkie.dz\/fr\/#\/schema\/person\/e7bd59d6467874ba5c4723d8a9f0a63c","name":"R\u00e9daction","image":{"@type":"ImageObject","inLanguage":"fr-FR","@id":"https:\/\/elmawkie.dz\/fr\/#\/schema\/person\/image\/","url":"https:\/\/secure.gravatar.com\/avatar\/f0f773456344da4d2788c054a3d30a0c?s=96&d=mm&r=g","contentUrl":"https:\/\/secure.gravatar.com\/avatar\/f0f773456344da4d2788c054a3d30a0c?s=96&d=mm&r=g","caption":"R\u00e9daction"},"url":"https:\/\/elmawkie.dz\/fr\/author\/redaction\/"}]}},"_links":{"self":[{"href":"https:\/\/elmawkie.dz\/fr\/wp-json\/wp\/v2\/posts\/64860","targetHints":{"allow":["GET"]}}],"collection":[{"href":"https:\/\/elmawkie.dz\/fr\/wp-json\/wp\/v2\/posts"}],"about":[{"href":"https:\/\/elmawkie.dz\/fr\/wp-json\/wp\/v2\/types\/post"}],"author":[{"embeddable":true,"href":"https:\/\/elmawkie.dz\/fr\/wp-json\/wp\/v2\/users\/9"}],"replies":[{"embeddable":true,"href":"https:\/\/elmawkie.dz\/fr\/wp-json\/wp\/v2\/comments?post=64860"}],"version-history":[{"count":1,"href":"https:\/\/elmawkie.dz\/fr\/wp-json\/wp\/v2\/posts\/64860\/revisions"}],"predecessor-version":[{"id":64863,"href":"https:\/\/elmawkie.dz\/fr\/wp-json\/wp\/v2\/posts\/64860\/revisions\/64863"}],"wp:featuredmedia":[{"embeddable":true,"href":"https:\/\/elmawkie.dz\/fr\/wp-json\/wp\/v2\/media\/64862"}],"wp:attachment":[{"href":"https:\/\/elmawkie.dz\/fr\/wp-json\/wp\/v2\/media?parent=64860"}],"wp:term":[{"taxonomy":"category","embeddable":true,"href":"https:\/\/elmawkie.dz\/fr\/wp-json\/wp\/v2\/categories?post=64860"},{"taxonomy":"post_tag","embeddable":true,"href":"https:\/\/elmawkie.dz\/fr\/wp-json\/wp\/v2\/tags?post=64860"}],"curies":[{"name":"wp","href":"https:\/\/api.w.org\/{rel}","templated":true}]}}